{"id":99138,"date":"2023-08-18T16:34:02","date_gmt":"2023-08-18T14:34:02","guid":{"rendered":"https:\/\/www.bergfreunde.de\/blog\/?p=99138"},"modified":"2023-11-13T09:04:37","modified_gmt":"2023-11-13T08:04:37","slug":"grat-raus-podcast-23-van-life","status":"publish","type":"post","link":"https:\/\/www.berg-freunde.at\/blog\/grat-raus-podcast-23-van-life\/","title":{"rendered":"GRAT RAUS FOLGE 23: Mit dem Camper entlang der Adria &#8211; Wie ist das Reisen im Van?"},"content":{"rendered":"\n<h2 class=\"wp-block-heading\" id=\"h-die-podcast-folge\"><strong>Die Podcast Folge <\/strong><\/h2>\n\n\n\n<blockquote class=\"wp-block-quote has-text-align-center is-layout-flow wp-block-quote-is-layout-flow\">\n<p class=\"has-text-align-center\"><em><em>Van-Life bedeutet f\u00fcr mich in erster Linie absolute Flexibilit\u00e4t, gleichzeitig aber auch totale Freiheit<\/em><\/em>.<\/p>\n<cite>Bergfreundin Jemima<\/cite><\/blockquote>\n\n\n\n<p><\/p>\n\n\n<div class=\"wp-block-image is-style-default\">\n<figure class=\"alignright size-large is-resized\"><img fetchpriority=\"high\" decoding=\"async\" width=\"1500\" height=\"1125\" src=\"https:\/\/www.bergfreunde.de\/blog\/wp-content\/uploads\/2023\/08\/Gruppe-bearbeitet-1500x1125.jpg\" alt=\"\" class=\"wp-image-99182\" style=\"width:348px;height:259px\" srcset=\"https:\/\/www.berg-freunde.at\/blog\/wp-content\/uploads\/2023\/08\/Gruppe-bearbeitet-1500x1125.jpg 1500w, https:\/\/www.berg-freunde.at\/blog\/wp-content\/uploads\/2023\/08\/Gruppe-bearbeitet-300x225.jpg 300w, https:\/\/www.berg-freunde.at\/blog\/wp-content\/uploads\/2023\/08\/Gruppe-bearbeitet-768x576.jpg 768w, https:\/\/www.berg-freunde.at\/blog\/wp-content\/uploads\/2023\/08\/Gruppe-bearbeitet-1536x1152.jpg 1536w, https:\/\/www.berg-freunde.at\/blog\/wp-content\/uploads\/2023\/08\/Gruppe-bearbeitet.jpg 1920w\" sizes=\"(max-width: 1500px) 100vw, 1500px\" \/><figcaption class=\"wp-element-caption\">Bergfreundin Jemima, ihre Begleitung und der Bus &#8222;Pepe&#8220; (<em>v.r.n.l.<\/em>)<\/figcaption><\/figure>\n<\/div>\n\n\n<p>In vier Monaten entlang der Adria in Richtung Griechenland fahren und w\u00e4hrenddessen zahllose Kletterspots entdecken und erkunden. So hat Bergfreundin Jemima ihren letzten Sommerurlaub verbracht. Ihr Zuhause hat sie immer dabei, denn sie ist mit ihrem ausgebauten Bus unterwegs.&nbsp;<\/p>\n\n\n\n<p>Im Bergfreunde Outdoor-Podcast GRAT RAUS nimmt uns Jemima mit auf ihre Reise im Campervan. Unsere ebenfalls Camping-begeisterten Hosts sprechen mit ihr \u00fcber die verschiedenen Facetten des Van-Lifes. Jemima erz\u00e4hlt von ihren Erfahrungen w\u00e4hrend ihres Urlaubs: Sie verr\u00e4t uns, in welchen L\u00e4ndern ihr das Camping mit dem Bus besonders gefallen hat und berichtet von sch\u00f6nen Begegnungen mit Locals. Au\u00dferdem diskutiert die Gruppe \u00fcber die Vorteile des Reisens im Van, beleuchtet aber gleichzeitig auch die Schattenseiten des oft idealisierten Trends.<\/p>\n\n\n<div class=\"wp-block-image\">\n<figure class=\"alignleft size-large is-resized\"><img decoding=\"async\" width=\"1500\" height=\"1125\" src=\"https:\/\/www.bergfreunde.de\/blog\/wp-content\/uploads\/2023\/08\/Albanien-Bovilla-Canyon-bearbeitet-1500x1125.jpg\" alt=\"\" class=\"wp-image-99188\" style=\"width:449px;height:335px\" srcset=\"https:\/\/www.berg-freunde.at\/blog\/wp-content\/uploads\/2023\/08\/Albanien-Bovilla-Canyon-bearbeitet-1500x1125.jpg 1500w, https:\/\/www.berg-freunde.at\/blog\/wp-content\/uploads\/2023\/08\/Albanien-Bovilla-Canyon-bearbeitet-300x225.jpg 300w, https:\/\/www.berg-freunde.at\/blog\/wp-content\/uploads\/2023\/08\/Albanien-Bovilla-Canyon-bearbeitet-768x576.jpg 768w, https:\/\/www.berg-freunde.at\/blog\/wp-content\/uploads\/2023\/08\/Albanien-Bovilla-Canyon-bearbeitet-1536x1152.jpg 1536w, https:\/\/www.berg-freunde.at\/blog\/wp-content\/uploads\/2023\/08\/Albanien-Bovilla-Canyon-bearbeitet.jpg 1920w\" sizes=\"(max-width: 1500px) 100vw, 1500px\" \/><figcaption class=\"wp-element-caption\">Idylle im Bovilla Canyon in Albanien.<\/figcaption><\/figure>\n<\/div>\n\n\n<p>Welche Botschaft Jemima an angehende und aktive Camper hat und welche Tipps sie f\u00fcr eine funktionierende Gemeinschaft auf engstem Raum im Bus hat &#8211; all das erfahrt ihr in der neuen Folge!<\/p>\n\n\n\n<p>H\u00f6rt rein! Viel Spa\u00df!<\/p>\n\n\n\n<iframe style=\"border-radius:12px\" src=\"https:\/\/open.spotify.com\/embed\/episode\/5BAvYDBCBHfq6VcRvGQRPM?utm_source=generator&#038;theme=0\" width=\"100%\" height=\"152\" frameBorder=\"0\" allowfullscreen=\"\" allow=\"autoplay; clipboard-write; encrypted-media; fullscreen; picture-in-picture\" loading=\"lazy\"><\/iframe>\n\n\n<div class=\"wp-block-image is-style-default\">\n<figure class=\"alignright size-large\"><img decoding=\"async\" width=\"1920\" height=\"1080\" src=\"https:\/\/www.bergfreunde.de\/blog\/wp-content\/uploads\/2023\/08\/Insel-Hvar-Kroatien-bearbeitet-edited.jpg\" alt=\"\" class=\"wp-image-99201\" srcset=\"https:\/\/www.berg-freunde.at\/blog\/wp-content\/uploads\/2023\/08\/Insel-Hvar-Kroatien-bearbeitet-edited.jpg 1920w, https:\/\/www.berg-freunde.at\/blog\/wp-content\/uploads\/2023\/08\/Insel-Hvar-Kroatien-bearbeitet-edited-300x169.jpg 300w, https:\/\/www.berg-freunde.at\/blog\/wp-content\/uploads\/2023\/08\/Insel-Hvar-Kroatien-bearbeitet-edited-1500x844.jpg 1500w, https:\/\/www.berg-freunde.at\/blog\/wp-content\/uploads\/2023\/08\/Insel-Hvar-Kroatien-bearbeitet-edited-768x432.jpg 768w, https:\/\/www.berg-freunde.at\/blog\/wp-content\/uploads\/2023\/08\/Insel-Hvar-Kroatien-bearbeitet-edited-1536x864.jpg 1536w\" sizes=\"(max-width: 1920px) 100vw, 1920px\" \/><figcaption class=\"wp-element-caption\">Auf der Insel Hvar in Kroatien.<\/figcaption><\/figure>\n<\/div>\n\n\n<p><\/p>\n\n\n\n<p><strong>GRAT RAUS gibt\u2019s bei <a href=\"https:\/\/open.spotify.com\/show\/10T7A6YVknGh3mEwQRCKZf\">Spotify<\/a>, <a href=\"https:\/\/podcasts.apple.com\/us\/podcast\/grat-raus-der-bergfreunde-outdoor-podcast\/id1598863985\">Apple Podcasts<\/a> und <a href=\"https:\/\/podcasts.google.com\/feed\/aHR0cHM6Ly9ncmF0LXJhdXMucG9kaWdlZS5pby9mZWVkL21wMw\">Google Podcasts<\/a>.<\/strong><\/p>\n\n\n\n<p><\/p>\n\n\n\n<h2 class=\"wp-block-heading\" id=\"h-weitere-podcast-folgen\"><strong>Weitere Podcast Folgen<\/strong><\/h2>\n\n\n\n<p>Alle weiteren Podcast-Folgen von GRAT RAUS findest Du <a href=\"https:\/\/www.berg-freunde.at\/blog\/category\/bergfreunde\/podcast\/\">hier<\/a>.<\/p>\n\n\n\n<h2 class=\"wp-block-heading\" id=\"h-die-bergfreunde-playlist\">Die Bergfreunde Playlist<\/h2>\n\n\n\n<p>Alle G\u00e4ste bei GRAT RAUS werden nach ihrem Lieblings Outdoor-Soundtrack gefragt. Die bunte Bergfreunde Playlist mit allen Songs findest Du <a href=\"https:\/\/open.spotify.com\/playlist\/5MjBYXv1SWBCAyxRwNgdOp\">hier<\/a>.<\/p>\n\n\n\n<h2 class=\"wp-block-heading\" id=\"h-du-hast-fragen\">Du hast Fragen?<\/h2>\n\n\n\n<p><span style=\"font-weight: 400;\">Du hast Fragen, Anmerkungen oder Themen-W\u00fcnsche f\u00fcr den Podcast? Dann gerne her damit! Schreib uns eine Mail an: <\/span><a href=\"mailto:podcast@bergfreunde.de\"><span style=\"font-weight: 400;\">podcast@bergfreunde.de<\/span><\/a>.<\/p>\n","protected":false},"excerpt":{"rendered":"<p>Die Podcast Folge Van-Life bedeutet f\u00fcr mich in erster Linie absolute Flexibilit\u00e4t, gleichzeitig aber auch totale Freiheit. Bergfreundin Jemima In vier Monaten entlang der Adria in Richtung Griechenland fahren und w\u00e4hrenddessen zahllose Kletterspots entdecken und erkunden. So hat Bergfreundin Jemima ihren letzten Sommerurlaub verbracht. Ihr Zuhause hat sie immer dabei, denn sie ist mit ihrem [&hellip;]<\/p>\n","protected":false},"author":64,"featured_media":103568,"comment_status":"open","ping_status":"closed","sticky":false,"template":"","format":"standard","meta":{"_acf_changed":false,"footnotes":""},"categories":[285],"tags":[260,262],"post_folder":[],"class_list":["post-99138","post","type-post","status-publish","format-standard","has-post-thumbnail","hentry","category-podcast","tag-camping-reisen","tag-klettern-bouldern"],"acf":[],"yoast_head":"<!-- This site is optimized with the Yoast SEO Premium plugin v27.4 (Yoast SEO v27.4) - https:\/\/yoast.com\/product\/yoast-seo-premium-wordpress\/ -->\n<title>GRAT RAUS FOLGE 23: Mit dem Camper entlang der Adria - Wie ist das Reisen im Van? | Bergfreunde<\/title>\n<meta name=\"description\" content=\"Im Outdoor-Podcast GRAT RAUS nimmt uns Bergfreundin Jemima mit auf ihre Reise im Van und diskutiert mit unseren Hosts \u00fcber das Van-Life.\" \/>\n<meta name=\"robots\" content=\"index, follow, max-snippet:-1, max-image-preview:large, max-video-preview:-1\" \/>\n<link rel=\"canonical\" href=\"https:\/\/www.berg-freunde.at\/blog\/grat-raus-podcast-23-van-life\/\" \/>\n<meta property=\"og:locale\" content=\"de_DE\" \/>\n<meta property=\"og:type\" content=\"article\" \/>\n<meta property=\"og:title\" content=\"GRAT RAUS FOLGE 23: Mit dem Camper entlang der Adria - Wie ist das Reisen im Van?\" \/>\n<meta property=\"og:description\" content=\"Im Outdoor-Podcast GRAT RAUS nimmt uns Bergfreundin Jemima mit auf ihre Reise im Van und diskutiert mit unseren Hosts \u00fcber das Van-Life.\" \/>\n<meta property=\"og:url\" content=\"https:\/\/www.berg-freunde.at\/blog\/grat-raus-podcast-23-van-life\/\" \/>\n<meta property=\"og:site_name\" content=\"Bergfreunde\" \/>\n<meta property=\"article:publisher\" content=\"https:\/\/www.facebook.com\/bergfreunde\" \/>\n<meta property=\"article:published_time\" content=\"2023-08-18T14:34:02+00:00\" \/>\n<meta property=\"article:modified_time\" content=\"2023-11-13T08:04:37+00:00\" \/>\n<meta property=\"og:image\" content=\"https:\/\/www.berg-freunde.at\/blog\/wp-content\/uploads\/2023\/08\/Podcast_Header_Blog_1440x590px_V-2.jpg\" \/>\n\t<meta property=\"og:image:width\" content=\"1440\" \/>\n\t<meta property=\"og:image:height\" content=\"590\" \/>\n\t<meta property=\"og:image:type\" content=\"image\/jpeg\" \/>\n<meta name=\"author\" content=\"Lina\" \/>\n<meta name=\"twitter:card\" content=\"summary_large_image\" \/>\n<meta name=\"twitter:label1\" content=\"Verfasst von\" \/>\n\t<meta name=\"twitter:data1\" content=\"Lina\" \/>\n\t<meta name=\"twitter:label2\" content=\"Gesch\u00e4tzte Lesezeit\" \/>\n\t<meta name=\"twitter:data2\" content=\"3 Minuten\" \/>\n<script type=\"application\/ld+json\" class=\"yoast-schema-graph\">{\"@context\":\"https:\\\/\\\/schema.org\",\"@graph\":[{\"@type\":[\"Article\",\"BlogPosting\"],\"@id\":\"https:\\\/\\\/www.berg-freunde.at\\\/blog\\\/grat-raus-podcast-23-van-life\\\/#article\",\"isPartOf\":{\"@id\":\"https:\\\/\\\/www.berg-freunde.at\\\/blog\\\/grat-raus-podcast-23-van-life\\\/\"},\"author\":{\"name\":\"Lina\",\"@id\":\"https:\\\/\\\/www.berg-freunde.at\\\/blog\\\/#\\\/schema\\\/person\\\/760e936a00094dcf374f4143bc0d0b8e\"},\"headline\":\"GRAT RAUS FOLGE 23: Mit dem Camper entlang der Adria &#8211; Wie ist das Reisen im Van?\",\"datePublished\":\"2023-08-18T14:34:02+00:00\",\"dateModified\":\"2023-11-13T08:04:37+00:00\",\"mainEntityOfPage\":{\"@id\":\"https:\\\/\\\/www.berg-freunde.at\\\/blog\\\/grat-raus-podcast-23-van-life\\\/\"},\"wordCount\":298,\"commentCount\":0,\"publisher\":{\"@id\":\"https:\\\/\\\/www.berg-freunde.at\\\/blog\\\/#organization\"},\"image\":{\"@id\":\"https:\\\/\\\/www.berg-freunde.at\\\/blog\\\/grat-raus-podcast-23-van-life\\\/#primaryimage\"},\"thumbnailUrl\":\"https:\\\/\\\/www.berg-freunde.at\\\/blog\\\/wp-content\\\/uploads\\\/2023\\\/08\\\/Podcast_Header_Blog_1440x590px_V-2.jpg\",\"keywords\":[\"Camping &amp; Reisen\",\"Klettern &amp; Bouldern\"],\"articleSection\":[\"Podcast\"],\"inLanguage\":\"de-AT\",\"potentialAction\":[{\"@type\":\"CommentAction\",\"name\":\"Comment\",\"target\":[\"https:\\\/\\\/www.berg-freunde.at\\\/blog\\\/grat-raus-podcast-23-van-life\\\/#respond\"]}]},{\"@type\":\"WebPage\",\"@id\":\"https:\\\/\\\/www.berg-freunde.at\\\/blog\\\/grat-raus-podcast-23-van-life\\\/\",\"url\":\"https:\\\/\\\/www.berg-freunde.at\\\/blog\\\/grat-raus-podcast-23-van-life\\\/\",\"name\":\"GRAT RAUS FOLGE 23: Mit dem Camper entlang der Adria - Wie ist das Reisen im Van? | Bergfreunde\",\"isPartOf\":{\"@id\":\"https:\\\/\\\/www.berg-freunde.at\\\/blog\\\/#website\"},\"primaryImageOfPage\":{\"@id\":\"https:\\\/\\\/www.berg-freunde.at\\\/blog\\\/grat-raus-podcast-23-van-life\\\/#primaryimage\"},\"image\":{\"@id\":\"https:\\\/\\\/www.berg-freunde.at\\\/blog\\\/grat-raus-podcast-23-van-life\\\/#primaryimage\"},\"thumbnailUrl\":\"https:\\\/\\\/www.berg-freunde.at\\\/blog\\\/wp-content\\\/uploads\\\/2023\\\/08\\\/Podcast_Header_Blog_1440x590px_V-2.jpg\",\"datePublished\":\"2023-08-18T14:34:02+00:00\",\"dateModified\":\"2023-11-13T08:04:37+00:00\",\"description\":\"Im Outdoor-Podcast GRAT RAUS nimmt uns Bergfreundin Jemima mit auf ihre Reise im Van und diskutiert mit unseren Hosts \u00fcber das Van-Life.\",\"breadcrumb\":{\"@id\":\"https:\\\/\\\/www.berg-freunde.at\\\/blog\\\/grat-raus-podcast-23-van-life\\\/#breadcrumb\"},\"inLanguage\":\"de-AT\",\"potentialAction\":[{\"@type\":\"ReadAction\",\"target\":[\"https:\\\/\\\/www.berg-freunde.at\\\/blog\\\/grat-raus-podcast-23-van-life\\\/\"]}]},{\"@type\":\"ImageObject\",\"inLanguage\":\"de-AT\",\"@id\":\"https:\\\/\\\/www.berg-freunde.at\\\/blog\\\/grat-raus-podcast-23-van-life\\\/#primaryimage\",\"url\":\"https:\\\/\\\/www.berg-freunde.at\\\/blog\\\/wp-content\\\/uploads\\\/2023\\\/08\\\/Podcast_Header_Blog_1440x590px_V-2.jpg\",\"contentUrl\":\"https:\\\/\\\/www.berg-freunde.at\\\/blog\\\/wp-content\\\/uploads\\\/2023\\\/08\\\/Podcast_Header_Blog_1440x590px_V-2.jpg\",\"width\":1440,\"height\":590},{\"@type\":\"BreadcrumbList\",\"@id\":\"https:\\\/\\\/www.berg-freunde.at\\\/blog\\\/grat-raus-podcast-23-van-life\\\/#breadcrumb\",\"itemListElement\":[{\"@type\":\"ListItem\",\"position\":1,\"name\":\"Blog\",\"item\":\"https:\\\/\\\/www.berg-freunde.at\\\/blog\\\/\"},{\"@type\":\"ListItem\",\"position\":2,\"name\":\"Bergfreunde\",\"item\":\"https:\\\/\\\/www.berg-freunde.at\\\/blog\\\/category\\\/bergfreunde\\\/\"},{\"@type\":\"ListItem\",\"position\":3,\"name\":\"Podcast\",\"item\":\"https:\\\/\\\/www.berg-freunde.at\\\/blog\\\/category\\\/bergfreunde\\\/podcast\\\/\"},{\"@type\":\"ListItem\",\"position\":4,\"name\":\"GRAT RAUS FOLGE 23: Mit dem Camper entlang der Adria &#8211; Wie ist das Reisen im Van?\"}]},{\"@type\":\"WebSite\",\"@id\":\"https:\\\/\\\/www.berg-freunde.at\\\/blog\\\/#website\",\"url\":\"https:\\\/\\\/www.berg-freunde.at\\\/blog\\\/\",\"name\":\"Bergfreunde\",\"description\":\"Blog\",\"publisher\":{\"@id\":\"https:\\\/\\\/www.berg-freunde.at\\\/blog\\\/#organization\"},\"potentialAction\":[{\"@type\":\"SearchAction\",\"target\":{\"@type\":\"EntryPoint\",\"urlTemplate\":\"https:\\\/\\\/www.berg-freunde.at\\\/blog\\\/?s={search_term_string}\"},\"query-input\":{\"@type\":\"PropertyValueSpecification\",\"valueRequired\":true,\"valueName\":\"search_term_string\"}}],\"inLanguage\":\"de-AT\"},{\"@type\":\"Organization\",\"@id\":\"https:\\\/\\\/www.berg-freunde.at\\\/blog\\\/#organization\",\"name\":\"Bergfreunde\",\"url\":\"https:\\\/\\\/www.berg-freunde.at\\\/blog\\\/\",\"logo\":{\"@type\":\"ImageObject\",\"inLanguage\":\"de-AT\",\"@id\":\"https:\\\/\\\/www.berg-freunde.at\\\/blog\\\/#\\\/schema\\\/logo\\\/image\\\/\",\"url\":\"https:\\\/\\\/www.berg-freunde.at\\\/blog\\\/wp-content\\\/uploads\\\/2023\\\/12\\\/Bergfreunde_DE_rgb.svg\",\"contentUrl\":\"https:\\\/\\\/www.berg-freunde.at\\\/blog\\\/wp-content\\\/uploads\\\/2023\\\/12\\\/Bergfreunde_DE_rgb.svg\",\"caption\":\"Bergfreunde\"},\"image\":{\"@id\":\"https:\\\/\\\/www.berg-freunde.at\\\/blog\\\/#\\\/schema\\\/logo\\\/image\\\/\"},\"sameAs\":[\"https:\\\/\\\/www.facebook.com\\\/bergfreunde\",\"https:\\\/\\\/www.instagram.com\\\/bergfreundede\\\/\"]},{\"@type\":\"Person\",\"@id\":\"https:\\\/\\\/www.berg-freunde.at\\\/blog\\\/#\\\/schema\\\/person\\\/760e936a00094dcf374f4143bc0d0b8e\",\"name\":\"Lina\",\"url\":\"https:\\\/\\\/www.berg-freunde.at\\\/blog\\\/about\\\/anna-lina\\\/\"}]}<\/script>\n<!-- \/ Yoast SEO Premium plugin. -->","yoast_head_json":{"title":"GRAT RAUS FOLGE 23: Mit dem Camper entlang der Adria - Wie ist das Reisen im Van? | Bergfreunde","description":"Im Outdoor-Podcast GRAT RAUS nimmt uns Bergfreundin Jemima mit auf ihre Reise im Van und diskutiert mit unseren Hosts \u00fcber das Van-Life.","robots":{"index":"index","follow":"follow","max-snippet":"max-snippet:-1","max-image-preview":"max-image-preview:large","max-video-preview":"max-video-preview:-1"},"canonical":"https:\/\/www.berg-freunde.at\/blog\/grat-raus-podcast-23-van-life\/","og_locale":"de_DE","og_type":"article","og_title":"GRAT RAUS FOLGE 23: Mit dem Camper entlang der Adria - Wie ist das Reisen im Van?","og_description":"Im Outdoor-Podcast GRAT RAUS nimmt uns Bergfreundin Jemima mit auf ihre Reise im Van und diskutiert mit unseren Hosts \u00fcber das Van-Life.","og_url":"https:\/\/www.berg-freunde.at\/blog\/grat-raus-podcast-23-van-life\/","og_site_name":"Bergfreunde","article_publisher":"https:\/\/www.facebook.com\/bergfreunde","article_published_time":"2023-08-18T14:34:02+00:00","article_modified_time":"2023-11-13T08:04:37+00:00","og_image":[{"width":1440,"height":590,"url":"https:\/\/www.berg-freunde.at\/blog\/wp-content\/uploads\/2023\/08\/Podcast_Header_Blog_1440x590px_V-2.jpg","type":"image\/jpeg"}],"author":"Lina","twitter_card":"summary_large_image","twitter_misc":{"Verfasst von":"Lina","Gesch\u00e4tzte Lesezeit":"3 Minuten"},"schema":{"@context":"https:\/\/schema.org","@graph":[{"@type":["Article","BlogPosting"],"@id":"https:\/\/www.berg-freunde.at\/blog\/grat-raus-podcast-23-van-life\/#article","isPartOf":{"@id":"https:\/\/www.berg-freunde.at\/blog\/grat-raus-podcast-23-van-life\/"},"author":{"name":"Lina","@id":"https:\/\/www.berg-freunde.at\/blog\/#\/schema\/person\/760e936a00094dcf374f4143bc0d0b8e"},"headline":"GRAT RAUS FOLGE 23: Mit dem Camper entlang der Adria &#8211; Wie ist das Reisen im Van?","datePublished":"2023-08-18T14:34:02+00:00","dateModified":"2023-11-13T08:04:37+00:00","mainEntityOfPage":{"@id":"https:\/\/www.berg-freunde.at\/blog\/grat-raus-podcast-23-van-life\/"},"wordCount":298,"commentCount":0,"publisher":{"@id":"https:\/\/www.berg-freunde.at\/blog\/#organization"},"image":{"@id":"https:\/\/www.berg-freunde.at\/blog\/grat-raus-podcast-23-van-life\/#primaryimage"},"thumbnailUrl":"https:\/\/www.berg-freunde.at\/blog\/wp-content\/uploads\/2023\/08\/Podcast_Header_Blog_1440x590px_V-2.jpg","keywords":["Camping &amp; Reisen","Klettern &amp; Bouldern"],"articleSection":["Podcast"],"inLanguage":"de-AT","potentialAction":[{"@type":"CommentAction","name":"Comment","target":["https:\/\/www.berg-freunde.at\/blog\/grat-raus-podcast-23-van-life\/#respond"]}]},{"@type":"WebPage","@id":"https:\/\/www.berg-freunde.at\/blog\/grat-raus-podcast-23-van-life\/","url":"https:\/\/www.berg-freunde.at\/blog\/grat-raus-podcast-23-van-life\/","name":"GRAT RAUS FOLGE 23: Mit dem Camper entlang der Adria - Wie ist das Reisen im Van? | Bergfreunde","isPartOf":{"@id":"https:\/\/www.berg-freunde.at\/blog\/#website"},"primaryImageOfPage":{"@id":"https:\/\/www.berg-freunde.at\/blog\/grat-raus-podcast-23-van-life\/#primaryimage"},"image":{"@id":"https:\/\/www.berg-freunde.at\/blog\/grat-raus-podcast-23-van-life\/#primaryimage"},"thumbnailUrl":"https:\/\/www.berg-freunde.at\/blog\/wp-content\/uploads\/2023\/08\/Podcast_Header_Blog_1440x590px_V-2.jpg","datePublished":"2023-08-18T14:34:02+00:00","dateModified":"2023-11-13T08:04:37+00:00","description":"Im Outdoor-Podcast GRAT RAUS nimmt uns Bergfreundin Jemima mit auf ihre Reise im Van und diskutiert mit unseren Hosts \u00fcber das Van-Life.","breadcrumb":{"@id":"https:\/\/www.berg-freunde.at\/blog\/grat-raus-podcast-23-van-life\/#breadcrumb"},"inLanguage":"de-AT","potentialAction":[{"@type":"ReadAction","target":["https:\/\/www.berg-freunde.at\/blog\/grat-raus-podcast-23-van-life\/"]}]},{"@type":"ImageObject","inLanguage":"de-AT","@id":"https:\/\/www.berg-freunde.at\/blog\/grat-raus-podcast-23-van-life\/#primaryimage","url":"https:\/\/www.berg-freunde.at\/blog\/wp-content\/uploads\/2023\/08\/Podcast_Header_Blog_1440x590px_V-2.jpg","contentUrl":"https:\/\/www.berg-freunde.at\/blog\/wp-content\/uploads\/2023\/08\/Podcast_Header_Blog_1440x590px_V-2.jpg","width":1440,"height":590},{"@type":"BreadcrumbList","@id":"https:\/\/www.berg-freunde.at\/blog\/grat-raus-podcast-23-van-life\/#breadcrumb","itemListElement":[{"@type":"ListItem","position":1,"name":"Blog","item":"https:\/\/www.berg-freunde.at\/blog\/"},{"@type":"ListItem","position":2,"name":"Bergfreunde","item":"https:\/\/www.berg-freunde.at\/blog\/category\/bergfreunde\/"},{"@type":"ListItem","position":3,"name":"Podcast","item":"https:\/\/www.berg-freunde.at\/blog\/category\/bergfreunde\/podcast\/"},{"@type":"ListItem","position":4,"name":"GRAT RAUS FOLGE 23: Mit dem Camper entlang der Adria &#8211; Wie ist das Reisen im Van?"}]},{"@type":"WebSite","@id":"https:\/\/www.berg-freunde.at\/blog\/#website","url":"https:\/\/www.berg-freunde.at\/blog\/","name":"Bergfreunde","description":"Blog","publisher":{"@id":"https:\/\/www.berg-freunde.at\/blog\/#organization"},"potentialAction":[{"@type":"SearchAction","target":{"@type":"EntryPoint","urlTemplate":"https:\/\/www.berg-freunde.at\/blog\/?s={search_term_string}"},"query-input":{"@type":"PropertyValueSpecification","valueRequired":true,"valueName":"search_term_string"}}],"inLanguage":"de-AT"},{"@type":"Organization","@id":"https:\/\/www.berg-freunde.at\/blog\/#organization","name":"Bergfreunde","url":"https:\/\/www.berg-freunde.at\/blog\/","logo":{"@type":"ImageObject","inLanguage":"de-AT","@id":"https:\/\/www.berg-freunde.at\/blog\/#\/schema\/logo\/image\/","url":"https:\/\/www.berg-freunde.at\/blog\/wp-content\/uploads\/2023\/12\/Bergfreunde_DE_rgb.svg","contentUrl":"https:\/\/www.berg-freunde.at\/blog\/wp-content\/uploads\/2023\/12\/Bergfreunde_DE_rgb.svg","caption":"Bergfreunde"},"image":{"@id":"https:\/\/www.berg-freunde.at\/blog\/#\/schema\/logo\/image\/"},"sameAs":["https:\/\/www.facebook.com\/bergfreunde","https:\/\/www.instagram.com\/bergfreundede\/"]},{"@type":"Person","@id":"https:\/\/www.berg-freunde.at\/blog\/#\/schema\/person\/760e936a00094dcf374f4143bc0d0b8e","name":"Lina","url":"https:\/\/www.berg-freunde.at\/blog\/about\/anna-lina\/"}]}},"_links":{"self":[{"href":"https:\/\/www.berg-freunde.at\/blog\/wp-json\/wp\/v2\/posts\/99138","targetHints":{"allow":["GET"]}}],"collection":[{"href":"https:\/\/www.berg-freunde.at\/blog\/wp-json\/wp\/v2\/posts"}],"about":[{"href":"https:\/\/www.berg-freunde.at\/blog\/wp-json\/wp\/v2\/types\/post"}],"author":[{"embeddable":true,"href":"https:\/\/www.berg-freunde.at\/blog\/wp-json\/wp\/v2\/users\/64"}],"replies":[{"embeddable":true,"href":"https:\/\/www.berg-freunde.at\/blog\/wp-json\/wp\/v2\/comments?post=99138"}],"version-history":[{"count":0,"href":"https:\/\/www.berg-freunde.at\/blog\/wp-json\/wp\/v2\/posts\/99138\/revisions"}],"wp:featuredmedia":[{"embeddable":true,"href":"https:\/\/www.berg-freunde.at\/blog\/wp-json\/wp\/v2\/media\/103568"}],"wp:attachment":[{"href":"https:\/\/www.berg-freunde.at\/blog\/wp-json\/wp\/v2\/media?parent=99138"}],"wp:term":[{"taxonomy":"category","embeddable":true,"href":"https:\/\/www.berg-freunde.at\/blog\/wp-json\/wp\/v2\/categories?post=99138"},{"taxonomy":"post_tag","embeddable":true,"href":"https:\/\/www.berg-freunde.at\/blog\/wp-json\/wp\/v2\/tags?post=99138"},{"taxonomy":"post_folder","embeddable":true,"href":"https:\/\/www.berg-freunde.at\/blog\/wp-json\/wp\/v2\/post_folder?post=99138"}],"curies":[{"name":"wp","href":"https:\/\/api.w.org\/{rel}","templated":true}]}}