{"id":88864,"date":"2023-07-04T09:00:00","date_gmt":"2023-07-04T07:00:00","guid":{"rendered":"https:\/\/www.bergfreunde.de\/blog\/?p=88864"},"modified":"2025-12-15T15:01:39","modified_gmt":"2025-12-15T14:01:39","slug":"samaya-inspire2-im-bergfreunde-test","status":"publish","type":"post","link":"https:\/\/www.berg-freunde.at\/blog\/samaya-inspire2-im-bergfreunde-test\/","title":{"rendered":"Samaya INSPIRE2 &#8211; das vollumf\u00e4ngliche 3 Jahreszeiten Zelt im Bergfreunde Test"},"content":{"rendered":"\n<p>Die Firma <strong><a href=\"https:\/\/www.samaya-equipment.com\/\">Samaya<\/a><\/strong> wurde 2018 in Annecy im Herzen der franz\u00f6sischen Alpen gegr\u00fcndet. Ihr Ziel ist es, <strong>extrem technische <a href=\"https:\/\/www.bergfreunde.de\/zelte\/\">Zelte<\/a><\/strong> mit Eleganz zu verbinden und hierdurch unvergessliche Momente in der Natur zu erm\u00f6glichen. Ob ihnen dies auch mit dem neuen <a href=\"https:\/\/www.bergfreunde.de\/samaya-inspire-2-2-personen-zelt\/\"><strong>INSPIRE2<\/strong><\/a> gelungen ist, erfahrt Ihr in diesem Test.<\/p>\n\n\n\n<h2 class=\"wp-block-heading\" id=\"h-einsatzbereich-des-zelts\">Einsatzbereich des Zelts<\/h2>\n\n\n\n<p>Das <strong>INSPIRE2<\/strong> von <strong>Samaya<\/strong> ist ein extrem leichtes und robustes <a href=\"https:\/\/www.berg-freunde.at\/zelte\/\">Zelt<\/a>. Es eignet sich f\u00fcr alle Touren, bei denen das Packma\u00df begrenzt und die Anforderungen hoch sind. Gerade bei Touren im<strong> alpinen Gel\u00e4nde, langen Trekkingtouren und Bikepacking-Trips <\/strong>kommen seine St\u00e4rken zum Einsatz. Das Zelt wird mit lediglich zwei Stangen aufgebaut und steht auch ohne zus\u00e4tzliche Abspannleinen. 2 Heringe reichen aus, um auch die Apsiden sicher abzuspannen. Mit 6 reflektierenden Abspannleinen und bis zu 16 Befestigungspunkten f\u00fcr Heringe steht das <strong>INSPIRE2<\/strong> auch bei starkem Wind extrem stabil.<\/p>\n\n\n\n<h2 class=\"wp-block-heading\">Nanovent-Technologie<\/h2>\n\n\n\n<p>Obwohl das Zelt nur aus einer Gewebelage besteht, bietet es extrem hohe Werte be<strong>i Atmungsaktivit\u00e4t<\/strong> (40.000 g\/m\u00b2\/24h) und <strong>Schutz vor N\u00e4sse<\/strong> (10.000 mm Wassers\u00e4ule). Dies liegt an dem, von <strong>Samaya<\/strong> entwickelten, 3-Lagen-Gewebe mit Nanovent-Technologie. Im Kern befindet sich die Nanovent-Membran, welche au\u00dfen durch eine wasserabweisende und innen durch eine hydrophobe Gewebeschicht erg\u00e4nzt wird. Die Reduzierung auf nur eine Zeltschicht macht das Zelt leichter und sorgt f\u00fcr einen schnellen und unkomplizierten Aufbau.<\/p>\n\n\n<div class=\"wp-block-image\">\n<figure class=\"alignright size-full is-resized\"><a href=\"https:\/\/www.berg-freunde.at\/blog\/wp-content\/uploads\/2023\/06\/Semaya_Zelt2_zugeschnitten-5.jpg\"><img decoding=\"async\" src=\"https:\/\/www.berg-freunde.at\/blog\/wp-content\/uploads\/2023\/06\/Semaya_Zelt2_zugeschnitten-5.jpg\" alt=\"Zum Lieferumfang geh\u00f6rt neben den Heringen auch ein Reparaturset.\" class=\"wp-image-88963\" width=\"188\" height=\"250\" srcset=\"https:\/\/www.berg-freunde.at\/blog\/wp-content\/uploads\/2023\/06\/Semaya_Zelt2_zugeschnitten-5.jpg 750w, https:\/\/www.berg-freunde.at\/blog\/wp-content\/uploads\/2023\/06\/Semaya_Zelt2_zugeschnitten-5-225x300.jpg 225w\" sizes=\"(max-width: 188px) 100vw, 188px\" \/><\/a><figcaption class=\"wp-element-caption\">Zum Lieferumfang geh\u00f6rt neben den Heringen auch ein Reparaturset.<\/figcaption><\/figure>\n<\/div>\n\n<div class=\"wp-block-image\">\n<figure class=\"alignright size-full is-resized\"><a href=\"https:\/\/www.berg-freunde.at\/blog\/wp-content\/uploads\/2023\/06\/Semaya_Zelt3_zugeschnitten-2.jpg\"><img decoding=\"async\" src=\"https:\/\/www.berg-freunde.at\/blog\/wp-content\/uploads\/2023\/06\/Semaya_Zelt3_zugeschnitten-2.jpg\" alt=\"Das INSPIRE2 ist leicht mit kleinem Packma\u00df.\" class=\"wp-image-88927\" width=\"188\" height=\"250\" srcset=\"https:\/\/www.berg-freunde.at\/blog\/wp-content\/uploads\/2023\/06\/Semaya_Zelt3_zugeschnitten-2.jpg 750w, https:\/\/www.berg-freunde.at\/blog\/wp-content\/uploads\/2023\/06\/Semaya_Zelt3_zugeschnitten-2-225x300.jpg 225w\" sizes=\"(max-width: 188px) 100vw, 188px\" \/><\/a><figcaption class=\"wp-element-caption\">Das INSPIRE2 ist leicht mit kleinem Packma\u00df.<\/figcaption><\/figure>\n<\/div>\n\n\n<h2 class=\"wp-block-heading\">Technische Daten<\/h2>\n\n\n\n<ul class=\"wp-block-list\">\n<li>Wassers\u00e4ule: 10.000 mm<\/li>\n\n\n\n<li>Wassers\u00e4ule Apsiden: 2.000 mm<\/li>\n\n\n\n<li>Atmungsaktivit\u00e4t: 40.000 g\/m\u00b2\/24h<\/li>\n\n\n\n<li>Kapazit\u00e4t: 2 Personen<\/li>\n\n\n\n<li>Mindestgewicht: 1.230 g<\/li>\n\n\n\n<li>Gesamtgewicht: 1.590 g<\/li>\n\n\n\n<li>Innenbereich: 2,8 m\u00b2<\/li>\n\n\n\n<li>Gesamtfl\u00e4che: 4,8 m\u00b2<\/li>\n\n\n\n<li>H\u00f6he: 1.100 mm<\/li>\n\n\n\n<li>Gr\u00f6\u00dfe verpackt: \u00f8 150 mm x 210 mm<\/li>\n\n\n\n<li>Innenabmessungen: 220 cm x 125 cm (Schlaffl\u00e4che) x 110 cm (H\u00f6he)<\/li>\n\n\n\n<li>Volumen verpackt: 4,6 L<\/li>\n<\/ul>\n\n\n\n<p><\/p>\n\n\n\n<h2 class=\"wp-block-heading\">Lieferumfang<\/h2>\n\n\n\n<ul class=\"wp-block-list\">\n<li>Zelt mit abnehmbaren Apsiden<\/li>\n\n\n\n<li>Wasserdichter Packsack f\u00fcr das Zelt<\/li>\n\n\n\n<li>2 Zeltstangen (separat verpackt)<\/li>\n\n\n\n<li>6 Abspannleinen<\/li>\n\n\n\n<li>16 Heringe (Kunststoff)<\/li>\n\n\n\n<li>Reparaturset<\/li>\n<\/ul>\n\n\n\n<p><\/p>\n\n\n\n<h2 class=\"wp-block-heading\">Der Praxistest<\/h2>\n\n\n<div class=\"wp-block-image\">\n<figure class=\"alignright size-full is-resized\"><a href=\"https:\/\/www.berg-freunde.at\/blog\/wp-content\/uploads\/2023\/06\/Semaya_Zelt1_zugeschnitten.jpg\"><img fetchpriority=\"high\" decoding=\"async\" src=\"https:\/\/www.berg-freunde.at\/blog\/wp-content\/uploads\/2023\/06\/Semaya_Zelt1_zugeschnitten.jpg\" alt=\"Die beiden Eing\u00e4nge sind besonders praktisch.\" class=\"wp-image-88874\" width=\"259\" height=\"345\" srcset=\"https:\/\/www.berg-freunde.at\/blog\/wp-content\/uploads\/2023\/06\/Semaya_Zelt1_zugeschnitten.jpg 750w, https:\/\/www.berg-freunde.at\/blog\/wp-content\/uploads\/2023\/06\/Semaya_Zelt1_zugeschnitten-225x300.jpg 225w\" sizes=\"(max-width: 259px) 100vw, 259px\" \/><\/a><figcaption class=\"wp-element-caption\">Die beiden Eing\u00e4nge sind besonders praktisch.<\/figcaption><\/figure>\n<\/div>\n\n\n<p>Was mich beim <strong>INSPIRE2<\/strong> direkt \u00fcberzeugt hat, ist die<strong> Kombination aus Funktionalit\u00e4t, Design und Komfort<\/strong>. Ja, Komfort! Nat\u00fcrlich geht es mit solch einem Zelt nicht in den Glampingurlaub, aber auch bei einer mehrt\u00e4gigen Trekkingtour erleichtert das ein oder andere Feature des<strong> Samaya INSPIRE2<\/strong> den Alltag. Stauf\u00e4cher am Kopf und Fu\u00dfende sorgen daf\u00fcr, dass Dinge f\u00fcr den Abend oder die Nacht separat von anderem Equipment aufbewahrt werden k\u00f6nnen. Und ein gro\u00dfes Staufach unter dem Dach ist perfekt f\u00fcr die Stirnlampe, das Tagebuch und den Snack am Morgen geeignet. Einfach den Arm ausstrecken und zugreifen, das geht auch im Halbschlaf.<\/p>\n\n\n\n<h3 class=\"wp-block-heading\">Zwei Eing\u00e4nge<\/h3>\n\n\n\n<p>F\u00fcr das Reisen zu zweit sind die beiden separaten Eing\u00e4nge ein wahrer Segen. Gerade beim Toilettengang in der Nacht oder bei unterschiedlichen Aufwachzeiten sind hierdurch keine unnat\u00fcrlichen Verrenkungen n\u00f6tig, um die andere Person nicht aus ihren Tr\u00e4umen zu rei\u00dfen. Au\u00dferdem hat jeder seine eigene Apside, in welcher der Rucksack und miefige <a href=\"https:\/\/www.berg-freunde.at\/wanderschuhe\/\">Wanderschuhe<\/a> vor Regen und Morgentau gesch\u00fctzt sind.<\/p>\n\n\n\n<h3 class=\"wp-block-heading\">Abnehmbare Apsiden<\/h3>\n\n\n\n<p>Die Apsiden sind mit einem durchdachten Rei\u00dfverschlusssystem am Zelt befestigt und lassen sich mit wenigen Handgriffen auf Wunsch auch komplett entfernen. Dies spart zus\u00e4tzliches Gewicht! Ohne die Apsiden ist zwar das Gep\u00e4ck nicht mehr gesch\u00fctzt, daf\u00fcr habt Ihr aber einen uneingeschr\u00e4nkten Blick nach drau\u00dfen. Nur eine der beiden Apsiden anzubringen, ist eine M\u00f6glichkeit, einen tollen Ausblick und Schutz zugleich zu haben.<\/p>\n\n\n<div class=\"wp-block-image\">\n<figure class=\"alignleft size-full is-resized\"><a href=\"https:\/\/www.berg-freunde.at\/blog\/wp-content\/uploads\/2023\/06\/Semaya_Zelt5_zugeschnitten-1.jpg\"><img loading=\"lazy\" decoding=\"async\" src=\"https:\/\/www.berg-freunde.at\/blog\/wp-content\/uploads\/2023\/06\/Semaya_Zelt5_zugeschnitten-1.jpg\" alt=\"Das Zelt ist im Nu aufgebaut.\" class=\"wp-image-88933\" width=\"251\" height=\"335\" srcset=\"https:\/\/www.berg-freunde.at\/blog\/wp-content\/uploads\/2023\/06\/Semaya_Zelt5_zugeschnitten-1.jpg 750w, https:\/\/www.berg-freunde.at\/blog\/wp-content\/uploads\/2023\/06\/Semaya_Zelt5_zugeschnitten-1-225x300.jpg 225w\" sizes=\"(max-width: 251px) 100vw, 251px\" \/><\/a><figcaption class=\"wp-element-caption\">Das Zelt ist im Nu aufgebaut.<\/figcaption><\/figure>\n<\/div>\n\n\n<h3 class=\"wp-block-heading\">Schneller Aufbau<\/h3>\n\n\n\n<p>Nach einem langen Wandertag ist man froh, wenn das Lager f\u00fcr die Nacht schnell aufgebaut ist. Das ist mit dem<strong> INSPIRE2 <\/strong>garantiert. Selbst bei b\u00f6igem Wind steht es nach wenigen Handgriffen. Dies liegt an seiner simplen Konstruktion: Zwei exakt gleiche Zeltstangen werden einfach in die Stangenkan\u00e4le geschoben. Die Stangen \u00fcberkreuzen sich an beiden Stirnseiten und sorgen hierdurch f\u00fcr eine extrem stabile und verwindungssteife Konstruktion. Diese ist so stabil, dass ich selbst in windigen N\u00e4chten mit teilweise starken B\u00f6en keine zus\u00e4tzlichen Abspannleinen nutzen musste. Nur f\u00fcr die Apsiden wird jeweils ein Hering zum Abspannen ben\u00f6tigt. <\/p>\n\n\n<div class=\"wp-block-image\">\n<figure class=\"alignright size-full is-resized\"><a href=\"https:\/\/www.berg-freunde.at\/blog\/wp-content\/uploads\/2023\/06\/Semaya_Zelt4_zugeschnitten.jpg\"><img loading=\"lazy\" decoding=\"async\" src=\"https:\/\/www.berg-freunde.at\/blog\/wp-content\/uploads\/2023\/06\/Semaya_Zelt4_zugeschnitten.jpg\" alt=\"Samaya NSPIRE2 Zelt vor einem See in Schweden\" class=\"wp-image-88899\" width=\"259\" height=\"346\" srcset=\"https:\/\/www.berg-freunde.at\/blog\/wp-content\/uploads\/2023\/06\/Semaya_Zelt4_zugeschnitten.jpg 750w, https:\/\/www.berg-freunde.at\/blog\/wp-content\/uploads\/2023\/06\/Semaya_Zelt4_zugeschnitten-225x300.jpg 225w\" sizes=\"(max-width: 259px) 100vw, 259px\" \/><\/a><figcaption class=\"wp-element-caption\">Das INSPIRE2 hat in unserem Test \u00fcberzeugt.<\/figcaption><\/figure>\n<\/div>\n\n\n<p>Alle weiteren Abspannm\u00f6glichkeiten, von denen es zahlreiche gibt, sind optional. Die Heringe sind das Einzige, das mich beim <strong>INSPIRE2<\/strong> nicht \u00fcberzeugt hat. Sie sind zwar extrem leicht, aber aus Kunststoff. Bei harten B\u00f6den habe ich sie nur mit M\u00fche hineinbekommen und einen der Heringe direkt verbogen.<\/p>\n\n\n\n<h2 class=\"wp-block-heading\">Fazit<\/h2>\n\n\n\n<p>F\u00fcr meine Einsatzzwecke (Trekkingtouren und Bikepacking) ist das <strong>INSPIRE2<\/strong> das ideale Zelt, das mir bei so ziemlich jedem Wetter einen sicheren Unterschlupf bietet. <strong>Samaya<\/strong> hat den Spagat zwischen Funktionalit\u00e4t und Komfort ideal gel\u00f6st. Mit den abnehmbaren Apsiden ist das <strong>INSPIRE2<\/strong> f\u00fcr Bikepacking-Trips im Sommer mit wenig Gep\u00e4ck genauso geeignet wie f\u00fcr lange Trekkingtouren bei wechselhaftem Wetter. <\/p>\n\n\n\n<p>Die Nanovent-Technologie hat mich \u00fcberzeugt. Und die stabile Konstruktion h\u00e4lt auch bei starkem Wind, was sie verspricht. Einziges Manko des Zelts sind f\u00fcr mich die Heringe aus Kunststoff, diese sind zwar leicht, neigen bei harten B\u00f6den aber dazu sich zu verbiegen. Wen das zu sehr st\u00f6rt, kann diese aber auch durch andere Heringe ersetzen. Ich werde das Zelt definitiv auch bei meiner n\u00e4chsten Tour im Gep\u00e4ck haben!<\/p>\n\n\n\n<div class=\"wp-block-buttons is-layout-flex wp-block-buttons-is-layout-flex\">\n<div class=\"wp-block-button\"><a class=\"wp-block-button__link wp-element-button\" href=\"https:\/\/www.bergfreunde.de\/samaya-inspire-2-2-personen-zelt\/\">Samaya INSPIRE 2 entdecken<\/a><\/div>\n<\/div>\n","protected":false},"excerpt":{"rendered":"<p>Die Firma Samaya wurde 2018 in Annecy im Herzen der franz\u00f6sischen Alpen gegr\u00fcndet. Ihr Ziel ist es, extrem technische Zelte mit Eleganz zu verbinden und hierdurch unvergessliche Momente in der Natur zu erm\u00f6glichen. Ob ihnen dies auch mit dem neuen INSPIRE2 gelungen ist, erfahrt Ihr in diesem Test. Einsatzbereich des Zelts Das INSPIRE2 von Samaya [&hellip;]<\/p>\n","protected":false},"author":98,"featured_media":89411,"comment_status":"open","ping_status":"closed","sticky":false,"template":"","format":"standard","meta":{"_acf_changed":false,"footnotes":""},"categories":[308],"tags":[259,265],"post_folder":[],"class_list":["post-88864","post","type-post","status-publish","format-standard","has-post-thumbnail","hentry","category-testberichte","tag-bike","tag-wandern-trekking"],"acf":[],"yoast_head":"<!-- This site is optimized with the Yoast SEO Premium plugin v27.4 (Yoast SEO v27.4) - https:\/\/yoast.com\/product\/yoast-seo-premium-wordpress\/ -->\n<title>Samaya INSPIRE 2 Zelt im Bergfreunde Test | Bergfreunde<\/title>\n<meta name=\"description\" content=\"Dies ist ein Testbericht f\u00fcr das Samaya INSPIRE2 Zelt, welches ultraleicht und auch sehr robust ist. Ideal f\u00fcr Trekking und Backpacking.\" \/>\n<meta name=\"robots\" content=\"index, follow, max-snippet:-1, max-image-preview:large, max-video-preview:-1\" \/>\n<link rel=\"canonical\" href=\"https:\/\/www.berg-freunde.at\/blog\/samaya-inspire2-im-bergfreunde-test\/\" \/>\n<meta property=\"og:locale\" content=\"de_DE\" \/>\n<meta property=\"og:type\" content=\"article\" \/>\n<meta property=\"og:title\" content=\"Samaya INSPIRE2 - das vollumf\u00e4ngliche 3 Jahreszeiten Zelt im Bergfreunde Test\" \/>\n<meta property=\"og:description\" content=\"Dies ist ein Testbericht f\u00fcr das Samaya INSPIRE2 Zelt, welches ultraleicht und auch sehr robust ist. Ideal f\u00fcr Trekking und Backpacking.\" \/>\n<meta property=\"og:url\" content=\"https:\/\/www.berg-freunde.at\/blog\/samaya-inspire2-im-bergfreunde-test\/\" \/>\n<meta property=\"og:site_name\" content=\"Bergfreunde\" \/>\n<meta property=\"article:publisher\" content=\"https:\/\/www.facebook.com\/bergfreunde\" \/>\n<meta property=\"article:published_time\" content=\"2023-07-04T07:00:00+00:00\" \/>\n<meta property=\"article:modified_time\" content=\"2025-12-15T14:01:39+00:00\" \/>\n<meta property=\"og:image\" content=\"https:\/\/www.berg-freunde.at\/blog\/wp-content\/uploads\/2023\/06\/Samaya_Titel_zugeschnitten_neu.jpg\" \/>\n\t<meta property=\"og:image:width\" content=\"1400\" \/>\n\t<meta property=\"og:image:height\" content=\"590\" \/>\n\t<meta property=\"og:image:type\" content=\"image\/jpeg\" \/>\n<meta name=\"author\" content=\"Dominik\" \/>\n<meta name=\"twitter:card\" content=\"summary_large_image\" \/>\n<meta name=\"twitter:label1\" content=\"Verfasst von\" \/>\n\t<meta name=\"twitter:data1\" content=\"Dominik\" \/>\n\t<meta name=\"twitter:label2\" content=\"Gesch\u00e4tzte Lesezeit\" \/>\n\t<meta name=\"twitter:data2\" content=\"4 Minuten\" \/>\n<script type=\"application\/ld+json\" class=\"yoast-schema-graph\">{\"@context\":\"https:\\\/\\\/schema.org\",\"@graph\":[{\"@type\":[\"Article\",\"BlogPosting\"],\"@id\":\"https:\\\/\\\/www.berg-freunde.at\\\/blog\\\/samaya-inspire2-im-bergfreunde-test\\\/#article\",\"isPartOf\":{\"@id\":\"https:\\\/\\\/www.berg-freunde.at\\\/blog\\\/samaya-inspire2-im-bergfreunde-test\\\/\"},\"author\":{\"name\":\"Dominik\",\"@id\":\"https:\\\/\\\/www.berg-freunde.at\\\/blog\\\/#\\\/schema\\\/person\\\/5d5c9b9b00b9314d11bf3a995aa2a081\"},\"headline\":\"Samaya INSPIRE2 &#8211; das vollumf\u00e4ngliche 3 Jahreszeiten Zelt im Bergfreunde Test\",\"datePublished\":\"2023-07-04T07:00:00+00:00\",\"dateModified\":\"2025-12-15T14:01:39+00:00\",\"mainEntityOfPage\":{\"@id\":\"https:\\\/\\\/www.berg-freunde.at\\\/blog\\\/samaya-inspire2-im-bergfreunde-test\\\/\"},\"wordCount\":876,\"commentCount\":2,\"publisher\":{\"@id\":\"https:\\\/\\\/www.berg-freunde.at\\\/blog\\\/#organization\"},\"image\":{\"@id\":\"https:\\\/\\\/www.berg-freunde.at\\\/blog\\\/samaya-inspire2-im-bergfreunde-test\\\/#primaryimage\"},\"thumbnailUrl\":\"https:\\\/\\\/www.berg-freunde.at\\\/blog\\\/wp-content\\\/uploads\\\/2023\\\/06\\\/Samaya_Titel_zugeschnitten_neu.jpg\",\"keywords\":[\"Bike\",\"Wandern &amp; Trekking\"],\"articleSection\":[\"Testberichte\"],\"inLanguage\":\"de-AT\",\"potentialAction\":[{\"@type\":\"CommentAction\",\"name\":\"Comment\",\"target\":[\"https:\\\/\\\/www.berg-freunde.at\\\/blog\\\/samaya-inspire2-im-bergfreunde-test\\\/#respond\"]}]},{\"@type\":\"WebPage\",\"@id\":\"https:\\\/\\\/www.berg-freunde.at\\\/blog\\\/samaya-inspire2-im-bergfreunde-test\\\/\",\"url\":\"https:\\\/\\\/www.berg-freunde.at\\\/blog\\\/samaya-inspire2-im-bergfreunde-test\\\/\",\"name\":\"Samaya INSPIRE 2 Zelt im Bergfreunde Test | Bergfreunde\",\"isPartOf\":{\"@id\":\"https:\\\/\\\/www.berg-freunde.at\\\/blog\\\/#website\"},\"primaryImageOfPage\":{\"@id\":\"https:\\\/\\\/www.berg-freunde.at\\\/blog\\\/samaya-inspire2-im-bergfreunde-test\\\/#primaryimage\"},\"image\":{\"@id\":\"https:\\\/\\\/www.berg-freunde.at\\\/blog\\\/samaya-inspire2-im-bergfreunde-test\\\/#primaryimage\"},\"thumbnailUrl\":\"https:\\\/\\\/www.berg-freunde.at\\\/blog\\\/wp-content\\\/uploads\\\/2023\\\/06\\\/Samaya_Titel_zugeschnitten_neu.jpg\",\"datePublished\":\"2023-07-04T07:00:00+00:00\",\"dateModified\":\"2025-12-15T14:01:39+00:00\",\"description\":\"Dies ist ein Testbericht f\u00fcr das Samaya INSPIRE2 Zelt, welches ultraleicht und auch sehr robust ist. Ideal f\u00fcr Trekking und Backpacking.\",\"breadcrumb\":{\"@id\":\"https:\\\/\\\/www.berg-freunde.at\\\/blog\\\/samaya-inspire2-im-bergfreunde-test\\\/#breadcrumb\"},\"inLanguage\":\"de-AT\",\"potentialAction\":[{\"@type\":\"ReadAction\",\"target\":[\"https:\\\/\\\/www.berg-freunde.at\\\/blog\\\/samaya-inspire2-im-bergfreunde-test\\\/\"]}]},{\"@type\":\"ImageObject\",\"inLanguage\":\"de-AT\",\"@id\":\"https:\\\/\\\/www.berg-freunde.at\\\/blog\\\/samaya-inspire2-im-bergfreunde-test\\\/#primaryimage\",\"url\":\"https:\\\/\\\/www.berg-freunde.at\\\/blog\\\/wp-content\\\/uploads\\\/2023\\\/06\\\/Samaya_Titel_zugeschnitten_neu.jpg\",\"contentUrl\":\"https:\\\/\\\/www.berg-freunde.at\\\/blog\\\/wp-content\\\/uploads\\\/2023\\\/06\\\/Samaya_Titel_zugeschnitten_neu.jpg\",\"width\":1400,\"height\":590,\"caption\":\"dd\"},{\"@type\":\"BreadcrumbList\",\"@id\":\"https:\\\/\\\/www.berg-freunde.at\\\/blog\\\/samaya-inspire2-im-bergfreunde-test\\\/#breadcrumb\",\"itemListElement\":[{\"@type\":\"ListItem\",\"position\":1,\"name\":\"Blog\",\"item\":\"https:\\\/\\\/www.berg-freunde.at\\\/blog\\\/\"},{\"@type\":\"ListItem\",\"position\":2,\"name\":\"Beratung\",\"item\":\"https:\\\/\\\/www.berg-freunde.at\\\/blog\\\/category\\\/beratung\\\/\"},{\"@type\":\"ListItem\",\"position\":3,\"name\":\"Testberichte\",\"item\":\"https:\\\/\\\/www.berg-freunde.at\\\/blog\\\/category\\\/beratung\\\/testberichte\\\/\"},{\"@type\":\"ListItem\",\"position\":4,\"name\":\"Samaya INSPIRE2 &#8211; das vollumf\u00e4ngliche 3 Jahreszeiten Zelt im Bergfreunde Test\"}]},{\"@type\":\"WebSite\",\"@id\":\"https:\\\/\\\/www.berg-freunde.at\\\/blog\\\/#website\",\"url\":\"https:\\\/\\\/www.berg-freunde.at\\\/blog\\\/\",\"name\":\"Bergfreunde\",\"description\":\"Blog\",\"publisher\":{\"@id\":\"https:\\\/\\\/www.berg-freunde.at\\\/blog\\\/#organization\"},\"potentialAction\":[{\"@type\":\"SearchAction\",\"target\":{\"@type\":\"EntryPoint\",\"urlTemplate\":\"https:\\\/\\\/www.berg-freunde.at\\\/blog\\\/?s={search_term_string}\"},\"query-input\":{\"@type\":\"PropertyValueSpecification\",\"valueRequired\":true,\"valueName\":\"search_term_string\"}}],\"inLanguage\":\"de-AT\"},{\"@type\":\"Organization\",\"@id\":\"https:\\\/\\\/www.berg-freunde.at\\\/blog\\\/#organization\",\"name\":\"Bergfreunde\",\"url\":\"https:\\\/\\\/www.berg-freunde.at\\\/blog\\\/\",\"logo\":{\"@type\":\"ImageObject\",\"inLanguage\":\"de-AT\",\"@id\":\"https:\\\/\\\/www.berg-freunde.at\\\/blog\\\/#\\\/schema\\\/logo\\\/image\\\/\",\"url\":\"https:\\\/\\\/www.berg-freunde.at\\\/blog\\\/wp-content\\\/uploads\\\/2023\\\/12\\\/Bergfreunde_DE_rgb.svg\",\"contentUrl\":\"https:\\\/\\\/www.berg-freunde.at\\\/blog\\\/wp-content\\\/uploads\\\/2023\\\/12\\\/Bergfreunde_DE_rgb.svg\",\"caption\":\"Bergfreunde\"},\"image\":{\"@id\":\"https:\\\/\\\/www.berg-freunde.at\\\/blog\\\/#\\\/schema\\\/logo\\\/image\\\/\"},\"sameAs\":[\"https:\\\/\\\/www.facebook.com\\\/bergfreunde\",\"https:\\\/\\\/www.instagram.com\\\/bergfreundede\\\/\"]},{\"@type\":\"Person\",\"@id\":\"https:\\\/\\\/www.berg-freunde.at\\\/blog\\\/#\\\/schema\\\/person\\\/5d5c9b9b00b9314d11bf3a995aa2a081\",\"name\":\"Dominik\",\"url\":\"https:\\\/\\\/www.berg-freunde.at\\\/blog\\\/about\\\/dominik\\\/\"}]}<\/script>\n<!-- \/ Yoast SEO Premium plugin. -->","yoast_head_json":{"title":"Samaya INSPIRE 2 Zelt im Bergfreunde Test | Bergfreunde","description":"Dies ist ein Testbericht f\u00fcr das Samaya INSPIRE2 Zelt, welches ultraleicht und auch sehr robust ist. Ideal f\u00fcr Trekking und Backpacking.","robots":{"index":"index","follow":"follow","max-snippet":"max-snippet:-1","max-image-preview":"max-image-preview:large","max-video-preview":"max-video-preview:-1"},"canonical":"https:\/\/www.berg-freunde.at\/blog\/samaya-inspire2-im-bergfreunde-test\/","og_locale":"de_DE","og_type":"article","og_title":"Samaya INSPIRE2 - das vollumf\u00e4ngliche 3 Jahreszeiten Zelt im Bergfreunde Test","og_description":"Dies ist ein Testbericht f\u00fcr das Samaya INSPIRE2 Zelt, welches ultraleicht und auch sehr robust ist. Ideal f\u00fcr Trekking und Backpacking.","og_url":"https:\/\/www.berg-freunde.at\/blog\/samaya-inspire2-im-bergfreunde-test\/","og_site_name":"Bergfreunde","article_publisher":"https:\/\/www.facebook.com\/bergfreunde","article_published_time":"2023-07-04T07:00:00+00:00","article_modified_time":"2025-12-15T14:01:39+00:00","og_image":[{"width":1400,"height":590,"url":"https:\/\/www.berg-freunde.at\/blog\/wp-content\/uploads\/2023\/06\/Samaya_Titel_zugeschnitten_neu.jpg","type":"image\/jpeg"}],"author":"Dominik","twitter_card":"summary_large_image","twitter_misc":{"Verfasst von":"Dominik","Gesch\u00e4tzte Lesezeit":"4 Minuten"},"schema":{"@context":"https:\/\/schema.org","@graph":[{"@type":["Article","BlogPosting"],"@id":"https:\/\/www.berg-freunde.at\/blog\/samaya-inspire2-im-bergfreunde-test\/#article","isPartOf":{"@id":"https:\/\/www.berg-freunde.at\/blog\/samaya-inspire2-im-bergfreunde-test\/"},"author":{"name":"Dominik","@id":"https:\/\/www.berg-freunde.at\/blog\/#\/schema\/person\/5d5c9b9b00b9314d11bf3a995aa2a081"},"headline":"Samaya INSPIRE2 &#8211; das vollumf\u00e4ngliche 3 Jahreszeiten Zelt im Bergfreunde Test","datePublished":"2023-07-04T07:00:00+00:00","dateModified":"2025-12-15T14:01:39+00:00","mainEntityOfPage":{"@id":"https:\/\/www.berg-freunde.at\/blog\/samaya-inspire2-im-bergfreunde-test\/"},"wordCount":876,"commentCount":2,"publisher":{"@id":"https:\/\/www.berg-freunde.at\/blog\/#organization"},"image":{"@id":"https:\/\/www.berg-freunde.at\/blog\/samaya-inspire2-im-bergfreunde-test\/#primaryimage"},"thumbnailUrl":"https:\/\/www.berg-freunde.at\/blog\/wp-content\/uploads\/2023\/06\/Samaya_Titel_zugeschnitten_neu.jpg","keywords":["Bike","Wandern &amp; Trekking"],"articleSection":["Testberichte"],"inLanguage":"de-AT","potentialAction":[{"@type":"CommentAction","name":"Comment","target":["https:\/\/www.berg-freunde.at\/blog\/samaya-inspire2-im-bergfreunde-test\/#respond"]}]},{"@type":"WebPage","@id":"https:\/\/www.berg-freunde.at\/blog\/samaya-inspire2-im-bergfreunde-test\/","url":"https:\/\/www.berg-freunde.at\/blog\/samaya-inspire2-im-bergfreunde-test\/","name":"Samaya INSPIRE 2 Zelt im Bergfreunde Test | Bergfreunde","isPartOf":{"@id":"https:\/\/www.berg-freunde.at\/blog\/#website"},"primaryImageOfPage":{"@id":"https:\/\/www.berg-freunde.at\/blog\/samaya-inspire2-im-bergfreunde-test\/#primaryimage"},"image":{"@id":"https:\/\/www.berg-freunde.at\/blog\/samaya-inspire2-im-bergfreunde-test\/#primaryimage"},"thumbnailUrl":"https:\/\/www.berg-freunde.at\/blog\/wp-content\/uploads\/2023\/06\/Samaya_Titel_zugeschnitten_neu.jpg","datePublished":"2023-07-04T07:00:00+00:00","dateModified":"2025-12-15T14:01:39+00:00","description":"Dies ist ein Testbericht f\u00fcr das Samaya INSPIRE2 Zelt, welches ultraleicht und auch sehr robust ist. Ideal f\u00fcr Trekking und Backpacking.","breadcrumb":{"@id":"https:\/\/www.berg-freunde.at\/blog\/samaya-inspire2-im-bergfreunde-test\/#breadcrumb"},"inLanguage":"de-AT","potentialAction":[{"@type":"ReadAction","target":["https:\/\/www.berg-freunde.at\/blog\/samaya-inspire2-im-bergfreunde-test\/"]}]},{"@type":"ImageObject","inLanguage":"de-AT","@id":"https:\/\/www.berg-freunde.at\/blog\/samaya-inspire2-im-bergfreunde-test\/#primaryimage","url":"https:\/\/www.berg-freunde.at\/blog\/wp-content\/uploads\/2023\/06\/Samaya_Titel_zugeschnitten_neu.jpg","contentUrl":"https:\/\/www.berg-freunde.at\/blog\/wp-content\/uploads\/2023\/06\/Samaya_Titel_zugeschnitten_neu.jpg","width":1400,"height":590,"caption":"dd"},{"@type":"BreadcrumbList","@id":"https:\/\/www.berg-freunde.at\/blog\/samaya-inspire2-im-bergfreunde-test\/#breadcrumb","itemListElement":[{"@type":"ListItem","position":1,"name":"Blog","item":"https:\/\/www.berg-freunde.at\/blog\/"},{"@type":"ListItem","position":2,"name":"Beratung","item":"https:\/\/www.berg-freunde.at\/blog\/category\/beratung\/"},{"@type":"ListItem","position":3,"name":"Testberichte","item":"https:\/\/www.berg-freunde.at\/blog\/category\/beratung\/testberichte\/"},{"@type":"ListItem","position":4,"name":"Samaya INSPIRE2 &#8211; das vollumf\u00e4ngliche 3 Jahreszeiten Zelt im Bergfreunde Test"}]},{"@type":"WebSite","@id":"https:\/\/www.berg-freunde.at\/blog\/#website","url":"https:\/\/www.berg-freunde.at\/blog\/","name":"Bergfreunde","description":"Blog","publisher":{"@id":"https:\/\/www.berg-freunde.at\/blog\/#organization"},"potentialAction":[{"@type":"SearchAction","target":{"@type":"EntryPoint","urlTemplate":"https:\/\/www.berg-freunde.at\/blog\/?s={search_term_string}"},"query-input":{"@type":"PropertyValueSpecification","valueRequired":true,"valueName":"search_term_string"}}],"inLanguage":"de-AT"},{"@type":"Organization","@id":"https:\/\/www.berg-freunde.at\/blog\/#organization","name":"Bergfreunde","url":"https:\/\/www.berg-freunde.at\/blog\/","logo":{"@type":"ImageObject","inLanguage":"de-AT","@id":"https:\/\/www.berg-freunde.at\/blog\/#\/schema\/logo\/image\/","url":"https:\/\/www.berg-freunde.at\/blog\/wp-content\/uploads\/2023\/12\/Bergfreunde_DE_rgb.svg","contentUrl":"https:\/\/www.berg-freunde.at\/blog\/wp-content\/uploads\/2023\/12\/Bergfreunde_DE_rgb.svg","caption":"Bergfreunde"},"image":{"@id":"https:\/\/www.berg-freunde.at\/blog\/#\/schema\/logo\/image\/"},"sameAs":["https:\/\/www.facebook.com\/bergfreunde","https:\/\/www.instagram.com\/bergfreundede\/"]},{"@type":"Person","@id":"https:\/\/www.berg-freunde.at\/blog\/#\/schema\/person\/5d5c9b9b00b9314d11bf3a995aa2a081","name":"Dominik","url":"https:\/\/www.berg-freunde.at\/blog\/about\/dominik\/"}]}},"_links":{"self":[{"href":"https:\/\/www.berg-freunde.at\/blog\/wp-json\/wp\/v2\/posts\/88864","targetHints":{"allow":["GET"]}}],"collection":[{"href":"https:\/\/www.berg-freunde.at\/blog\/wp-json\/wp\/v2\/posts"}],"about":[{"href":"https:\/\/www.berg-freunde.at\/blog\/wp-json\/wp\/v2\/types\/post"}],"author":[{"embeddable":true,"href":"https:\/\/www.berg-freunde.at\/blog\/wp-json\/wp\/v2\/users\/98"}],"replies":[{"embeddable":true,"href":"https:\/\/www.berg-freunde.at\/blog\/wp-json\/wp\/v2\/comments?post=88864"}],"version-history":[{"count":1,"href":"https:\/\/www.berg-freunde.at\/blog\/wp-json\/wp\/v2\/posts\/88864\/revisions"}],"predecessor-version":[{"id":129084,"href":"https:\/\/www.berg-freunde.at\/blog\/wp-json\/wp\/v2\/posts\/88864\/revisions\/129084"}],"wp:featuredmedia":[{"embeddable":true,"href":"https:\/\/www.berg-freunde.at\/blog\/wp-json\/wp\/v2\/media\/89411"}],"wp:attachment":[{"href":"https:\/\/www.berg-freunde.at\/blog\/wp-json\/wp\/v2\/media?parent=88864"}],"wp:term":[{"taxonomy":"category","embeddable":true,"href":"https:\/\/www.berg-freunde.at\/blog\/wp-json\/wp\/v2\/categories?post=88864"},{"taxonomy":"post_tag","embeddable":true,"href":"https:\/\/www.berg-freunde.at\/blog\/wp-json\/wp\/v2\/tags?post=88864"},{"taxonomy":"post_folder","embeddable":true,"href":"https:\/\/www.berg-freunde.at\/blog\/wp-json\/wp\/v2\/post_folder?post=88864"}],"curies":[{"name":"wp","href":"https:\/\/api.w.org\/{rel}","templated":true}]}}