{"id":84549,"date":"2023-06-02T09:00:00","date_gmt":"2023-06-02T07:00:00","guid":{"rendered":"https:\/\/www.bergfreunde.de\/blog\/?p=84549"},"modified":"2025-12-15T15:06:21","modified_gmt":"2025-12-15T14:06:21","slug":"testbericht-smartwool-active-wear-kollektion","status":"publish","type":"post","link":"https:\/\/www.berg-freunde.at\/blog\/testbericht-smartwool-active-wear-kollektion\/","title":{"rendered":"Testbericht: Smartwool Active-Wear Kollektion"},"content":{"rendered":"\n<p>Smartwool hat den Anspruch, Euch bei <strong>zahlreichen Outdoor-Aktivit\u00e4ten<\/strong> mit <strong>hochwertiger Merino-Bekleidung<\/strong> auszustatten. Ob f\u00fcrs Wandern, Running oder Biken \u2013 dank der nat\u00fcrlichen und funktionellen Eigenschaften der Merinowolle eignet sich die Bekleidung von Smartwool besonders gut f\u00fcr schwei\u00dftreibende Aktivit\u00e4ten. Auch beim Ski- und Snowboardfahren profitierst Du von der temperaturregulierenden und gleichzeitig feuchtigkeitsableitenden Eigenschaft der <a href=\"https:\/\/www.berg-freunde.at\/funktionsunterwaesche\/\">Baselayer<\/a>. Dar\u00fcber hinaus gibt es bei Smartwool auch eine gro\u00dfe Auswahl an Bekleidung, die sich sehr gut im Alltag macht, ganz egal ob an warmen oder kalten Tagen.<\/p>\n\n\n\n<h2 class=\"wp-block-heading\" id=\"h-smartwool-alles-begann-mit-kalten-fussen\">Smartwool &#8211; alles begann mit kalten F\u00fc\u00dfen<\/h2>\n\n\n\n<p>Die Geschichte der Marke Smartwool beginnt im Jahr 1994 in Colorado. Die Gr\u00fcnder wollten beim Skifahren keine kalten F\u00fc\u00dfe mehr haben. Die L\u00f6sung haben sie einfach selbst entwickelt: <a href=\"https:\/\/www.bergfreunde.de\/marken\/smartwool\/outdoor-socken\/\">Socken aus Merinowolle<\/a>! Hiermit waren sie so erfolgreich, dass sie heute neben hochwertigen Outdoorsocken auch <a href=\"https:\/\/www.bergfreunde.de\/marken\/smartwool\/funktionsunterwaesche\/\">Unterw\u00e4sche<\/a>, <a href=\"https:\/\/www.bergfreunde.de\/marken\/smartwool\/t-shirts\/\">T-Shirts<\/a>, <a href=\"https:\/\/www.bergfreunde.de\/marken\/smartwool\/longsleeves\/\">Longsleeves<\/a>, <a href=\"https:\/\/www.bergfreunde.de\/marken\/smartwool\/hoodies\/\">Hoodies<\/a>, Jacken, <a href=\"https:\/\/www.bergfreunde.de\/marken\/smartwool\/outdoor-hosen\/\">Hosen<\/a>, <a href=\"https:\/\/www.bergfreunde.de\/marken\/smartwool\/shorts-3-4-hosen\/\">Shorts<\/a>, <a href=\"https:\/\/www.bergfreunde.de\/marken\/smartwool\/stirnbaender\/\">Headbands<\/a> und <a href=\"https:\/\/www.bergfreunde.de\/marken\/smartwool\/caps\/\">Caps<\/a> in ihrem Sortiment anbieten. All diese Produkte haben eines gemein: Sie bestehen entweder komplett oder zum Teil aus der funktionalen Wolle aus Neuseeland.<\/p>\n\n\n\n<h2 class=\"wp-block-heading\">Woher stammt die Wolle?<\/h2>\n\n\n\n<p>Bei der Herkunft der Wolle steht f\u00fcr Smartwool Nachhaltigkeit und Umweltbewusstsein an oberster Stelle. Daher beziehen sie ihre Merinowolle \u00fcber Organisationen wie ZQ-Merino. Bei ZQ-zertifizierter Wolle sind eine artgerechte Haltung, der Schutz der Natur und faire Arbeitsbedingungen f\u00fcr die Farmer garantiert. Smartwool verwendet auch recycelte Wolle und nutzt Textilverschnitt, welcher bei der Produktion anf\u00e4llt, als Material f\u00fcr die selbst entwickelte Smartloft-F\u00fcllung.<\/p>\n\n\n\n<h3 class=\"wp-block-heading\">Warum ist die Wolle so smart?<\/h3>\n\n\n\n<p>Die wichtigsten Merkmale der Merinowolle sind Temperaturregulierung und Geruchshemmung. Aber wieso besitzt die Wolle diese positiven Eigenschaften? Dies liegt an der Struktur und dem Aufbau der Wollfasern:<\/p>\n\n\n\n<p><strong>Temperaturregulation<\/strong>:<\/p>\n\n\n\n<p>Dank der feinen Kr\u00e4uselungen der Fasern wird warme Luft darin eingeschlossen und W\u00e4rme konserviert. Bei Hitze entweicht diese warme Luft und es tritt ein k\u00fchlender Effekt ein. Hierdurch besteht stets ein ausgewogenes Mikroklima f\u00fcr den K\u00f6rper.<\/p>\n\n\n\n<p><strong>Geruchshemmung<\/strong>:<\/p>\n\n\n\n<p>Die Wollfasern bestehen aus Proteinen und Aminos\u00e4uren. Ihr spezieller Aufbau hat einen antibakteriellen Effekt, welcher die Bildung von Schwei\u00dfgeruch verhindert. Dies macht die Wolle gerade f\u00fcr l\u00e4ngere Touren und Reisen interessant.<\/p>\n\n\n\n<p>Neben diesen beiden Hauptargumenten f\u00fcr Merinowolle sind auch noch weitere positive Eigenschaften zu benennen:<\/p>\n\n\n\n<ul class=\"wp-block-list\">\n<li>Merinowolle ist ein nat\u00fcrlicher, nachwachsender Rohstoff und biologisch abbaubar.<\/li>\n\n\n\n<li>Die Wollfasern sind extrem fein und kratzen nicht auf der Haut.<\/li>\n\n\n\n<li>Merinowolle ist feuerresistent und daher perfekt f\u00fcr lange Abende am Lagerfeuer geeignet.<\/li>\n<\/ul>\n\n\n\n<p><\/p>\n\n\n\n<h2 class=\"wp-block-heading\">Die Smartwool Activ-Wear Kollektion im Praxistest<\/h2>\n\n\n\n<p>Bergfreunde Janine und Dominik durften in den letzten Wochen jeweils ein Smartwool-Hiking-Outfit mit T-Shirt, Shorts, Socken sowie Headband und Cap testen. Der Hersteller wirbt mit seinem Slogan \u201cGo far. Feel good.\u201d. Ob die Bekleidung h\u00e4lt, was Smartwool verspricht, haben die beiden Bergfreunde f\u00fcr Euch getestet.<\/p>\n\n\n<div class=\"wp-block-image\">\n<figure class=\"aligncenter size-full is-resized\"><a href=\"https:\/\/www.berg-freunde.at\/blog\/wp-content\/uploads\/2023\/05\/IMG_20230430_161540.skaliert.jpg\"><img fetchpriority=\"high\" decoding=\"async\" src=\"https:\/\/www.berg-freunde.at\/blog\/wp-content\/uploads\/2023\/05\/IMG_20230430_161540.skaliert.jpg\" alt=\"Mit dem Hiking-Outfit von Smartwool ging es f\u00fcr unsere Bergfreunde erstmal in die Berge.\" class=\"wp-image-84599\" width=\"750\" height=\"563\" srcset=\"https:\/\/www.berg-freunde.at\/blog\/wp-content\/uploads\/2023\/05\/IMG_20230430_161540.skaliert.jpg 1000w, https:\/\/www.berg-freunde.at\/blog\/wp-content\/uploads\/2023\/05\/IMG_20230430_161540.skaliert-300x225.jpg 300w, https:\/\/www.berg-freunde.at\/blog\/wp-content\/uploads\/2023\/05\/IMG_20230430_161540.skaliert-768x576.jpg 768w\" sizes=\"(max-width: 750px) 100vw, 750px\" \/><\/a><figcaption class=\"wp-element-caption\"><em>Mit dem Hiking-Outfit von Smartwool ging es f\u00fcr Bergfreundin Janine erstmal in die Berge.<\/em><\/figcaption><\/figure>\n<\/div>\n\n\n<h3 class=\"wp-block-heading\">Active Ultralite Short Sleeve<\/h3>\n\n\n\n<p>Das <a href=\"https:\/\/www.bergfreunde.de\/s\/Active--Ultralite--Short--Sleeve\/aermellaenge--kurzarm\/\">Active Ultralite Short Sleeve<\/a> besteht aus einem smarten Materialmix aus <strong>Merinowolle und Tencel<\/strong>. Dadurch sind die T-Shirts auf nat\u00fcrliche Weise <strong>atmungsaktiv<\/strong> und <strong>schnelltrocknend<\/strong>. Diese Eigenschaften haben sich beim Testen direkt bemerkbar gemacht, denn kommt man damit auf der Tour ins <a href=\"https:\/\/www.berg-freunde.at\/schwitzrate-sport-rechner\/\">Schwitzen<\/a>, so trocknet es sehr schnell wieder. Au\u00dferdem liegt das d\u00fcnne T-Shirt luftig auf der Haut und tr\u00e4gt sich trotz verschwitztem Zustand noch sehr angenehm.<\/p>\n\n\n\n<p>Das T-Shirt ist zum Wandern, Laufen oder f\u00fcr andere Outdoor-Aktivit\u00e4ten zu empfehlen, bei denen man einen leichten, aber keinen schweren Rucksack tr\u00e4gt, da das Material wirklich d\u00fcnn ist. Am besten tr\u00e4gt es sich allerdings ohne Rucksack, da seine <strong>feuchtigkeitsregulierende Eigenschaft<\/strong> und der <strong>luftig-angenehme Tragekomfort <\/strong>so voll zum Einsatz kommen kann.<\/p>\n\n\n<div class=\"wp-block-image\">\n<figure class=\"alignright size-full is-resized\"><a href=\"https:\/\/www.berg-freunde.at\/blog\/wp-content\/uploads\/2023\/05\/WhatsApp-Image-2023-05-29-at-20.01.20-1.zugeschnitten.jpeg\"><img decoding=\"async\" src=\"https:\/\/www.berg-freunde.at\/blog\/wp-content\/uploads\/2023\/05\/WhatsApp-Image-2023-05-29-at-20.01.20-1.zugeschnitten.jpeg\" alt=\"Bergfreund Dominik hat die neue Kollektion direkt auf dem Trail getestet.\" class=\"wp-image-85874\" width=\"258\" height=\"350\"\/><\/a><figcaption class=\"wp-element-caption\"><em>Bergfreund Dominik hat die neue Kollektion direkt auf dem Trail getestet.<\/em><\/figcaption><\/figure>\n<\/div>\n\n\n<h3 class=\"wp-block-heading\">Merino Sport Hike und 8 Short<\/h3>\n\n\n\n<p>Ausgestattet mit insgesamt f\u00fcnf Taschen sind die <a href=\"https:\/\/www.bergfreunde.de\/smartwool-womens-merino-sport-hike-short-shorts\/\">Merino Sport Hike Short<\/a> und die <a href=\"https:\/\/www.bergfreunde.de\/smartwool-8-short-laufshorts\/\">8 Short<\/a> super praktisch f\u00fcr unterschiedliche Aktivit\u00e4ten. Die Shorts sitzt, wie auch das T-Shirt, luftig-locker und sorgt so bei anstrengenden Aktivit\u00e4ten f\u00fcr eine <strong>gute Luftzirkulation<\/strong>.<\/p>\n\n\n\n<p>Besonders gut gef\u00e4llt uns auch hier der sehr d\u00fcnne, aber nat\u00fcrlich strapazierf\u00e4hige Stoff sowie der <strong>Kordelzug im H\u00fcftbund<\/strong>, durch welchen sich die Hose schnell und einfach an die Passform einstellen l\u00e4sst und man keinen G\u00fcrtel braucht.<\/p>\n\n\n\n<h3 class=\"wp-block-heading\">Hike Light Cushion Socks<\/h3>\n\n\n\n<p>Mit ihrem <strong>weichen Material<\/strong> und der zus\u00e4tzlichen<strong> Polsterung an Zehen und Ferse<\/strong> \u00fcberzeugen die <a href=\"https:\/\/www.bergfreunde.de\/s\/smartwool--Hike--Light--Cushion--socks\/\">Hike Light Cushion Socks<\/a> direkt. Der angenehme Tragekomfort macht sich bereits nach den ersten Schritten bemerkbar. Und durch ihre <strong>temperaturregulierende Eigenschaft<\/strong> sind die Socken sowohl bei k\u00fchleren als auch bei w\u00e4rmeren Au\u00dfentemperaturen eine gute Wahl.<\/p>\n\n\n\n<h3 class=\"wp-block-heading\">Active Headband und Runners Cap<\/h3>\n\n\n\n<p>Das <a href=\"https:\/\/www.bergfreunde.de\/smartwool-active-headband-stirnband\/\">Active Headband<\/a> und die <a href=\"https:\/\/www.bergfreunde.de\/smartwool-go-far-feel-good-runners-cap-cap\/\">Runners Cap<\/a> haben unsere Outfits abgerundet. Beide Kopfbedeckungen haben in ihrem Innenmaterial Merinowolle verarbeitet, die sich durch ihre <strong>temperaturregulierende Eigenschaft <\/strong>direkt bemerkbar macht. Wer bei k\u00fchlen Au\u00dfentemperaturen mit kalten Ohren zu k\u00e4mpfen hat, bekommt mit dem Active Headband auf jeden Fall warme Ohren! Solltest Du zu empfindlichen Ohren neigen, k\u00f6nnte ein Headband mit Merinowolle vielleicht als etwas kratzig empfunden werden und bist mit der Runners Cap besser bedient.\u00a0<\/p>\n\n\n\n<p>Mehr Infos rund um die Smartwool Aktive Wear Kollektion bekommt ihr in folgendem Video:<\/p>\n\n\n\n<figure class=\"wp-block-embed is-type-video is-provider-youtube wp-block-embed-youtube wp-embed-aspect-16-9 wp-has-aspect-ratio\"><div class=\"wp-block-embed__wrapper\">\n<iframe title=\"Vorgestellt: Smartwool Active Wear Kollektion\" width=\"800\" height=\"450\" src=\"https:\/\/www.youtube.com\/embed\/GX7mxDcANmg?feature=oembed\" frameborder=\"0\" allow=\"accelerometer; autoplay; clipboard-write; encrypted-media; gyroscope; picture-in-picture; web-share\" allowfullscreen><\/iframe>\n<\/div><\/figure>\n\n\n\n<h2 class=\"wp-block-heading\"><strong>Merinowolle waschen und pflegen<\/strong><\/h2>\n\n\n\n<p>Damit Du auch lange was von Deiner neuen Smartwool-Merinobekleidung hast, solltest Du sie immer richtig waschen und pflegen:<\/p>\n\n\n\n<ul class=\"wp-block-list\">\n<li>Achte auf die richtige <strong>Waschtemperatur<\/strong> (siehe <strong>Pflegeetikett<\/strong>). Diese liegt in der Regel bei <strong>30 oder 40 \u00b0C<\/strong>. Bei einer zu hohen Temperatur kann die Kleidung einlaufen. Au\u00dferdem sollte die Umdrehungszahl im Schleudergang mit <strong>maximal 600 Umdrehungen<\/strong> m\u00f6glichst niedrig gehalten werden, denn wird die W\u00e4sche zu viel geschleudert, schadet es ihr nur.&nbsp;<\/li>\n\n\n\n<li>Benutze ein entsprechendes <strong>Waschmittel<\/strong>, wie zum Beispiel ein <strong>pH-neutrales Fein- oder Funktionswaschmittel<\/strong>. Bei Merinowolle solltest Du <strong>KEIN<\/strong> Wollwaschmittel verwenden, da dieses ein Enzym enth\u00e4lt, welches zu L\u00f6chern in Deiner Kleidung f\u00fchrt.&nbsp;Dar\u00fcber hinaus solltest Du beim Waschen <strong>auf Weichsp\u00fcler verzichten<\/strong>.<\/li>\n\n\n\n<li>Merinowolle sollte <strong>niemals im Trockner<\/strong> getrocknet werden, da die Kleidung auch hier, wie beim zu warmen Waschen, eingehen kann. Im Idealfall solltest Du diese zudem <strong>liegend trocknen<\/strong>, da die Kleidung so formbest\u00e4ndig bleibt.<\/li>\n\n\n\n<li>Entdeckst Du <strong>Pilling<\/strong> (kleine Kn\u00f6tchen) an der Kleidung, solltest Du dieses <strong>zeitnah mit einem Fusselrasierer entfernen<\/strong>. Dann sieht alles auch wieder aus wie neu!<\/li>\n<\/ul>\n\n\n\n<p><\/p>\n\n\n\n<p>Schau Dir auch gerne unser <a href=\"https:\/\/www.bergfreunde.de\/pflegewiki\/\">Pflegewiki<\/a> zum Thema Merinowolle richtig waschen und pflegen an.<\/p>\n\n\n\n<h2 class=\"wp-block-heading\">Fazit<\/h2>\n\n\n\n<p>Als echtes Highlight l\u00e4sst sich wohl bei allen Bekleidungsst\u00fccken neben den funktionellen Eigenschaften beim Tragen vor allem die <strong>geruchshemmende Eigenschaft der Merinowolle<\/strong> hervorheben. Einfach <strong>nach dem Tragen \u00fcber Nacht ausgel\u00fcftet<\/strong>, konnten wir die Kleidungsst\u00fccke am n\u00e4chsten Tag wieder tragen, ohne, dass sie nach Schwei\u00df gerochen haben. Au\u00dferdem lohnt sich die Anschaffung gleich doppelt, weil die einzelnen Teile nicht nur z. B. zum Wandern, sondern auch in der Freizeit getragen werden k\u00f6nnen.<\/p>\n\n\n\n<div class=\"wp-block-buttons is-layout-flex wp-block-buttons-is-layout-flex\">\n<div class=\"wp-block-button\"><a class=\"wp-block-button__link wp-element-button\" href=\"https:\/\/www.bergfreunde.de\/marken\/smartwool\/\">Hier geht&#8217;s zu Smartwool<\/a><\/div>\n<\/div>\n","protected":false},"excerpt":{"rendered":"<p>Smartwool hat den Anspruch, Euch bei zahlreichen Outdoor-Aktivit\u00e4ten mit hochwertiger Merino-Bekleidung auszustatten. Ob f\u00fcrs Wandern, Running oder Biken \u2013 dank der nat\u00fcrlichen und funktionellen Eigenschaften der Merinowolle eignet sich die Bekleidung von Smartwool besonders gut f\u00fcr schwei\u00dftreibende Aktivit\u00e4ten. Auch beim Ski- und Snowboardfahren profitierst Du von der temperaturregulierenden und gleichzeitig feuchtigkeitsableitenden Eigenschaft der Baselayer. Dar\u00fcber [&hellip;]<\/p>\n","protected":false},"author":93,"featured_media":85869,"comment_status":"open","ping_status":"closed","sticky":false,"template":"","format":"standard","meta":{"_acf_changed":false,"footnotes":""},"categories":[279,308],"tags":[259,264,265,267],"post_folder":[],"class_list":["post-84549","post","type-post","status-publish","format-standard","has-post-thumbnail","hentry","category-hersteller-marken","category-testberichte","tag-bike","tag-running","tag-wandern-trekking","tag-wintersport"],"acf":[],"yoast_head":"<!-- This site is optimized with the Yoast SEO Premium plugin v27.4 (Yoast SEO v27.4) - https:\/\/yoast.com\/product\/yoast-seo-premium-wordpress\/ -->\n<title>Smartwool Active-Wear Kollektion im Bergfreunde Test<\/title>\n<meta name=\"description\" content=\"Bergfreunde Janine und Dominik durften in den letzten Wochen jeweils ein Smartwool-Hiking-Outfit f\u00fcr Euch testen. Den Testbericht findet Ihr im Basislager.\" \/>\n<meta name=\"robots\" content=\"index, follow, max-snippet:-1, max-image-preview:large, max-video-preview:-1\" \/>\n<link rel=\"canonical\" href=\"https:\/\/www.berg-freunde.at\/blog\/testbericht-smartwool-active-wear-kollektion\/\" \/>\n<meta property=\"og:locale\" content=\"de_DE\" \/>\n<meta property=\"og:type\" content=\"article\" \/>\n<meta property=\"og:title\" content=\"Testbericht: Smartwool Active-Wear Kollektion\" \/>\n<meta property=\"og:description\" content=\"Bergfreunde Janine und Dominik durften in den letzten Wochen jeweils ein Smartwool-Hiking-Outfit f\u00fcr Euch testen. Den Testbericht findet Ihr im Basislager.\" \/>\n<meta property=\"og:url\" content=\"https:\/\/www.berg-freunde.at\/blog\/testbericht-smartwool-active-wear-kollektion\/\" \/>\n<meta property=\"og:site_name\" content=\"Bergfreunde\" \/>\n<meta property=\"article:publisher\" content=\"https:\/\/www.facebook.com\/bergfreunde\" \/>\n<meta property=\"article:published_time\" content=\"2023-06-02T07:00:00+00:00\" \/>\n<meta property=\"article:modified_time\" content=\"2025-12-15T14:06:21+00:00\" \/>\n<meta property=\"og:image\" content=\"https:\/\/www.berg-freunde.at\/blog\/wp-content\/uploads\/2023\/05\/WhatsApp-Image-2023-05-29-at-20.01.20.zugeschnitten.jpeg\" \/>\n\t<meta property=\"og:image:width\" content=\"1440\" \/>\n\t<meta property=\"og:image:height\" content=\"590\" \/>\n\t<meta property=\"og:image:type\" content=\"image\/jpeg\" \/>\n<meta name=\"author\" content=\"Janine\" \/>\n<meta name=\"twitter:card\" content=\"summary_large_image\" \/>\n<meta name=\"twitter:label1\" content=\"Verfasst von\" \/>\n\t<meta name=\"twitter:data1\" content=\"Janine\" \/>\n\t<meta name=\"twitter:label2\" content=\"Gesch\u00e4tzte Lesezeit\" \/>\n\t<meta name=\"twitter:data2\" content=\"7 Minuten\" \/>\n<script type=\"application\/ld+json\" class=\"yoast-schema-graph\">{\"@context\":\"https:\\\/\\\/schema.org\",\"@graph\":[{\"@type\":[\"Article\",\"BlogPosting\"],\"@id\":\"https:\\\/\\\/www.berg-freunde.at\\\/blog\\\/testbericht-smartwool-active-wear-kollektion\\\/#article\",\"isPartOf\":{\"@id\":\"https:\\\/\\\/www.berg-freunde.at\\\/blog\\\/testbericht-smartwool-active-wear-kollektion\\\/\"},\"author\":{\"name\":\"Janine\",\"@id\":\"https:\\\/\\\/www.berg-freunde.at\\\/blog\\\/#\\\/schema\\\/person\\\/c31cee2fa0157b5fa6923f723758d690\"},\"headline\":\"Testbericht: Smartwool Active-Wear Kollektion\",\"datePublished\":\"2023-06-02T07:00:00+00:00\",\"dateModified\":\"2025-12-15T14:06:21+00:00\",\"mainEntityOfPage\":{\"@id\":\"https:\\\/\\\/www.berg-freunde.at\\\/blog\\\/testbericht-smartwool-active-wear-kollektion\\\/\"},\"wordCount\":1145,\"commentCount\":0,\"publisher\":{\"@id\":\"https:\\\/\\\/www.berg-freunde.at\\\/blog\\\/#organization\"},\"image\":{\"@id\":\"https:\\\/\\\/www.berg-freunde.at\\\/blog\\\/testbericht-smartwool-active-wear-kollektion\\\/#primaryimage\"},\"thumbnailUrl\":\"https:\\\/\\\/www.berg-freunde.at\\\/blog\\\/wp-content\\\/uploads\\\/2023\\\/05\\\/WhatsApp-Image-2023-05-29-at-20.01.20.zugeschnitten.jpeg\",\"keywords\":[\"Bike\",\"Running\",\"Wandern &amp; Trekking\",\"Wintersport\"],\"articleSection\":[\"Hersteller &amp; Marken\",\"Testberichte\"],\"inLanguage\":\"de-AT\",\"potentialAction\":[{\"@type\":\"CommentAction\",\"name\":\"Comment\",\"target\":[\"https:\\\/\\\/www.berg-freunde.at\\\/blog\\\/testbericht-smartwool-active-wear-kollektion\\\/#respond\"]}]},{\"@type\":\"WebPage\",\"@id\":\"https:\\\/\\\/www.berg-freunde.at\\\/blog\\\/testbericht-smartwool-active-wear-kollektion\\\/\",\"url\":\"https:\\\/\\\/www.berg-freunde.at\\\/blog\\\/testbericht-smartwool-active-wear-kollektion\\\/\",\"name\":\"Smartwool Active-Wear Kollektion im Bergfreunde Test\",\"isPartOf\":{\"@id\":\"https:\\\/\\\/www.berg-freunde.at\\\/blog\\\/#website\"},\"primaryImageOfPage\":{\"@id\":\"https:\\\/\\\/www.berg-freunde.at\\\/blog\\\/testbericht-smartwool-active-wear-kollektion\\\/#primaryimage\"},\"image\":{\"@id\":\"https:\\\/\\\/www.berg-freunde.at\\\/blog\\\/testbericht-smartwool-active-wear-kollektion\\\/#primaryimage\"},\"thumbnailUrl\":\"https:\\\/\\\/www.berg-freunde.at\\\/blog\\\/wp-content\\\/uploads\\\/2023\\\/05\\\/WhatsApp-Image-2023-05-29-at-20.01.20.zugeschnitten.jpeg\",\"datePublished\":\"2023-06-02T07:00:00+00:00\",\"dateModified\":\"2025-12-15T14:06:21+00:00\",\"description\":\"Bergfreunde Janine und Dominik durften in den letzten Wochen jeweils ein Smartwool-Hiking-Outfit f\u00fcr Euch testen. Den Testbericht findet Ihr im Basislager.\",\"breadcrumb\":{\"@id\":\"https:\\\/\\\/www.berg-freunde.at\\\/blog\\\/testbericht-smartwool-active-wear-kollektion\\\/#breadcrumb\"},\"inLanguage\":\"de-AT\",\"potentialAction\":[{\"@type\":\"ReadAction\",\"target\":[\"https:\\\/\\\/www.berg-freunde.at\\\/blog\\\/testbericht-smartwool-active-wear-kollektion\\\/\"]}]},{\"@type\":\"ImageObject\",\"inLanguage\":\"de-AT\",\"@id\":\"https:\\\/\\\/www.berg-freunde.at\\\/blog\\\/testbericht-smartwool-active-wear-kollektion\\\/#primaryimage\",\"url\":\"https:\\\/\\\/www.berg-freunde.at\\\/blog\\\/wp-content\\\/uploads\\\/2023\\\/05\\\/WhatsApp-Image-2023-05-29-at-20.01.20.zugeschnitten.jpeg\",\"contentUrl\":\"https:\\\/\\\/www.berg-freunde.at\\\/blog\\\/wp-content\\\/uploads\\\/2023\\\/05\\\/WhatsApp-Image-2023-05-29-at-20.01.20.zugeschnitten.jpeg\",\"width\":1440,\"height\":590,\"caption\":\"Mit der Smartwool-Active Wear Kollektion kannst Du in Alltag und Abenteuer durchstarten.\"},{\"@type\":\"BreadcrumbList\",\"@id\":\"https:\\\/\\\/www.berg-freunde.at\\\/blog\\\/testbericht-smartwool-active-wear-kollektion\\\/#breadcrumb\",\"itemListElement\":[{\"@type\":\"ListItem\",\"position\":1,\"name\":\"Blog\",\"item\":\"https:\\\/\\\/www.berg-freunde.at\\\/blog\\\/\"},{\"@type\":\"ListItem\",\"position\":2,\"name\":\"Beratung\",\"item\":\"https:\\\/\\\/www.berg-freunde.at\\\/blog\\\/category\\\/beratung\\\/\"},{\"@type\":\"ListItem\",\"position\":3,\"name\":\"Testberichte\",\"item\":\"https:\\\/\\\/www.berg-freunde.at\\\/blog\\\/category\\\/beratung\\\/testberichte\\\/\"},{\"@type\":\"ListItem\",\"position\":4,\"name\":\"Testbericht: Smartwool Active-Wear Kollektion\"}]},{\"@type\":\"WebSite\",\"@id\":\"https:\\\/\\\/www.berg-freunde.at\\\/blog\\\/#website\",\"url\":\"https:\\\/\\\/www.berg-freunde.at\\\/blog\\\/\",\"name\":\"Bergfreunde\",\"description\":\"Blog\",\"publisher\":{\"@id\":\"https:\\\/\\\/www.berg-freunde.at\\\/blog\\\/#organization\"},\"potentialAction\":[{\"@type\":\"SearchAction\",\"target\":{\"@type\":\"EntryPoint\",\"urlTemplate\":\"https:\\\/\\\/www.berg-freunde.at\\\/blog\\\/?s={search_term_string}\"},\"query-input\":{\"@type\":\"PropertyValueSpecification\",\"valueRequired\":true,\"valueName\":\"search_term_string\"}}],\"inLanguage\":\"de-AT\"},{\"@type\":\"Organization\",\"@id\":\"https:\\\/\\\/www.berg-freunde.at\\\/blog\\\/#organization\",\"name\":\"Bergfreunde\",\"url\":\"https:\\\/\\\/www.berg-freunde.at\\\/blog\\\/\",\"logo\":{\"@type\":\"ImageObject\",\"inLanguage\":\"de-AT\",\"@id\":\"https:\\\/\\\/www.berg-freunde.at\\\/blog\\\/#\\\/schema\\\/logo\\\/image\\\/\",\"url\":\"https:\\\/\\\/www.berg-freunde.at\\\/blog\\\/wp-content\\\/uploads\\\/2023\\\/12\\\/Bergfreunde_DE_rgb.svg\",\"contentUrl\":\"https:\\\/\\\/www.berg-freunde.at\\\/blog\\\/wp-content\\\/uploads\\\/2023\\\/12\\\/Bergfreunde_DE_rgb.svg\",\"caption\":\"Bergfreunde\"},\"image\":{\"@id\":\"https:\\\/\\\/www.berg-freunde.at\\\/blog\\\/#\\\/schema\\\/logo\\\/image\\\/\"},\"sameAs\":[\"https:\\\/\\\/www.facebook.com\\\/bergfreunde\",\"https:\\\/\\\/www.instagram.com\\\/bergfreundede\\\/\"]},{\"@type\":\"Person\",\"@id\":\"https:\\\/\\\/www.berg-freunde.at\\\/blog\\\/#\\\/schema\\\/person\\\/c31cee2fa0157b5fa6923f723758d690\",\"name\":\"Janine\",\"url\":\"https:\\\/\\\/www.berg-freunde.at\\\/blog\\\/about\\\/janine-goettert\\\/\"}]}<\/script>\n<!-- \/ Yoast SEO Premium plugin. -->","yoast_head_json":{"title":"Smartwool Active-Wear Kollektion im Bergfreunde Test","description":"Bergfreunde Janine und Dominik durften in den letzten Wochen jeweils ein Smartwool-Hiking-Outfit f\u00fcr Euch testen. Den Testbericht findet Ihr im Basislager.","robots":{"index":"index","follow":"follow","max-snippet":"max-snippet:-1","max-image-preview":"max-image-preview:large","max-video-preview":"max-video-preview:-1"},"canonical":"https:\/\/www.berg-freunde.at\/blog\/testbericht-smartwool-active-wear-kollektion\/","og_locale":"de_DE","og_type":"article","og_title":"Testbericht: Smartwool Active-Wear Kollektion","og_description":"Bergfreunde Janine und Dominik durften in den letzten Wochen jeweils ein Smartwool-Hiking-Outfit f\u00fcr Euch testen. Den Testbericht findet Ihr im Basislager.","og_url":"https:\/\/www.berg-freunde.at\/blog\/testbericht-smartwool-active-wear-kollektion\/","og_site_name":"Bergfreunde","article_publisher":"https:\/\/www.facebook.com\/bergfreunde","article_published_time":"2023-06-02T07:00:00+00:00","article_modified_time":"2025-12-15T14:06:21+00:00","og_image":[{"width":1440,"height":590,"url":"https:\/\/www.berg-freunde.at\/blog\/wp-content\/uploads\/2023\/05\/WhatsApp-Image-2023-05-29-at-20.01.20.zugeschnitten.jpeg","type":"image\/jpeg"}],"author":"Janine","twitter_card":"summary_large_image","twitter_misc":{"Verfasst von":"Janine","Gesch\u00e4tzte Lesezeit":"7 Minuten"},"schema":{"@context":"https:\/\/schema.org","@graph":[{"@type":["Article","BlogPosting"],"@id":"https:\/\/www.berg-freunde.at\/blog\/testbericht-smartwool-active-wear-kollektion\/#article","isPartOf":{"@id":"https:\/\/www.berg-freunde.at\/blog\/testbericht-smartwool-active-wear-kollektion\/"},"author":{"name":"Janine","@id":"https:\/\/www.berg-freunde.at\/blog\/#\/schema\/person\/c31cee2fa0157b5fa6923f723758d690"},"headline":"Testbericht: Smartwool Active-Wear Kollektion","datePublished":"2023-06-02T07:00:00+00:00","dateModified":"2025-12-15T14:06:21+00:00","mainEntityOfPage":{"@id":"https:\/\/www.berg-freunde.at\/blog\/testbericht-smartwool-active-wear-kollektion\/"},"wordCount":1145,"commentCount":0,"publisher":{"@id":"https:\/\/www.berg-freunde.at\/blog\/#organization"},"image":{"@id":"https:\/\/www.berg-freunde.at\/blog\/testbericht-smartwool-active-wear-kollektion\/#primaryimage"},"thumbnailUrl":"https:\/\/www.berg-freunde.at\/blog\/wp-content\/uploads\/2023\/05\/WhatsApp-Image-2023-05-29-at-20.01.20.zugeschnitten.jpeg","keywords":["Bike","Running","Wandern &amp; Trekking","Wintersport"],"articleSection":["Hersteller &amp; Marken","Testberichte"],"inLanguage":"de-AT","potentialAction":[{"@type":"CommentAction","name":"Comment","target":["https:\/\/www.berg-freunde.at\/blog\/testbericht-smartwool-active-wear-kollektion\/#respond"]}]},{"@type":"WebPage","@id":"https:\/\/www.berg-freunde.at\/blog\/testbericht-smartwool-active-wear-kollektion\/","url":"https:\/\/www.berg-freunde.at\/blog\/testbericht-smartwool-active-wear-kollektion\/","name":"Smartwool Active-Wear Kollektion im Bergfreunde Test","isPartOf":{"@id":"https:\/\/www.berg-freunde.at\/blog\/#website"},"primaryImageOfPage":{"@id":"https:\/\/www.berg-freunde.at\/blog\/testbericht-smartwool-active-wear-kollektion\/#primaryimage"},"image":{"@id":"https:\/\/www.berg-freunde.at\/blog\/testbericht-smartwool-active-wear-kollektion\/#primaryimage"},"thumbnailUrl":"https:\/\/www.berg-freunde.at\/blog\/wp-content\/uploads\/2023\/05\/WhatsApp-Image-2023-05-29-at-20.01.20.zugeschnitten.jpeg","datePublished":"2023-06-02T07:00:00+00:00","dateModified":"2025-12-15T14:06:21+00:00","description":"Bergfreunde Janine und Dominik durften in den letzten Wochen jeweils ein Smartwool-Hiking-Outfit f\u00fcr Euch testen. Den Testbericht findet Ihr im Basislager.","breadcrumb":{"@id":"https:\/\/www.berg-freunde.at\/blog\/testbericht-smartwool-active-wear-kollektion\/#breadcrumb"},"inLanguage":"de-AT","potentialAction":[{"@type":"ReadAction","target":["https:\/\/www.berg-freunde.at\/blog\/testbericht-smartwool-active-wear-kollektion\/"]}]},{"@type":"ImageObject","inLanguage":"de-AT","@id":"https:\/\/www.berg-freunde.at\/blog\/testbericht-smartwool-active-wear-kollektion\/#primaryimage","url":"https:\/\/www.berg-freunde.at\/blog\/wp-content\/uploads\/2023\/05\/WhatsApp-Image-2023-05-29-at-20.01.20.zugeschnitten.jpeg","contentUrl":"https:\/\/www.berg-freunde.at\/blog\/wp-content\/uploads\/2023\/05\/WhatsApp-Image-2023-05-29-at-20.01.20.zugeschnitten.jpeg","width":1440,"height":590,"caption":"Mit der Smartwool-Active Wear Kollektion kannst Du in Alltag und Abenteuer durchstarten."},{"@type":"BreadcrumbList","@id":"https:\/\/www.berg-freunde.at\/blog\/testbericht-smartwool-active-wear-kollektion\/#breadcrumb","itemListElement":[{"@type":"ListItem","position":1,"name":"Blog","item":"https:\/\/www.berg-freunde.at\/blog\/"},{"@type":"ListItem","position":2,"name":"Beratung","item":"https:\/\/www.berg-freunde.at\/blog\/category\/beratung\/"},{"@type":"ListItem","position":3,"name":"Testberichte","item":"https:\/\/www.berg-freunde.at\/blog\/category\/beratung\/testberichte\/"},{"@type":"ListItem","position":4,"name":"Testbericht: Smartwool Active-Wear Kollektion"}]},{"@type":"WebSite","@id":"https:\/\/www.berg-freunde.at\/blog\/#website","url":"https:\/\/www.berg-freunde.at\/blog\/","name":"Bergfreunde","description":"Blog","publisher":{"@id":"https:\/\/www.berg-freunde.at\/blog\/#organization"},"potentialAction":[{"@type":"SearchAction","target":{"@type":"EntryPoint","urlTemplate":"https:\/\/www.berg-freunde.at\/blog\/?s={search_term_string}"},"query-input":{"@type":"PropertyValueSpecification","valueRequired":true,"valueName":"search_term_string"}}],"inLanguage":"de-AT"},{"@type":"Organization","@id":"https:\/\/www.berg-freunde.at\/blog\/#organization","name":"Bergfreunde","url":"https:\/\/www.berg-freunde.at\/blog\/","logo":{"@type":"ImageObject","inLanguage":"de-AT","@id":"https:\/\/www.berg-freunde.at\/blog\/#\/schema\/logo\/image\/","url":"https:\/\/www.berg-freunde.at\/blog\/wp-content\/uploads\/2023\/12\/Bergfreunde_DE_rgb.svg","contentUrl":"https:\/\/www.berg-freunde.at\/blog\/wp-content\/uploads\/2023\/12\/Bergfreunde_DE_rgb.svg","caption":"Bergfreunde"},"image":{"@id":"https:\/\/www.berg-freunde.at\/blog\/#\/schema\/logo\/image\/"},"sameAs":["https:\/\/www.facebook.com\/bergfreunde","https:\/\/www.instagram.com\/bergfreundede\/"]},{"@type":"Person","@id":"https:\/\/www.berg-freunde.at\/blog\/#\/schema\/person\/c31cee2fa0157b5fa6923f723758d690","name":"Janine","url":"https:\/\/www.berg-freunde.at\/blog\/about\/janine-goettert\/"}]}},"_links":{"self":[{"href":"https:\/\/www.berg-freunde.at\/blog\/wp-json\/wp\/v2\/posts\/84549","targetHints":{"allow":["GET"]}}],"collection":[{"href":"https:\/\/www.berg-freunde.at\/blog\/wp-json\/wp\/v2\/posts"}],"about":[{"href":"https:\/\/www.berg-freunde.at\/blog\/wp-json\/wp\/v2\/types\/post"}],"author":[{"embeddable":true,"href":"https:\/\/www.berg-freunde.at\/blog\/wp-json\/wp\/v2\/users\/93"}],"replies":[{"embeddable":true,"href":"https:\/\/www.berg-freunde.at\/blog\/wp-json\/wp\/v2\/comments?post=84549"}],"version-history":[{"count":1,"href":"https:\/\/www.berg-freunde.at\/blog\/wp-json\/wp\/v2\/posts\/84549\/revisions"}],"predecessor-version":[{"id":129091,"href":"https:\/\/www.berg-freunde.at\/blog\/wp-json\/wp\/v2\/posts\/84549\/revisions\/129091"}],"wp:featuredmedia":[{"embeddable":true,"href":"https:\/\/www.berg-freunde.at\/blog\/wp-json\/wp\/v2\/media\/85869"}],"wp:attachment":[{"href":"https:\/\/www.berg-freunde.at\/blog\/wp-json\/wp\/v2\/media?parent=84549"}],"wp:term":[{"taxonomy":"category","embeddable":true,"href":"https:\/\/www.berg-freunde.at\/blog\/wp-json\/wp\/v2\/categories?post=84549"},{"taxonomy":"post_tag","embeddable":true,"href":"https:\/\/www.berg-freunde.at\/blog\/wp-json\/wp\/v2\/tags?post=84549"},{"taxonomy":"post_folder","embeddable":true,"href":"https:\/\/www.berg-freunde.at\/blog\/wp-json\/wp\/v2\/post_folder?post=84549"}],"curies":[{"name":"wp","href":"https:\/\/api.w.org\/{rel}","templated":true}]}}