{"id":82911,"date":"2023-05-12T08:19:18","date_gmt":"2023-05-12T06:19:18","guid":{"rendered":"https:\/\/www.bergfreunde.de\/blog\/?p=82911"},"modified":"2023-12-14T10:55:51","modified_gmt":"2023-12-14T09:55:51","slug":"grat-raus-podcast-19-traumjob-in-den-bergen","status":"publish","type":"post","link":"https:\/\/www.berg-freunde.at\/blog\/grat-raus-podcast-19-traumjob-in-den-bergen\/","title":{"rendered":"GRAT RAUS FOLGE 19: Traumjob in den Bergen &#8211; Wie ist das Leben als H\u00fcttenwirtin?"},"content":{"rendered":"\n<h2 class=\"wp-block-heading\" id=\"h-die-podcast-folge\"><strong>Die Podcast Folge <\/strong><\/h2>\n\n\n\n<blockquote class=\"wp-block-quote has-text-align-center is-layout-flow wp-block-quote-is-layout-flow\">\n<p class=\"has-text-align-center\">Es war immer mein Traum, eine eigene Alm zu haben.<\/p>\n<cite>Nina Frick, H\u00fcttenwirtin<\/cite><\/blockquote>\n\n\n<div class=\"wp-block-image\">\n<figure class=\"alignright size-full is-resized\"><img fetchpriority=\"high\" decoding=\"async\" src=\"https:\/\/www.bergfreunde.de\/blog\/wp-content\/uploads\/2023\/05\/Unbenannt-edited.jpg\" alt=\"\" class=\"wp-image-82918\" width=\"358\" height=\"269\" srcset=\"https:\/\/www.berg-freunde.at\/blog\/wp-content\/uploads\/2023\/05\/Unbenannt-edited.jpg 807w, https:\/\/www.berg-freunde.at\/blog\/wp-content\/uploads\/2023\/05\/Unbenannt-edited-300x225.jpg 300w, https:\/\/www.berg-freunde.at\/blog\/wp-content\/uploads\/2023\/05\/Unbenannt-edited-768x576.jpg 768w\" sizes=\"(max-width: 358px) 100vw, 358px\" \/><figcaption class=\"wp-element-caption\">H\u00fcttenwirtin Nina mit ihrer Oma, die fr\u00fcher selbst mehrere H\u00fctten f\u00fchrte.<\/figcaption><\/figure>\n<\/div>\n\n\n<p><\/p>\n\n\n\n<p>Frische Bergluft, traumhafte Gipfelpanoramen und atemberaubende Sonnenauf- &amp; -unterg\u00e4nge fernab des ganzen Trubels: All das ist Bestandteil von Ninas t\u00e4glichen Leben auf 1.700 Metern H\u00f6he. Nina ist von Beruf H\u00fcttenwirtin und P\u00e4chterin der Lechaschauer Alm in den Tannheimer Bergen. Die gesamte Sommer-Saison \u00fcber lebt und arbeitet sie auf dem Berg und k\u00f6nnte sich keinen sch\u00f6neren Job vorstellen.<\/p>\n\n\n\n<p>Im GRAT RAUS Podcast nimmt uns Nina mit in ihr Leben auf der Lechaschauer Alm und berichtet von ihrem pers\u00f6nlichen Antrieb sowie den sch\u00f6nsten Momenten im H\u00fcttenalltag.<\/p>\n\n\n\n<p><\/p>\n\n\n<div class=\"wp-block-image\">\n<figure class=\"alignleft size-full is-resized\"><img decoding=\"async\" src=\"https:\/\/www.bergfreunde.de\/blog\/wp-content\/uploads\/2023\/05\/aa-e1683107246138.jpg\" alt=\"\" class=\"wp-image-82923\" width=\"422\" height=\"308\"\/><figcaption class=\"wp-element-caption\">Die Lechaschauer Alm.<\/figcaption><\/figure>\n<\/div>\n\n\n<p>Neben all den sch\u00f6nen Dingen teilt Nina aber auch besondere Herausforderungen, die das Arbeiten auf 1.700 Metern erschweren &#8211; angefangen von kleineren R\u00e4umlichkeiten und Lagerm\u00f6glichkeiten bis hin zur Abgeschiedenheit zum Tal. Die gr\u00f6\u00dfte Herausforderung liegt f\u00fcr die H\u00fcttenwirtin und zweifache Mutter aber dennoch woanders: Was Nina herausfordert und welche au\u00dfergew\u00f6hnlichen Begegnungen sie bereits auf ihrer Alm machen durfte, erfahrt ihr in der neuen Podcast-Folge!<\/p>\n\n\n\n<p>Viel Spa\u00df beim Reinh\u00f6ren!<\/p>\n\n\n\n<iframe style=\"border-radius:12px\" src=\"https:\/\/open.spotify.com\/embed\/episode\/2GDdZg8RN15n8vSVwuXaFP?utm_source=generator&#038;theme=0\" width=\"100%\" height=\"152\" frameBorder=\"0\" allowfullscreen=\"\" allow=\"autoplay; clipboard-write; encrypted-media; fullscreen; picture-in-picture\" loading=\"lazy\"><\/iframe>\n\n\n\n<p><\/p>\n\n\n\n<p><strong>GRAT RAUS gibt\u2019s bei <a href=\"https:\/\/open.spotify.com\/show\/10T7A6YVknGh3mEwQRCKZf\">Spotify<\/a>, <a href=\"https:\/\/podcasts.apple.com\/us\/podcast\/grat-raus-der-bergfreunde-outdoor-podcast\/id1598863985\">Apple Podcasts<\/a> und <a href=\"https:\/\/podcasts.google.com\/feed\/aHR0cHM6Ly9ncmF0LXJhdXMucG9kaWdlZS5pby9mZWVkL21wMw\">Google Podcasts<\/a>.<\/strong><\/p>\n\n\n\n<p><\/p>\n\n\n\n<h2 class=\"wp-block-heading\" id=\"h-weitere-podcast-folgen\"><strong>Weitere Podcast Folgen<\/strong><\/h2>\n\n\n\n<p>Alle weiteren Podcast-Folgen von GRAT RAUS findest Du <a href=\"https:\/\/www.berg-freunde.at\/blog\/category\/bergfreunde\/podcast\/\">hier<\/a>.<\/p>\n\n\n\n<h2 class=\"wp-block-heading\" id=\"h-die-bergfreunde-playlist\">Die Bergfreunde Playlist<\/h2>\n\n\n\n<p>Alle G\u00e4ste bei GRAT RAUS werden nach ihrem Lieblings Outdoor-Soundtrack gefragt. Die bunte Bergfreunde Playlist mit allen Songs findest Du <a href=\"https:\/\/open.spotify.com\/playlist\/5MjBYXv1SWBCAyxRwNgdOp\">hier<\/a>.<\/p>\n\n\n\n<h2 class=\"wp-block-heading\" id=\"h-du-hast-fragen\">Du hast Fragen?<\/h2>\n\n\n\n<p><span style=\"font-weight: 400;\">Du hast Fragen, Anmerkungen oder Themen-W\u00fcnsche f\u00fcr den Podcast? Dann gerne her damit! Schreib uns eine Mail an: <\/span><a href=\"mailto:podcast@bergfreunde.de\"><span style=\"font-weight: 400;\">podcast@bergfreunde.de<\/span><\/a>.<\/p>\n","protected":false},"excerpt":{"rendered":"<p>Die Podcast Folge Es war immer mein Traum, eine eigene Alm zu haben. Nina Frick, H\u00fcttenwirtin Frische Bergluft, traumhafte Gipfelpanoramen und atemberaubende Sonnenauf- &amp; -unterg\u00e4nge fernab des ganzen Trubels: All das ist Bestandteil von Ninas t\u00e4glichen Leben auf 1.700 Metern H\u00f6he. Nina ist von Beruf H\u00fcttenwirtin und P\u00e4chterin der Lechaschauer Alm in den Tannheimer Bergen. [&hellip;]<\/p>\n","protected":false},"author":100,"featured_media":84060,"comment_status":"open","ping_status":"closed","sticky":false,"template":"","format":"standard","meta":{"_acf_changed":false,"footnotes":""},"categories":[285],"tags":[258,265],"post_folder":[],"class_list":["post-82911","post","type-post","status-publish","format-standard","has-post-thumbnail","hentry","category-podcast","tag-bergsteigen","tag-wandern-trekking"],"acf":[],"yoast_head":"<!-- This site is optimized with the Yoast SEO Premium plugin v27.4 (Yoast SEO v27.4) - https:\/\/yoast.com\/product\/yoast-seo-premium-wordpress\/ -->\n<title>GRAT RAUS FOLGE 19: Traumjob in den Bergen - Wie ist das Leben als H\u00fcttenwirtin? | Bergfreunde<\/title>\n<meta name=\"description\" content=\"Im Outdoor-Podcast GRAT RAUS nimmt uns H\u00fcttenwirtin Nina mit in ihr Leben auf der Lechaschauer Alm und teilt ihren pers\u00f6nlichen Antrieb,\" \/>\n<meta name=\"robots\" content=\"noindex, follow\" \/>\n<meta property=\"og:locale\" content=\"de_DE\" \/>\n<meta property=\"og:type\" content=\"article\" \/>\n<meta property=\"og:title\" content=\"GRAT RAUS FOLGE 19: Traumjob in den Bergen - Wie ist das Leben als H\u00fcttenwirtin?\" \/>\n<meta property=\"og:description\" content=\"Im Outdoor-Podcast GRAT RAUS nimmt uns H\u00fcttenwirtin Nina mit in ihr Leben auf der Lechaschauer Alm und teilt ihren pers\u00f6nlichen Antrieb,\" \/>\n<meta property=\"og:url\" content=\"https:\/\/www.berg-freunde.at\/blog\/grat-raus-podcast-19-traumjob-in-den-bergen\/\" \/>\n<meta property=\"og:site_name\" content=\"Bergfreunde\" \/>\n<meta property=\"article:publisher\" content=\"https:\/\/www.facebook.com\/bergfreunde\" \/>\n<meta property=\"article:published_time\" content=\"2023-05-12T06:19:18+00:00\" \/>\n<meta property=\"article:modified_time\" content=\"2023-12-14T09:55:51+00:00\" \/>\n<meta property=\"og:image\" content=\"https:\/\/www.berg-freunde.at\/blog\/wp-content\/uploads\/2023\/05\/Podcast_BuehnenteaserFolge19-1.jpg\" \/>\n\t<meta property=\"og:image:width\" content=\"1440\" \/>\n\t<meta property=\"og:image:height\" content=\"590\" \/>\n\t<meta property=\"og:image:type\" content=\"image\/jpeg\" \/>\n<meta name=\"author\" content=\"Marie\" \/>\n<meta name=\"twitter:card\" content=\"summary_large_image\" \/>\n<meta name=\"twitter:label1\" content=\"Verfasst von\" \/>\n\t<meta name=\"twitter:data1\" content=\"Marie\" \/>\n\t<meta name=\"twitter:label2\" content=\"Gesch\u00e4tzte Lesezeit\" \/>\n\t<meta name=\"twitter:data2\" content=\"3 Minuten\" \/>\n<script type=\"application\/ld+json\" class=\"yoast-schema-graph\">{\"@context\":\"https:\\\/\\\/schema.org\",\"@graph\":[{\"@type\":[\"Article\",\"BlogPosting\"],\"@id\":\"https:\\\/\\\/www.berg-freunde.at\\\/blog\\\/grat-raus-podcast-19-traumjob-in-den-bergen\\\/#article\",\"isPartOf\":{\"@id\":\"https:\\\/\\\/www.berg-freunde.at\\\/blog\\\/grat-raus-podcast-19-traumjob-in-den-bergen\\\/\"},\"author\":{\"name\":\"Marie\",\"@id\":\"https:\\\/\\\/www.berg-freunde.at\\\/blog\\\/#\\\/schema\\\/person\\\/6277565d8989dccc82cd7c1db5962a14\"},\"headline\":\"GRAT RAUS FOLGE 19: Traumjob in den Bergen &#8211; Wie ist das Leben als H\u00fcttenwirtin?\",\"datePublished\":\"2023-05-12T06:19:18+00:00\",\"dateModified\":\"2023-12-14T09:55:51+00:00\",\"mainEntityOfPage\":{\"@id\":\"https:\\\/\\\/www.berg-freunde.at\\\/blog\\\/grat-raus-podcast-19-traumjob-in-den-bergen\\\/\"},\"wordCount\":293,\"commentCount\":0,\"publisher\":{\"@id\":\"https:\\\/\\\/www.berg-freunde.at\\\/blog\\\/#organization\"},\"image\":{\"@id\":\"https:\\\/\\\/www.berg-freunde.at\\\/blog\\\/grat-raus-podcast-19-traumjob-in-den-bergen\\\/#primaryimage\"},\"thumbnailUrl\":\"https:\\\/\\\/www.berg-freunde.at\\\/blog\\\/wp-content\\\/uploads\\\/2023\\\/05\\\/Podcast_BuehnenteaserFolge19-1.jpg\",\"keywords\":[\"Bergsteigen &amp; Hochtouren\",\"Wandern &amp; Trekking\"],\"articleSection\":[\"Podcast\"],\"inLanguage\":\"de-AT\",\"potentialAction\":[{\"@type\":\"CommentAction\",\"name\":\"Comment\",\"target\":[\"https:\\\/\\\/www.berg-freunde.at\\\/blog\\\/grat-raus-podcast-19-traumjob-in-den-bergen\\\/#respond\"]}]},{\"@type\":\"WebPage\",\"@id\":\"https:\\\/\\\/www.berg-freunde.at\\\/blog\\\/grat-raus-podcast-19-traumjob-in-den-bergen\\\/\",\"url\":\"https:\\\/\\\/www.berg-freunde.at\\\/blog\\\/grat-raus-podcast-19-traumjob-in-den-bergen\\\/\",\"name\":\"GRAT RAUS FOLGE 19: Traumjob in den Bergen - Wie ist das Leben als H\u00fcttenwirtin? | Bergfreunde\",\"isPartOf\":{\"@id\":\"https:\\\/\\\/www.berg-freunde.at\\\/blog\\\/#website\"},\"primaryImageOfPage\":{\"@id\":\"https:\\\/\\\/www.berg-freunde.at\\\/blog\\\/grat-raus-podcast-19-traumjob-in-den-bergen\\\/#primaryimage\"},\"image\":{\"@id\":\"https:\\\/\\\/www.berg-freunde.at\\\/blog\\\/grat-raus-podcast-19-traumjob-in-den-bergen\\\/#primaryimage\"},\"thumbnailUrl\":\"https:\\\/\\\/www.berg-freunde.at\\\/blog\\\/wp-content\\\/uploads\\\/2023\\\/05\\\/Podcast_BuehnenteaserFolge19-1.jpg\",\"datePublished\":\"2023-05-12T06:19:18+00:00\",\"dateModified\":\"2023-12-14T09:55:51+00:00\",\"description\":\"Im Outdoor-Podcast GRAT RAUS nimmt uns H\u00fcttenwirtin Nina mit in ihr Leben auf der Lechaschauer Alm und teilt ihren pers\u00f6nlichen Antrieb,\",\"breadcrumb\":{\"@id\":\"https:\\\/\\\/www.berg-freunde.at\\\/blog\\\/grat-raus-podcast-19-traumjob-in-den-bergen\\\/#breadcrumb\"},\"inLanguage\":\"de-AT\",\"potentialAction\":[{\"@type\":\"ReadAction\",\"target\":[\"https:\\\/\\\/www.berg-freunde.at\\\/blog\\\/grat-raus-podcast-19-traumjob-in-den-bergen\\\/\"]}]},{\"@type\":\"ImageObject\",\"inLanguage\":\"de-AT\",\"@id\":\"https:\\\/\\\/www.berg-freunde.at\\\/blog\\\/grat-raus-podcast-19-traumjob-in-den-bergen\\\/#primaryimage\",\"url\":\"https:\\\/\\\/www.berg-freunde.at\\\/blog\\\/wp-content\\\/uploads\\\/2023\\\/05\\\/Podcast_BuehnenteaserFolge19-1.jpg\",\"contentUrl\":\"https:\\\/\\\/www.berg-freunde.at\\\/blog\\\/wp-content\\\/uploads\\\/2023\\\/05\\\/Podcast_BuehnenteaserFolge19-1.jpg\",\"width\":1440,\"height\":590},{\"@type\":\"BreadcrumbList\",\"@id\":\"https:\\\/\\\/www.berg-freunde.at\\\/blog\\\/grat-raus-podcast-19-traumjob-in-den-bergen\\\/#breadcrumb\",\"itemListElement\":[{\"@type\":\"ListItem\",\"position\":1,\"name\":\"Blog\",\"item\":\"https:\\\/\\\/www.berg-freunde.at\\\/blog\\\/\"},{\"@type\":\"ListItem\",\"position\":2,\"name\":\"Bergfreunde\",\"item\":\"https:\\\/\\\/www.berg-freunde.at\\\/blog\\\/category\\\/bergfreunde\\\/\"},{\"@type\":\"ListItem\",\"position\":3,\"name\":\"Podcast\",\"item\":\"https:\\\/\\\/www.berg-freunde.at\\\/blog\\\/category\\\/bergfreunde\\\/podcast\\\/\"},{\"@type\":\"ListItem\",\"position\":4,\"name\":\"GRAT RAUS FOLGE 19: Traumjob in den Bergen &#8211; Wie ist das Leben als H\u00fcttenwirtin?\"}]},{\"@type\":\"WebSite\",\"@id\":\"https:\\\/\\\/www.berg-freunde.at\\\/blog\\\/#website\",\"url\":\"https:\\\/\\\/www.berg-freunde.at\\\/blog\\\/\",\"name\":\"Bergfreunde\",\"description\":\"Blog\",\"publisher\":{\"@id\":\"https:\\\/\\\/www.berg-freunde.at\\\/blog\\\/#organization\"},\"potentialAction\":[{\"@type\":\"SearchAction\",\"target\":{\"@type\":\"EntryPoint\",\"urlTemplate\":\"https:\\\/\\\/www.berg-freunde.at\\\/blog\\\/?s={search_term_string}\"},\"query-input\":{\"@type\":\"PropertyValueSpecification\",\"valueRequired\":true,\"valueName\":\"search_term_string\"}}],\"inLanguage\":\"de-AT\"},{\"@type\":\"Organization\",\"@id\":\"https:\\\/\\\/www.berg-freunde.at\\\/blog\\\/#organization\",\"name\":\"Bergfreunde\",\"url\":\"https:\\\/\\\/www.berg-freunde.at\\\/blog\\\/\",\"logo\":{\"@type\":\"ImageObject\",\"inLanguage\":\"de-AT\",\"@id\":\"https:\\\/\\\/www.berg-freunde.at\\\/blog\\\/#\\\/schema\\\/logo\\\/image\\\/\",\"url\":\"https:\\\/\\\/www.berg-freunde.at\\\/blog\\\/wp-content\\\/uploads\\\/2023\\\/12\\\/Bergfreunde_DE_rgb.svg\",\"contentUrl\":\"https:\\\/\\\/www.berg-freunde.at\\\/blog\\\/wp-content\\\/uploads\\\/2023\\\/12\\\/Bergfreunde_DE_rgb.svg\",\"caption\":\"Bergfreunde\"},\"image\":{\"@id\":\"https:\\\/\\\/www.berg-freunde.at\\\/blog\\\/#\\\/schema\\\/logo\\\/image\\\/\"},\"sameAs\":[\"https:\\\/\\\/www.facebook.com\\\/bergfreunde\",\"https:\\\/\\\/www.instagram.com\\\/bergfreundede\\\/\"]},{\"@type\":\"Person\",\"@id\":\"https:\\\/\\\/www.berg-freunde.at\\\/blog\\\/#\\\/schema\\\/person\\\/6277565d8989dccc82cd7c1db5962a14\",\"name\":\"Marie\",\"url\":\"https:\\\/\\\/www.berg-freunde.at\\\/blog\\\/about\\\/marie-weber\\\/\"}]}<\/script>\n<!-- \/ Yoast SEO Premium plugin. -->","yoast_head_json":{"title":"GRAT RAUS FOLGE 19: Traumjob in den Bergen - Wie ist das Leben als H\u00fcttenwirtin? | Bergfreunde","description":"Im Outdoor-Podcast GRAT RAUS nimmt uns H\u00fcttenwirtin Nina mit in ihr Leben auf der Lechaschauer Alm und teilt ihren pers\u00f6nlichen Antrieb,","robots":{"index":"noindex","follow":"follow"},"og_locale":"de_DE","og_type":"article","og_title":"GRAT RAUS FOLGE 19: Traumjob in den Bergen - Wie ist das Leben als H\u00fcttenwirtin?","og_description":"Im Outdoor-Podcast GRAT RAUS nimmt uns H\u00fcttenwirtin Nina mit in ihr Leben auf der Lechaschauer Alm und teilt ihren pers\u00f6nlichen Antrieb,","og_url":"https:\/\/www.berg-freunde.at\/blog\/grat-raus-podcast-19-traumjob-in-den-bergen\/","og_site_name":"Bergfreunde","article_publisher":"https:\/\/www.facebook.com\/bergfreunde","article_published_time":"2023-05-12T06:19:18+00:00","article_modified_time":"2023-12-14T09:55:51+00:00","og_image":[{"width":1440,"height":590,"url":"https:\/\/www.berg-freunde.at\/blog\/wp-content\/uploads\/2023\/05\/Podcast_BuehnenteaserFolge19-1.jpg","type":"image\/jpeg"}],"author":"Marie","twitter_card":"summary_large_image","twitter_misc":{"Verfasst von":"Marie","Gesch\u00e4tzte Lesezeit":"3 Minuten"},"schema":{"@context":"https:\/\/schema.org","@graph":[{"@type":["Article","BlogPosting"],"@id":"https:\/\/www.berg-freunde.at\/blog\/grat-raus-podcast-19-traumjob-in-den-bergen\/#article","isPartOf":{"@id":"https:\/\/www.berg-freunde.at\/blog\/grat-raus-podcast-19-traumjob-in-den-bergen\/"},"author":{"name":"Marie","@id":"https:\/\/www.berg-freunde.at\/blog\/#\/schema\/person\/6277565d8989dccc82cd7c1db5962a14"},"headline":"GRAT RAUS FOLGE 19: Traumjob in den Bergen &#8211; Wie ist das Leben als H\u00fcttenwirtin?","datePublished":"2023-05-12T06:19:18+00:00","dateModified":"2023-12-14T09:55:51+00:00","mainEntityOfPage":{"@id":"https:\/\/www.berg-freunde.at\/blog\/grat-raus-podcast-19-traumjob-in-den-bergen\/"},"wordCount":293,"commentCount":0,"publisher":{"@id":"https:\/\/www.berg-freunde.at\/blog\/#organization"},"image":{"@id":"https:\/\/www.berg-freunde.at\/blog\/grat-raus-podcast-19-traumjob-in-den-bergen\/#primaryimage"},"thumbnailUrl":"https:\/\/www.berg-freunde.at\/blog\/wp-content\/uploads\/2023\/05\/Podcast_BuehnenteaserFolge19-1.jpg","keywords":["Bergsteigen &amp; Hochtouren","Wandern &amp; Trekking"],"articleSection":["Podcast"],"inLanguage":"de-AT","potentialAction":[{"@type":"CommentAction","name":"Comment","target":["https:\/\/www.berg-freunde.at\/blog\/grat-raus-podcast-19-traumjob-in-den-bergen\/#respond"]}]},{"@type":"WebPage","@id":"https:\/\/www.berg-freunde.at\/blog\/grat-raus-podcast-19-traumjob-in-den-bergen\/","url":"https:\/\/www.berg-freunde.at\/blog\/grat-raus-podcast-19-traumjob-in-den-bergen\/","name":"GRAT RAUS FOLGE 19: Traumjob in den Bergen - Wie ist das Leben als H\u00fcttenwirtin? | Bergfreunde","isPartOf":{"@id":"https:\/\/www.berg-freunde.at\/blog\/#website"},"primaryImageOfPage":{"@id":"https:\/\/www.berg-freunde.at\/blog\/grat-raus-podcast-19-traumjob-in-den-bergen\/#primaryimage"},"image":{"@id":"https:\/\/www.berg-freunde.at\/blog\/grat-raus-podcast-19-traumjob-in-den-bergen\/#primaryimage"},"thumbnailUrl":"https:\/\/www.berg-freunde.at\/blog\/wp-content\/uploads\/2023\/05\/Podcast_BuehnenteaserFolge19-1.jpg","datePublished":"2023-05-12T06:19:18+00:00","dateModified":"2023-12-14T09:55:51+00:00","description":"Im Outdoor-Podcast GRAT RAUS nimmt uns H\u00fcttenwirtin Nina mit in ihr Leben auf der Lechaschauer Alm und teilt ihren pers\u00f6nlichen Antrieb,","breadcrumb":{"@id":"https:\/\/www.berg-freunde.at\/blog\/grat-raus-podcast-19-traumjob-in-den-bergen\/#breadcrumb"},"inLanguage":"de-AT","potentialAction":[{"@type":"ReadAction","target":["https:\/\/www.berg-freunde.at\/blog\/grat-raus-podcast-19-traumjob-in-den-bergen\/"]}]},{"@type":"ImageObject","inLanguage":"de-AT","@id":"https:\/\/www.berg-freunde.at\/blog\/grat-raus-podcast-19-traumjob-in-den-bergen\/#primaryimage","url":"https:\/\/www.berg-freunde.at\/blog\/wp-content\/uploads\/2023\/05\/Podcast_BuehnenteaserFolge19-1.jpg","contentUrl":"https:\/\/www.berg-freunde.at\/blog\/wp-content\/uploads\/2023\/05\/Podcast_BuehnenteaserFolge19-1.jpg","width":1440,"height":590},{"@type":"BreadcrumbList","@id":"https:\/\/www.berg-freunde.at\/blog\/grat-raus-podcast-19-traumjob-in-den-bergen\/#breadcrumb","itemListElement":[{"@type":"ListItem","position":1,"name":"Blog","item":"https:\/\/www.berg-freunde.at\/blog\/"},{"@type":"ListItem","position":2,"name":"Bergfreunde","item":"https:\/\/www.berg-freunde.at\/blog\/category\/bergfreunde\/"},{"@type":"ListItem","position":3,"name":"Podcast","item":"https:\/\/www.berg-freunde.at\/blog\/category\/bergfreunde\/podcast\/"},{"@type":"ListItem","position":4,"name":"GRAT RAUS FOLGE 19: Traumjob in den Bergen &#8211; Wie ist das Leben als H\u00fcttenwirtin?"}]},{"@type":"WebSite","@id":"https:\/\/www.berg-freunde.at\/blog\/#website","url":"https:\/\/www.berg-freunde.at\/blog\/","name":"Bergfreunde","description":"Blog","publisher":{"@id":"https:\/\/www.berg-freunde.at\/blog\/#organization"},"potentialAction":[{"@type":"SearchAction","target":{"@type":"EntryPoint","urlTemplate":"https:\/\/www.berg-freunde.at\/blog\/?s={search_term_string}"},"query-input":{"@type":"PropertyValueSpecification","valueRequired":true,"valueName":"search_term_string"}}],"inLanguage":"de-AT"},{"@type":"Organization","@id":"https:\/\/www.berg-freunde.at\/blog\/#organization","name":"Bergfreunde","url":"https:\/\/www.berg-freunde.at\/blog\/","logo":{"@type":"ImageObject","inLanguage":"de-AT","@id":"https:\/\/www.berg-freunde.at\/blog\/#\/schema\/logo\/image\/","url":"https:\/\/www.berg-freunde.at\/blog\/wp-content\/uploads\/2023\/12\/Bergfreunde_DE_rgb.svg","contentUrl":"https:\/\/www.berg-freunde.at\/blog\/wp-content\/uploads\/2023\/12\/Bergfreunde_DE_rgb.svg","caption":"Bergfreunde"},"image":{"@id":"https:\/\/www.berg-freunde.at\/blog\/#\/schema\/logo\/image\/"},"sameAs":["https:\/\/www.facebook.com\/bergfreunde","https:\/\/www.instagram.com\/bergfreundede\/"]},{"@type":"Person","@id":"https:\/\/www.berg-freunde.at\/blog\/#\/schema\/person\/6277565d8989dccc82cd7c1db5962a14","name":"Marie","url":"https:\/\/www.berg-freunde.at\/blog\/about\/marie-weber\/"}]}},"_links":{"self":[{"href":"https:\/\/www.berg-freunde.at\/blog\/wp-json\/wp\/v2\/posts\/82911","targetHints":{"allow":["GET"]}}],"collection":[{"href":"https:\/\/www.berg-freunde.at\/blog\/wp-json\/wp\/v2\/posts"}],"about":[{"href":"https:\/\/www.berg-freunde.at\/blog\/wp-json\/wp\/v2\/types\/post"}],"author":[{"embeddable":true,"href":"https:\/\/www.berg-freunde.at\/blog\/wp-json\/wp\/v2\/users\/100"}],"replies":[{"embeddable":true,"href":"https:\/\/www.berg-freunde.at\/blog\/wp-json\/wp\/v2\/comments?post=82911"}],"version-history":[{"count":0,"href":"https:\/\/www.berg-freunde.at\/blog\/wp-json\/wp\/v2\/posts\/82911\/revisions"}],"wp:featuredmedia":[{"embeddable":true,"href":"https:\/\/www.berg-freunde.at\/blog\/wp-json\/wp\/v2\/media\/84060"}],"wp:attachment":[{"href":"https:\/\/www.berg-freunde.at\/blog\/wp-json\/wp\/v2\/media?parent=82911"}],"wp:term":[{"taxonomy":"category","embeddable":true,"href":"https:\/\/www.berg-freunde.at\/blog\/wp-json\/wp\/v2\/categories?post=82911"},{"taxonomy":"post_tag","embeddable":true,"href":"https:\/\/www.berg-freunde.at\/blog\/wp-json\/wp\/v2\/tags?post=82911"},{"taxonomy":"post_folder","embeddable":true,"href":"https:\/\/www.berg-freunde.at\/blog\/wp-json\/wp\/v2\/post_folder?post=82911"}],"curies":[{"name":"wp","href":"https:\/\/api.w.org\/{rel}","templated":true}]}}