{"id":82679,"date":"2023-04-28T09:01:12","date_gmt":"2023-04-28T07:01:12","guid":{"rendered":"https:\/\/www.bergfreunde.de\/blog\/?p=82679"},"modified":"2023-12-14T10:45:31","modified_gmt":"2023-12-14T09:45:31","slug":"grat-raus-folge-18-mit-dem-segelboot-nach-groenland","status":"publish","type":"post","link":"https:\/\/www.berg-freunde.at\/blog\/grat-raus-folge-18-mit-dem-segelboot-nach-groenland\/","title":{"rendered":"GRAT RAUS FOLGE 18: Mit dem Segelboot nach Gr\u00f6nland zur Big Wall &#8211; Caro North Expedition Via Sedna"},"content":{"rendered":"\n<h2 class=\"wp-block-heading\" id=\"h-die-podcast-folge\"><strong>Die Podcast Folge <\/strong><\/h2>\n\n\n\n<blockquote class=\"wp-block-quote has-text-align-center is-layout-flow wp-block-quote-is-layout-flow\">\n<p class=\"has-text-align-center\">Mitten auf dem Meer ist man fast noch abgeschiedener als in den Bergen.<\/p>\n<cite>Caro North, Alpinistin &amp; Bergf\u00fchrerin<\/cite><\/blockquote>\n\n\n<div class=\"wp-block-image\">\n<figure class=\"alignright size-full is-resized\"><img fetchpriority=\"high\" decoding=\"async\" src=\"https:\/\/www.bergfreunde.de\/blog\/wp-content\/uploads\/2023\/04\/b-2.jpg\" alt=\"\" class=\"wp-image-82769\" width=\"419\" height=\"278\" srcset=\"https:\/\/www.berg-freunde.at\/blog\/wp-content\/uploads\/2023\/04\/b-2.jpg 918w, https:\/\/www.berg-freunde.at\/blog\/wp-content\/uploads\/2023\/04\/b-2-300x199.jpg 300w, https:\/\/www.berg-freunde.at\/blog\/wp-content\/uploads\/2023\/04\/b-2-768x510.jpg 768w\" sizes=\"(max-width: 419px) 100vw, 419px\" \/><figcaption class=\"wp-element-caption\">Caro North \u00a9<em>ramona.waldner<\/em><\/figcaption><\/figure>\n<\/div>\n\n\n<p>Acht Frauen, ein 15 Meter langes Segelschiff und drei Monate Zeit: Gemeinsam mit ihrem Team begab sich Alpinistin und Bergf\u00fchrerin Caro North auf eine besondere Expedition nach Gr\u00f6nland, um dort eine Big Wall-Route erstzubegehen. F\u00fcr diesen Traum am Fels ging das achtk\u00f6pfige Frauenteam an seine Grenzen und trat zun\u00e4chst auf offene Gew\u00e4sser: Sechs Wochen segelten sie von Frankreich \u00fcber den n\u00f6rdlichen Polarkreis hinaus bis nach Gr\u00f6nland und meisterten dort die Erstbegehung der Via Sedna.<\/p>\n\n\n<div class=\"wp-block-image\">\n<figure class=\"alignleft size-full is-resized\"><img decoding=\"async\" src=\"https:\/\/www.bergfreunde.de\/blog\/wp-content\/uploads\/2023\/04\/aa.jpg\" alt=\"\" class=\"wp-image-82734\" width=\"434\" height=\"325\" srcset=\"https:\/\/www.berg-freunde.at\/blog\/wp-content\/uploads\/2023\/04\/aa.jpg 920w, https:\/\/www.berg-freunde.at\/blog\/wp-content\/uploads\/2023\/04\/aa-300x225.jpg 300w, https:\/\/www.berg-freunde.at\/blog\/wp-content\/uploads\/2023\/04\/aa-768x576.jpg 768w\" sizes=\"(max-width: 434px) 100vw, 434px\" \/><figcaption class=\"wp-element-caption\">Die Northabout nimmt Kurs auf Gr\u00f6nland. \u00a9<em>ramona.waldner<\/em><\/figcaption><\/figure>\n<\/div>\n\n\n<p>Im GRAT RAUS Podcast nimmt uns Caro mit auf ihre Expedition, die ihr eine besondere Lektion in Sachen Geduld, Flexibilit\u00e4t und Zusammenhalt lehrte. Dabei wird schnell klar, was f\u00fcr einen gro\u00dfen Antrieb, eine besondere Begeisterung und ein starkes Durchhalteverm\u00f6gen die geb\u00fcrtige Schweizerin besitzt.<\/p>\n\n\n\n<p><\/p>\n\n\n\n<p>Welche H\u00f6hen und Tiefen Caro und ihr Team auf hoher See durchlebten, wie ihre au\u00dfergew\u00f6hnliche Vorbereitung f\u00fcr dieses Abenteuer aussah und was f\u00fcr eine \u00fcberraschende Begegnung sie mit einem Eisb\u00e4ren machten &#8211; all das erfahrt Ihr in der neuen Podcast-Folge!<\/p>\n\n\n\n<p>H\u00f6rt Rein! Viel Spa\u00df!<\/p>\n\n\n<div class=\"wp-block-image\">\n<figure class=\"alignleft size-full is-resized\"><img decoding=\"async\" src=\"https:\/\/www.bergfreunde.de\/blog\/wp-content\/uploads\/2023\/04\/a-1.jpg\" alt=\"\" class=\"wp-image-82707\" width=\"375\" height=\"527\" srcset=\"https:\/\/www.berg-freunde.at\/blog\/wp-content\/uploads\/2023\/04\/a-1.jpg 492w, https:\/\/www.berg-freunde.at\/blog\/wp-content\/uploads\/2023\/04\/a-1-213x300.jpg 213w\" sizes=\"(max-width: 375px) 100vw, 375px\" \/><figcaption class=\"wp-element-caption\">Die Ketterinnen beim Durchstieg der Via Sedna. \u00a9<em>ramona.waldner<\/em><\/figcaption><\/figure>\n<\/div>\n\n<div class=\"wp-block-image\">\n<figure class=\"alignright size-full is-resized\"><img loading=\"lazy\" decoding=\"async\" src=\"https:\/\/www.bergfreunde.de\/blog\/wp-content\/uploads\/2023\/04\/Unbenannt-2.jpg\" alt=\"\" class=\"wp-image-82746\" width=\"432\" height=\"287\" srcset=\"https:\/\/www.berg-freunde.at\/blog\/wp-content\/uploads\/2023\/04\/Unbenannt-2.jpg 919w, https:\/\/www.berg-freunde.at\/blog\/wp-content\/uploads\/2023\/04\/Unbenannt-2-300x200.jpg 300w, https:\/\/www.berg-freunde.at\/blog\/wp-content\/uploads\/2023\/04\/Unbenannt-2-768x512.jpg 768w\" sizes=\"(max-width: 432px) 100vw, 432px\" \/><figcaption class=\"wp-element-caption\">Das achtk\u00f6pfige Frauenteam auf der Northabout. \u00a9<em>ramona.waldner<\/em><\/figcaption><\/figure>\n<\/div>\n\n\n<iframe style=\"border-radius:12px\" src=\"https:\/\/open.spotify.com\/embed\/episode\/7tAXqghLw0xS6qKjm4wYmo?utm_source=generator&#038;theme=0\" width=\"100%\" height=\"152\" frameBorder=\"0\" allowfullscreen=\"\" allow=\"autoplay; clipboard-write; encrypted-media; fullscreen; picture-in-picture\" loading=\"lazy\"><\/iframe>\n\n\n\n<p><strong>GRAT RAUS gibt\u2019s bei <a href=\"https:\/\/open.spotify.com\/show\/10T7A6YVknGh3mEwQRCKZf\">Spotify<\/a>, <a href=\"https:\/\/podcasts.apple.com\/us\/podcast\/grat-raus-der-bergfreunde-outdoor-podcast\/id1598863985\">Apple Podcasts<\/a> und <a href=\"https:\/\/podcasts.google.com\/feed\/aHR0cHM6Ly9ncmF0LXJhdXMucG9kaWdlZS5pby9mZWVkL21wMw\">Google Podcasts<\/a>.<\/strong><\/p>\n\n\n\n<p><\/p>\n\n\n\n<h2 class=\"wp-block-heading\" id=\"h-weitere-podcast-folgen\"><strong>Weitere Podcast Folgen<\/strong><\/h2>\n\n\n\n<p>Alle weiteren Podcast-Folgen von GRAT RAUS findest Du <a href=\"https:\/\/www.berg-freunde.at\/blog\/category\/bergfreunde\/podcast\/\">hier<\/a>.<\/p>\n\n\n\n<h2 class=\"wp-block-heading\" id=\"h-die-bergfreunde-playlist\">Die Bergfreunde Playlist<\/h2>\n\n\n\n<p>Alle G\u00e4ste bei GRAT RAUS werden nach ihrem Lieblings Outdoor-Soundtrack gefragt. Die bunte Bergfreunde Playlist mit allen Songs findest Du <a href=\"https:\/\/open.spotify.com\/playlist\/5MjBYXv1SWBCAyxRwNgdOp\">hier<\/a>.<\/p>\n\n\n\n<h2 class=\"wp-block-heading\" id=\"h-du-hast-fragen\">Du hast Fragen?<\/h2>\n\n\n\n<p><span style=\"font-weight: 400;\">Du hast Fragen, Anmerkungen oder Themen-W\u00fcnsche f\u00fcr den Podcast? Dann gerne her damit! Schreib uns eine Mail an: <\/span><a href=\"mailto:podcast@bergfreunde.de\"><span style=\"font-weight: 400;\">podcast@bergfreunde.de<\/span><\/a>.<\/p>\n","protected":false},"excerpt":{"rendered":"<p>Die Podcast Folge Mitten auf dem Meer ist man fast noch abgeschiedener als in den Bergen. Caro North, Alpinistin &amp; Bergf\u00fchrerin Acht Frauen, ein 15 Meter langes Segelschiff und drei Monate Zeit: Gemeinsam mit ihrem Team begab sich Alpinistin und Bergf\u00fchrerin Caro North auf eine besondere Expedition nach Gr\u00f6nland, um dort eine Big Wall-Route erstzubegehen. [&hellip;]<\/p>\n","protected":false},"author":100,"featured_media":84050,"comment_status":"open","ping_status":"closed","sticky":false,"template":"","format":"standard","meta":{"_acf_changed":false,"footnotes":""},"categories":[285],"tags":[262,266],"post_folder":[],"class_list":["post-82679","post","type-post","status-publish","format-standard","has-post-thumbnail","hentry","category-podcast","tag-klettern-bouldern","tag-wassersport"],"acf":[],"yoast_head":"<!-- This site is optimized with the Yoast SEO Premium plugin v27.4 (Yoast SEO v27.4) - https:\/\/yoast.com\/product\/yoast-seo-premium-wordpress\/ -->\n<title>GRAT RAUS FOLGE 18: Mit dem Segelboot nach Gr\u00f6nland zur Big Wall - Caro North Expedition Via Sedna | Bergfreunde<\/title>\n<meta name=\"description\" content=\"Im Outdoor-Podcast GRAT RAUS nimmt uns Alpinistin &amp; Bergf\u00fchrerin Caro North mit auf ihre Segel- &amp; Kletter-Expedition nach Gr\u00f6nland.\" \/>\n<meta name=\"robots\" content=\"noindex, follow\" \/>\n<meta property=\"og:locale\" content=\"de_DE\" \/>\n<meta property=\"og:type\" content=\"article\" \/>\n<meta property=\"og:title\" content=\"GRAT RAUS FOLGE 18: Mit dem Segelboot nach Gr\u00f6nland zur Big Wall - Caro North Expedition Via Sedna\" \/>\n<meta property=\"og:description\" content=\"Im Outdoor-Podcast GRAT RAUS nimmt uns Alpinistin &amp; Bergf\u00fchrerin Caro North mit auf ihre Segel- &amp; Kletter-Expedition nach Gr\u00f6nland.\" \/>\n<meta property=\"og:url\" content=\"https:\/\/www.berg-freunde.at\/blog\/grat-raus-folge-18-mit-dem-segelboot-nach-groenland\/\" \/>\n<meta property=\"og:site_name\" content=\"Bergfreunde\" \/>\n<meta property=\"article:publisher\" content=\"https:\/\/www.facebook.com\/bergfreunde\" \/>\n<meta property=\"article:published_time\" content=\"2023-04-28T07:01:12+00:00\" \/>\n<meta property=\"article:modified_time\" content=\"2023-12-14T09:45:31+00:00\" \/>\n<meta property=\"og:image\" content=\"https:\/\/www.berg-freunde.at\/blog\/wp-content\/uploads\/2023\/04\/Podcast_BuehnenteaserFolge18.jpg\" \/>\n\t<meta property=\"og:image:width\" content=\"1440\" \/>\n\t<meta property=\"og:image:height\" content=\"590\" \/>\n\t<meta property=\"og:image:type\" content=\"image\/jpeg\" \/>\n<meta name=\"author\" content=\"Marie\" \/>\n<meta name=\"twitter:card\" content=\"summary_large_image\" \/>\n<meta name=\"twitter:label1\" content=\"Verfasst von\" \/>\n\t<meta name=\"twitter:data1\" content=\"Marie\" \/>\n\t<meta name=\"twitter:label2\" content=\"Gesch\u00e4tzte Lesezeit\" \/>\n\t<meta name=\"twitter:data2\" content=\"3 Minuten\" \/>\n<script type=\"application\/ld+json\" class=\"yoast-schema-graph\">{\"@context\":\"https:\\\/\\\/schema.org\",\"@graph\":[{\"@type\":[\"Article\",\"BlogPosting\"],\"@id\":\"https:\\\/\\\/www.berg-freunde.at\\\/blog\\\/grat-raus-folge-18-mit-dem-segelboot-nach-groenland\\\/#article\",\"isPartOf\":{\"@id\":\"https:\\\/\\\/www.berg-freunde.at\\\/blog\\\/grat-raus-folge-18-mit-dem-segelboot-nach-groenland\\\/\"},\"author\":{\"name\":\"Marie\",\"@id\":\"https:\\\/\\\/www.berg-freunde.at\\\/blog\\\/#\\\/schema\\\/person\\\/6277565d8989dccc82cd7c1db5962a14\"},\"headline\":\"GRAT RAUS FOLGE 18: Mit dem Segelboot nach Gr\u00f6nland zur Big Wall &#8211; Caro North Expedition Via Sedna\",\"datePublished\":\"2023-04-28T07:01:12+00:00\",\"dateModified\":\"2023-12-14T09:45:31+00:00\",\"mainEntityOfPage\":{\"@id\":\"https:\\\/\\\/www.berg-freunde.at\\\/blog\\\/grat-raus-folge-18-mit-dem-segelboot-nach-groenland\\\/\"},\"wordCount\":325,\"commentCount\":0,\"publisher\":{\"@id\":\"https:\\\/\\\/www.berg-freunde.at\\\/blog\\\/#organization\"},\"image\":{\"@id\":\"https:\\\/\\\/www.berg-freunde.at\\\/blog\\\/grat-raus-folge-18-mit-dem-segelboot-nach-groenland\\\/#primaryimage\"},\"thumbnailUrl\":\"https:\\\/\\\/www.berg-freunde.at\\\/blog\\\/wp-content\\\/uploads\\\/2023\\\/04\\\/Podcast_BuehnenteaserFolge18.jpg\",\"keywords\":[\"Klettern &amp; Bouldern\",\"Wassersport\"],\"articleSection\":[\"Podcast\"],\"inLanguage\":\"de-AT\",\"potentialAction\":[{\"@type\":\"CommentAction\",\"name\":\"Comment\",\"target\":[\"https:\\\/\\\/www.berg-freunde.at\\\/blog\\\/grat-raus-folge-18-mit-dem-segelboot-nach-groenland\\\/#respond\"]}]},{\"@type\":\"WebPage\",\"@id\":\"https:\\\/\\\/www.berg-freunde.at\\\/blog\\\/grat-raus-folge-18-mit-dem-segelboot-nach-groenland\\\/\",\"url\":\"https:\\\/\\\/www.berg-freunde.at\\\/blog\\\/grat-raus-folge-18-mit-dem-segelboot-nach-groenland\\\/\",\"name\":\"GRAT RAUS FOLGE 18: Mit dem Segelboot nach Gr\u00f6nland zur Big Wall - Caro North Expedition Via Sedna | Bergfreunde\",\"isPartOf\":{\"@id\":\"https:\\\/\\\/www.berg-freunde.at\\\/blog\\\/#website\"},\"primaryImageOfPage\":{\"@id\":\"https:\\\/\\\/www.berg-freunde.at\\\/blog\\\/grat-raus-folge-18-mit-dem-segelboot-nach-groenland\\\/#primaryimage\"},\"image\":{\"@id\":\"https:\\\/\\\/www.berg-freunde.at\\\/blog\\\/grat-raus-folge-18-mit-dem-segelboot-nach-groenland\\\/#primaryimage\"},\"thumbnailUrl\":\"https:\\\/\\\/www.berg-freunde.at\\\/blog\\\/wp-content\\\/uploads\\\/2023\\\/04\\\/Podcast_BuehnenteaserFolge18.jpg\",\"datePublished\":\"2023-04-28T07:01:12+00:00\",\"dateModified\":\"2023-12-14T09:45:31+00:00\",\"description\":\"Im Outdoor-Podcast GRAT RAUS nimmt uns Alpinistin & Bergf\u00fchrerin Caro North mit auf ihre Segel- & Kletter-Expedition nach Gr\u00f6nland.\",\"breadcrumb\":{\"@id\":\"https:\\\/\\\/www.berg-freunde.at\\\/blog\\\/grat-raus-folge-18-mit-dem-segelboot-nach-groenland\\\/#breadcrumb\"},\"inLanguage\":\"de-AT\",\"potentialAction\":[{\"@type\":\"ReadAction\",\"target\":[\"https:\\\/\\\/www.berg-freunde.at\\\/blog\\\/grat-raus-folge-18-mit-dem-segelboot-nach-groenland\\\/\"]}]},{\"@type\":\"ImageObject\",\"inLanguage\":\"de-AT\",\"@id\":\"https:\\\/\\\/www.berg-freunde.at\\\/blog\\\/grat-raus-folge-18-mit-dem-segelboot-nach-groenland\\\/#primaryimage\",\"url\":\"https:\\\/\\\/www.berg-freunde.at\\\/blog\\\/wp-content\\\/uploads\\\/2023\\\/04\\\/Podcast_BuehnenteaserFolge18.jpg\",\"contentUrl\":\"https:\\\/\\\/www.berg-freunde.at\\\/blog\\\/wp-content\\\/uploads\\\/2023\\\/04\\\/Podcast_BuehnenteaserFolge18.jpg\",\"width\":1440,\"height\":590},{\"@type\":\"BreadcrumbList\",\"@id\":\"https:\\\/\\\/www.berg-freunde.at\\\/blog\\\/grat-raus-folge-18-mit-dem-segelboot-nach-groenland\\\/#breadcrumb\",\"itemListElement\":[{\"@type\":\"ListItem\",\"position\":1,\"name\":\"Blog\",\"item\":\"https:\\\/\\\/www.berg-freunde.at\\\/blog\\\/\"},{\"@type\":\"ListItem\",\"position\":2,\"name\":\"Bergfreunde\",\"item\":\"https:\\\/\\\/www.berg-freunde.at\\\/blog\\\/category\\\/bergfreunde\\\/\"},{\"@type\":\"ListItem\",\"position\":3,\"name\":\"Podcast\",\"item\":\"https:\\\/\\\/www.berg-freunde.at\\\/blog\\\/category\\\/bergfreunde\\\/podcast\\\/\"},{\"@type\":\"ListItem\",\"position\":4,\"name\":\"GRAT RAUS FOLGE 18: Mit dem Segelboot nach Gr\u00f6nland zur Big Wall &#8211; Caro North Expedition Via Sedna\"}]},{\"@type\":\"WebSite\",\"@id\":\"https:\\\/\\\/www.berg-freunde.at\\\/blog\\\/#website\",\"url\":\"https:\\\/\\\/www.berg-freunde.at\\\/blog\\\/\",\"name\":\"Bergfreunde\",\"description\":\"Blog\",\"publisher\":{\"@id\":\"https:\\\/\\\/www.berg-freunde.at\\\/blog\\\/#organization\"},\"potentialAction\":[{\"@type\":\"SearchAction\",\"target\":{\"@type\":\"EntryPoint\",\"urlTemplate\":\"https:\\\/\\\/www.berg-freunde.at\\\/blog\\\/?s={search_term_string}\"},\"query-input\":{\"@type\":\"PropertyValueSpecification\",\"valueRequired\":true,\"valueName\":\"search_term_string\"}}],\"inLanguage\":\"de-AT\"},{\"@type\":\"Organization\",\"@id\":\"https:\\\/\\\/www.berg-freunde.at\\\/blog\\\/#organization\",\"name\":\"Bergfreunde\",\"url\":\"https:\\\/\\\/www.berg-freunde.at\\\/blog\\\/\",\"logo\":{\"@type\":\"ImageObject\",\"inLanguage\":\"de-AT\",\"@id\":\"https:\\\/\\\/www.berg-freunde.at\\\/blog\\\/#\\\/schema\\\/logo\\\/image\\\/\",\"url\":\"https:\\\/\\\/www.berg-freunde.at\\\/blog\\\/wp-content\\\/uploads\\\/2023\\\/12\\\/Bergfreunde_DE_rgb.svg\",\"contentUrl\":\"https:\\\/\\\/www.berg-freunde.at\\\/blog\\\/wp-content\\\/uploads\\\/2023\\\/12\\\/Bergfreunde_DE_rgb.svg\",\"caption\":\"Bergfreunde\"},\"image\":{\"@id\":\"https:\\\/\\\/www.berg-freunde.at\\\/blog\\\/#\\\/schema\\\/logo\\\/image\\\/\"},\"sameAs\":[\"https:\\\/\\\/www.facebook.com\\\/bergfreunde\",\"https:\\\/\\\/www.instagram.com\\\/bergfreundede\\\/\"]},{\"@type\":\"Person\",\"@id\":\"https:\\\/\\\/www.berg-freunde.at\\\/blog\\\/#\\\/schema\\\/person\\\/6277565d8989dccc82cd7c1db5962a14\",\"name\":\"Marie\",\"url\":\"https:\\\/\\\/www.berg-freunde.at\\\/blog\\\/about\\\/marie-weber\\\/\"}]}<\/script>\n<!-- \/ Yoast SEO Premium plugin. -->","yoast_head_json":{"title":"GRAT RAUS FOLGE 18: Mit dem Segelboot nach Gr\u00f6nland zur Big Wall - Caro North Expedition Via Sedna | Bergfreunde","description":"Im Outdoor-Podcast GRAT RAUS nimmt uns Alpinistin & Bergf\u00fchrerin Caro North mit auf ihre Segel- & Kletter-Expedition nach Gr\u00f6nland.","robots":{"index":"noindex","follow":"follow"},"og_locale":"de_DE","og_type":"article","og_title":"GRAT RAUS FOLGE 18: Mit dem Segelboot nach Gr\u00f6nland zur Big Wall - Caro North Expedition Via Sedna","og_description":"Im Outdoor-Podcast GRAT RAUS nimmt uns Alpinistin & Bergf\u00fchrerin Caro North mit auf ihre Segel- & Kletter-Expedition nach Gr\u00f6nland.","og_url":"https:\/\/www.berg-freunde.at\/blog\/grat-raus-folge-18-mit-dem-segelboot-nach-groenland\/","og_site_name":"Bergfreunde","article_publisher":"https:\/\/www.facebook.com\/bergfreunde","article_published_time":"2023-04-28T07:01:12+00:00","article_modified_time":"2023-12-14T09:45:31+00:00","og_image":[{"width":1440,"height":590,"url":"https:\/\/www.berg-freunde.at\/blog\/wp-content\/uploads\/2023\/04\/Podcast_BuehnenteaserFolge18.jpg","type":"image\/jpeg"}],"author":"Marie","twitter_card":"summary_large_image","twitter_misc":{"Verfasst von":"Marie","Gesch\u00e4tzte Lesezeit":"3 Minuten"},"schema":{"@context":"https:\/\/schema.org","@graph":[{"@type":["Article","BlogPosting"],"@id":"https:\/\/www.berg-freunde.at\/blog\/grat-raus-folge-18-mit-dem-segelboot-nach-groenland\/#article","isPartOf":{"@id":"https:\/\/www.berg-freunde.at\/blog\/grat-raus-folge-18-mit-dem-segelboot-nach-groenland\/"},"author":{"name":"Marie","@id":"https:\/\/www.berg-freunde.at\/blog\/#\/schema\/person\/6277565d8989dccc82cd7c1db5962a14"},"headline":"GRAT RAUS FOLGE 18: Mit dem Segelboot nach Gr\u00f6nland zur Big Wall &#8211; Caro North Expedition Via Sedna","datePublished":"2023-04-28T07:01:12+00:00","dateModified":"2023-12-14T09:45:31+00:00","mainEntityOfPage":{"@id":"https:\/\/www.berg-freunde.at\/blog\/grat-raus-folge-18-mit-dem-segelboot-nach-groenland\/"},"wordCount":325,"commentCount":0,"publisher":{"@id":"https:\/\/www.berg-freunde.at\/blog\/#organization"},"image":{"@id":"https:\/\/www.berg-freunde.at\/blog\/grat-raus-folge-18-mit-dem-segelboot-nach-groenland\/#primaryimage"},"thumbnailUrl":"https:\/\/www.berg-freunde.at\/blog\/wp-content\/uploads\/2023\/04\/Podcast_BuehnenteaserFolge18.jpg","keywords":["Klettern &amp; Bouldern","Wassersport"],"articleSection":["Podcast"],"inLanguage":"de-AT","potentialAction":[{"@type":"CommentAction","name":"Comment","target":["https:\/\/www.berg-freunde.at\/blog\/grat-raus-folge-18-mit-dem-segelboot-nach-groenland\/#respond"]}]},{"@type":"WebPage","@id":"https:\/\/www.berg-freunde.at\/blog\/grat-raus-folge-18-mit-dem-segelboot-nach-groenland\/","url":"https:\/\/www.berg-freunde.at\/blog\/grat-raus-folge-18-mit-dem-segelboot-nach-groenland\/","name":"GRAT RAUS FOLGE 18: Mit dem Segelboot nach Gr\u00f6nland zur Big Wall - Caro North Expedition Via Sedna | Bergfreunde","isPartOf":{"@id":"https:\/\/www.berg-freunde.at\/blog\/#website"},"primaryImageOfPage":{"@id":"https:\/\/www.berg-freunde.at\/blog\/grat-raus-folge-18-mit-dem-segelboot-nach-groenland\/#primaryimage"},"image":{"@id":"https:\/\/www.berg-freunde.at\/blog\/grat-raus-folge-18-mit-dem-segelboot-nach-groenland\/#primaryimage"},"thumbnailUrl":"https:\/\/www.berg-freunde.at\/blog\/wp-content\/uploads\/2023\/04\/Podcast_BuehnenteaserFolge18.jpg","datePublished":"2023-04-28T07:01:12+00:00","dateModified":"2023-12-14T09:45:31+00:00","description":"Im Outdoor-Podcast GRAT RAUS nimmt uns Alpinistin & Bergf\u00fchrerin Caro North mit auf ihre Segel- & Kletter-Expedition nach Gr\u00f6nland.","breadcrumb":{"@id":"https:\/\/www.berg-freunde.at\/blog\/grat-raus-folge-18-mit-dem-segelboot-nach-groenland\/#breadcrumb"},"inLanguage":"de-AT","potentialAction":[{"@type":"ReadAction","target":["https:\/\/www.berg-freunde.at\/blog\/grat-raus-folge-18-mit-dem-segelboot-nach-groenland\/"]}]},{"@type":"ImageObject","inLanguage":"de-AT","@id":"https:\/\/www.berg-freunde.at\/blog\/grat-raus-folge-18-mit-dem-segelboot-nach-groenland\/#primaryimage","url":"https:\/\/www.berg-freunde.at\/blog\/wp-content\/uploads\/2023\/04\/Podcast_BuehnenteaserFolge18.jpg","contentUrl":"https:\/\/www.berg-freunde.at\/blog\/wp-content\/uploads\/2023\/04\/Podcast_BuehnenteaserFolge18.jpg","width":1440,"height":590},{"@type":"BreadcrumbList","@id":"https:\/\/www.berg-freunde.at\/blog\/grat-raus-folge-18-mit-dem-segelboot-nach-groenland\/#breadcrumb","itemListElement":[{"@type":"ListItem","position":1,"name":"Blog","item":"https:\/\/www.berg-freunde.at\/blog\/"},{"@type":"ListItem","position":2,"name":"Bergfreunde","item":"https:\/\/www.berg-freunde.at\/blog\/category\/bergfreunde\/"},{"@type":"ListItem","position":3,"name":"Podcast","item":"https:\/\/www.berg-freunde.at\/blog\/category\/bergfreunde\/podcast\/"},{"@type":"ListItem","position":4,"name":"GRAT RAUS FOLGE 18: Mit dem Segelboot nach Gr\u00f6nland zur Big Wall &#8211; Caro North Expedition Via Sedna"}]},{"@type":"WebSite","@id":"https:\/\/www.berg-freunde.at\/blog\/#website","url":"https:\/\/www.berg-freunde.at\/blog\/","name":"Bergfreunde","description":"Blog","publisher":{"@id":"https:\/\/www.berg-freunde.at\/blog\/#organization"},"potentialAction":[{"@type":"SearchAction","target":{"@type":"EntryPoint","urlTemplate":"https:\/\/www.berg-freunde.at\/blog\/?s={search_term_string}"},"query-input":{"@type":"PropertyValueSpecification","valueRequired":true,"valueName":"search_term_string"}}],"inLanguage":"de-AT"},{"@type":"Organization","@id":"https:\/\/www.berg-freunde.at\/blog\/#organization","name":"Bergfreunde","url":"https:\/\/www.berg-freunde.at\/blog\/","logo":{"@type":"ImageObject","inLanguage":"de-AT","@id":"https:\/\/www.berg-freunde.at\/blog\/#\/schema\/logo\/image\/","url":"https:\/\/www.berg-freunde.at\/blog\/wp-content\/uploads\/2023\/12\/Bergfreunde_DE_rgb.svg","contentUrl":"https:\/\/www.berg-freunde.at\/blog\/wp-content\/uploads\/2023\/12\/Bergfreunde_DE_rgb.svg","caption":"Bergfreunde"},"image":{"@id":"https:\/\/www.berg-freunde.at\/blog\/#\/schema\/logo\/image\/"},"sameAs":["https:\/\/www.facebook.com\/bergfreunde","https:\/\/www.instagram.com\/bergfreundede\/"]},{"@type":"Person","@id":"https:\/\/www.berg-freunde.at\/blog\/#\/schema\/person\/6277565d8989dccc82cd7c1db5962a14","name":"Marie","url":"https:\/\/www.berg-freunde.at\/blog\/about\/marie-weber\/"}]}},"_links":{"self":[{"href":"https:\/\/www.berg-freunde.at\/blog\/wp-json\/wp\/v2\/posts\/82679","targetHints":{"allow":["GET"]}}],"collection":[{"href":"https:\/\/www.berg-freunde.at\/blog\/wp-json\/wp\/v2\/posts"}],"about":[{"href":"https:\/\/www.berg-freunde.at\/blog\/wp-json\/wp\/v2\/types\/post"}],"author":[{"embeddable":true,"href":"https:\/\/www.berg-freunde.at\/blog\/wp-json\/wp\/v2\/users\/100"}],"replies":[{"embeddable":true,"href":"https:\/\/www.berg-freunde.at\/blog\/wp-json\/wp\/v2\/comments?post=82679"}],"version-history":[{"count":0,"href":"https:\/\/www.berg-freunde.at\/blog\/wp-json\/wp\/v2\/posts\/82679\/revisions"}],"wp:featuredmedia":[{"embeddable":true,"href":"https:\/\/www.berg-freunde.at\/blog\/wp-json\/wp\/v2\/media\/84050"}],"wp:attachment":[{"href":"https:\/\/www.berg-freunde.at\/blog\/wp-json\/wp\/v2\/media?parent=82679"}],"wp:term":[{"taxonomy":"category","embeddable":true,"href":"https:\/\/www.berg-freunde.at\/blog\/wp-json\/wp\/v2\/categories?post=82679"},{"taxonomy":"post_tag","embeddable":true,"href":"https:\/\/www.berg-freunde.at\/blog\/wp-json\/wp\/v2\/tags?post=82679"},{"taxonomy":"post_folder","embeddable":true,"href":"https:\/\/www.berg-freunde.at\/blog\/wp-json\/wp\/v2\/post_folder?post=82679"}],"curies":[{"name":"wp","href":"https:\/\/api.w.org\/{rel}","templated":true}]}}