{"id":78673,"date":"2023-02-03T11:56:01","date_gmt":"2023-02-03T10:56:01","guid":{"rendered":"https:\/\/www.bergfreunde.de\/blog\/?p=78673"},"modified":"2026-03-20T12:54:19","modified_gmt":"2026-03-20T11:54:19","slug":"interview-bergfreunde-lieferkette","status":"publish","type":"post","link":"https:\/\/www.berg-freunde.at\/blog\/interview-bergfreunde-lieferkette\/","title":{"rendered":"Lieferkette &#8211; Interview mit Michael"},"content":{"rendered":"\n<p>Als H\u00e4ndler nimmt Bergfreunde eine ganz besondere Rolle in der Lieferkette ein. Denn als Schnittstelle zwischen Herstellern und Kund:innen kann Bergfreunde sowohl durch Auswahl der Produkte und Marken als auch durch die Pr\u00e4sentation im Shop Einfluss auf Nachhaltigkeit nehmen. <\/p>\n\n\n\n<p>Einen der gr\u00f6\u00dften Hebel, um Nachhaltigkeit im Outdoor-Bereich voranzubringen, sieht Bergfreunde dabei in der engen Zusammenarbeit mit den Lieferanten. Im Interview mit Michael, Head of Buying, erfahren wir an welchen Themen die Einkaufsabteilung aktuell arbeitet und warum sie mit einem positiven Gef\u00fchl in die Zukunft blickt.<\/p>\n\n\n<div class=\"wp-block-image\">\n<figure class=\"aligncenter size-full\"><a href=\"https:\/\/www.bergfreunde.de\/blog\/wp-content\/uploads\/2023\/02\/Michael.jpg\"><img fetchpriority=\"high\" decoding=\"async\" width=\"984\" height=\"1122\" src=\"https:\/\/www.bergfreunde.de\/blog\/wp-content\/uploads\/2023\/02\/Michael.jpg\" alt=\"\" class=\"wp-image-131740\" style=\"object-fit:cover\" srcset=\"https:\/\/www.berg-freunde.at\/blog\/wp-content\/uploads\/2023\/02\/Michael.jpg 984w, https:\/\/www.berg-freunde.at\/blog\/wp-content\/uploads\/2023\/02\/Michael-263x300.jpg 263w, https:\/\/www.berg-freunde.at\/blog\/wp-content\/uploads\/2023\/02\/Michael-768x876.jpg 768w\" sizes=\"(max-width: 984px) 100vw, 984px\" \/><\/a><figcaption class=\"wp-element-caption\">Bergfreund Michael<\/figcaption><\/figure>\n<\/div>\n\n\n<h3 class=\"wp-block-heading\" id=\"h-im-oktober-2021-verkundeten-die-bergfreunde-ambitionierte-wissenschaftlich-geprufte-klimaschutzziele-sogenannte-science-based-targets-ein-ziel-lautet-dass-sich-bis-2026-75-der-lieferanten-gemessen-am-umsatz-sich-selbst-wissenschaftliche-klimaschutzziele-setzen-und-so-ihren-beitrag-zur-erreichung-des-1-5-ziels-des-pariser-abkommens-leisten-wie-ist-der-aktuelle-stand\">Im Oktober 2021 verk\u00fcndeten die Bergfreunde ambitionierte, wissenschaftlich gepr\u00fcfte Klimaschutzziele &#8211; sogenannte Science Based Targets. Ein Ziel lautet, dass sich bis 2026 75% der Lieferanten (gemessen am Umsatz) sich selbst wissenschaftliche Klimaschutzziele setzen und so ihren Beitrag zur Erreichung des 1,5\u00b0-Ziels des Pariser Abkommens leisten. Wie ist der aktuelle Stand?<\/h3>\n\n\n\n<p>Wir arbeiten nun seit rund einem Jahr an der Zielerreichung. Der erste Schritt war hier nat\u00fcrlich zun\u00e4chst, alle unsere Lieferanten \u00fcber unser Vorhaben zu informieren und unsere Motivation dahinter zu erkl\u00e4ren. Insgesamt haben wir hier sehr viele positive R\u00fcckmeldungen erhalten. <\/p>\n\n\n\n<p>Als zweiten Schritt haben wir unsere Lieferanten gefragt: Wo steht ihr aktuell in Sachen Klimaschutz? Welche Ziele habt ihr Euch hier gesetzt? Eine erste Auswertung zeigt, dass bereits rund 17% unserer Lieferanten (gemessen am Umsatz) Science Based Targets haben, also Klimaschutzziele, die auf wissenschaftlicher Basis erarbeitet wurden und konform mit dem 1,5\u00b0-Ziels des Pariser Abkommens sind. Weitere rund 40% unserer Lieferanten (nach Umsatz) haben geplant, sich wissenschaftlich basierte Klimaschutzziele zu setzen oder haben Klimaschutzziele. Diese m\u00fcssen wir noch hinsichtlich der Konformit\u00e4t mit dem 1,5\u00b0-Ziel pr\u00fcfen. <\/p>\n\n\n\n<p>Kurz zusammengefasst: Wir sind wirklich begeistert, wie viele unserer Lieferanten sich bereits aktiv f\u00fcr den Klimaschutz einsetzen und ihre Prozesse und Produkte entsprechend anpassen. Wir sind hier optimistisch, dass wir das Ziel bis 2026 erreichen k\u00f6nnen.<\/p>\n\n\n<div class=\"wp-block-image\">\n<figure class=\"aligncenter size-full\"><a href=\"https:\/\/www.bergfreunde.de\/blog\/wp-content\/uploads\/2023\/02\/Themenbild_AdobeStock_453309953-min.jpeg\"><img decoding=\"async\" width=\"1920\" height=\"1280\" src=\"https:\/\/www.bergfreunde.de\/blog\/wp-content\/uploads\/2023\/02\/Themenbild_AdobeStock_453309953-min.jpeg\" alt=\"Recycelbare Verpackungen der Bergfreunde\" class=\"wp-image-79207\" srcset=\"https:\/\/www.berg-freunde.at\/blog\/wp-content\/uploads\/2023\/02\/Themenbild_AdobeStock_453309953-min.jpeg 1920w, https:\/\/www.berg-freunde.at\/blog\/wp-content\/uploads\/2023\/02\/Themenbild_AdobeStock_453309953-min-300x200.jpeg 300w, https:\/\/www.berg-freunde.at\/blog\/wp-content\/uploads\/2023\/02\/Themenbild_AdobeStock_453309953-min-1500x1000.jpeg 1500w, https:\/\/www.berg-freunde.at\/blog\/wp-content\/uploads\/2023\/02\/Themenbild_AdobeStock_453309953-min-768x512.jpeg 768w, https:\/\/www.berg-freunde.at\/blog\/wp-content\/uploads\/2023\/02\/Themenbild_AdobeStock_453309953-min-1536x1024.jpeg 1536w\" sizes=\"(max-width: 1920px) 100vw, 1920px\" \/><\/a><figcaption class=\"wp-element-caption\">Die Verpackungen der Bergfreunde.<\/figcaption><\/figure>\n<\/div>\n\n\n<h3 class=\"wp-block-heading\">In puncto Klimaschutz arbeiten die Bergfreunde eng mit den Lieferanten zusammen. Warum?<\/h3>\n\n\n\n<p>Bevor wir unsere wissenschaftlich fundierten Klimaschutzziele definieren konnten, mussten wir zun\u00e4chst eine umfangreiche Datenanalyse durchf\u00fchren. Wir haben alle in unserem Shop verf\u00fcgbaren Produkte in Cluster eingeteilt, Materialzusammensetzungen, Gewicht und Herkunftsl\u00e4nder recherchiert und basierend darauf die Emissionswerte f\u00fcr alle Produkte ermittelt. Diese Emissionen sind ungef\u00e4hr siebenmal gr\u00f6\u00dfer als unsere Unternehmensemissionen. Uns war klar, hier m\u00fcssen wir aktiv werden. Hier liegt eines unserer gr\u00f6\u00dften Potenziale, um einen echten Unterschied zu machen. <\/p>\n\n\n\n<p>Nat\u00fcrlich gilt das auch f\u00fcr weitere Nachhaltigkeitsthemen der Lieferkette. Daher haben wir das Thema seit 2022 fest in der Bergfreunde Nachhaltigkeitsstrategie verankert. Unser Ziel dabei: die Zusammenarbeit mit den Lieferanten weiter zu intensivieren, um Nachhaltigkeit noch st\u00e4rker entlang der Lieferkette voranzubringen. Aber Schritt f\u00fcr Schritt: Unser Fokus liegt hier erst einmal auf dem Bereich Klimaschutz.<\/p>\n\n\n<div class=\"wp-block-image\">\n<figure class=\"aligncenter size-full\"><a href=\"https:\/\/www.bergfreunde.de\/blog\/wp-content\/uploads\/2023\/02\/Themenbild_AdobeStock_516765937_350.jpeg\"><img decoding=\"async\" width=\"350\" height=\"263\" src=\"https:\/\/www.bergfreunde.de\/blog\/wp-content\/uploads\/2023\/02\/Themenbild_AdobeStock_516765937_350.jpeg\" alt=\"Label climate neutral bei einem T-Shirt der Bergfreunde. Kommt nur durch enge Zusammenarbeit mit Lieferanten in der Lieferkette zustande\" class=\"wp-image-79213\" srcset=\"https:\/\/www.berg-freunde.at\/blog\/wp-content\/uploads\/2023\/02\/Themenbild_AdobeStock_516765937_350.jpeg 350w, https:\/\/www.berg-freunde.at\/blog\/wp-content\/uploads\/2023\/02\/Themenbild_AdobeStock_516765937_350-300x225.jpeg 300w\" sizes=\"(max-width: 350px) 100vw, 350px\" \/><\/a><figcaption class=\"wp-element-caption\">Klimaneutralit\u00e4t bei den Bergfreunden<\/figcaption><\/figure>\n<\/div>\n\n\n<h3 class=\"wp-block-heading\">In Sachen Nachhaltigkeit setzen die Bergfreunde also stark auf die Kooperation mit den Lieferanten. Wie gelingt eine gute Zusammenarbeit zur Verbesserung der Nachhaltigkeitsleistung in den Lieferketten?<\/h3>\n\n\n\n<p>Die Outdoor-Branche ist sehr naturverbunden. Nachhaltig zu handeln steht daher f\u00fcr die meisten Marken und Hersteller inzwischen ganz oben auf der Agenda. Eine Entwicklung, die gerade in den vergangenen Jahren stark an Bedeutung gewonnen hat. Es gibt inzwischen eine Reihe von Marken, die von Anfang an Nachhaltigkeit in ihrer Produktentwicklung mitdenken. <\/p>\n\n\n\n<p>Aber nat\u00fcrlich gibt es noch Bereiche, in denen wir gemeinsam noch besser werden k\u00f6nnen &#8211; Klimaschutz ist hier ein gutes Beispiel. Um hier echte Ver\u00e4nderungen in der Lieferkette realisieren zu k\u00f6nnen, setzen wir darauf, enge Beziehungen und langfristige Partnerschaften aufzubauen. <\/p>\n\n\n\n<p>Wir kennen die meisten unserer Lieferanten pers\u00f6nlich und stehen regelm\u00e4\u00dfig im Austausch mit ihnen. Mit vielen arbeiten wir schon seit vielen Jahren zusammen. Eine offene und vertrauensvolle Partnerschaft &#8211; das ist uns wichtig und f\u00fcr uns Grundlage, um im Schulterschluss mit unseren Lieferanten Nachhaltigkeit entlang der Lieferkette weiter voranzubringen.<\/p>\n","protected":false},"excerpt":{"rendered":"<p>Als H\u00e4ndler nimmt Bergfreunde eine ganz besondere Rolle in der Lieferkette ein. Denn als Schnittstelle zwischen Herstellern und Kund:innen kann Bergfreunde sowohl durch Auswahl der Produkte und Marken als auch durch die Pr\u00e4sentation im Shop Einfluss auf Nachhaltigkeit nehmen. Einen der gr\u00f6\u00dften Hebel, um Nachhaltigkeit im Outdoor-Bereich voranzubringen, sieht Bergfreunde dabei in der engen Zusammenarbeit [&hellip;]<\/p>\n","protected":false},"author":25,"featured_media":79220,"comment_status":"open","ping_status":"closed","sticky":false,"template":"","format":"standard","meta":{"_acf_changed":false,"footnotes":""},"categories":[303,1],"tags":[263],"post_folder":[],"class_list":["post-78673","post","type-post","status-publish","format-standard","has-post-thumbnail","hentry","category-bergfreunde","category-unkategorisiert","tag-nachhaltig-leben"],"acf":[],"yoast_head":"<!-- This site is optimized with the Yoast SEO Premium plugin v27.4 (Yoast SEO v27.4) - https:\/\/yoast.com\/product\/yoast-seo-premium-wordpress\/ -->\n<title>Die Bergfreunde Lieferkette - Interview mit Michael<\/title>\n<meta name=\"description\" content=\"Wie funktioniert die Bergfreunde Lieferkette? \u27a4 Welche Herausforderungen gibt es? \u27a4 Erfahre im Interview mit Michael mehr \u00fcber Verantwortung!\" \/>\n<meta name=\"robots\" content=\"noindex, follow\" \/>\n<meta property=\"og:locale\" content=\"de_DE\" \/>\n<meta property=\"og:type\" content=\"article\" \/>\n<meta property=\"og:title\" content=\"Lieferkette - Interview mit Michael\" \/>\n<meta property=\"og:description\" content=\"Wie funktioniert die Bergfreunde Lieferkette? \u27a4 Welche Herausforderungen gibt es? \u27a4 Erfahre im Interview mit Michael mehr \u00fcber Verantwortung!\" \/>\n<meta property=\"og:url\" content=\"https:\/\/www.berg-freunde.at\/blog\/interview-bergfreunde-lieferkette\/\" \/>\n<meta property=\"og:site_name\" content=\"Bergfreunde\" \/>\n<meta property=\"article:publisher\" content=\"https:\/\/www.facebook.com\/bergfreunde\" \/>\n<meta property=\"article:published_time\" content=\"2023-02-03T10:56:01+00:00\" \/>\n<meta property=\"article:modified_time\" content=\"2026-03-20T11:54:19+00:00\" \/>\n<meta property=\"og:image\" content=\"https:\/\/www.berg-freunde.at\/blog\/wp-content\/uploads\/2023\/02\/Header-alternativ_AdobeStock_414748827_Titel.jpeg\" \/>\n\t<meta property=\"og:image:width\" content=\"1440\" \/>\n\t<meta property=\"og:image:height\" content=\"960\" \/>\n\t<meta property=\"og:image:type\" content=\"image\/jpeg\" \/>\n<meta name=\"author\" content=\"Gastautorin\" \/>\n<meta name=\"twitter:card\" content=\"summary_large_image\" \/>\n<meta name=\"twitter:label1\" content=\"Verfasst von\" \/>\n\t<meta name=\"twitter:data1\" content=\"Gastautorin\" \/>\n\t<meta name=\"twitter:label2\" content=\"Gesch\u00e4tzte Lesezeit\" \/>\n\t<meta name=\"twitter:data2\" content=\"3 Minuten\" \/>\n<script type=\"application\/ld+json\" class=\"yoast-schema-graph\">{\"@context\":\"https:\\\/\\\/schema.org\",\"@graph\":[{\"@type\":[\"Article\",\"BlogPosting\"],\"@id\":\"https:\\\/\\\/www.berg-freunde.at\\\/blog\\\/interview-bergfreunde-lieferkette\\\/#article\",\"isPartOf\":{\"@id\":\"https:\\\/\\\/www.berg-freunde.at\\\/blog\\\/interview-bergfreunde-lieferkette\\\/\"},\"author\":{\"name\":\"Gastautorin\",\"@id\":\"https:\\\/\\\/www.berg-freunde.at\\\/blog\\\/#\\\/schema\\\/person\\\/b2501727decd6d6c101a99837dfde824\"},\"headline\":\"Lieferkette &#8211; Interview mit Michael\",\"datePublished\":\"2023-02-03T10:56:01+00:00\",\"dateModified\":\"2026-03-20T11:54:19+00:00\",\"mainEntityOfPage\":{\"@id\":\"https:\\\/\\\/www.berg-freunde.at\\\/blog\\\/interview-bergfreunde-lieferkette\\\/\"},\"wordCount\":644,\"commentCount\":0,\"publisher\":{\"@id\":\"https:\\\/\\\/www.berg-freunde.at\\\/blog\\\/#organization\"},\"image\":{\"@id\":\"https:\\\/\\\/www.berg-freunde.at\\\/blog\\\/interview-bergfreunde-lieferkette\\\/#primaryimage\"},\"thumbnailUrl\":\"https:\\\/\\\/www.berg-freunde.at\\\/blog\\\/wp-content\\\/uploads\\\/2023\\\/02\\\/Header-alternativ_AdobeStock_414748827_Titel.jpeg\",\"keywords\":[\"Nachhaltig leben\"],\"articleSection\":[\"Bergfreunde\",\"Unkategorisiert\"],\"inLanguage\":\"de-AT\",\"potentialAction\":[{\"@type\":\"CommentAction\",\"name\":\"Comment\",\"target\":[\"https:\\\/\\\/www.berg-freunde.at\\\/blog\\\/interview-bergfreunde-lieferkette\\\/#respond\"]}]},{\"@type\":\"WebPage\",\"@id\":\"https:\\\/\\\/www.berg-freunde.at\\\/blog\\\/interview-bergfreunde-lieferkette\\\/\",\"url\":\"https:\\\/\\\/www.berg-freunde.at\\\/blog\\\/interview-bergfreunde-lieferkette\\\/\",\"name\":\"Die Bergfreunde Lieferkette - Interview mit Michael\",\"isPartOf\":{\"@id\":\"https:\\\/\\\/www.berg-freunde.at\\\/blog\\\/#website\"},\"primaryImageOfPage\":{\"@id\":\"https:\\\/\\\/www.berg-freunde.at\\\/blog\\\/interview-bergfreunde-lieferkette\\\/#primaryimage\"},\"image\":{\"@id\":\"https:\\\/\\\/www.berg-freunde.at\\\/blog\\\/interview-bergfreunde-lieferkette\\\/#primaryimage\"},\"thumbnailUrl\":\"https:\\\/\\\/www.berg-freunde.at\\\/blog\\\/wp-content\\\/uploads\\\/2023\\\/02\\\/Header-alternativ_AdobeStock_414748827_Titel.jpeg\",\"datePublished\":\"2023-02-03T10:56:01+00:00\",\"dateModified\":\"2026-03-20T11:54:19+00:00\",\"description\":\"Wie funktioniert die Bergfreunde Lieferkette? \u27a4 Welche Herausforderungen gibt es? \u27a4 Erfahre im Interview mit Michael mehr \u00fcber Verantwortung!\",\"breadcrumb\":{\"@id\":\"https:\\\/\\\/www.berg-freunde.at\\\/blog\\\/interview-bergfreunde-lieferkette\\\/#breadcrumb\"},\"inLanguage\":\"de-AT\",\"potentialAction\":[{\"@type\":\"ReadAction\",\"target\":[\"https:\\\/\\\/www.berg-freunde.at\\\/blog\\\/interview-bergfreunde-lieferkette\\\/\"]}]},{\"@type\":\"ImageObject\",\"inLanguage\":\"de-AT\",\"@id\":\"https:\\\/\\\/www.berg-freunde.at\\\/blog\\\/interview-bergfreunde-lieferkette\\\/#primaryimage\",\"url\":\"https:\\\/\\\/www.berg-freunde.at\\\/blog\\\/wp-content\\\/uploads\\\/2023\\\/02\\\/Header-alternativ_AdobeStock_414748827_Titel.jpeg\",\"contentUrl\":\"https:\\\/\\\/www.berg-freunde.at\\\/blog\\\/wp-content\\\/uploads\\\/2023\\\/02\\\/Header-alternativ_AdobeStock_414748827_Titel.jpeg\",\"width\":1440,\"height\":960},{\"@type\":\"BreadcrumbList\",\"@id\":\"https:\\\/\\\/www.berg-freunde.at\\\/blog\\\/interview-bergfreunde-lieferkette\\\/#breadcrumb\",\"itemListElement\":[{\"@type\":\"ListItem\",\"position\":1,\"name\":\"Blog\",\"item\":\"https:\\\/\\\/www.berg-freunde.at\\\/blog\\\/\"},{\"@type\":\"ListItem\",\"position\":2,\"name\":\"Bergfreunde\",\"item\":\"https:\\\/\\\/www.berg-freunde.at\\\/blog\\\/category\\\/bergfreunde\\\/\"},{\"@type\":\"ListItem\",\"position\":3,\"name\":\"Lieferkette &#8211; Interview mit Michael\"}]},{\"@type\":\"WebSite\",\"@id\":\"https:\\\/\\\/www.berg-freunde.at\\\/blog\\\/#website\",\"url\":\"https:\\\/\\\/www.berg-freunde.at\\\/blog\\\/\",\"name\":\"Bergfreunde\",\"description\":\"Blog\",\"publisher\":{\"@id\":\"https:\\\/\\\/www.berg-freunde.at\\\/blog\\\/#organization\"},\"potentialAction\":[{\"@type\":\"SearchAction\",\"target\":{\"@type\":\"EntryPoint\",\"urlTemplate\":\"https:\\\/\\\/www.berg-freunde.at\\\/blog\\\/?s={search_term_string}\"},\"query-input\":{\"@type\":\"PropertyValueSpecification\",\"valueRequired\":true,\"valueName\":\"search_term_string\"}}],\"inLanguage\":\"de-AT\"},{\"@type\":\"Organization\",\"@id\":\"https:\\\/\\\/www.berg-freunde.at\\\/blog\\\/#organization\",\"name\":\"Bergfreunde\",\"url\":\"https:\\\/\\\/www.berg-freunde.at\\\/blog\\\/\",\"logo\":{\"@type\":\"ImageObject\",\"inLanguage\":\"de-AT\",\"@id\":\"https:\\\/\\\/www.berg-freunde.at\\\/blog\\\/#\\\/schema\\\/logo\\\/image\\\/\",\"url\":\"https:\\\/\\\/www.berg-freunde.at\\\/blog\\\/wp-content\\\/uploads\\\/2023\\\/12\\\/Bergfreunde_DE_rgb.svg\",\"contentUrl\":\"https:\\\/\\\/www.berg-freunde.at\\\/blog\\\/wp-content\\\/uploads\\\/2023\\\/12\\\/Bergfreunde_DE_rgb.svg\",\"caption\":\"Bergfreunde\"},\"image\":{\"@id\":\"https:\\\/\\\/www.berg-freunde.at\\\/blog\\\/#\\\/schema\\\/logo\\\/image\\\/\"},\"sameAs\":[\"https:\\\/\\\/www.facebook.com\\\/bergfreunde\",\"https:\\\/\\\/www.instagram.com\\\/bergfreundede\\\/\"]},{\"@type\":\"Person\",\"@id\":\"https:\\\/\\\/www.berg-freunde.at\\\/blog\\\/#\\\/schema\\\/person\\\/b2501727decd6d6c101a99837dfde824\",\"name\":\"Gastautorin\",\"url\":\"https:\\\/\\\/www.berg-freunde.at\\\/blog\\\/about\\\/gastautorin\\\/\"}]}<\/script>\n<!-- \/ Yoast SEO Premium plugin. -->","yoast_head_json":{"title":"Die Bergfreunde Lieferkette - Interview mit Michael","description":"Wie funktioniert die Bergfreunde Lieferkette? \u27a4 Welche Herausforderungen gibt es? \u27a4 Erfahre im Interview mit Michael mehr \u00fcber Verantwortung!","robots":{"index":"noindex","follow":"follow"},"og_locale":"de_DE","og_type":"article","og_title":"Lieferkette - Interview mit Michael","og_description":"Wie funktioniert die Bergfreunde Lieferkette? \u27a4 Welche Herausforderungen gibt es? \u27a4 Erfahre im Interview mit Michael mehr \u00fcber Verantwortung!","og_url":"https:\/\/www.berg-freunde.at\/blog\/interview-bergfreunde-lieferkette\/","og_site_name":"Bergfreunde","article_publisher":"https:\/\/www.facebook.com\/bergfreunde","article_published_time":"2023-02-03T10:56:01+00:00","article_modified_time":"2026-03-20T11:54:19+00:00","og_image":[{"width":1440,"height":960,"url":"https:\/\/www.berg-freunde.at\/blog\/wp-content\/uploads\/2023\/02\/Header-alternativ_AdobeStock_414748827_Titel.jpeg","type":"image\/jpeg"}],"author":"Gastautorin","twitter_card":"summary_large_image","twitter_misc":{"Verfasst von":"Gastautorin","Gesch\u00e4tzte Lesezeit":"3 Minuten"},"schema":{"@context":"https:\/\/schema.org","@graph":[{"@type":["Article","BlogPosting"],"@id":"https:\/\/www.berg-freunde.at\/blog\/interview-bergfreunde-lieferkette\/#article","isPartOf":{"@id":"https:\/\/www.berg-freunde.at\/blog\/interview-bergfreunde-lieferkette\/"},"author":{"name":"Gastautorin","@id":"https:\/\/www.berg-freunde.at\/blog\/#\/schema\/person\/b2501727decd6d6c101a99837dfde824"},"headline":"Lieferkette &#8211; Interview mit Michael","datePublished":"2023-02-03T10:56:01+00:00","dateModified":"2026-03-20T11:54:19+00:00","mainEntityOfPage":{"@id":"https:\/\/www.berg-freunde.at\/blog\/interview-bergfreunde-lieferkette\/"},"wordCount":644,"commentCount":0,"publisher":{"@id":"https:\/\/www.berg-freunde.at\/blog\/#organization"},"image":{"@id":"https:\/\/www.berg-freunde.at\/blog\/interview-bergfreunde-lieferkette\/#primaryimage"},"thumbnailUrl":"https:\/\/www.berg-freunde.at\/blog\/wp-content\/uploads\/2023\/02\/Header-alternativ_AdobeStock_414748827_Titel.jpeg","keywords":["Nachhaltig leben"],"articleSection":["Bergfreunde","Unkategorisiert"],"inLanguage":"de-AT","potentialAction":[{"@type":"CommentAction","name":"Comment","target":["https:\/\/www.berg-freunde.at\/blog\/interview-bergfreunde-lieferkette\/#respond"]}]},{"@type":"WebPage","@id":"https:\/\/www.berg-freunde.at\/blog\/interview-bergfreunde-lieferkette\/","url":"https:\/\/www.berg-freunde.at\/blog\/interview-bergfreunde-lieferkette\/","name":"Die Bergfreunde Lieferkette - Interview mit Michael","isPartOf":{"@id":"https:\/\/www.berg-freunde.at\/blog\/#website"},"primaryImageOfPage":{"@id":"https:\/\/www.berg-freunde.at\/blog\/interview-bergfreunde-lieferkette\/#primaryimage"},"image":{"@id":"https:\/\/www.berg-freunde.at\/blog\/interview-bergfreunde-lieferkette\/#primaryimage"},"thumbnailUrl":"https:\/\/www.berg-freunde.at\/blog\/wp-content\/uploads\/2023\/02\/Header-alternativ_AdobeStock_414748827_Titel.jpeg","datePublished":"2023-02-03T10:56:01+00:00","dateModified":"2026-03-20T11:54:19+00:00","description":"Wie funktioniert die Bergfreunde Lieferkette? \u27a4 Welche Herausforderungen gibt es? \u27a4 Erfahre im Interview mit Michael mehr \u00fcber Verantwortung!","breadcrumb":{"@id":"https:\/\/www.berg-freunde.at\/blog\/interview-bergfreunde-lieferkette\/#breadcrumb"},"inLanguage":"de-AT","potentialAction":[{"@type":"ReadAction","target":["https:\/\/www.berg-freunde.at\/blog\/interview-bergfreunde-lieferkette\/"]}]},{"@type":"ImageObject","inLanguage":"de-AT","@id":"https:\/\/www.berg-freunde.at\/blog\/interview-bergfreunde-lieferkette\/#primaryimage","url":"https:\/\/www.berg-freunde.at\/blog\/wp-content\/uploads\/2023\/02\/Header-alternativ_AdobeStock_414748827_Titel.jpeg","contentUrl":"https:\/\/www.berg-freunde.at\/blog\/wp-content\/uploads\/2023\/02\/Header-alternativ_AdobeStock_414748827_Titel.jpeg","width":1440,"height":960},{"@type":"BreadcrumbList","@id":"https:\/\/www.berg-freunde.at\/blog\/interview-bergfreunde-lieferkette\/#breadcrumb","itemListElement":[{"@type":"ListItem","position":1,"name":"Blog","item":"https:\/\/www.berg-freunde.at\/blog\/"},{"@type":"ListItem","position":2,"name":"Bergfreunde","item":"https:\/\/www.berg-freunde.at\/blog\/category\/bergfreunde\/"},{"@type":"ListItem","position":3,"name":"Lieferkette &#8211; Interview mit Michael"}]},{"@type":"WebSite","@id":"https:\/\/www.berg-freunde.at\/blog\/#website","url":"https:\/\/www.berg-freunde.at\/blog\/","name":"Bergfreunde","description":"Blog","publisher":{"@id":"https:\/\/www.berg-freunde.at\/blog\/#organization"},"potentialAction":[{"@type":"SearchAction","target":{"@type":"EntryPoint","urlTemplate":"https:\/\/www.berg-freunde.at\/blog\/?s={search_term_string}"},"query-input":{"@type":"PropertyValueSpecification","valueRequired":true,"valueName":"search_term_string"}}],"inLanguage":"de-AT"},{"@type":"Organization","@id":"https:\/\/www.berg-freunde.at\/blog\/#organization","name":"Bergfreunde","url":"https:\/\/www.berg-freunde.at\/blog\/","logo":{"@type":"ImageObject","inLanguage":"de-AT","@id":"https:\/\/www.berg-freunde.at\/blog\/#\/schema\/logo\/image\/","url":"https:\/\/www.berg-freunde.at\/blog\/wp-content\/uploads\/2023\/12\/Bergfreunde_DE_rgb.svg","contentUrl":"https:\/\/www.berg-freunde.at\/blog\/wp-content\/uploads\/2023\/12\/Bergfreunde_DE_rgb.svg","caption":"Bergfreunde"},"image":{"@id":"https:\/\/www.berg-freunde.at\/blog\/#\/schema\/logo\/image\/"},"sameAs":["https:\/\/www.facebook.com\/bergfreunde","https:\/\/www.instagram.com\/bergfreundede\/"]},{"@type":"Person","@id":"https:\/\/www.berg-freunde.at\/blog\/#\/schema\/person\/b2501727decd6d6c101a99837dfde824","name":"Gastautorin","url":"https:\/\/www.berg-freunde.at\/blog\/about\/gastautorin\/"}]}},"_links":{"self":[{"href":"https:\/\/www.berg-freunde.at\/blog\/wp-json\/wp\/v2\/posts\/78673","targetHints":{"allow":["GET"]}}],"collection":[{"href":"https:\/\/www.berg-freunde.at\/blog\/wp-json\/wp\/v2\/posts"}],"about":[{"href":"https:\/\/www.berg-freunde.at\/blog\/wp-json\/wp\/v2\/types\/post"}],"author":[{"embeddable":true,"href":"https:\/\/www.berg-freunde.at\/blog\/wp-json\/wp\/v2\/users\/25"}],"replies":[{"embeddable":true,"href":"https:\/\/www.berg-freunde.at\/blog\/wp-json\/wp\/v2\/comments?post=78673"}],"version-history":[{"count":4,"href":"https:\/\/www.berg-freunde.at\/blog\/wp-json\/wp\/v2\/posts\/78673\/revisions"}],"predecessor-version":[{"id":131794,"href":"https:\/\/www.berg-freunde.at\/blog\/wp-json\/wp\/v2\/posts\/78673\/revisions\/131794"}],"wp:featuredmedia":[{"embeddable":true,"href":"https:\/\/www.berg-freunde.at\/blog\/wp-json\/wp\/v2\/media\/79220"}],"wp:attachment":[{"href":"https:\/\/www.berg-freunde.at\/blog\/wp-json\/wp\/v2\/media?parent=78673"}],"wp:term":[{"taxonomy":"category","embeddable":true,"href":"https:\/\/www.berg-freunde.at\/blog\/wp-json\/wp\/v2\/categories?post=78673"},{"taxonomy":"post_tag","embeddable":true,"href":"https:\/\/www.berg-freunde.at\/blog\/wp-json\/wp\/v2\/tags?post=78673"},{"taxonomy":"post_folder","embeddable":true,"href":"https:\/\/www.berg-freunde.at\/blog\/wp-json\/wp\/v2\/post_folder?post=78673"}],"curies":[{"name":"wp","href":"https:\/\/api.w.org\/{rel}","templated":true}]}}