{"id":77516,"date":"2023-02-06T12:03:14","date_gmt":"2023-02-06T11:03:14","guid":{"rendered":"https:\/\/www.bergfreunde.de\/blog\/?p=77516"},"modified":"2026-02-24T09:15:21","modified_gmt":"2026-02-24T08:15:21","slug":"interview-klima-und-umweltschutz","status":"publish","type":"post","link":"https:\/\/www.berg-freunde.at\/blog\/interview-klima-und-umweltschutz\/","title":{"rendered":"Klima- und Umweltschutz &#8211; Interview mit Tanja"},"content":{"rendered":"<div class=\"wp-block-image\">\n<figure class=\"alignright size-full is-resized\"><a href=\"https:\/\/www.bergfreunde.de\/blog\/wp-content\/uploads\/2023\/02\/Tanja.jpg\"><img fetchpriority=\"high\" decoding=\"async\" width=\"686\" height=\"800\" src=\"https:\/\/www.bergfreunde.de\/blog\/wp-content\/uploads\/2023\/02\/Tanja.jpg\" alt=\"\" class=\"wp-image-130912\" style=\"aspect-ratio:0.8575475670916121;width:350px;height:auto\" srcset=\"https:\/\/www.berg-freunde.at\/blog\/wp-content\/uploads\/2023\/02\/Tanja.jpg 686w, https:\/\/www.berg-freunde.at\/blog\/wp-content\/uploads\/2023\/02\/Tanja-257x300.jpg 257w\" sizes=\"(max-width: 686px) 100vw, 686px\" \/><\/a><figcaption class=\"wp-element-caption\">Bergfreundin Tanja<\/figcaption><\/figure>\n<\/div>\n\n\n<p>2019 starteten wir bei den Bergfreunden eine spannende Reise: Wir machten uns auf den Weg zu mehr Nachhaltigkeit. Schnell war klar: Um einen echten Impact zu haben, m\u00fcssen wir uns zun\u00e4chst auf einen Bereich fokussieren. Wir entschieden uns, das Thema Klimaschutz in den Fokus zu nehmen. Bergfreundin Tanja ist nun seit mehreren Jahren dabei \u2013 von\u00a0kleine\u00a0Projekte hin zu einem inzwischen ehrgeizigen Plan. Im Interview berichtet sie von erreichten Meilensteinen, ambitionierten Zielen und dass es beim Thema Klimaschutz oftmals keine einfache L\u00f6sung gibt.<\/p>\n\n\n\n<h3 class=\"wp-block-heading\" id=\"h-die-bergfreunde-haben-2019-einen-entschluss-gefasst-sie-wollen-einen-wirksamen-beitrag-zum-klimaschutz-leisten-wie-weit-seid-ihr-auf-dem-weg-dorthin-was-habt-ihr-schon-erreicht-was-liegt-noch-vor-euch\">Die Bergfreunde haben 2019 einen Entschluss gefasst: Sie wollen einen wirksamen Beitrag zum Klimaschutz leisten. Wie weit seid ihr auf dem Weg dorthin? Was habt ihr schon erreicht? Was liegt noch vor Euch?<\/h3>\n\n\n\n<p>Wir starteten bei Null und haben sukzessive unser Wissen aufgebaut und Erfahrungen gesammelt. Dazu mussten zun\u00e4chst erst einmal Fakten geschaffen werden: Wie viel Emissionen verursachen die Bergfreunde? Wo sind die gr\u00f6\u00dften Emissionsquellen und damit unsere gr\u00f6\u00dften Hebel? <\/p>\n\n\n\n<p>Deshalb machten wir uns daran, unsere erste Klimabilanz zu erstellen, die wir seitdem j\u00e4hrlich aktualisieren. Auf dieser Basis haben wir eine Klimaschutzstrategie entwickelt. Immer mit dem Ziel: Emissionen vermeiden und reduzieren. Mit vielen kleinen und gro\u00dfen Ma\u00dfnahmen konnten wir bereits einiges erreichen: So haben wir z. B. auf 100% \u00d6kostrom umgestellt, die Lagersysteme verbessert und Kartongr\u00f6\u00dfen optimiert, um weniger Luft zu verschicken. <\/p>\n\n\n\n<p>Gleichzeitig wissen wir: Es gibt noch viel zu tun. Denn unser Ziel ist es, als Unternehmen einen wirksamen Beitrag zum 1,5\u00b0-Ziel des Pariser Abkommens zu leisten. Dazu haben wir wissenschaftlich fundierte Klimaziele formuliert, die seit Oktober 2021 von der Science Based Targets Initiative validiert sind. Eine wesentliche Ma\u00dfnahme, um diese Ziele zu erreichen, ist, unsere Lieferanten zu mehr Klimaschutz zu bewegen.<\/p>\n\n\n\n<h3 class=\"wp-block-heading\">Bergfreunde ist also schon sehr aktiv in Sachen Klimaschutz. Nichtsdestotrotz hat der Online-Handel einen Impact auf Klima und Umwelt &#8211; die Pakete m\u00fcssen ja verpackt, von A nach B gebracht und manchmal auch wieder zur\u00fcckgeschickt werden. Ist es da nicht umwelt- und klimafreundlicher direkt vor Ort zu kaufen?<\/h3>\n\n\n\n<p>Das ist eine wirklich spannende Frage, die uns sehr besch\u00e4ftigt. Aber nicht nur uns, sondern auch die Wissenschaft. Daher gibt es inzwischen eine Reihe von Studien zu dieser Fragestellung. Zum ersten Mal hat 2015 das <a href=\"https:\/\/static.ottogroup.com\/medien\/cached\/docs\/de\/studien\/abstract_dcti_final.pdf\">Deutsche Clean Tech Institut im Auftrag der Otto Group und Hermes<\/a> diese Frage wissenschaftlich untersucht. Das Ergebnis: Der Online-Handel schneidet in puncto Emissionen in der Regel besser ab als der station\u00e4re Handel.<\/p>\n\n\n\n<p>Der Grund daf\u00fcr: Die effizientere Lieferung. Im Online-Handel werden die Lieferungen verdichtet, d.h. wenige Fahrzeuge liefern viele Pakete aus. Im Einzelhandel hingegen nehmen viele Kunden den PKW f\u00fcr einzelne Fahrten &#8211; ein eher ineffizientes Verhalten. Zu diesem Ergebnis kommt auch eine aktuelle <a href=\"https:\/\/www.oliverwyman.com\/content\/dam\/oliver-wyman\/v2\/publications\/2021\/apr\/is-ecommerce-good-for-europe-german.pdf\">Studie der Universit\u00e4t St. Gallen<\/a>. Es scheint also, dass der Online-Handel in den meisten F\u00e4llen besser f\u00fcr das Klima ist als der station\u00e4re Handel<a href=\"https:\/\/www.oliverwyman.com\/content\/dam\/oliver-wyman\/v2\/publications\/2021\/apr\/is-ecommerce-good-for-europe-german.pdf\">.<\/a><\/p>\n\n\n\n<p>Klar ist aber auch: Wie die Klimabilanz in den einzelnen F\u00e4llen aussieht, h\u00e4ngt auch von unserem individuellen Verhalten ab: Gibt es eine Retoure? Fahren wir mit dem Fahrrad oder nutzen wir den \u00d6PNV, um in die Stadt zu fahren?<\/p>\n\n\n<div class=\"wp-block-image\">\n<figure class=\"aligncenter size-large\"><a href=\"https:\/\/www.bergfreunde.de\/blog\/wp-content\/uploads\/2023\/02\/Themen-Bild_Capture00009_kleiner-1500x1000.jpg\"><img decoding=\"async\" width=\"1500\" height=\"1000\" src=\"https:\/\/www.bergfreunde.de\/blog\/wp-content\/uploads\/2023\/02\/Themen-Bild_Capture00009_kleiner-1500x1000.jpg\" alt=\"Verpackungen von Bergfreunde\" class=\"wp-image-79234\" srcset=\"https:\/\/www.berg-freunde.at\/blog\/wp-content\/uploads\/2023\/02\/Themen-Bild_Capture00009_kleiner-1500x1000.jpg 1500w, https:\/\/www.berg-freunde.at\/blog\/wp-content\/uploads\/2023\/02\/Themen-Bild_Capture00009_kleiner-300x200.jpg 300w, https:\/\/www.berg-freunde.at\/blog\/wp-content\/uploads\/2023\/02\/Themen-Bild_Capture00009_kleiner-768x512.jpg 768w, https:\/\/www.berg-freunde.at\/blog\/wp-content\/uploads\/2023\/02\/Themen-Bild_Capture00009_kleiner-1536x1024.jpg 1536w, https:\/\/www.berg-freunde.at\/blog\/wp-content\/uploads\/2023\/02\/Themen-Bild_Capture00009_kleiner.jpg 1773w\" sizes=\"(max-width: 1500px) 100vw, 1500px\" \/><\/a><\/figure>\n<\/div>\n\n\n<h3 class=\"wp-block-heading\">Eine ganz eindeutige L\u00f6sung gibt es hier also nicht. Wie kann man denn bei den Bergfreunden klimafreundlich einkaufen?<\/h3>\n\n\n\n<p>Zuallererst ist es wichtig, eine bewusste Kaufentscheidung zu treffen: Wir versuchen unsere Kund:innen dabei zu unterst\u00fctzen, indem wir ausf\u00fchrliche Produktinformationen und hilfreiche Bewertungen anderer Kund:innen zur Verf\u00fcgung stellen. Zudem findet man in unserem Online-Shop noch weitere n\u00fctzliche Tools, wie z.B. ausf\u00fchrliche Kaufberatungen in zahlreichen Kategorien oder <a href=\"https:\/\/www.bergfreunde.de\/outdoor-rechner\/\">Kalkulatoren<\/a>, um beispielsweise die <a href=\"https:\/\/www.bergfreunde.de\/kletterschuhe-groessen-rechner\/\">Kletterschuhgr\u00f6\u00dfe<\/a> oder die <a href=\"https:\/\/www.bergfreunde.de\/wanderstoecke-laenge-rechner\/\">optimale L\u00e4nge der Wanderst\u00f6cke<\/a> zu ermitteln. <\/p>\n\n\n\n<p>In Sachen Nachhaltigkeit geben zudem Siegel eine gute Orientierung. Daher gibt es in unserem Shop auch den \u201cTrusted by Bergfreunde\u201d Filter &#8211; so finden unsere Kund:innen schnell und einfach Produkte mit nachhaltigen Merkmalen. Das macht die Suche nach umweltfreundlichen und sozial verantwortungsvoll produzierten Produkten definitiv einfacher.<\/p>\n","protected":false},"excerpt":{"rendered":"<p>2019 starteten wir bei den Bergfreunden eine spannende Reise: Wir machten uns auf den Weg zu mehr Nachhaltigkeit. Schnell war klar: Um einen echten Impact zu haben, m\u00fcssen wir uns zun\u00e4chst auf einen Bereich fokussieren. Wir entschieden uns, das Thema Klimaschutz in den Fokus zu nehmen. Bergfreundin Tanja ist nun seit mehreren Jahren dabei \u2013 [&hellip;]<\/p>\n","protected":false},"author":25,"featured_media":79244,"comment_status":"open","ping_status":"closed","sticky":false,"template":"","format":"standard","meta":{"_acf_changed":false,"footnotes":""},"categories":[303,1],"tags":[263],"post_folder":[],"class_list":["post-77516","post","type-post","status-publish","format-standard","has-post-thumbnail","hentry","category-bergfreunde","category-unkategorisiert","tag-nachhaltig-leben"],"acf":[],"yoast_head":"<!-- This site is optimized with the Yoast SEO Premium plugin v27.4 (Yoast SEO v27.4) - https:\/\/yoast.com\/product\/yoast-seo-premium-wordpress\/ -->\n<title>Klima- und Umweltschutz - Interview mit Tanja<\/title>\n<meta name=\"description\" content=\"Wie sieht eigentlich Klimaschutz bei den Bergfreunden aus? Erfahre, was wir seit 2019 erreicht haben, um nachhaltiger zu wirtschaften.\" \/>\n<meta name=\"robots\" content=\"noindex, follow\" \/>\n<meta property=\"og:locale\" content=\"de_DE\" \/>\n<meta property=\"og:type\" content=\"article\" \/>\n<meta property=\"og:title\" content=\"Klima- und Umweltschutz - Interview mit Tanja\" \/>\n<meta property=\"og:description\" content=\"Wie sieht eigentlich Klimaschutz bei den Bergfreunden aus? Erfahre, was wir seit 2019 erreicht haben, um nachhaltiger zu wirtschaften.\" \/>\n<meta property=\"og:url\" content=\"https:\/\/www.berg-freunde.at\/blog\/interview-klima-und-umweltschutz\/\" \/>\n<meta property=\"og:site_name\" content=\"Bergfreunde\" \/>\n<meta property=\"article:publisher\" content=\"https:\/\/www.facebook.com\/bergfreunde\" \/>\n<meta property=\"article:published_time\" content=\"2023-02-06T11:03:14+00:00\" \/>\n<meta property=\"article:modified_time\" content=\"2026-02-24T08:15:21+00:00\" \/>\n<meta property=\"og:image\" content=\"https:\/\/www.alpinetrek.co.uk\/blog\/wp-content\/uploads\/2023\/02\/Header_AU2P7206_Titel-1.jpg\" \/>\n\t<meta property=\"og:image:width\" content=\"1440\" \/>\n\t<meta property=\"og:image:height\" content=\"960\" \/>\n\t<meta property=\"og:image:type\" content=\"image\/jpeg\" \/>\n<meta name=\"author\" content=\"Gastautorin\" \/>\n<meta name=\"twitter:card\" content=\"summary_large_image\" \/>\n<meta name=\"twitter:label1\" content=\"Verfasst von\" \/>\n\t<meta name=\"twitter:data1\" content=\"Gastautorin\" \/>\n\t<meta name=\"twitter:label2\" content=\"Gesch\u00e4tzte Lesezeit\" \/>\n\t<meta name=\"twitter:data2\" content=\"3 Minuten\" \/>\n<script type=\"application\/ld+json\" class=\"yoast-schema-graph\">{\"@context\":\"https:\\\/\\\/schema.org\",\"@graph\":[{\"@type\":[\"Article\",\"BlogPosting\"],\"@id\":\"https:\\\/\\\/www.berg-freunde.at\\\/blog\\\/interview-klima-und-umweltschutz\\\/#article\",\"isPartOf\":{\"@id\":\"https:\\\/\\\/www.berg-freunde.at\\\/blog\\\/interview-klima-und-umweltschutz\\\/\"},\"author\":{\"name\":\"Gastautorin\",\"@id\":\"https:\\\/\\\/www.berg-freunde.at\\\/blog\\\/#\\\/schema\\\/person\\\/b2501727decd6d6c101a99837dfde824\"},\"headline\":\"Klima- und Umweltschutz &#8211; Interview mit Tanja\",\"datePublished\":\"2023-02-06T11:03:14+00:00\",\"dateModified\":\"2026-02-24T08:15:21+00:00\",\"mainEntityOfPage\":{\"@id\":\"https:\\\/\\\/www.berg-freunde.at\\\/blog\\\/interview-klima-und-umweltschutz\\\/\"},\"wordCount\":660,\"commentCount\":0,\"publisher\":{\"@id\":\"https:\\\/\\\/www.berg-freunde.at\\\/blog\\\/#organization\"},\"image\":{\"@id\":\"https:\\\/\\\/www.berg-freunde.at\\\/blog\\\/interview-klima-und-umweltschutz\\\/#primaryimage\"},\"thumbnailUrl\":\"https:\\\/\\\/www.berg-freunde.at\\\/blog\\\/wp-content\\\/uploads\\\/2023\\\/02\\\/Header_AU2P7206_Titel-1.jpg\",\"keywords\":[\"Nachhaltig leben\"],\"articleSection\":[\"Bergfreunde\",\"Unkategorisiert\"],\"inLanguage\":\"de-AT\",\"potentialAction\":[{\"@type\":\"CommentAction\",\"name\":\"Comment\",\"target\":[\"https:\\\/\\\/www.berg-freunde.at\\\/blog\\\/interview-klima-und-umweltschutz\\\/#respond\"]}]},{\"@type\":\"WebPage\",\"@id\":\"https:\\\/\\\/www.berg-freunde.at\\\/blog\\\/interview-klima-und-umweltschutz\\\/\",\"url\":\"https:\\\/\\\/www.berg-freunde.at\\\/blog\\\/interview-klima-und-umweltschutz\\\/\",\"name\":\"Klima- und Umweltschutz - Interview mit Tanja\",\"isPartOf\":{\"@id\":\"https:\\\/\\\/www.berg-freunde.at\\\/blog\\\/#website\"},\"primaryImageOfPage\":{\"@id\":\"https:\\\/\\\/www.berg-freunde.at\\\/blog\\\/interview-klima-und-umweltschutz\\\/#primaryimage\"},\"image\":{\"@id\":\"https:\\\/\\\/www.berg-freunde.at\\\/blog\\\/interview-klima-und-umweltschutz\\\/#primaryimage\"},\"thumbnailUrl\":\"https:\\\/\\\/www.berg-freunde.at\\\/blog\\\/wp-content\\\/uploads\\\/2023\\\/02\\\/Header_AU2P7206_Titel-1.jpg\",\"datePublished\":\"2023-02-06T11:03:14+00:00\",\"dateModified\":\"2026-02-24T08:15:21+00:00\",\"description\":\"Wie sieht eigentlich Klimaschutz bei den Bergfreunden aus? Erfahre, was wir seit 2019 erreicht haben, um nachhaltiger zu wirtschaften.\",\"breadcrumb\":{\"@id\":\"https:\\\/\\\/www.berg-freunde.at\\\/blog\\\/interview-klima-und-umweltschutz\\\/#breadcrumb\"},\"inLanguage\":\"de-AT\",\"potentialAction\":[{\"@type\":\"ReadAction\",\"target\":[\"https:\\\/\\\/www.berg-freunde.at\\\/blog\\\/interview-klima-und-umweltschutz\\\/\"]}]},{\"@type\":\"ImageObject\",\"inLanguage\":\"de-AT\",\"@id\":\"https:\\\/\\\/www.berg-freunde.at\\\/blog\\\/interview-klima-und-umweltschutz\\\/#primaryimage\",\"url\":\"https:\\\/\\\/www.berg-freunde.at\\\/blog\\\/wp-content\\\/uploads\\\/2023\\\/02\\\/Header_AU2P7206_Titel-1.jpg\",\"contentUrl\":\"https:\\\/\\\/www.berg-freunde.at\\\/blog\\\/wp-content\\\/uploads\\\/2023\\\/02\\\/Header_AU2P7206_Titel-1.jpg\",\"width\":1440,\"height\":960},{\"@type\":\"BreadcrumbList\",\"@id\":\"https:\\\/\\\/www.berg-freunde.at\\\/blog\\\/interview-klima-und-umweltschutz\\\/#breadcrumb\",\"itemListElement\":[{\"@type\":\"ListItem\",\"position\":1,\"name\":\"Blog\",\"item\":\"https:\\\/\\\/www.berg-freunde.at\\\/blog\\\/\"},{\"@type\":\"ListItem\",\"position\":2,\"name\":\"Bergfreunde\",\"item\":\"https:\\\/\\\/www.berg-freunde.at\\\/blog\\\/category\\\/bergfreunde\\\/\"},{\"@type\":\"ListItem\",\"position\":3,\"name\":\"Klima- und Umweltschutz &#8211; Interview mit Tanja\"}]},{\"@type\":\"WebSite\",\"@id\":\"https:\\\/\\\/www.berg-freunde.at\\\/blog\\\/#website\",\"url\":\"https:\\\/\\\/www.berg-freunde.at\\\/blog\\\/\",\"name\":\"Bergfreunde\",\"description\":\"Blog\",\"publisher\":{\"@id\":\"https:\\\/\\\/www.berg-freunde.at\\\/blog\\\/#organization\"},\"potentialAction\":[{\"@type\":\"SearchAction\",\"target\":{\"@type\":\"EntryPoint\",\"urlTemplate\":\"https:\\\/\\\/www.berg-freunde.at\\\/blog\\\/?s={search_term_string}\"},\"query-input\":{\"@type\":\"PropertyValueSpecification\",\"valueRequired\":true,\"valueName\":\"search_term_string\"}}],\"inLanguage\":\"de-AT\"},{\"@type\":\"Organization\",\"@id\":\"https:\\\/\\\/www.berg-freunde.at\\\/blog\\\/#organization\",\"name\":\"Bergfreunde\",\"url\":\"https:\\\/\\\/www.berg-freunde.at\\\/blog\\\/\",\"logo\":{\"@type\":\"ImageObject\",\"inLanguage\":\"de-AT\",\"@id\":\"https:\\\/\\\/www.berg-freunde.at\\\/blog\\\/#\\\/schema\\\/logo\\\/image\\\/\",\"url\":\"https:\\\/\\\/www.berg-freunde.at\\\/blog\\\/wp-content\\\/uploads\\\/2023\\\/12\\\/Bergfreunde_DE_rgb.svg\",\"contentUrl\":\"https:\\\/\\\/www.berg-freunde.at\\\/blog\\\/wp-content\\\/uploads\\\/2023\\\/12\\\/Bergfreunde_DE_rgb.svg\",\"caption\":\"Bergfreunde\"},\"image\":{\"@id\":\"https:\\\/\\\/www.berg-freunde.at\\\/blog\\\/#\\\/schema\\\/logo\\\/image\\\/\"},\"sameAs\":[\"https:\\\/\\\/www.facebook.com\\\/bergfreunde\",\"https:\\\/\\\/www.instagram.com\\\/bergfreundede\\\/\"]},{\"@type\":\"Person\",\"@id\":\"https:\\\/\\\/www.berg-freunde.at\\\/blog\\\/#\\\/schema\\\/person\\\/b2501727decd6d6c101a99837dfde824\",\"name\":\"Gastautorin\",\"url\":\"https:\\\/\\\/www.berg-freunde.at\\\/blog\\\/about\\\/gastautorin\\\/\"}]}<\/script>\n<!-- \/ Yoast SEO Premium plugin. -->","yoast_head_json":{"title":"Klima- und Umweltschutz - Interview mit Tanja","description":"Wie sieht eigentlich Klimaschutz bei den Bergfreunden aus? Erfahre, was wir seit 2019 erreicht haben, um nachhaltiger zu wirtschaften.","robots":{"index":"noindex","follow":"follow"},"og_locale":"de_DE","og_type":"article","og_title":"Klima- und Umweltschutz - Interview mit Tanja","og_description":"Wie sieht eigentlich Klimaschutz bei den Bergfreunden aus? Erfahre, was wir seit 2019 erreicht haben, um nachhaltiger zu wirtschaften.","og_url":"https:\/\/www.berg-freunde.at\/blog\/interview-klima-und-umweltschutz\/","og_site_name":"Bergfreunde","article_publisher":"https:\/\/www.facebook.com\/bergfreunde","article_published_time":"2023-02-06T11:03:14+00:00","article_modified_time":"2026-02-24T08:15:21+00:00","og_image":[{"width":1440,"height":960,"url":"https:\/\/www.alpinetrek.co.uk\/blog\/wp-content\/uploads\/2023\/02\/Header_AU2P7206_Titel-1.jpg","type":"image\/jpeg"}],"author":"Gastautorin","twitter_card":"summary_large_image","twitter_misc":{"Verfasst von":"Gastautorin","Gesch\u00e4tzte Lesezeit":"3 Minuten"},"schema":{"@context":"https:\/\/schema.org","@graph":[{"@type":["Article","BlogPosting"],"@id":"https:\/\/www.berg-freunde.at\/blog\/interview-klima-und-umweltschutz\/#article","isPartOf":{"@id":"https:\/\/www.berg-freunde.at\/blog\/interview-klima-und-umweltschutz\/"},"author":{"name":"Gastautorin","@id":"https:\/\/www.berg-freunde.at\/blog\/#\/schema\/person\/b2501727decd6d6c101a99837dfde824"},"headline":"Klima- und Umweltschutz &#8211; Interview mit Tanja","datePublished":"2023-02-06T11:03:14+00:00","dateModified":"2026-02-24T08:15:21+00:00","mainEntityOfPage":{"@id":"https:\/\/www.berg-freunde.at\/blog\/interview-klima-und-umweltschutz\/"},"wordCount":660,"commentCount":0,"publisher":{"@id":"https:\/\/www.berg-freunde.at\/blog\/#organization"},"image":{"@id":"https:\/\/www.berg-freunde.at\/blog\/interview-klima-und-umweltschutz\/#primaryimage"},"thumbnailUrl":"https:\/\/www.berg-freunde.at\/blog\/wp-content\/uploads\/2023\/02\/Header_AU2P7206_Titel-1.jpg","keywords":["Nachhaltig leben"],"articleSection":["Bergfreunde","Unkategorisiert"],"inLanguage":"de-AT","potentialAction":[{"@type":"CommentAction","name":"Comment","target":["https:\/\/www.berg-freunde.at\/blog\/interview-klima-und-umweltschutz\/#respond"]}]},{"@type":"WebPage","@id":"https:\/\/www.berg-freunde.at\/blog\/interview-klima-und-umweltschutz\/","url":"https:\/\/www.berg-freunde.at\/blog\/interview-klima-und-umweltschutz\/","name":"Klima- und Umweltschutz - Interview mit Tanja","isPartOf":{"@id":"https:\/\/www.berg-freunde.at\/blog\/#website"},"primaryImageOfPage":{"@id":"https:\/\/www.berg-freunde.at\/blog\/interview-klima-und-umweltschutz\/#primaryimage"},"image":{"@id":"https:\/\/www.berg-freunde.at\/blog\/interview-klima-und-umweltschutz\/#primaryimage"},"thumbnailUrl":"https:\/\/www.berg-freunde.at\/blog\/wp-content\/uploads\/2023\/02\/Header_AU2P7206_Titel-1.jpg","datePublished":"2023-02-06T11:03:14+00:00","dateModified":"2026-02-24T08:15:21+00:00","description":"Wie sieht eigentlich Klimaschutz bei den Bergfreunden aus? Erfahre, was wir seit 2019 erreicht haben, um nachhaltiger zu wirtschaften.","breadcrumb":{"@id":"https:\/\/www.berg-freunde.at\/blog\/interview-klima-und-umweltschutz\/#breadcrumb"},"inLanguage":"de-AT","potentialAction":[{"@type":"ReadAction","target":["https:\/\/www.berg-freunde.at\/blog\/interview-klima-und-umweltschutz\/"]}]},{"@type":"ImageObject","inLanguage":"de-AT","@id":"https:\/\/www.berg-freunde.at\/blog\/interview-klima-und-umweltschutz\/#primaryimage","url":"https:\/\/www.berg-freunde.at\/blog\/wp-content\/uploads\/2023\/02\/Header_AU2P7206_Titel-1.jpg","contentUrl":"https:\/\/www.berg-freunde.at\/blog\/wp-content\/uploads\/2023\/02\/Header_AU2P7206_Titel-1.jpg","width":1440,"height":960},{"@type":"BreadcrumbList","@id":"https:\/\/www.berg-freunde.at\/blog\/interview-klima-und-umweltschutz\/#breadcrumb","itemListElement":[{"@type":"ListItem","position":1,"name":"Blog","item":"https:\/\/www.berg-freunde.at\/blog\/"},{"@type":"ListItem","position":2,"name":"Bergfreunde","item":"https:\/\/www.berg-freunde.at\/blog\/category\/bergfreunde\/"},{"@type":"ListItem","position":3,"name":"Klima- und Umweltschutz &#8211; Interview mit Tanja"}]},{"@type":"WebSite","@id":"https:\/\/www.berg-freunde.at\/blog\/#website","url":"https:\/\/www.berg-freunde.at\/blog\/","name":"Bergfreunde","description":"Blog","publisher":{"@id":"https:\/\/www.berg-freunde.at\/blog\/#organization"},"potentialAction":[{"@type":"SearchAction","target":{"@type":"EntryPoint","urlTemplate":"https:\/\/www.berg-freunde.at\/blog\/?s={search_term_string}"},"query-input":{"@type":"PropertyValueSpecification","valueRequired":true,"valueName":"search_term_string"}}],"inLanguage":"de-AT"},{"@type":"Organization","@id":"https:\/\/www.berg-freunde.at\/blog\/#organization","name":"Bergfreunde","url":"https:\/\/www.berg-freunde.at\/blog\/","logo":{"@type":"ImageObject","inLanguage":"de-AT","@id":"https:\/\/www.berg-freunde.at\/blog\/#\/schema\/logo\/image\/","url":"https:\/\/www.berg-freunde.at\/blog\/wp-content\/uploads\/2023\/12\/Bergfreunde_DE_rgb.svg","contentUrl":"https:\/\/www.berg-freunde.at\/blog\/wp-content\/uploads\/2023\/12\/Bergfreunde_DE_rgb.svg","caption":"Bergfreunde"},"image":{"@id":"https:\/\/www.berg-freunde.at\/blog\/#\/schema\/logo\/image\/"},"sameAs":["https:\/\/www.facebook.com\/bergfreunde","https:\/\/www.instagram.com\/bergfreundede\/"]},{"@type":"Person","@id":"https:\/\/www.berg-freunde.at\/blog\/#\/schema\/person\/b2501727decd6d6c101a99837dfde824","name":"Gastautorin","url":"https:\/\/www.berg-freunde.at\/blog\/about\/gastautorin\/"}]}},"_links":{"self":[{"href":"https:\/\/www.berg-freunde.at\/blog\/wp-json\/wp\/v2\/posts\/77516","targetHints":{"allow":["GET"]}}],"collection":[{"href":"https:\/\/www.berg-freunde.at\/blog\/wp-json\/wp\/v2\/posts"}],"about":[{"href":"https:\/\/www.berg-freunde.at\/blog\/wp-json\/wp\/v2\/types\/post"}],"author":[{"embeddable":true,"href":"https:\/\/www.berg-freunde.at\/blog\/wp-json\/wp\/v2\/users\/25"}],"replies":[{"embeddable":true,"href":"https:\/\/www.berg-freunde.at\/blog\/wp-json\/wp\/v2\/comments?post=77516"}],"version-history":[{"count":2,"href":"https:\/\/www.berg-freunde.at\/blog\/wp-json\/wp\/v2\/posts\/77516\/revisions"}],"predecessor-version":[{"id":130919,"href":"https:\/\/www.berg-freunde.at\/blog\/wp-json\/wp\/v2\/posts\/77516\/revisions\/130919"}],"wp:featuredmedia":[{"embeddable":true,"href":"https:\/\/www.berg-freunde.at\/blog\/wp-json\/wp\/v2\/media\/79244"}],"wp:attachment":[{"href":"https:\/\/www.berg-freunde.at\/blog\/wp-json\/wp\/v2\/media?parent=77516"}],"wp:term":[{"taxonomy":"category","embeddable":true,"href":"https:\/\/www.berg-freunde.at\/blog\/wp-json\/wp\/v2\/categories?post=77516"},{"taxonomy":"post_tag","embeddable":true,"href":"https:\/\/www.berg-freunde.at\/blog\/wp-json\/wp\/v2\/tags?post=77516"},{"taxonomy":"post_folder","embeddable":true,"href":"https:\/\/www.berg-freunde.at\/blog\/wp-json\/wp\/v2\/post_folder?post=77516"}],"curies":[{"name":"wp","href":"https:\/\/api.w.org\/{rel}","templated":true}]}}