{"id":71485,"date":"2014-05-06T13:32:27","date_gmt":"2014-05-06T11:32:27","guid":{"rendered":"https:\/\/www.bergfreunde.de\/blog\/der-kletter-knigge-oder-wie-man-sich-echt-unbeliebt-machen-kann\/"},"modified":"2026-01-23T09:34:13","modified_gmt":"2026-01-23T08:34:13","slug":"der-kletter-knigge","status":"publish","type":"post","link":"https:\/\/www.berg-freunde.at\/blog\/der-kletter-knigge\/","title":{"rendered":"Der Kletter-Knigge oder wie man sich echt unbeliebt machen kann"},"content":{"rendered":"\n<p>Sch\u00f6nster Sonnenschein, nicht zu hei\u00df, eine Traumwand mit herrlichen Routen, die V\u00f6gel zwitschern, Du hast Dich gerade eingebunden zum Klettern und dann das &#8230; der Typ neben Dir in der Route flucht sich die Seele aus dem Leib, ein W\u00f6lkchen von Chemie-Klo weht Dir um die Nase, und gleichzeitig versuchst Du, mit den nackten F\u00fc\u00dfen die Glasscherben beim Bouldern auf dem Boden zu umgehen.<\/p>\n\n\n<div class=\"wp-block-image\">\n<figure class=\"alignright is-resized\"><a href=\"https:\/\/www.bergfreunde.de\/blog\/wp-content\/uploads\/2021\/05\/vollen-Wandfuss.jpg\"><img decoding=\"async\" src=\"https:\/\/www.bergfreunde.de\/blog\/wp-content\/uploads\/2021\/05\/vollen-Wandfuss.jpg\" alt=\"Am Wandfuss kann es schon mal voll werden\" class=\"wp-image-18550\" style=\"width:351px;height:235px\"\/><\/a><figcaption class=\"wp-element-caption\">Am Wandfuss kann es schon mal voll werden<\/figcaption><\/figure>\n<\/div>\n\n\n<p>Kennt Ihr das auch? Da kann einem echt die Hutschnur gehen. Da hat man sich frei genommen und freut sich auf einen wundersch\u00f6nen Tag am Fels, und dann kommt da so ein Kletterrambo daher und verhagelt einem das sch\u00f6ne Erlebnis. Hier daher eine kleine Sammlung, was man nicht machen sollte, als Anregung f\u00fcr alle, die sich in der einen oder anderen Beschreibung wiedererkennen sollten ;-).<\/p>\n\n\n\n<h2 class=\"wp-block-heading\" id=\"h-die-unbelehrbaren\">Die Unbelehrbaren<\/h2>\n\n\n\n<p>Die Wissensl\u00fccken beim Klettern sind leider viel zu oft echt gruselig. Darauf angesprochen reagieren die &#8222;\u00dcbelt\u00e4ter&#8220; allerdings vollkommen unterschiedlich. Einige sind dankbar \u00fcber das Mitdenken und Mitschauen und freuen sich \u00fcber das Mehr an Wissen und Sicherheit.<\/p>\n\n\n\n<p>Andere jedoch, puh die spricht man kein zweites Mal an. Denn kaum angesprochen wird man mit Blicken schier durchbohrt und bekommt die Antwort wie einen nassen Waschlappen vor den Latz geknallt: &#8222;Das mache ich seit 20 Jahren so und es ist noch nie etwas passiert!&#8220; Echt schade, denn nicht nur, dass Fehler einfach weitergemacht werden, denn auch das freundliche Miteinander beim Klettern wird so mit F\u00fc\u00dfen getreten und die Stimmung nachhaltig verpestet. Besonders \u00e4rgerlich, weil das h\u00e4ufig mit erfahrenen Kletterern geschieht.<\/p>\n\n\n\n<h2 class=\"wp-block-heading\" id=\"h-die-inseldenker\">Die Inseldenker<\/h2>\n\n\n<div class=\"wp-block-image\">\n<figure class=\"alignright is-resized\"><a href=\"https:\/\/www.bergfreunde.de\/blog\/wp-content\/uploads\/2021\/05\/Verbotsschilder.jpg\"><img decoding=\"async\" src=\"https:\/\/www.bergfreunde.de\/blog\/wp-content\/uploads\/2021\/05\/Verbotsschilder.jpg\" alt=\"Ein Schild scheint nicht zu reichen\" class=\"wp-image-18554\" style=\"width:251px;height:377px\"\/><\/a><figcaption class=\"wp-element-caption\">Ein Schild scheint nicht zu reichen<\/figcaption><\/figure>\n<\/div>\n\n\n<p>Umwelt, Flora und Fauna sind ihnen unbekannt und &#8222;nach mir die Sinnflut&#8220; geh\u00f6rt zu ihrem Lebensmotto. Sie gehen davon aus, dass die Natur sich an Abfall nicht st\u00f6rt, Tiere die Gesellschaft von Menschen \u00e4u\u00dferst sch\u00e4tzen (besonders wenn sie br\u00fcten) und nach ihrem Besuch sicher jemand kommt, der ihre Exkremente und andere Hinterlassenschaften wieder wegr\u00e4umt. Klappt ja in der Halle auch super.<\/p>\n\n\n\n<p>Und Verbotsschilder, Sperrzeiten, Parkverbote sind ihnen gleich ganz egal.<\/p>\n\n\n\n<h2 class=\"wp-block-heading\" id=\"h-die-routenreservierer\">Die Routenreservierer<\/h2>\n\n\n\n<p>Ja, manche Hallen oder Kletterg\u00e4rten sind \u00fcberf\u00fcllt und ja, es ist echt sau nervig f\u00fcr eine Kletterroute warten oder gar anstehen zu m\u00fcssen. Aber Routen reservieren und weggehen oder eine andere Klettern geht gar nicht.<\/p>\n\n\n\n<h2 class=\"wp-block-heading\" id=\"h-die-alleinunterhalter\">Die Alleinunterhalter<\/h2>\n\n\n\n<p>Gibts es in allen m\u00f6glichen Ausf\u00fchrungen. Das geht alleine, also <strong>mit sich in der Wand<\/strong>, z.B. Kletterer, die lauter st\u00f6hnen als eigentlich n\u00f6tig und das bei jedem Zug, permanent schreien \u00e0 la Chris Sharma oder Selbstgespr\u00e4che so laut f\u00fchren, dass man auch drei Routen weiter bestens im Bilde ist, was gerade Sache ist.<\/p>\n\n\n\n<p><strong>Am Wandfuss<\/strong> wird die Musik aufgedreht und einfach mal davon ausgegangen, dass alle Anwesenden den gleichen Musikgeschmack haben. Hallo, Vogelgezwitscher? Wie spie\u00dfig ist das denn?<\/p>\n\n\n\n<h2 class=\"wp-block-heading\" id=\"h-die-draussen-am-umlenker-toproper\">Die Drau\u00dfen-am-Umlenker-Toproper<\/h2>\n\n\n\n<p>Drau\u00dfen wie in der Halle das Seil in den Umlenker einh\u00e4ngen und dann stundenlang dar\u00fcber topropen? Drau\u00dfen Klettern ist nun mal anders, und dazu geh\u00f6rt auch, dass man das vorhandene Material nicht unn\u00f6tig belastet. Leider findet man immer wieder Umlenker und Schnapper die schwer angeschliffen sind, was nicht nur \u00e4rgerlich und teuer ist, sondern auch echt gef\u00e4hrlich werden kann.<\/p>\n\n\n\n<p>Gegen topropen ist ja nichts zu sagen, aber dann bitte zwei Exen gegenl\u00e4ufig in den Umlenker einh\u00e4ngen und dar\u00fcber topropen, so schont man das Fix-Material.<\/p>\n\n\n\n<h2 class=\"wp-block-heading\" id=\"h-nicht-kleckern-klotzen\">Nicht kleckern, klotzen<\/h2>\n\n\n<div class=\"wp-block-image\">\n<figure class=\"alignright is-resized\"><a href=\"https:\/\/www.bergfreunde.de\/blog\/wp-content\/uploads\/2021\/05\/Tickmarks-scaled.jpg\"><img decoding=\"async\" src=\"https:\/\/www.bergfreunde.de\/blog\/wp-content\/uploads\/2021\/05\/Tickmarks-scaled.jpg\" alt=\"Tickmarks in Perfektion\" class=\"wp-image-18551\" style=\"width:250px;height:364px\"\/><\/a><figcaption class=\"wp-element-caption\">Tickmarks in Perfektion<\/figcaption><\/figure>\n<\/div>\n\n\n<p>Ist Magnesium nicht ein Naturprodukt? Daher kann man es ruhig in H\u00fclle und F\u00fclle einsetzen und \u00fcberhaupt bringt es doch nur was (vor allem f\u00fcr die Psyche) wenn man alles so richtig sch\u00f6n best\u00e4ubt.<\/p>\n\n\n\n<p>Und au\u00dferdem eignet es sich ja auch ganz wunderbar, um die Griffe zu markieren, denn dann ist es wie in der Halle, man sieht genau, wo man hingreifen muss. Hinterher wegmachen? Warum das denn, dann m\u00fcssen die anderen ja auch wieder und der Regen wird das schon machen (na klar, auch im \u00dcberhang).<\/p>\n\n\n\n<p><strong>Streitgespr\u00e4che von Route zu Wandfu\u00df<\/strong>: Sehr beliebt bei P\u00e4rchen, wenn sie nicht richtig sichert, und dadurch bei ihm (nat\u00fcrlich nur deshalb) der Durchstieg nix wurde. Oder auch von unten nach oben (20m bei starkem Wind): &#8222;Der Tritt mit rechts &#8230; nein mit rechts. Mit rehechts. H\u00f6rst Du schlecht? Der rechte Fu\u00df. &#8230; ok, oder so.&#8220;<\/p>\n\n\n\n<p>Allen gemein ist, dass ihre Umwelt zwangsl\u00e4ufig und ohne ihr Zutun in fremde Angelegenheiten mit einbezogen werden. B\u00f6se Blicke prallen an ihnen ab. Da ist nichts zu machen.<\/p>\n\n\n\n<h2 class=\"wp-block-heading\" id=\"h-die-naturburschen\">Die Naturburschen<\/h2>\n\n\n\n<p><a href=\"https:\/\/www.berg-freunde.at\/schwitzrate-sport-rechner\/\">Schwei\u00df<\/a> ist doch was ganz nat\u00fcrliches und warum sollte der jemanden st\u00f6ren? Also auch in Form von Fu\u00dfschwei\u00df auf Griffen, weil man barfu\u00df gebouldert hat, oder wenn Mann nassgeschwitzt oben ohne auf die Bouldermatte klatscht und dort eine nette Chalk-Schwei\u00df-Brei-Spur hinterl\u00e4\u00dft?<\/p>\n\n\n\n<h2 class=\"wp-block-heading\" id=\"h-die-oberkonner\">Die Oberk\u00f6nner<\/h2>\n\n\n<div class=\"wp-block-image\">\n<figure class=\"alignleft is-resized\"><a href=\"https:\/\/www.bergfreunde.de\/blog\/wp-content\/uploads\/2021\/05\/Matschschuhe.jpg\"><img decoding=\"async\" src=\"https:\/\/www.bergfreunde.de\/blog\/wp-content\/uploads\/2021\/05\/Matschschuhe.jpg\" alt=\"Erste Schuhe wechseln, dann anbouldern\" class=\"wp-image-18552\" style=\"width:349px;height:233px\"\/><\/a><figcaption class=\"wp-element-caption\">Erste Schuhe wechseln, dann anbouldern<\/figcaption><\/figure>\n<\/div>\n\n\n<p>Ein \u00fcberaus sympatischer Menschenschlag, verpassen sie es doch nie einen darauf hinzuweisen, was man besser machen k\u00f6nnte. Implizit hei\u00dft dass, das er\/sie ohnehin viel besser klettert, und sich an dieser Stelle nat\u00fcrlich noch nie so d\u00e4mlich angestellt hat. Aber hey -Anf\u00e4nger, was will man da schon erwarten? Lieber gleich mal stecken, wer hier der Platzhirsch ist.<\/p>\n\n\n\n<h2 class=\"wp-block-heading\" id=\"h-die-matschsteiger\">Die Matschsteiger<\/h2>\n\n\n\n<p>Laufen mit den Stiefeln durch Schlamm und Matsch, und, kaum angekommen an der Wand, testen sie die ersten Z\u00fcge, ohne die Schuhe zu wechseln. Da werden dann fr\u00f6hlich der Matsch, der Sand und die Kuhschei\u00dfe in die Tritte geschmiert, und der Nachfolger hat das Nachsehen.<\/p>\n\n\n\n<p>Warum nicht einfach kurz die Schuhe wechseln?<\/p>\n\n\n\n<p>Zuletzt aktualisiert: 27.07.2023<\/p>\n","protected":false},"excerpt":{"rendered":"<p>Sch\u00f6nster Sonnenschein, nicht zu hei\u00df, eine Traumwand mit herrlichen Routen, die V\u00f6gel zwitschern, Du hast Dich gerade eingebunden zum Klettern und dann das &#8230; der Typ neben Dir in der Route flucht sich die Seele aus dem Leib, ein W\u00f6lkchen von Chemie-Klo weht Dir um die Nase, und gleichzeitig versuchst Du, mit den nackten F\u00fc\u00dfen [&hellip;]<\/p>\n","protected":false},"author":25,"featured_media":97433,"comment_status":"open","ping_status":"closed","sticky":false,"template":"","format":"standard","meta":{"_acf_changed":false,"footnotes":""},"categories":[296],"tags":[],"post_folder":[],"class_list":["post-71485","post","type-post","status-publish","format-standard","has-post-thumbnail","hentry","category-menschen-meinungen"],"acf":[],"yoast_head":"<!-- This site is optimized with the Yoast SEO Premium plugin v27.4 (Yoast SEO v27.4) - https:\/\/yoast.com\/product\/yoast-seo-premium-wordpress\/ -->\n<title>Der Kletter-Knigge oder wie man sich echt unbeliebt machen kann<\/title>\n<meta name=\"description\" content=\"Die Wissenl\u00fccken beim Klettern sind leider oft gruselig. Darauf angesprochen reagieren die &quot;\u00dcbelt\u00e4ter&quot; allerdings vollkommen unterschiedlich.\" \/>\n<meta name=\"robots\" content=\"index, follow, max-snippet:-1, max-image-preview:large, max-video-preview:-1\" \/>\n<link rel=\"canonical\" href=\"https:\/\/www.berg-freunde.at\/blog\/der-kletter-knigge\/\" \/>\n<meta property=\"og:locale\" content=\"de_DE\" \/>\n<meta property=\"og:type\" content=\"article\" \/>\n<meta property=\"og:title\" content=\"Der Kletter-Knigge oder wie man sich echt unbeliebt machen kann\" \/>\n<meta property=\"og:description\" content=\"Die Wissenl\u00fccken beim Klettern sind leider oft gruselig. Darauf angesprochen reagieren die &quot;\u00dcbelt\u00e4ter&quot; allerdings vollkommen unterschiedlich.\" \/>\n<meta property=\"og:url\" content=\"https:\/\/www.berg-freunde.at\/blog\/der-kletter-knigge\/\" \/>\n<meta property=\"og:site_name\" content=\"Bergfreunde\" \/>\n<meta property=\"article:publisher\" content=\"https:\/\/www.facebook.com\/bergfreunde\" \/>\n<meta property=\"article:published_time\" content=\"2014-05-06T11:32:27+00:00\" \/>\n<meta property=\"article:modified_time\" content=\"2026-01-23T08:34:13+00:00\" \/>\n<meta property=\"og:image\" content=\"https:\/\/www.berg-freunde.at\/blog\/wp-content\/uploads\/2014\/05\/20230727_Kletter-Knigge_Titel.jpg\" \/>\n\t<meta property=\"og:image:width\" content=\"1440\" \/>\n\t<meta property=\"og:image:height\" content=\"590\" \/>\n\t<meta property=\"og:image:type\" content=\"image\/jpeg\" \/>\n<meta name=\"author\" content=\"Gastautorin\" \/>\n<meta name=\"twitter:card\" content=\"summary_large_image\" \/>\n<meta name=\"twitter:label1\" content=\"Verfasst von\" \/>\n\t<meta name=\"twitter:data1\" content=\"Gastautorin\" \/>\n\t<meta name=\"twitter:label2\" content=\"Gesch\u00e4tzte Lesezeit\" \/>\n\t<meta name=\"twitter:data2\" content=\"5 Minuten\" \/>\n<script type=\"application\/ld+json\" class=\"yoast-schema-graph\">{\"@context\":\"https:\\\/\\\/schema.org\",\"@graph\":[{\"@type\":[\"Article\",\"BlogPosting\"],\"@id\":\"https:\\\/\\\/www.berg-freunde.at\\\/blog\\\/der-kletter-knigge\\\/#article\",\"isPartOf\":{\"@id\":\"https:\\\/\\\/www.berg-freunde.at\\\/blog\\\/der-kletter-knigge\\\/\"},\"author\":{\"name\":\"Gastautorin\",\"@id\":\"https:\\\/\\\/www.berg-freunde.at\\\/blog\\\/#\\\/schema\\\/person\\\/b2501727decd6d6c101a99837dfde824\"},\"headline\":\"Der Kletter-Knigge oder wie man sich echt unbeliebt machen kann\",\"datePublished\":\"2014-05-06T11:32:27+00:00\",\"dateModified\":\"2026-01-23T08:34:13+00:00\",\"mainEntityOfPage\":{\"@id\":\"https:\\\/\\\/www.berg-freunde.at\\\/blog\\\/der-kletter-knigge\\\/\"},\"wordCount\":949,\"commentCount\":4,\"publisher\":{\"@id\":\"https:\\\/\\\/www.berg-freunde.at\\\/blog\\\/#organization\"},\"image\":{\"@id\":\"https:\\\/\\\/www.berg-freunde.at\\\/blog\\\/der-kletter-knigge\\\/#primaryimage\"},\"thumbnailUrl\":\"https:\\\/\\\/www.berg-freunde.at\\\/blog\\\/wp-content\\\/uploads\\\/2014\\\/05\\\/20230727_Kletter-Knigge_Titel.jpg\",\"articleSection\":[\"Menschen &amp; Meinungen\"],\"inLanguage\":\"de-AT\",\"potentialAction\":[{\"@type\":\"CommentAction\",\"name\":\"Comment\",\"target\":[\"https:\\\/\\\/www.berg-freunde.at\\\/blog\\\/der-kletter-knigge\\\/#respond\"]}]},{\"@type\":\"WebPage\",\"@id\":\"https:\\\/\\\/www.berg-freunde.at\\\/blog\\\/der-kletter-knigge\\\/\",\"url\":\"https:\\\/\\\/www.berg-freunde.at\\\/blog\\\/der-kletter-knigge\\\/\",\"name\":\"Der Kletter-Knigge oder wie man sich echt unbeliebt machen kann\",\"isPartOf\":{\"@id\":\"https:\\\/\\\/www.berg-freunde.at\\\/blog\\\/#website\"},\"primaryImageOfPage\":{\"@id\":\"https:\\\/\\\/www.berg-freunde.at\\\/blog\\\/der-kletter-knigge\\\/#primaryimage\"},\"image\":{\"@id\":\"https:\\\/\\\/www.berg-freunde.at\\\/blog\\\/der-kletter-knigge\\\/#primaryimage\"},\"thumbnailUrl\":\"https:\\\/\\\/www.berg-freunde.at\\\/blog\\\/wp-content\\\/uploads\\\/2014\\\/05\\\/20230727_Kletter-Knigge_Titel.jpg\",\"datePublished\":\"2014-05-06T11:32:27+00:00\",\"dateModified\":\"2026-01-23T08:34:13+00:00\",\"description\":\"Die Wissenl\u00fccken beim Klettern sind leider oft gruselig. Darauf angesprochen reagieren die \\\"\u00dcbelt\u00e4ter\\\" allerdings vollkommen unterschiedlich.\",\"breadcrumb\":{\"@id\":\"https:\\\/\\\/www.berg-freunde.at\\\/blog\\\/der-kletter-knigge\\\/#breadcrumb\"},\"inLanguage\":\"de-AT\",\"potentialAction\":[{\"@type\":\"ReadAction\",\"target\":[\"https:\\\/\\\/www.berg-freunde.at\\\/blog\\\/der-kletter-knigge\\\/\"]}]},{\"@type\":\"ImageObject\",\"inLanguage\":\"de-AT\",\"@id\":\"https:\\\/\\\/www.berg-freunde.at\\\/blog\\\/der-kletter-knigge\\\/#primaryimage\",\"url\":\"https:\\\/\\\/www.berg-freunde.at\\\/blog\\\/wp-content\\\/uploads\\\/2014\\\/05\\\/20230727_Kletter-Knigge_Titel.jpg\",\"contentUrl\":\"https:\\\/\\\/www.berg-freunde.at\\\/blog\\\/wp-content\\\/uploads\\\/2014\\\/05\\\/20230727_Kletter-Knigge_Titel.jpg\",\"width\":1440,\"height\":590},{\"@type\":\"BreadcrumbList\",\"@id\":\"https:\\\/\\\/www.berg-freunde.at\\\/blog\\\/der-kletter-knigge\\\/#breadcrumb\",\"itemListElement\":[{\"@type\":\"ListItem\",\"position\":1,\"name\":\"Blog\",\"item\":\"https:\\\/\\\/www.berg-freunde.at\\\/blog\\\/\"},{\"@type\":\"ListItem\",\"position\":2,\"name\":\"Bergfreunde\",\"item\":\"https:\\\/\\\/www.berg-freunde.at\\\/blog\\\/category\\\/bergfreunde\\\/\"},{\"@type\":\"ListItem\",\"position\":3,\"name\":\"Menschen &amp; Meinungen\",\"item\":\"https:\\\/\\\/www.berg-freunde.at\\\/blog\\\/category\\\/bergfreunde\\\/menschen-meinungen\\\/\"},{\"@type\":\"ListItem\",\"position\":4,\"name\":\"Der Kletter-Knigge oder wie man sich echt unbeliebt machen kann\"}]},{\"@type\":\"WebSite\",\"@id\":\"https:\\\/\\\/www.berg-freunde.at\\\/blog\\\/#website\",\"url\":\"https:\\\/\\\/www.berg-freunde.at\\\/blog\\\/\",\"name\":\"Bergfreunde\",\"description\":\"Blog\",\"publisher\":{\"@id\":\"https:\\\/\\\/www.berg-freunde.at\\\/blog\\\/#organization\"},\"potentialAction\":[{\"@type\":\"SearchAction\",\"target\":{\"@type\":\"EntryPoint\",\"urlTemplate\":\"https:\\\/\\\/www.berg-freunde.at\\\/blog\\\/?s={search_term_string}\"},\"query-input\":{\"@type\":\"PropertyValueSpecification\",\"valueRequired\":true,\"valueName\":\"search_term_string\"}}],\"inLanguage\":\"de-AT\"},{\"@type\":\"Organization\",\"@id\":\"https:\\\/\\\/www.berg-freunde.at\\\/blog\\\/#organization\",\"name\":\"Bergfreunde\",\"url\":\"https:\\\/\\\/www.berg-freunde.at\\\/blog\\\/\",\"logo\":{\"@type\":\"ImageObject\",\"inLanguage\":\"de-AT\",\"@id\":\"https:\\\/\\\/www.berg-freunde.at\\\/blog\\\/#\\\/schema\\\/logo\\\/image\\\/\",\"url\":\"https:\\\/\\\/www.berg-freunde.at\\\/blog\\\/wp-content\\\/uploads\\\/2023\\\/12\\\/Bergfreunde_DE_rgb.svg\",\"contentUrl\":\"https:\\\/\\\/www.berg-freunde.at\\\/blog\\\/wp-content\\\/uploads\\\/2023\\\/12\\\/Bergfreunde_DE_rgb.svg\",\"caption\":\"Bergfreunde\"},\"image\":{\"@id\":\"https:\\\/\\\/www.berg-freunde.at\\\/blog\\\/#\\\/schema\\\/logo\\\/image\\\/\"},\"sameAs\":[\"https:\\\/\\\/www.facebook.com\\\/bergfreunde\",\"https:\\\/\\\/www.instagram.com\\\/bergfreundede\\\/\"]},{\"@type\":\"Person\",\"@id\":\"https:\\\/\\\/www.berg-freunde.at\\\/blog\\\/#\\\/schema\\\/person\\\/b2501727decd6d6c101a99837dfde824\",\"name\":\"Gastautorin\",\"url\":\"https:\\\/\\\/www.berg-freunde.at\\\/blog\\\/about\\\/gastautorin\\\/\"}]}<\/script>\n<!-- \/ Yoast SEO Premium plugin. -->","yoast_head_json":{"title":"Der Kletter-Knigge oder wie man sich echt unbeliebt machen kann","description":"Die Wissenl\u00fccken beim Klettern sind leider oft gruselig. Darauf angesprochen reagieren die \"\u00dcbelt\u00e4ter\" allerdings vollkommen unterschiedlich.","robots":{"index":"index","follow":"follow","max-snippet":"max-snippet:-1","max-image-preview":"max-image-preview:large","max-video-preview":"max-video-preview:-1"},"canonical":"https:\/\/www.berg-freunde.at\/blog\/der-kletter-knigge\/","og_locale":"de_DE","og_type":"article","og_title":"Der Kletter-Knigge oder wie man sich echt unbeliebt machen kann","og_description":"Die Wissenl\u00fccken beim Klettern sind leider oft gruselig. Darauf angesprochen reagieren die \"\u00dcbelt\u00e4ter\" allerdings vollkommen unterschiedlich.","og_url":"https:\/\/www.berg-freunde.at\/blog\/der-kletter-knigge\/","og_site_name":"Bergfreunde","article_publisher":"https:\/\/www.facebook.com\/bergfreunde","article_published_time":"2014-05-06T11:32:27+00:00","article_modified_time":"2026-01-23T08:34:13+00:00","og_image":[{"width":1440,"height":590,"url":"https:\/\/www.berg-freunde.at\/blog\/wp-content\/uploads\/2014\/05\/20230727_Kletter-Knigge_Titel.jpg","type":"image\/jpeg"}],"author":"Gastautorin","twitter_card":"summary_large_image","twitter_misc":{"Verfasst von":"Gastautorin","Gesch\u00e4tzte Lesezeit":"5 Minuten"},"schema":{"@context":"https:\/\/schema.org","@graph":[{"@type":["Article","BlogPosting"],"@id":"https:\/\/www.berg-freunde.at\/blog\/der-kletter-knigge\/#article","isPartOf":{"@id":"https:\/\/www.berg-freunde.at\/blog\/der-kletter-knigge\/"},"author":{"name":"Gastautorin","@id":"https:\/\/www.berg-freunde.at\/blog\/#\/schema\/person\/b2501727decd6d6c101a99837dfde824"},"headline":"Der Kletter-Knigge oder wie man sich echt unbeliebt machen kann","datePublished":"2014-05-06T11:32:27+00:00","dateModified":"2026-01-23T08:34:13+00:00","mainEntityOfPage":{"@id":"https:\/\/www.berg-freunde.at\/blog\/der-kletter-knigge\/"},"wordCount":949,"commentCount":4,"publisher":{"@id":"https:\/\/www.berg-freunde.at\/blog\/#organization"},"image":{"@id":"https:\/\/www.berg-freunde.at\/blog\/der-kletter-knigge\/#primaryimage"},"thumbnailUrl":"https:\/\/www.berg-freunde.at\/blog\/wp-content\/uploads\/2014\/05\/20230727_Kletter-Knigge_Titel.jpg","articleSection":["Menschen &amp; Meinungen"],"inLanguage":"de-AT","potentialAction":[{"@type":"CommentAction","name":"Comment","target":["https:\/\/www.berg-freunde.at\/blog\/der-kletter-knigge\/#respond"]}]},{"@type":"WebPage","@id":"https:\/\/www.berg-freunde.at\/blog\/der-kletter-knigge\/","url":"https:\/\/www.berg-freunde.at\/blog\/der-kletter-knigge\/","name":"Der Kletter-Knigge oder wie man sich echt unbeliebt machen kann","isPartOf":{"@id":"https:\/\/www.berg-freunde.at\/blog\/#website"},"primaryImageOfPage":{"@id":"https:\/\/www.berg-freunde.at\/blog\/der-kletter-knigge\/#primaryimage"},"image":{"@id":"https:\/\/www.berg-freunde.at\/blog\/der-kletter-knigge\/#primaryimage"},"thumbnailUrl":"https:\/\/www.berg-freunde.at\/blog\/wp-content\/uploads\/2014\/05\/20230727_Kletter-Knigge_Titel.jpg","datePublished":"2014-05-06T11:32:27+00:00","dateModified":"2026-01-23T08:34:13+00:00","description":"Die Wissenl\u00fccken beim Klettern sind leider oft gruselig. Darauf angesprochen reagieren die \"\u00dcbelt\u00e4ter\" allerdings vollkommen unterschiedlich.","breadcrumb":{"@id":"https:\/\/www.berg-freunde.at\/blog\/der-kletter-knigge\/#breadcrumb"},"inLanguage":"de-AT","potentialAction":[{"@type":"ReadAction","target":["https:\/\/www.berg-freunde.at\/blog\/der-kletter-knigge\/"]}]},{"@type":"ImageObject","inLanguage":"de-AT","@id":"https:\/\/www.berg-freunde.at\/blog\/der-kletter-knigge\/#primaryimage","url":"https:\/\/www.berg-freunde.at\/blog\/wp-content\/uploads\/2014\/05\/20230727_Kletter-Knigge_Titel.jpg","contentUrl":"https:\/\/www.berg-freunde.at\/blog\/wp-content\/uploads\/2014\/05\/20230727_Kletter-Knigge_Titel.jpg","width":1440,"height":590},{"@type":"BreadcrumbList","@id":"https:\/\/www.berg-freunde.at\/blog\/der-kletter-knigge\/#breadcrumb","itemListElement":[{"@type":"ListItem","position":1,"name":"Blog","item":"https:\/\/www.berg-freunde.at\/blog\/"},{"@type":"ListItem","position":2,"name":"Bergfreunde","item":"https:\/\/www.berg-freunde.at\/blog\/category\/bergfreunde\/"},{"@type":"ListItem","position":3,"name":"Menschen &amp; Meinungen","item":"https:\/\/www.berg-freunde.at\/blog\/category\/bergfreunde\/menschen-meinungen\/"},{"@type":"ListItem","position":4,"name":"Der Kletter-Knigge oder wie man sich echt unbeliebt machen kann"}]},{"@type":"WebSite","@id":"https:\/\/www.berg-freunde.at\/blog\/#website","url":"https:\/\/www.berg-freunde.at\/blog\/","name":"Bergfreunde","description":"Blog","publisher":{"@id":"https:\/\/www.berg-freunde.at\/blog\/#organization"},"potentialAction":[{"@type":"SearchAction","target":{"@type":"EntryPoint","urlTemplate":"https:\/\/www.berg-freunde.at\/blog\/?s={search_term_string}"},"query-input":{"@type":"PropertyValueSpecification","valueRequired":true,"valueName":"search_term_string"}}],"inLanguage":"de-AT"},{"@type":"Organization","@id":"https:\/\/www.berg-freunde.at\/blog\/#organization","name":"Bergfreunde","url":"https:\/\/www.berg-freunde.at\/blog\/","logo":{"@type":"ImageObject","inLanguage":"de-AT","@id":"https:\/\/www.berg-freunde.at\/blog\/#\/schema\/logo\/image\/","url":"https:\/\/www.berg-freunde.at\/blog\/wp-content\/uploads\/2023\/12\/Bergfreunde_DE_rgb.svg","contentUrl":"https:\/\/www.berg-freunde.at\/blog\/wp-content\/uploads\/2023\/12\/Bergfreunde_DE_rgb.svg","caption":"Bergfreunde"},"image":{"@id":"https:\/\/www.berg-freunde.at\/blog\/#\/schema\/logo\/image\/"},"sameAs":["https:\/\/www.facebook.com\/bergfreunde","https:\/\/www.instagram.com\/bergfreundede\/"]},{"@type":"Person","@id":"https:\/\/www.berg-freunde.at\/blog\/#\/schema\/person\/b2501727decd6d6c101a99837dfde824","name":"Gastautorin","url":"https:\/\/www.berg-freunde.at\/blog\/about\/gastautorin\/"}]}},"_links":{"self":[{"href":"https:\/\/www.berg-freunde.at\/blog\/wp-json\/wp\/v2\/posts\/71485","targetHints":{"allow":["GET"]}}],"collection":[{"href":"https:\/\/www.berg-freunde.at\/blog\/wp-json\/wp\/v2\/posts"}],"about":[{"href":"https:\/\/www.berg-freunde.at\/blog\/wp-json\/wp\/v2\/types\/post"}],"author":[{"embeddable":true,"href":"https:\/\/www.berg-freunde.at\/blog\/wp-json\/wp\/v2\/users\/25"}],"replies":[{"embeddable":true,"href":"https:\/\/www.berg-freunde.at\/blog\/wp-json\/wp\/v2\/comments?post=71485"}],"version-history":[{"count":1,"href":"https:\/\/www.berg-freunde.at\/blog\/wp-json\/wp\/v2\/posts\/71485\/revisions"}],"predecessor-version":[{"id":130205,"href":"https:\/\/www.berg-freunde.at\/blog\/wp-json\/wp\/v2\/posts\/71485\/revisions\/130205"}],"wp:featuredmedia":[{"embeddable":true,"href":"https:\/\/www.berg-freunde.at\/blog\/wp-json\/wp\/v2\/media\/97433"}],"wp:attachment":[{"href":"https:\/\/www.berg-freunde.at\/blog\/wp-json\/wp\/v2\/media?parent=71485"}],"wp:term":[{"taxonomy":"category","embeddable":true,"href":"https:\/\/www.berg-freunde.at\/blog\/wp-json\/wp\/v2\/categories?post=71485"},{"taxonomy":"post_tag","embeddable":true,"href":"https:\/\/www.berg-freunde.at\/blog\/wp-json\/wp\/v2\/tags?post=71485"},{"taxonomy":"post_folder","embeddable":true,"href":"https:\/\/www.berg-freunde.at\/blog\/wp-json\/wp\/v2\/post_folder?post=71485"}],"curies":[{"name":"wp","href":"https:\/\/api.w.org\/{rel}","templated":true}]}}