{"id":71147,"date":"2022-04-29T09:50:00","date_gmt":"2022-04-29T07:50:00","guid":{"rendered":"https:\/\/www.bergfreunde.de\/blog\/lycra-eine-extrem-vielseitige-faser\/"},"modified":"2026-04-28T10:03:09","modified_gmt":"2026-04-28T08:03:09","slug":"lycra-eine-extrem-vielseitige-faser","status":"publish","type":"post","link":"https:\/\/www.berg-freunde.at\/blog\/lycra-eine-extrem-vielseitige-faser\/","title":{"rendered":"Lycra \u2013 eine extrem vielseitige Faser"},"content":{"rendered":"\n<p>Jeder hat schon einmal davon geh\u00f6rt, aber keiner wei\u00df so recht, was sich dahinter verbirgt. Wohin man auch im Bereich der bewegungsintensiven Sportarten blickt, oft f\u00e4llt bei Bekleidung in diesem Zusammenhang der Name Lycra.<\/p>\n\n\n\n<p>Und wenn Lycra nicht direkt genannt wird, dann findet sich im Waschzettel mit der Materialzusammensetzung doch oft ein anderer Name: Elasthan<strong>.<\/strong><\/p>\n\n\n\n<p>Das Material, oder viel eher die <strong>Faser Elasthan<\/strong>, wurde <strong>1959<\/strong> von der <strong>amerikanischen Firma DuPont<\/strong> unter dem Namen <strong>Fibre K<\/strong> entwickelt und auf den Markt gebracht. Ab <strong>1962<\/strong> wurde es dann in gr\u00f6\u00dferem Umfang als <strong>Lycra<\/strong> vertrieben und begann seinen Siegeszug in der <strong>Bekleidungsindustrie<\/strong>. Heute ist Lycra eine Marke der<strong> Invista Inc.<\/strong>, einem Hersteller f\u00fcr Kunstfasern, der auch die Cordura Fasern produziert. Die Marke Lycra steht dabei f\u00fcr Elasthanfasern von <strong>allerh\u00f6chster Qualit\u00e4t<\/strong>, die durch zus\u00e4tzliche Technologien und Behandlungen speziell auf die unterschiedlichsten Einsatzzwecke abgestimmt sind.<\/p>\n\n\n\n<p>Im Shop der Bergfreunde findet man es zumeist unter der Bezeichnung Elasthan. Der Grund daf\u00fcr ist ziemlich einfach und banal: die Textilkennzeichnungsverordnung der europ\u00e4ischen Union regelt die einheitliche Kennzeichnung, Beschreibung und Etikettierung von Textilien &#8211; so sieht der Kunde immer auf Anhieb, aus welchem Basismaterial die Kleidung hergestellt wurde.<\/p>\n\n\n<div class=\"wp-block-image\">\n<figure class=\"alignleft size-full\"><a href=\"https:\/\/www.bergfreunde.de\/blog\/wp-content\/uploads\/2023\/02\/IMG_13801.jpg\"><img fetchpriority=\"high\" decoding=\"async\" width=\"900\" height=\"600\" src=\"https:\/\/www.bergfreunde.de\/blog\/wp-content\/uploads\/2023\/02\/IMG_13801.jpg\" alt=\"Person mit Fahrradhelm und Lycra Oberteil\" class=\"wp-image-77204\" srcset=\"https:\/\/www.berg-freunde.at\/blog\/wp-content\/uploads\/2023\/02\/IMG_13801.jpg 900w, https:\/\/www.berg-freunde.at\/blog\/wp-content\/uploads\/2023\/02\/IMG_13801-300x200.jpg 300w, https:\/\/www.berg-freunde.at\/blog\/wp-content\/uploads\/2023\/02\/IMG_13801-768x512.jpg 768w\" sizes=\"(max-width: 900px) 100vw, 900px\" \/><\/a><figcaption class=\"wp-element-caption\">Was verbirgt sich hinter der synthetischen Kunstfaser Lycra?<\/figcaption><\/figure>\n<\/div>\n\n\n<h2 class=\"wp-block-heading\" id=\"h-lycra-das-multitool-unter-den-kunstfasern\">Lycra &#8211; das Multitool unter den Kunstfasern<\/h2>\n\n\n\n<p>Die Faser Lycra ist eine \u00e4u\u00dferst dehnbare Chemiefaser, die sich \u00e4hnlich wie Gummi verh\u00e4lt, dabei aber deutlich haltbarer ist. Daraus ergeben sich einige Vorteile, die insbesondere bei Bekleidung sehr von Vorteil sind, denn die Faser&#8230;<\/p>\n\n\n\n<ul class=\"wp-block-list\">\n<li>dehnt sich bis zu 700 %<\/li>\n\n\n\n<li>nimmt Feuchtigkeit nur in sehr geringem Ma\u00dfe auf<\/li>\n\n\n\n<li>beh\u00e4lt dauerhaft ihre Form<\/li>\n\n\n\n<li>ist leicht, weich und tr\u00e4gt sich angenehm<\/li>\n\n\n\n<li>ist pflegeleicht und langlebig<\/li>\n<\/ul>\n\n\n\n<p>Durch diese Eigenschaften ist Lycra insbesondere f\u00fcr alle Bekleidungsst\u00fccke perfekt geeignet, die <strong>eng am K\u00f6rper anliegen<\/strong> und so <strong>jede Bewegung mitmachen<\/strong> m\u00fcssen. Zumeist wird Lycra mit anderen Materialien wie Polyamid oder Baumwolle kombiniert, die so durch die praktischen Eigenschaften von Lycra einen deutlich angenehmeren Tragekomfort erhalten. Schon ein Anteil von nur 2 % Lycra kann dabei die Eigenschaften des Stoffes ver\u00e4ndern und diesen zum Beispiel dehnbarer machen.<\/p>\n\n\n\n<p>Egal ob sich nun der Bob Jamaika I todesmutig in die Eisbahn st\u00fcrzt, die Schwimmer bei Olympia nach Zehntelsekunden im Wasser jagen oder man in drei Wochen kreuz und quer durch Frankreich radelt, die Bekleidung dieser Profis hat garantiert einen Anteil an Lycra.<\/p>\n\n\n\n<h2 class=\"wp-block-heading\" id=\"h-wie-gemacht-fur-die-bewegung\">Wie gemacht f\u00fcr die Bewegung<\/h2>\n\n\n<div class=\"wp-block-image\">\n<figure class=\"alignright size-full\"><a href=\"https:\/\/www.bergfreunde.de\/blog\/wp-content\/uploads\/2023\/02\/120813_CE_PranaDay04_PM_S01_0151.jpg\"><img decoding=\"async\" width=\"900\" height=\"600\" src=\"https:\/\/www.bergfreunde.de\/blog\/wp-content\/uploads\/2023\/02\/120813_CE_PranaDay04_PM_S01_0151.jpg\" alt=\"Die Elasthan-Beimischung sorgt f\u00fcr ausreichend Bewegungsfreiheit\" class=\"wp-image-77210\" srcset=\"https:\/\/www.berg-freunde.at\/blog\/wp-content\/uploads\/2023\/02\/120813_CE_PranaDay04_PM_S01_0151.jpg 900w, https:\/\/www.berg-freunde.at\/blog\/wp-content\/uploads\/2023\/02\/120813_CE_PranaDay04_PM_S01_0151-300x200.jpg 300w, https:\/\/www.berg-freunde.at\/blog\/wp-content\/uploads\/2023\/02\/120813_CE_PranaDay04_PM_S01_0151-768x512.jpg 768w\" sizes=\"(max-width: 900px) 100vw, 900px\" \/><\/a><figcaption class=\"wp-element-caption\">Die Elasthan-Beimischung sorgt f\u00fcr ausreichend Bewegungsfreiheit<\/figcaption><\/figure>\n<\/div>\n\n\n<p>Die Vorteile liegen klar auf der Hand und sorgen beim Sport f\u00fcr <strong>hohen Tragekomfort<\/strong>. Man f\u00fchlt sich nicht eingeengt, und die Bekleidung folgt m\u00fchelos jeder Bewegung. Wenn man ins <a href=\"https:\/\/www.berg-freunde.at\/schwitzrate-sport-rechner\/\">Schwitzen<\/a> kommt, saugt sich Lycra zudem nicht voll, sondern <strong>bleibt angenehm trocken<\/strong> und <strong>leitet die Feuchtigkeit<\/strong> <strong>weg vom K\u00f6rper<\/strong>.<\/p>\n\n\n\n<p>Um f\u00fcr jeden Einsatzzweck optimal ger\u00fcstet zu sein, gibt es verschiedene Arten beziehungsweise Produktkategorien von Lycra. Insgesamt vier verschiedene Kategorien stehen zur Verf\u00fcgung, wobei die Unterteilungen <strong>Beauty<\/strong> und <strong>xtra life<\/strong> eher der Mode vorbehalten sind. F\u00fcr den Bereich Outdoor, Lauf- und Radsport sind vor allem die folgenden beiden Kategorien wichtig:<\/p>\n\n\n\n<p><strong>SPORT<\/strong>: Die <strong>POWER und ACTIVE Strick-Technologien<\/strong> sorgen hier f\u00fcr mehr Kompression und unterst\u00fctzen so die Muskulatur. Diese Sportbekleidung verf\u00fcgt \u00fcber eine <strong>hohe Dehnf\u00e4higkeit<\/strong> ohne dabei auszuleiern. Zum Teil kommen biobasierte <strong>Bio Based Fasern<\/strong> mit einem Anteil von 70% aus Mais gewonnenem Rohmaterial zum Einsatz, die so den Verbrauch an Kunstfasern deutlich senken. Zudem sind einige Textilien aus Fasern gefertigt, die mit der <strong>Black Technologie<\/strong> ausger\u00fcstet sind. Diese Fasern behalten auch nach langer Zeit noch ihr dunkle F\u00e4rbung ohne zu verwaschen, und verhindern zuverl\u00e4ssig ein ungewolltes Durchscheinen.<\/p>\n\n\n\n<p><strong>ENERGIZE<\/strong>: Die <strong>freshFX Strick-Technologie<\/strong> kommt vor allem bei Unterw\u00e4sche und Schwimmbekleidung zum Einsatz. Sie leitet Schwei\u00df besonders gut vom K\u00f6rper weg und ist dabei <strong>dauerhaft best\u00e4ndig gegen Ausleiern oder Verwaschen<\/strong>.<\/p>\n\n\n\n<p>Alleine an der Vielfalt der Einsatzm\u00f6glichkeiten sieht man schon, wie gut sich Bekleidung mit einem Anteil an Lycra bew\u00e4hrt hat. Sie versehen <strong>zuverl\u00e4ssig und formstabil<\/strong> ihren Dienst. Die Fasern sind allesamt <strong>langlebig und vor allem \u00fcberaus pflegeleicht<\/strong>. Wenn man sich an die Wasch- und Pflegeanleitung h\u00e4lt, was bei Lycra wirklich kein Hexenwerk ist, dann wird man sehr lange viel Freude an den Textilien haben.<\/p>\n","protected":false},"excerpt":{"rendered":"<p>Jeder hat schon einmal davon geh\u00f6rt, aber keiner wei\u00df so recht, was sich dahinter verbirgt. Wohin man auch im Bereich der bewegungsintensiven Sportarten blickt, oft f\u00e4llt bei Bekleidung in diesem Zusammenhang der Name Lycra. Und wenn Lycra nicht direkt genannt wird, dann findet sich im Waschzettel mit der Materialzusammensetzung doch oft ein anderer Name: Elasthan. [&hellip;]<\/p>\n","protected":false},"author":56,"featured_media":77218,"comment_status":"open","ping_status":"closed","sticky":false,"template":"","format":"standard","meta":{"_acf_changed":false,"footnotes":""},"categories":[290],"tags":[263],"post_folder":[],"class_list":["post-71147","post","type-post","status-publish","format-standard","has-post-thumbnail","hentry","category-material-technologie","tag-nachhaltig-leben"],"acf":[],"yoast_head":"<!-- This site is optimized with the Yoast SEO Premium plugin v27.4 (Yoast SEO v27.4) - https:\/\/yoast.com\/product\/yoast-seo-premium-wordpress\/ -->\n<title>Lycra Elasthan - eine Faser auf dem Pr\u00fcfstand<\/title>\n<meta name=\"description\" content=\"Jeder hat schon einmal davon geh\u00f6rt, aber keiner wei\u00df so recht, was sich dahinter verbirgt. Wohin man auch im Bereich der bewegungsintensiven Sportarten\" \/>\n<meta name=\"robots\" content=\"index, follow, max-snippet:-1, max-image-preview:large, max-video-preview:-1\" \/>\n<link rel=\"canonical\" href=\"https:\/\/www.berg-freunde.at\/blog\/lycra-eine-extrem-vielseitige-faser\/\" \/>\n<meta property=\"og:locale\" content=\"de_DE\" \/>\n<meta property=\"og:type\" content=\"article\" \/>\n<meta property=\"og:title\" content=\"Lycra \u2013 eine extrem vielseitige Faser\" \/>\n<meta property=\"og:description\" content=\"Jeder hat schon einmal davon geh\u00f6rt, aber keiner wei\u00df so recht, was sich dahinter verbirgt. Wohin man auch im Bereich der bewegungsintensiven Sportarten\" \/>\n<meta property=\"og:url\" content=\"https:\/\/www.berg-freunde.at\/blog\/lycra-eine-extrem-vielseitige-faser\/\" \/>\n<meta property=\"og:site_name\" content=\"Bergfreunde\" \/>\n<meta property=\"article:publisher\" content=\"https:\/\/www.facebook.com\/bergfreunde\" \/>\n<meta property=\"article:published_time\" content=\"2022-04-29T07:50:00+00:00\" \/>\n<meta property=\"article:modified_time\" content=\"2026-04-28T08:03:09+00:00\" \/>\n<meta property=\"og:image\" content=\"https:\/\/www.berg-freunde.at\/blog\/wp-content\/uploads\/2015\/04\/woman-g66e32258f_1920.jpg\" \/>\n\t<meta property=\"og:image:width\" content=\"1440\" \/>\n\t<meta property=\"og:image:height\" content=\"1098\" \/>\n\t<meta property=\"og:image:type\" content=\"image\/jpeg\" \/>\n<meta name=\"author\" content=\"Simon\" \/>\n<meta name=\"twitter:card\" content=\"summary_large_image\" \/>\n<meta name=\"twitter:label1\" content=\"Verfasst von\" \/>\n\t<meta name=\"twitter:data1\" content=\"Simon\" \/>\n\t<meta name=\"twitter:label2\" content=\"Gesch\u00e4tzte Lesezeit\" \/>\n\t<meta name=\"twitter:data2\" content=\"4 Minuten\" \/>\n<script type=\"application\/ld+json\" class=\"yoast-schema-graph\">{\"@context\":\"https:\\\/\\\/schema.org\",\"@graph\":[{\"@type\":[\"Article\",\"BlogPosting\"],\"@id\":\"https:\\\/\\\/www.berg-freunde.at\\\/blog\\\/lycra-eine-extrem-vielseitige-faser\\\/#article\",\"isPartOf\":{\"@id\":\"https:\\\/\\\/www.berg-freunde.at\\\/blog\\\/lycra-eine-extrem-vielseitige-faser\\\/\"},\"author\":{\"name\":\"Simon\",\"@id\":\"https:\\\/\\\/www.berg-freunde.at\\\/blog\\\/#\\\/schema\\\/person\\\/2af519f2c40bb02c10b47f24144d6ca4\"},\"headline\":\"Lycra \u2013 eine extrem vielseitige Faser\",\"datePublished\":\"2022-04-29T07:50:00+00:00\",\"dateModified\":\"2026-04-28T08:03:09+00:00\",\"mainEntityOfPage\":{\"@id\":\"https:\\\/\\\/www.berg-freunde.at\\\/blog\\\/lycra-eine-extrem-vielseitige-faser\\\/\"},\"wordCount\":710,\"commentCount\":3,\"publisher\":{\"@id\":\"https:\\\/\\\/www.berg-freunde.at\\\/blog\\\/#organization\"},\"image\":{\"@id\":\"https:\\\/\\\/www.berg-freunde.at\\\/blog\\\/lycra-eine-extrem-vielseitige-faser\\\/#primaryimage\"},\"thumbnailUrl\":\"https:\\\/\\\/www.berg-freunde.at\\\/blog\\\/wp-content\\\/uploads\\\/2015\\\/04\\\/woman-g66e32258f_1920.jpg\",\"keywords\":[\"Nachhaltig leben\"],\"articleSection\":[\"Material &amp; Technologie\"],\"inLanguage\":\"de-AT\",\"potentialAction\":[{\"@type\":\"CommentAction\",\"name\":\"Comment\",\"target\":[\"https:\\\/\\\/www.berg-freunde.at\\\/blog\\\/lycra-eine-extrem-vielseitige-faser\\\/#respond\"]}]},{\"@type\":\"WebPage\",\"@id\":\"https:\\\/\\\/www.berg-freunde.at\\\/blog\\\/lycra-eine-extrem-vielseitige-faser\\\/\",\"url\":\"https:\\\/\\\/www.berg-freunde.at\\\/blog\\\/lycra-eine-extrem-vielseitige-faser\\\/\",\"name\":\"Lycra Elasthan - eine Faser auf dem Pr\u00fcfstand\",\"isPartOf\":{\"@id\":\"https:\\\/\\\/www.berg-freunde.at\\\/blog\\\/#website\"},\"primaryImageOfPage\":{\"@id\":\"https:\\\/\\\/www.berg-freunde.at\\\/blog\\\/lycra-eine-extrem-vielseitige-faser\\\/#primaryimage\"},\"image\":{\"@id\":\"https:\\\/\\\/www.berg-freunde.at\\\/blog\\\/lycra-eine-extrem-vielseitige-faser\\\/#primaryimage\"},\"thumbnailUrl\":\"https:\\\/\\\/www.berg-freunde.at\\\/blog\\\/wp-content\\\/uploads\\\/2015\\\/04\\\/woman-g66e32258f_1920.jpg\",\"datePublished\":\"2022-04-29T07:50:00+00:00\",\"dateModified\":\"2026-04-28T08:03:09+00:00\",\"description\":\"Jeder hat schon einmal davon geh\u00f6rt, aber keiner wei\u00df so recht, was sich dahinter verbirgt. Wohin man auch im Bereich der bewegungsintensiven Sportarten\",\"breadcrumb\":{\"@id\":\"https:\\\/\\\/www.berg-freunde.at\\\/blog\\\/lycra-eine-extrem-vielseitige-faser\\\/#breadcrumb\"},\"inLanguage\":\"de-AT\",\"potentialAction\":[{\"@type\":\"ReadAction\",\"target\":[\"https:\\\/\\\/www.berg-freunde.at\\\/blog\\\/lycra-eine-extrem-vielseitige-faser\\\/\"]}]},{\"@type\":\"ImageObject\",\"inLanguage\":\"de-AT\",\"@id\":\"https:\\\/\\\/www.berg-freunde.at\\\/blog\\\/lycra-eine-extrem-vielseitige-faser\\\/#primaryimage\",\"url\":\"https:\\\/\\\/www.berg-freunde.at\\\/blog\\\/wp-content\\\/uploads\\\/2015\\\/04\\\/woman-g66e32258f_1920.jpg\",\"contentUrl\":\"https:\\\/\\\/www.berg-freunde.at\\\/blog\\\/wp-content\\\/uploads\\\/2015\\\/04\\\/woman-g66e32258f_1920.jpg\",\"width\":1440,\"height\":1098},{\"@type\":\"BreadcrumbList\",\"@id\":\"https:\\\/\\\/www.berg-freunde.at\\\/blog\\\/lycra-eine-extrem-vielseitige-faser\\\/#breadcrumb\",\"itemListElement\":[{\"@type\":\"ListItem\",\"position\":1,\"name\":\"Blog\",\"item\":\"https:\\\/\\\/www.berg-freunde.at\\\/blog\\\/\"},{\"@type\":\"ListItem\",\"position\":2,\"name\":\"Know-How\",\"item\":\"https:\\\/\\\/www.berg-freunde.at\\\/blog\\\/category\\\/know-how\\\/\"},{\"@type\":\"ListItem\",\"position\":3,\"name\":\"Material &amp; Technologie\",\"item\":\"https:\\\/\\\/www.berg-freunde.at\\\/blog\\\/category\\\/know-how\\\/material-technologie\\\/\"},{\"@type\":\"ListItem\",\"position\":4,\"name\":\"Lycra \u2013 eine extrem vielseitige Faser\"}]},{\"@type\":\"WebSite\",\"@id\":\"https:\\\/\\\/www.berg-freunde.at\\\/blog\\\/#website\",\"url\":\"https:\\\/\\\/www.berg-freunde.at\\\/blog\\\/\",\"name\":\"Bergfreunde\",\"description\":\"Blog\",\"publisher\":{\"@id\":\"https:\\\/\\\/www.berg-freunde.at\\\/blog\\\/#organization\"},\"potentialAction\":[{\"@type\":\"SearchAction\",\"target\":{\"@type\":\"EntryPoint\",\"urlTemplate\":\"https:\\\/\\\/www.berg-freunde.at\\\/blog\\\/?s={search_term_string}\"},\"query-input\":{\"@type\":\"PropertyValueSpecification\",\"valueRequired\":true,\"valueName\":\"search_term_string\"}}],\"inLanguage\":\"de-AT\"},{\"@type\":\"Organization\",\"@id\":\"https:\\\/\\\/www.berg-freunde.at\\\/blog\\\/#organization\",\"name\":\"Bergfreunde\",\"url\":\"https:\\\/\\\/www.berg-freunde.at\\\/blog\\\/\",\"logo\":{\"@type\":\"ImageObject\",\"inLanguage\":\"de-AT\",\"@id\":\"https:\\\/\\\/www.berg-freunde.at\\\/blog\\\/#\\\/schema\\\/logo\\\/image\\\/\",\"url\":\"https:\\\/\\\/www.berg-freunde.at\\\/blog\\\/wp-content\\\/uploads\\\/2023\\\/12\\\/Bergfreunde_DE_rgb.svg\",\"contentUrl\":\"https:\\\/\\\/www.berg-freunde.at\\\/blog\\\/wp-content\\\/uploads\\\/2023\\\/12\\\/Bergfreunde_DE_rgb.svg\",\"caption\":\"Bergfreunde\"},\"image\":{\"@id\":\"https:\\\/\\\/www.berg-freunde.at\\\/blog\\\/#\\\/schema\\\/logo\\\/image\\\/\"},\"sameAs\":[\"https:\\\/\\\/www.facebook.com\\\/bergfreunde\",\"https:\\\/\\\/www.instagram.com\\\/bergfreundede\\\/\"]},{\"@type\":\"Person\",\"@id\":\"https:\\\/\\\/www.berg-freunde.at\\\/blog\\\/#\\\/schema\\\/person\\\/2af519f2c40bb02c10b47f24144d6ca4\",\"name\":\"Simon\",\"url\":\"https:\\\/\\\/www.berg-freunde.at\\\/blog\\\/about\\\/simon-michalowicz\\\/\"}]}<\/script>\n<!-- \/ Yoast SEO Premium plugin. -->","yoast_head_json":{"title":"Lycra Elasthan - eine Faser auf dem Pr\u00fcfstand","description":"Jeder hat schon einmal davon geh\u00f6rt, aber keiner wei\u00df so recht, was sich dahinter verbirgt. Wohin man auch im Bereich der bewegungsintensiven Sportarten","robots":{"index":"index","follow":"follow","max-snippet":"max-snippet:-1","max-image-preview":"max-image-preview:large","max-video-preview":"max-video-preview:-1"},"canonical":"https:\/\/www.berg-freunde.at\/blog\/lycra-eine-extrem-vielseitige-faser\/","og_locale":"de_DE","og_type":"article","og_title":"Lycra \u2013 eine extrem vielseitige Faser","og_description":"Jeder hat schon einmal davon geh\u00f6rt, aber keiner wei\u00df so recht, was sich dahinter verbirgt. Wohin man auch im Bereich der bewegungsintensiven Sportarten","og_url":"https:\/\/www.berg-freunde.at\/blog\/lycra-eine-extrem-vielseitige-faser\/","og_site_name":"Bergfreunde","article_publisher":"https:\/\/www.facebook.com\/bergfreunde","article_published_time":"2022-04-29T07:50:00+00:00","article_modified_time":"2026-04-28T08:03:09+00:00","og_image":[{"width":1440,"height":1098,"url":"https:\/\/www.berg-freunde.at\/blog\/wp-content\/uploads\/2015\/04\/woman-g66e32258f_1920.jpg","type":"image\/jpeg"}],"author":"Simon","twitter_card":"summary_large_image","twitter_misc":{"Verfasst von":"Simon","Gesch\u00e4tzte Lesezeit":"4 Minuten"},"schema":{"@context":"https:\/\/schema.org","@graph":[{"@type":["Article","BlogPosting"],"@id":"https:\/\/www.berg-freunde.at\/blog\/lycra-eine-extrem-vielseitige-faser\/#article","isPartOf":{"@id":"https:\/\/www.berg-freunde.at\/blog\/lycra-eine-extrem-vielseitige-faser\/"},"author":{"name":"Simon","@id":"https:\/\/www.berg-freunde.at\/blog\/#\/schema\/person\/2af519f2c40bb02c10b47f24144d6ca4"},"headline":"Lycra \u2013 eine extrem vielseitige Faser","datePublished":"2022-04-29T07:50:00+00:00","dateModified":"2026-04-28T08:03:09+00:00","mainEntityOfPage":{"@id":"https:\/\/www.berg-freunde.at\/blog\/lycra-eine-extrem-vielseitige-faser\/"},"wordCount":710,"commentCount":3,"publisher":{"@id":"https:\/\/www.berg-freunde.at\/blog\/#organization"},"image":{"@id":"https:\/\/www.berg-freunde.at\/blog\/lycra-eine-extrem-vielseitige-faser\/#primaryimage"},"thumbnailUrl":"https:\/\/www.berg-freunde.at\/blog\/wp-content\/uploads\/2015\/04\/woman-g66e32258f_1920.jpg","keywords":["Nachhaltig leben"],"articleSection":["Material &amp; Technologie"],"inLanguage":"de-AT","potentialAction":[{"@type":"CommentAction","name":"Comment","target":["https:\/\/www.berg-freunde.at\/blog\/lycra-eine-extrem-vielseitige-faser\/#respond"]}]},{"@type":"WebPage","@id":"https:\/\/www.berg-freunde.at\/blog\/lycra-eine-extrem-vielseitige-faser\/","url":"https:\/\/www.berg-freunde.at\/blog\/lycra-eine-extrem-vielseitige-faser\/","name":"Lycra Elasthan - eine Faser auf dem Pr\u00fcfstand","isPartOf":{"@id":"https:\/\/www.berg-freunde.at\/blog\/#website"},"primaryImageOfPage":{"@id":"https:\/\/www.berg-freunde.at\/blog\/lycra-eine-extrem-vielseitige-faser\/#primaryimage"},"image":{"@id":"https:\/\/www.berg-freunde.at\/blog\/lycra-eine-extrem-vielseitige-faser\/#primaryimage"},"thumbnailUrl":"https:\/\/www.berg-freunde.at\/blog\/wp-content\/uploads\/2015\/04\/woman-g66e32258f_1920.jpg","datePublished":"2022-04-29T07:50:00+00:00","dateModified":"2026-04-28T08:03:09+00:00","description":"Jeder hat schon einmal davon geh\u00f6rt, aber keiner wei\u00df so recht, was sich dahinter verbirgt. Wohin man auch im Bereich der bewegungsintensiven Sportarten","breadcrumb":{"@id":"https:\/\/www.berg-freunde.at\/blog\/lycra-eine-extrem-vielseitige-faser\/#breadcrumb"},"inLanguage":"de-AT","potentialAction":[{"@type":"ReadAction","target":["https:\/\/www.berg-freunde.at\/blog\/lycra-eine-extrem-vielseitige-faser\/"]}]},{"@type":"ImageObject","inLanguage":"de-AT","@id":"https:\/\/www.berg-freunde.at\/blog\/lycra-eine-extrem-vielseitige-faser\/#primaryimage","url":"https:\/\/www.berg-freunde.at\/blog\/wp-content\/uploads\/2015\/04\/woman-g66e32258f_1920.jpg","contentUrl":"https:\/\/www.berg-freunde.at\/blog\/wp-content\/uploads\/2015\/04\/woman-g66e32258f_1920.jpg","width":1440,"height":1098},{"@type":"BreadcrumbList","@id":"https:\/\/www.berg-freunde.at\/blog\/lycra-eine-extrem-vielseitige-faser\/#breadcrumb","itemListElement":[{"@type":"ListItem","position":1,"name":"Blog","item":"https:\/\/www.berg-freunde.at\/blog\/"},{"@type":"ListItem","position":2,"name":"Know-How","item":"https:\/\/www.berg-freunde.at\/blog\/category\/know-how\/"},{"@type":"ListItem","position":3,"name":"Material &amp; Technologie","item":"https:\/\/www.berg-freunde.at\/blog\/category\/know-how\/material-technologie\/"},{"@type":"ListItem","position":4,"name":"Lycra \u2013 eine extrem vielseitige Faser"}]},{"@type":"WebSite","@id":"https:\/\/www.berg-freunde.at\/blog\/#website","url":"https:\/\/www.berg-freunde.at\/blog\/","name":"Bergfreunde","description":"Blog","publisher":{"@id":"https:\/\/www.berg-freunde.at\/blog\/#organization"},"potentialAction":[{"@type":"SearchAction","target":{"@type":"EntryPoint","urlTemplate":"https:\/\/www.berg-freunde.at\/blog\/?s={search_term_string}"},"query-input":{"@type":"PropertyValueSpecification","valueRequired":true,"valueName":"search_term_string"}}],"inLanguage":"de-AT"},{"@type":"Organization","@id":"https:\/\/www.berg-freunde.at\/blog\/#organization","name":"Bergfreunde","url":"https:\/\/www.berg-freunde.at\/blog\/","logo":{"@type":"ImageObject","inLanguage":"de-AT","@id":"https:\/\/www.berg-freunde.at\/blog\/#\/schema\/logo\/image\/","url":"https:\/\/www.berg-freunde.at\/blog\/wp-content\/uploads\/2023\/12\/Bergfreunde_DE_rgb.svg","contentUrl":"https:\/\/www.berg-freunde.at\/blog\/wp-content\/uploads\/2023\/12\/Bergfreunde_DE_rgb.svg","caption":"Bergfreunde"},"image":{"@id":"https:\/\/www.berg-freunde.at\/blog\/#\/schema\/logo\/image\/"},"sameAs":["https:\/\/www.facebook.com\/bergfreunde","https:\/\/www.instagram.com\/bergfreundede\/"]},{"@type":"Person","@id":"https:\/\/www.berg-freunde.at\/blog\/#\/schema\/person\/2af519f2c40bb02c10b47f24144d6ca4","name":"Simon","url":"https:\/\/www.berg-freunde.at\/blog\/about\/simon-michalowicz\/"}]}},"_links":{"self":[{"href":"https:\/\/www.berg-freunde.at\/blog\/wp-json\/wp\/v2\/posts\/71147","targetHints":{"allow":["GET"]}}],"collection":[{"href":"https:\/\/www.berg-freunde.at\/blog\/wp-json\/wp\/v2\/posts"}],"about":[{"href":"https:\/\/www.berg-freunde.at\/blog\/wp-json\/wp\/v2\/types\/post"}],"author":[{"embeddable":true,"href":"https:\/\/www.berg-freunde.at\/blog\/wp-json\/wp\/v2\/users\/56"}],"replies":[{"embeddable":true,"href":"https:\/\/www.berg-freunde.at\/blog\/wp-json\/wp\/v2\/comments?post=71147"}],"version-history":[{"count":1,"href":"https:\/\/www.berg-freunde.at\/blog\/wp-json\/wp\/v2\/posts\/71147\/revisions"}],"predecessor-version":[{"id":132910,"href":"https:\/\/www.berg-freunde.at\/blog\/wp-json\/wp\/v2\/posts\/71147\/revisions\/132910"}],"wp:featuredmedia":[{"embeddable":true,"href":"https:\/\/www.berg-freunde.at\/blog\/wp-json\/wp\/v2\/media\/77218"}],"wp:attachment":[{"href":"https:\/\/www.berg-freunde.at\/blog\/wp-json\/wp\/v2\/media?parent=71147"}],"wp:term":[{"taxonomy":"category","embeddable":true,"href":"https:\/\/www.berg-freunde.at\/blog\/wp-json\/wp\/v2\/categories?post=71147"},{"taxonomy":"post_tag","embeddable":true,"href":"https:\/\/www.berg-freunde.at\/blog\/wp-json\/wp\/v2\/tags?post=71147"},{"taxonomy":"post_folder","embeddable":true,"href":"https:\/\/www.berg-freunde.at\/blog\/wp-json\/wp\/v2\/post_folder?post=71147"}],"curies":[{"name":"wp","href":"https:\/\/api.w.org\/{rel}","templated":true}]}}