{"id":71115,"date":"2015-05-15T06:58:33","date_gmt":"2015-05-15T05:58:33","guid":{"rendered":"https:\/\/www.bergfreunde.de\/blog\/bigwall-abenteuer-am-monte-brento\/"},"modified":"2026-04-28T10:47:25","modified_gmt":"2026-04-28T08:47:25","slug":"bigwall-abenteuer-am-monte-brento","status":"publish","type":"post","link":"https:\/\/www.berg-freunde.at\/blog\/bigwall-abenteuer-am-monte-brento\/","title":{"rendered":"Bigwall-Abenteuer am Monte Brento"},"content":{"rendered":"<figure id=\"attachment_23373\" aria-describedby=\"caption-attachment-23373\" style=\"width: 150px\" class=\"wp-caption alignleft\"><a href=\"https:\/\/www.bergfreunde.de\/blog\/wp-content\/uploads\/2021\/05\/Brento_01_Monte-Brento-Ostwand-mit-Il-Grande-Incubo..jpg\"><img decoding=\"async\" class=\"size-thumbnail wp-image-23373\" src=\"https:\/\/www.bergfreunde.de\/blog\/wp-content\/uploads\/2021\/05\/Brento_01_Monte-Brento-Ostwand-mit-Il-Grande-Incubo.-e1429619614860-150x150-1.jpg\" alt=\"Monte Brento Ostwand mit Il Grande Incubo\" width=\"150\" height=\"150\" \/><\/a><figcaption id=\"caption-attachment-23373\" class=\"wp-caption-text\">Monte Brento Ostwand mit Il Grande Incubo<\/figcaption><\/figure>\n<p>Klettern rund um <strong>Arco<\/strong>, das ist mehr als nur Bohrhaken clippen, Kaffee trinken und shoppen. In den gro\u00dfen W\u00e4nden des <strong>Sarcatals<\/strong>, speziell am <strong>Monte Brento<\/strong>, warten teils haarstr\u00e4ubende <strong>Abenteuerrouten<\/strong> auf Wiederholer. <strong>Fritz Miller<\/strong> und <strong>Hannes Neubert<\/strong> kletterten \u201e<strong>Il Grande Incubo<\/strong>\u201c in <strong>1,5 Tagen<\/strong>. Der Routenname klingt gut, so lange die Sprachkenntnisse gerade zum Bestellen einer Pizza reichen und sich einem die \u00dcbersetzung nicht erschlie\u00dft. \u201e<strong>Der gro\u00dfe Alptraum<\/strong>\u201c kann in dieser Route n\u00e4mlich schnell wahr werden: die Wand h\u00e4ngt im oberen Teil gewaltig \u00fcber, der Fels ist \u00fcber weite Strecken mies, die Haken sind schlecht. Sicher ist dabei nur, dass beim Klettern keine Langeweile aufkommt\u2026<!--more--><\/p>\n<figure id=\"attachment_23376\" aria-describedby=\"caption-attachment-23376\" style=\"width: 150px\" class=\"wp-caption alignright\"><a href=\"https:\/\/www.bergfreunde.de\/blog\/wp-content\/uploads\/2021\/05\/Brento_04_Der-Nussknacker..jpg\"><img decoding=\"async\" class=\"size-thumbnail wp-image-23376\" src=\"https:\/\/www.bergfreunde.de\/blog\/wp-content\/uploads\/2021\/05\/Brento_04_Der-Nussknacker.-e1429619736802-150x150-1.jpg\" alt=\"Der Nussknacker\" width=\"150\" height=\"150\" \/><\/a><figcaption id=\"caption-attachment-23376\" class=\"wp-caption-text\">Der &#8222;Nussknacker&#8220;<\/figcaption><\/figure>\n<h2>Die gro\u00dfe Einbahnstra\u00dfe<\/h2>\n<p>Am Nachmittag des 9. April klettern Hannes und ich die ersten <strong>10 Seill\u00e4ngen<\/strong> bis zum <strong>Biwakplatz<\/strong> am gro\u00dfen Band. Die Kletterei \u00fcber geneigte Platten und einzelne steilere Abschnitte ist vergleichsweise einfach, aber dennoch heikel, nicht zuletzt wegen des Steinschlags aus dem oberen Wandbereich. Nach einem komfortablen Biwak klingelt der Wecker am n\u00e4chsten Morgen um vier Uhr. In leichter Kletterei erreichten wir den Baum, von dem man den oberen Wandteil angeht. Um 5:35 Uhr starte ich in die erste L\u00e4nge der \u201e<strong>Via Vertigine<\/strong>\u201c. Nach dieser zweigt \u201eIl Grande Incubo\u201c ab. Die Sache wird langsam ernst, Hammer und Haken, Cliffs und Pecker kommen zum Einsatz. Steile Platten und zwei D\u00e4cher folgen. In <strong>Seill\u00e4nge Nr. 18<\/strong> wartet der \u201e<strong>Nussknacker<\/strong>\u201c auf uns, ein Psycho-Dach, br\u00fcchig und weitestgehend clean. Die L\u00e4nge verlangt mir alles ab und kostet uns viel Zeit. Nach einer weiteren, sehr gef\u00e4hrlichen L\u00e4nge dr\u00e4ngt sich mehr und mehr die Frage auf, ob es eine gute Idee war, in diese Route einzusteigen. Aber: <strong>20 gekletterte Seill\u00e4ngen<\/strong>, <strong>f\u00fcnf D\u00e4cher<\/strong> und <strong>unz\u00e4hlige Querungen<\/strong> geht man nicht einfach so zur\u00fcck \u2013 also weiter\u2026<\/p>\n<figure id=\"attachment_23378\" aria-describedby=\"caption-attachment-23378\" style=\"width: 150px\" class=\"wp-caption alignright\"><a href=\"https:\/\/www.bergfreunde.de\/blog\/wp-content\/uploads\/2021\/05\/Brento_06_Einer-der-ausgebrochenen-Haken..jpg\"><img decoding=\"async\" class=\"size-thumbnail wp-image-23378\" src=\"https:\/\/www.bergfreunde.de\/blog\/wp-content\/uploads\/2021\/05\/Brento_06_Einer-der-ausgebrochenen-Haken.-e1429620539401-150x150-1.jpg\" alt=\"Einer der ausgebrochenen Haken\" width=\"150\" height=\"150\" \/><\/a><figcaption id=\"caption-attachment-23378\" class=\"wp-caption-text\">Einer der ausgebrochenen Haken<\/figcaption><\/figure>\n<h2>In der \u201eKartoffelpresse\u201c<\/h2>\n<p>Es ist bereits Nachmittag, kalter Wind zieht durchs Sarcatal und k\u00fchlt uns langsam aus. Wir ziehen unsere Isolationsjacken \u00fcber, dann mache ich mich an <strong>Seill\u00e4nge 25<\/strong>, die auf dem \u201e<strong>Vorbau aus dem Jenseits<\/strong>\u201c endet. Hier wollen wir \u2013 sofern irgendwie m\u00f6glich \u2013 <strong>biwakieren<\/strong>. Wir haben kein Portaledge dabei und hoffen auf einen Absatz, um wenigstens sitzen zu k\u00f6nnen. Im Januar 2007 wurde die Route von zwei Russen wiederholt. Sie kletterten f\u00fcnf Tage lang und biwakierten im oberen Wandteil drei Mal \u2013 ohne Portaledge. Also sollten wir auch irgendwo einen Biwakplatz finden, so der Gedanke. Doch der \u201eVorbau aus dem Jenseits\u201c taugt nicht f\u00fcr ein Biwak. Weiter geht\u2019s, durch die \u201e<strong>Verschneidung der N\u00f6te<\/strong>\u201c in die \u201e<strong>Kartoffelpresse<\/strong>\u201c. Ich verlasse die Route und steuere eine Gufel links der \u201eKartoffelpresse\u201c an. Doch in der Gufel ist der Fels derma\u00dfen br\u00fcchig, dass es unm\u00f6glich ist, irgendeine Form von Sicherung anzubringen. Also zur\u00fcck. Der n\u00e4chste Stand sieht vielversprechend aus. Immerhin gibt es ein kleines Band, das wir ausbauen k\u00f6nnten. Ich will ein Gel\u00e4nderseil installieren, doch zwei der vorhandenen <strong>Bohrhaken<\/strong> lassen sich <strong>von Hand aus dem Bruch ziehen<\/strong>. Und genau genommen ist der Platz eh schei\u00dfe. Langsam wird es d\u00fcster im Sarcatal. Wir montieren die <strong><a href=\"https:\/\/www.berg-freunde.at\/stirnlampen\/\">Stirnlampen<\/a><\/strong> und <strong>klettern weiter<\/strong>.<\/p>\n<h2>Nachtschicht<\/h2>\n<p><strong>Seill\u00e4nge 29<\/strong>, die letzte <strong>A3-L\u00e4nge<\/strong>. Es ist dunkel, die Linienf\u00fchrung unklar. Es wird noch einmal prek\u00e4r. Cliffz\u00fcge in einer glatten Platte, insgesamt nur <strong>vier Sicherungspunkte auf 25 m<\/strong>, zuletzt ein <strong>langer Runout<\/strong>. Und dann pl\u00f6tzlich ein bequemes Band. Stand! Freude kommt auf, der Druck ist weg. Und weil es nur noch drei L\u00e4ngen sind, klettern wir die auch noch. Um 23:38 Uhr ist Feierabend, nach gut <strong>18 Std. in der Vertikalen<\/strong>. Hannes und ich stehen gl\u00fccklich und ziemlich m\u00fcde am Ausstieg, nach einem \u201eArco-Klettertag\u201c der etwas anderen Art.<\/p>\n<h2>Fazit<\/h2>\n<p>Eine gute Route, um sich ein bisschen zu f\u00fcrchten. Respekt vor den Erstbegehern, f\u00fcr so viel Verr\u00fccktheit! Respekt vor den Russen, f\u00fcr ihre Sitzbiwaks! Danke Hannes f\u00fcrs Mitkommen und deine starke Performance!<\/p>\n<div id='gallery-1' class='gallery galleryid-71115 gallery-columns-4 gallery-size-thumbnail'><figure class='gallery-item'>\n\t\t\t<div class='gallery-icon landscape'>\n\t\t\t\t<a href='https:\/\/www.berg-freunde.at\/blog\/wp-content\/uploads\/2021\/05\/Brento_00_Startbild_Eines-der-vielen-Daecher-des-Monte-Brento..jpg'><img loading=\"lazy\" decoding=\"async\" width=\"150\" height=\"150\" src=\"https:\/\/www.berg-freunde.at\/blog\/wp-content\/uploads\/2021\/05\/Brento_00_Startbild_Eines-der-vielen-Daecher-des-Monte-Brento.-150x150.jpg\" class=\"attachment-thumbnail size-thumbnail\" alt=\"\" aria-describedby=\"gallery-1-71116\" \/><\/a>\n\t\t\t<\/div>\n\t\t\t\t<figcaption class='wp-caption-text gallery-caption' id='gallery-1-71116'>\n\t\t\t\tEines der vielen D\u00e4cher des Monte Brento\n\t\t\t\t<\/figcaption><\/figure><figure class='gallery-item'>\n\t\t\t<div class='gallery-icon landscape'>\n\t\t\t\t<a href='https:\/\/www.berg-freunde.at\/blog\/wp-content\/uploads\/2021\/05\/Brento_02_Bohrhaken-im-unteren-Wandteil..jpg'><img loading=\"lazy\" decoding=\"async\" width=\"150\" height=\"150\" src=\"https:\/\/www.berg-freunde.at\/blog\/wp-content\/uploads\/2021\/05\/Brento_02_Bohrhaken-im-unteren-Wandteil.-150x150.jpg\" class=\"attachment-thumbnail size-thumbnail\" alt=\"\" aria-describedby=\"gallery-1-71131\" \/><\/a>\n\t\t\t<\/div>\n\t\t\t\t<figcaption class='wp-caption-text gallery-caption' id='gallery-1-71131'>\n\t\t\t\tBohrhaken im unteren Wandteil\n\t\t\t\t<\/figcaption><\/figure><figure class='gallery-item'>\n\t\t\t<div class='gallery-icon landscape'>\n\t\t\t\t<a href='https:\/\/www.berg-freunde.at\/blog\/wp-content\/uploads\/2021\/05\/Brento_03_Hannes-am-Biwakplatz..jpg'><img loading=\"lazy\" decoding=\"async\" width=\"150\" height=\"150\" src=\"https:\/\/www.berg-freunde.at\/blog\/wp-content\/uploads\/2021\/05\/Brento_03_Hannes-am-Biwakplatz.-150x150.jpg\" class=\"attachment-thumbnail size-thumbnail\" alt=\"\" aria-describedby=\"gallery-1-71132\" \/><\/a>\n\t\t\t<\/div>\n\t\t\t\t<figcaption class='wp-caption-text gallery-caption' id='gallery-1-71132'>\n\t\t\t\tHannes am Biwakplatz\n\t\t\t\t<\/figcaption><\/figure><figure class='gallery-item'>\n\t\t\t<div class='gallery-icon landscape'>\n\t\t\t\t<a href='https:\/\/www.berg-freunde.at\/blog\/wp-content\/uploads\/2021\/05\/Brento_05_Die-Querung-unterm-grossen-zentralen-Dach..jpg'><img loading=\"lazy\" decoding=\"async\" width=\"150\" height=\"150\" src=\"https:\/\/www.berg-freunde.at\/blog\/wp-content\/uploads\/2021\/05\/Brento_05_Die-Querung-unterm-grossen-zentralen-Dach.-150x150.jpg\" class=\"attachment-thumbnail size-thumbnail\" alt=\"\" aria-describedby=\"gallery-1-71133\" \/><\/a>\n\t\t\t<\/div>\n\t\t\t\t<figcaption class='wp-caption-text gallery-caption' id='gallery-1-71133'>\n\t\t\t\tDie Querung unterm gro\u00dfen zentralen Dach\n\t\t\t\t<\/figcaption><\/figure>\n\t\t<\/div>\n\n<h2><\/h2>\n<p>&nbsp;<\/p>\n<h2>Routeninfos<\/h2>\n<p>1200 m Routenl\u00e4nge, 32 Seill\u00e4ngen, Schwierigkeit 7 A3 (fr\u00fchere Bewertung: 7 A4), erstbegangen 1997 von D. Filippi und M. Girardi in gut 35 Tagen. In der Route stecken zahlreiche Normalhaken und Kronenbohrhaken (M8) \u00e4u\u00dferst zweifelhafter Qualit\u00e4t. Brauchbare Biwakpl\u00e4tze: am gro\u00dfen Band (der beste Platz ist ganz am rechten Rand, dort liegen derzeit auch einige alte Matten), unterm \u201eDach der Hoffnung\u201c (dort h\u00e4ngt ein alter Lattenrost o. \u00c4. als Portaledge \u2013 sehr windig aber ok als Sitzbiwak), sowie ein gutes Band nach SL 29.<\/p>\n<h2>Materialempfehlung (zus\u00e4tzlich zum \u00fcblichen Bigwall-Material)<\/h2>\n<ul>\n<li>Cams von ganz klein bis Camalot Gr. 4 + evtl. Linkcam gr\u00fcn und rot<\/li>\n<li>8 Normalhaken<\/li>\n<li>3 Cliffs, 3 Pecker (jeweils verschiedene Gr\u00f6\u00dfen)<\/li>\n<li>Notbohrset oder besser gleich Bohrmaschine (ein paar neue Bolts an den St\u00e4nden w\u00e4ren z. T. angenehm)<\/li>\n<li>Buntes Seil, um die St\u00e4nde im unteren Wandteil zu markieren, weil z. T. kaum auffindbar<\/li>\n<li>50-m-Seile sind f\u00fcr die Route ausreichend<\/li>\n<\/ul>\n<p>Text: Fritz Miller, Fotos: Hannes Neubert, Fritz Miller<\/p>\n","protected":false},"excerpt":{"rendered":"<p>Klettern rund um Arco, das ist mehr als nur Bohrhaken clippen, Kaffee trinken und shoppen. In den gro\u00dfen W\u00e4nden des Sarcatals, speziell am Monte Brento, warten teils haarstr\u00e4ubende Abenteuerrouten auf Wiederholer. Fritz Miller und Hannes Neubert kletterten \u201eIl Grande Incubo\u201c in 1,5 Tagen. Der Routenname klingt gut, so lange die Sprachkenntnisse gerade zum Bestellen einer [&hellip;]<\/p>\n","protected":false},"author":16,"featured_media":71117,"comment_status":"open","ping_status":"closed","sticky":false,"template":"","format":"standard","meta":{"_acf_changed":false,"footnotes":""},"categories":[287],"tags":[258,262],"post_folder":[],"class_list":["post-71115","post","type-post","status-publish","format-standard","has-post-thumbnail","hentry","category-touren-reisetipps","tag-bergsteigen","tag-klettern-bouldern"],"acf":[],"yoast_head":"<!-- This site is optimized with the Yoast SEO Premium plugin v27.4 (Yoast SEO v27.4) - https:\/\/yoast.com\/product\/yoast-seo-premium-wordpress\/ -->\n<title>Bigwall-Abenteuer am Monte Brento | Bergfreunde<\/title>\n<meta name=\"description\" content=\"Klettern rund um Arco, das ist mehr als nur Bohrhaken clippen, Kaffee trinken und shoppen. In den gro\u00dfen W\u00e4nden des Sarcatals, speziell am Monte Brento,\" \/>\n<meta name=\"robots\" content=\"index, follow, max-snippet:-1, max-image-preview:large, max-video-preview:-1\" \/>\n<link rel=\"canonical\" href=\"https:\/\/www.berg-freunde.at\/blog\/bigwall-abenteuer-am-monte-brento\/\" \/>\n<meta property=\"og:locale\" content=\"de_DE\" \/>\n<meta property=\"og:type\" content=\"article\" \/>\n<meta property=\"og:title\" content=\"Bigwall-Abenteuer am Monte Brento\" \/>\n<meta property=\"og:description\" content=\"Klettern rund um Arco, das ist mehr als nur Bohrhaken clippen, Kaffee trinken und shoppen. In den gro\u00dfen W\u00e4nden des Sarcatals, speziell am Monte Brento,\" \/>\n<meta property=\"og:url\" content=\"https:\/\/www.berg-freunde.at\/blog\/bigwall-abenteuer-am-monte-brento\/\" \/>\n<meta property=\"og:site_name\" content=\"Bergfreunde\" \/>\n<meta property=\"article:publisher\" content=\"https:\/\/www.facebook.com\/bergfreunde\" \/>\n<meta property=\"article:published_time\" content=\"2015-05-15T05:58:33+00:00\" \/>\n<meta property=\"article:modified_time\" content=\"2026-04-28T08:47:25+00:00\" \/>\n<meta property=\"og:image\" content=\"https:\/\/www.berg-freunde.at\/blog\/wp-content\/uploads\/2021\/05\/Brento_01_Monte-Brento-Ostwand-mit-Il-Grande-Incubo..jpg\" \/>\n\t<meta property=\"og:image:width\" content=\"1024\" \/>\n\t<meta property=\"og:image:height\" content=\"768\" \/>\n\t<meta property=\"og:image:type\" content=\"image\/jpeg\" \/>\n<meta name=\"author\" content=\"Fritz\" \/>\n<meta name=\"twitter:card\" content=\"summary_large_image\" \/>\n<meta name=\"twitter:label1\" content=\"Verfasst von\" \/>\n\t<meta name=\"twitter:data1\" content=\"Fritz\" \/>\n\t<meta name=\"twitter:label2\" content=\"Gesch\u00e4tzte Lesezeit\" \/>\n\t<meta name=\"twitter:data2\" content=\"4 Minuten\" \/>\n<script type=\"application\/ld+json\" class=\"yoast-schema-graph\">{\"@context\":\"https:\\\/\\\/schema.org\",\"@graph\":[{\"@type\":[\"Article\",\"BlogPosting\"],\"@id\":\"https:\\\/\\\/www.berg-freunde.at\\\/blog\\\/bigwall-abenteuer-am-monte-brento\\\/#article\",\"isPartOf\":{\"@id\":\"https:\\\/\\\/www.berg-freunde.at\\\/blog\\\/bigwall-abenteuer-am-monte-brento\\\/\"},\"author\":{\"name\":\"Fritz\",\"@id\":\"https:\\\/\\\/www.berg-freunde.at\\\/blog\\\/#\\\/schema\\\/person\\\/9253f920f6e0f2d39b63a3dbade7a339\"},\"headline\":\"Bigwall-Abenteuer am Monte Brento\",\"datePublished\":\"2015-05-15T05:58:33+00:00\",\"dateModified\":\"2026-04-28T08:47:25+00:00\",\"mainEntityOfPage\":{\"@id\":\"https:\\\/\\\/www.berg-freunde.at\\\/blog\\\/bigwall-abenteuer-am-monte-brento\\\/\"},\"wordCount\":854,\"commentCount\":0,\"publisher\":{\"@id\":\"https:\\\/\\\/www.berg-freunde.at\\\/blog\\\/#organization\"},\"image\":{\"@id\":\"https:\\\/\\\/www.berg-freunde.at\\\/blog\\\/bigwall-abenteuer-am-monte-brento\\\/#primaryimage\"},\"thumbnailUrl\":\"https:\\\/\\\/www.berg-freunde.at\\\/blog\\\/wp-content\\\/uploads\\\/2021\\\/05\\\/Brento_01_Monte-Brento-Ostwand-mit-Il-Grande-Incubo..jpg\",\"keywords\":[\"Bergsteigen &amp; Hochtouren\",\"Klettern &amp; Bouldern\"],\"articleSection\":[\"Touren &amp; Reisetipps\"],\"inLanguage\":\"de-AT\",\"potentialAction\":[{\"@type\":\"CommentAction\",\"name\":\"Comment\",\"target\":[\"https:\\\/\\\/www.berg-freunde.at\\\/blog\\\/bigwall-abenteuer-am-monte-brento\\\/#respond\"]}]},{\"@type\":\"WebPage\",\"@id\":\"https:\\\/\\\/www.berg-freunde.at\\\/blog\\\/bigwall-abenteuer-am-monte-brento\\\/\",\"url\":\"https:\\\/\\\/www.berg-freunde.at\\\/blog\\\/bigwall-abenteuer-am-monte-brento\\\/\",\"name\":\"Bigwall-Abenteuer am Monte Brento | Bergfreunde\",\"isPartOf\":{\"@id\":\"https:\\\/\\\/www.berg-freunde.at\\\/blog\\\/#website\"},\"primaryImageOfPage\":{\"@id\":\"https:\\\/\\\/www.berg-freunde.at\\\/blog\\\/bigwall-abenteuer-am-monte-brento\\\/#primaryimage\"},\"image\":{\"@id\":\"https:\\\/\\\/www.berg-freunde.at\\\/blog\\\/bigwall-abenteuer-am-monte-brento\\\/#primaryimage\"},\"thumbnailUrl\":\"https:\\\/\\\/www.berg-freunde.at\\\/blog\\\/wp-content\\\/uploads\\\/2021\\\/05\\\/Brento_01_Monte-Brento-Ostwand-mit-Il-Grande-Incubo..jpg\",\"datePublished\":\"2015-05-15T05:58:33+00:00\",\"dateModified\":\"2026-04-28T08:47:25+00:00\",\"description\":\"Klettern rund um Arco, das ist mehr als nur Bohrhaken clippen, Kaffee trinken und shoppen. In den gro\u00dfen W\u00e4nden des Sarcatals, speziell am Monte Brento,\",\"breadcrumb\":{\"@id\":\"https:\\\/\\\/www.berg-freunde.at\\\/blog\\\/bigwall-abenteuer-am-monte-brento\\\/#breadcrumb\"},\"inLanguage\":\"de-AT\",\"potentialAction\":[{\"@type\":\"ReadAction\",\"target\":[\"https:\\\/\\\/www.berg-freunde.at\\\/blog\\\/bigwall-abenteuer-am-monte-brento\\\/\"]}]},{\"@type\":\"ImageObject\",\"inLanguage\":\"de-AT\",\"@id\":\"https:\\\/\\\/www.berg-freunde.at\\\/blog\\\/bigwall-abenteuer-am-monte-brento\\\/#primaryimage\",\"url\":\"https:\\\/\\\/www.berg-freunde.at\\\/blog\\\/wp-content\\\/uploads\\\/2021\\\/05\\\/Brento_01_Monte-Brento-Ostwand-mit-Il-Grande-Incubo..jpg\",\"contentUrl\":\"https:\\\/\\\/www.berg-freunde.at\\\/blog\\\/wp-content\\\/uploads\\\/2021\\\/05\\\/Brento_01_Monte-Brento-Ostwand-mit-Il-Grande-Incubo..jpg\",\"width\":1024,\"height\":768,\"caption\":\"Monte Brento Ostwand mit Il Grande Incubo\"},{\"@type\":\"BreadcrumbList\",\"@id\":\"https:\\\/\\\/www.berg-freunde.at\\\/blog\\\/bigwall-abenteuer-am-monte-brento\\\/#breadcrumb\",\"itemListElement\":[{\"@type\":\"ListItem\",\"position\":1,\"name\":\"Blog\",\"item\":\"https:\\\/\\\/www.berg-freunde.at\\\/blog\\\/\"},{\"@type\":\"ListItem\",\"position\":2,\"name\":\"Touren &amp; Reisetipps\",\"item\":\"https:\\\/\\\/www.berg-freunde.at\\\/blog\\\/category\\\/touren-reisetipps\\\/\"},{\"@type\":\"ListItem\",\"position\":3,\"name\":\"Bigwall-Abenteuer am Monte Brento\"}]},{\"@type\":\"WebSite\",\"@id\":\"https:\\\/\\\/www.berg-freunde.at\\\/blog\\\/#website\",\"url\":\"https:\\\/\\\/www.berg-freunde.at\\\/blog\\\/\",\"name\":\"Bergfreunde\",\"description\":\"Blog\",\"publisher\":{\"@id\":\"https:\\\/\\\/www.berg-freunde.at\\\/blog\\\/#organization\"},\"potentialAction\":[{\"@type\":\"SearchAction\",\"target\":{\"@type\":\"EntryPoint\",\"urlTemplate\":\"https:\\\/\\\/www.berg-freunde.at\\\/blog\\\/?s={search_term_string}\"},\"query-input\":{\"@type\":\"PropertyValueSpecification\",\"valueRequired\":true,\"valueName\":\"search_term_string\"}}],\"inLanguage\":\"de-AT\"},{\"@type\":\"Organization\",\"@id\":\"https:\\\/\\\/www.berg-freunde.at\\\/blog\\\/#organization\",\"name\":\"Bergfreunde\",\"url\":\"https:\\\/\\\/www.berg-freunde.at\\\/blog\\\/\",\"logo\":{\"@type\":\"ImageObject\",\"inLanguage\":\"de-AT\",\"@id\":\"https:\\\/\\\/www.berg-freunde.at\\\/blog\\\/#\\\/schema\\\/logo\\\/image\\\/\",\"url\":\"https:\\\/\\\/www.berg-freunde.at\\\/blog\\\/wp-content\\\/uploads\\\/2023\\\/12\\\/Bergfreunde_DE_rgb.svg\",\"contentUrl\":\"https:\\\/\\\/www.berg-freunde.at\\\/blog\\\/wp-content\\\/uploads\\\/2023\\\/12\\\/Bergfreunde_DE_rgb.svg\",\"caption\":\"Bergfreunde\"},\"image\":{\"@id\":\"https:\\\/\\\/www.berg-freunde.at\\\/blog\\\/#\\\/schema\\\/logo\\\/image\\\/\"},\"sameAs\":[\"https:\\\/\\\/www.facebook.com\\\/bergfreunde\",\"https:\\\/\\\/www.instagram.com\\\/bergfreundede\\\/\"]},{\"@type\":\"Person\",\"@id\":\"https:\\\/\\\/www.berg-freunde.at\\\/blog\\\/#\\\/schema\\\/person\\\/9253f920f6e0f2d39b63a3dbade7a339\",\"name\":\"Fritz\",\"url\":\"https:\\\/\\\/www.berg-freunde.at\\\/blog\\\/about\\\/fritz-miller\\\/\"}]}<\/script>\n<!-- \/ Yoast SEO Premium plugin. -->","yoast_head_json":{"title":"Bigwall-Abenteuer am Monte Brento | Bergfreunde","description":"Klettern rund um Arco, das ist mehr als nur Bohrhaken clippen, Kaffee trinken und shoppen. In den gro\u00dfen W\u00e4nden des Sarcatals, speziell am Monte Brento,","robots":{"index":"index","follow":"follow","max-snippet":"max-snippet:-1","max-image-preview":"max-image-preview:large","max-video-preview":"max-video-preview:-1"},"canonical":"https:\/\/www.berg-freunde.at\/blog\/bigwall-abenteuer-am-monte-brento\/","og_locale":"de_DE","og_type":"article","og_title":"Bigwall-Abenteuer am Monte Brento","og_description":"Klettern rund um Arco, das ist mehr als nur Bohrhaken clippen, Kaffee trinken und shoppen. In den gro\u00dfen W\u00e4nden des Sarcatals, speziell am Monte Brento,","og_url":"https:\/\/www.berg-freunde.at\/blog\/bigwall-abenteuer-am-monte-brento\/","og_site_name":"Bergfreunde","article_publisher":"https:\/\/www.facebook.com\/bergfreunde","article_published_time":"2015-05-15T05:58:33+00:00","article_modified_time":"2026-04-28T08:47:25+00:00","og_image":[{"width":1024,"height":768,"url":"https:\/\/www.berg-freunde.at\/blog\/wp-content\/uploads\/2021\/05\/Brento_01_Monte-Brento-Ostwand-mit-Il-Grande-Incubo..jpg","type":"image\/jpeg"}],"author":"Fritz","twitter_card":"summary_large_image","twitter_misc":{"Verfasst von":"Fritz","Gesch\u00e4tzte Lesezeit":"4 Minuten"},"schema":{"@context":"https:\/\/schema.org","@graph":[{"@type":["Article","BlogPosting"],"@id":"https:\/\/www.berg-freunde.at\/blog\/bigwall-abenteuer-am-monte-brento\/#article","isPartOf":{"@id":"https:\/\/www.berg-freunde.at\/blog\/bigwall-abenteuer-am-monte-brento\/"},"author":{"name":"Fritz","@id":"https:\/\/www.berg-freunde.at\/blog\/#\/schema\/person\/9253f920f6e0f2d39b63a3dbade7a339"},"headline":"Bigwall-Abenteuer am Monte Brento","datePublished":"2015-05-15T05:58:33+00:00","dateModified":"2026-04-28T08:47:25+00:00","mainEntityOfPage":{"@id":"https:\/\/www.berg-freunde.at\/blog\/bigwall-abenteuer-am-monte-brento\/"},"wordCount":854,"commentCount":0,"publisher":{"@id":"https:\/\/www.berg-freunde.at\/blog\/#organization"},"image":{"@id":"https:\/\/www.berg-freunde.at\/blog\/bigwall-abenteuer-am-monte-brento\/#primaryimage"},"thumbnailUrl":"https:\/\/www.berg-freunde.at\/blog\/wp-content\/uploads\/2021\/05\/Brento_01_Monte-Brento-Ostwand-mit-Il-Grande-Incubo..jpg","keywords":["Bergsteigen &amp; Hochtouren","Klettern &amp; Bouldern"],"articleSection":["Touren &amp; Reisetipps"],"inLanguage":"de-AT","potentialAction":[{"@type":"CommentAction","name":"Comment","target":["https:\/\/www.berg-freunde.at\/blog\/bigwall-abenteuer-am-monte-brento\/#respond"]}]},{"@type":"WebPage","@id":"https:\/\/www.berg-freunde.at\/blog\/bigwall-abenteuer-am-monte-brento\/","url":"https:\/\/www.berg-freunde.at\/blog\/bigwall-abenteuer-am-monte-brento\/","name":"Bigwall-Abenteuer am Monte Brento | Bergfreunde","isPartOf":{"@id":"https:\/\/www.berg-freunde.at\/blog\/#website"},"primaryImageOfPage":{"@id":"https:\/\/www.berg-freunde.at\/blog\/bigwall-abenteuer-am-monte-brento\/#primaryimage"},"image":{"@id":"https:\/\/www.berg-freunde.at\/blog\/bigwall-abenteuer-am-monte-brento\/#primaryimage"},"thumbnailUrl":"https:\/\/www.berg-freunde.at\/blog\/wp-content\/uploads\/2021\/05\/Brento_01_Monte-Brento-Ostwand-mit-Il-Grande-Incubo..jpg","datePublished":"2015-05-15T05:58:33+00:00","dateModified":"2026-04-28T08:47:25+00:00","description":"Klettern rund um Arco, das ist mehr als nur Bohrhaken clippen, Kaffee trinken und shoppen. In den gro\u00dfen W\u00e4nden des Sarcatals, speziell am Monte Brento,","breadcrumb":{"@id":"https:\/\/www.berg-freunde.at\/blog\/bigwall-abenteuer-am-monte-brento\/#breadcrumb"},"inLanguage":"de-AT","potentialAction":[{"@type":"ReadAction","target":["https:\/\/www.berg-freunde.at\/blog\/bigwall-abenteuer-am-monte-brento\/"]}]},{"@type":"ImageObject","inLanguage":"de-AT","@id":"https:\/\/www.berg-freunde.at\/blog\/bigwall-abenteuer-am-monte-brento\/#primaryimage","url":"https:\/\/www.berg-freunde.at\/blog\/wp-content\/uploads\/2021\/05\/Brento_01_Monte-Brento-Ostwand-mit-Il-Grande-Incubo..jpg","contentUrl":"https:\/\/www.berg-freunde.at\/blog\/wp-content\/uploads\/2021\/05\/Brento_01_Monte-Brento-Ostwand-mit-Il-Grande-Incubo..jpg","width":1024,"height":768,"caption":"Monte Brento Ostwand mit Il Grande Incubo"},{"@type":"BreadcrumbList","@id":"https:\/\/www.berg-freunde.at\/blog\/bigwall-abenteuer-am-monte-brento\/#breadcrumb","itemListElement":[{"@type":"ListItem","position":1,"name":"Blog","item":"https:\/\/www.berg-freunde.at\/blog\/"},{"@type":"ListItem","position":2,"name":"Touren &amp; Reisetipps","item":"https:\/\/www.berg-freunde.at\/blog\/category\/touren-reisetipps\/"},{"@type":"ListItem","position":3,"name":"Bigwall-Abenteuer am Monte Brento"}]},{"@type":"WebSite","@id":"https:\/\/www.berg-freunde.at\/blog\/#website","url":"https:\/\/www.berg-freunde.at\/blog\/","name":"Bergfreunde","description":"Blog","publisher":{"@id":"https:\/\/www.berg-freunde.at\/blog\/#organization"},"potentialAction":[{"@type":"SearchAction","target":{"@type":"EntryPoint","urlTemplate":"https:\/\/www.berg-freunde.at\/blog\/?s={search_term_string}"},"query-input":{"@type":"PropertyValueSpecification","valueRequired":true,"valueName":"search_term_string"}}],"inLanguage":"de-AT"},{"@type":"Organization","@id":"https:\/\/www.berg-freunde.at\/blog\/#organization","name":"Bergfreunde","url":"https:\/\/www.berg-freunde.at\/blog\/","logo":{"@type":"ImageObject","inLanguage":"de-AT","@id":"https:\/\/www.berg-freunde.at\/blog\/#\/schema\/logo\/image\/","url":"https:\/\/www.berg-freunde.at\/blog\/wp-content\/uploads\/2023\/12\/Bergfreunde_DE_rgb.svg","contentUrl":"https:\/\/www.berg-freunde.at\/blog\/wp-content\/uploads\/2023\/12\/Bergfreunde_DE_rgb.svg","caption":"Bergfreunde"},"image":{"@id":"https:\/\/www.berg-freunde.at\/blog\/#\/schema\/logo\/image\/"},"sameAs":["https:\/\/www.facebook.com\/bergfreunde","https:\/\/www.instagram.com\/bergfreundede\/"]},{"@type":"Person","@id":"https:\/\/www.berg-freunde.at\/blog\/#\/schema\/person\/9253f920f6e0f2d39b63a3dbade7a339","name":"Fritz","url":"https:\/\/www.berg-freunde.at\/blog\/about\/fritz-miller\/"}]}},"_links":{"self":[{"href":"https:\/\/www.berg-freunde.at\/blog\/wp-json\/wp\/v2\/posts\/71115","targetHints":{"allow":["GET"]}}],"collection":[{"href":"https:\/\/www.berg-freunde.at\/blog\/wp-json\/wp\/v2\/posts"}],"about":[{"href":"https:\/\/www.berg-freunde.at\/blog\/wp-json\/wp\/v2\/types\/post"}],"author":[{"embeddable":true,"href":"https:\/\/www.berg-freunde.at\/blog\/wp-json\/wp\/v2\/users\/16"}],"replies":[{"embeddable":true,"href":"https:\/\/www.berg-freunde.at\/blog\/wp-json\/wp\/v2\/comments?post=71115"}],"version-history":[{"count":1,"href":"https:\/\/www.berg-freunde.at\/blog\/wp-json\/wp\/v2\/posts\/71115\/revisions"}],"predecessor-version":[{"id":132986,"href":"https:\/\/www.berg-freunde.at\/blog\/wp-json\/wp\/v2\/posts\/71115\/revisions\/132986"}],"wp:featuredmedia":[{"embeddable":true,"href":"https:\/\/www.berg-freunde.at\/blog\/wp-json\/wp\/v2\/media\/71117"}],"wp:attachment":[{"href":"https:\/\/www.berg-freunde.at\/blog\/wp-json\/wp\/v2\/media?parent=71115"}],"wp:term":[{"taxonomy":"category","embeddable":true,"href":"https:\/\/www.berg-freunde.at\/blog\/wp-json\/wp\/v2\/categories?post=71115"},{"taxonomy":"post_tag","embeddable":true,"href":"https:\/\/www.berg-freunde.at\/blog\/wp-json\/wp\/v2\/tags?post=71115"},{"taxonomy":"post_folder","embeddable":true,"href":"https:\/\/www.berg-freunde.at\/blog\/wp-json\/wp\/v2\/post_folder?post=71115"}],"curies":[{"name":"wp","href":"https:\/\/api.w.org\/{rel}","templated":true}]}}