{"id":70965,"date":"2022-07-22T09:24:00","date_gmt":"2022-07-22T07:24:00","guid":{"rendered":"https:\/\/www.bergfreunde.de\/blog\/reparatur-kunstfaserjacken\/"},"modified":"2023-10-13T13:33:35","modified_gmt":"2023-10-13T11:33:35","slug":"reparatur-kunstfaserjacken","status":"publish","type":"post","link":"https:\/\/www.berg-freunde.at\/blog\/reparatur-kunstfaserjacken\/","title":{"rendered":"Tipps zur Reparatur von Kunstfaserjacken"},"content":{"rendered":"<div class=\"wp-block-image\">\n<figure class=\"alignleft size-full is-resized\"><a href=\"https:\/\/www.bergfreunde.de\/blog\/wp-content\/uploads\/2023\/02\/falketind_Collection_ChrisHolterPhoto_71.jpg\"><img decoding=\"async\" src=\"https:\/\/www.bergfreunde.de\/blog\/wp-content\/uploads\/2023\/02\/falketind_Collection_ChrisHolterPhoto_71.jpg\" alt=\"Person tr\u00e4gt eine gr\u00fcne Kunstfaserjacke\" class=\"wp-image-78832\" style=\"width:350px\" width=\"350\" srcset=\"https:\/\/www.berg-freunde.at\/blog\/wp-content\/uploads\/2023\/02\/falketind_Collection_ChrisHolterPhoto_71.jpg 900w, https:\/\/www.berg-freunde.at\/blog\/wp-content\/uploads\/2023\/02\/falketind_Collection_ChrisHolterPhoto_71-300x200.jpg 300w, https:\/\/www.berg-freunde.at\/blog\/wp-content\/uploads\/2023\/02\/falketind_Collection_ChrisHolterPhoto_71-768x513.jpg 768w\" sizes=\"(max-width: 900px) 100vw, 900px\" \/><\/a><figcaption class=\"wp-element-caption\">Der Vorteil von Kunstfaserjacken ist die Pflegeleichtigkeit und die Reparatur.<\/figcaption><\/figure>\n<\/div>\n\n\n<p>Jacken aus synthetischen F\u00fcllmaterialien haben einige Vorteile gegen\u00fcber den nat\u00fcrlichen Geschwistern mit Daunenisolation. Einer dieser Vorteile ist ganz klar ihre <strong>Pflegeleichtigkeit<\/strong>. Kunstfaserjacken lassen sich unkomplizierter und \u00f6fter waschen und sind im Falle einer Besch\u00e4digung einfacher zu reparieren.<\/p>\n\n\n\n<p>Hier gibt es einige Tipps zum <strong>Umgang mit Sch\u00e4den<\/strong> an Kunstfaserjacken.<\/p>\n\n\n\n<!--more-->\n\n\n\n<h2 class=\"wp-block-heading\" id=\"h-pflege-und-reparatur-bei-kunstfaserjacken\">Pflege und Reparatur bei Kunstfaserjacken<\/h2>\n\n\n\n<p>Wenn eine <a title=\"Zu den Kunstfaserjacken bei den Bergfreunden\" href=\"https:\/\/www.bergfreunde.de\/kunstfaserjacken\/?listorderby=oxinsert&amp;listorder=desc\" target=\"_blank\" rel=\"noopener\">Kunstfaserjacke<\/a> nur \u00e4u\u00dferlich fleckig ist, gen\u00fcgt es im Normalfall, den Schmutz mit einem <strong>Tuch und etwas Wasser oder neutraler Seife<\/strong> vorsichtig abzuwischen, da sie ja in der Regel aus einem wasserabweisend-impr\u00e4gnierten und robusten Au\u00dfenmaterial besteht. Anders als Daune ist Kunstfaser nicht so leicht zu l\u00fcften. Bei Ger\u00fcchen bringt es also nichts, die Jacke \u00fcber Nacht rauszuh\u00e4ngen. Dann ist eine W\u00e4sche n\u00f6tig (siehe hierzu die jeweiligen Waschhinweise Deiner Kunstfaserjacke an).<\/p>\n\n\n\n<p>Bei Besch\u00e4digungen ist es allerdings wesentlich einfacher, Kunstfaserjacken selbst zu reparieren als bei Daunenprodukten. Diese bed\u00fcrfen einer sehr sorgf\u00e4ltigen Reparatur und sollten bei ernsteren Sch\u00e4den nur vom Hersteller oder von Spezialisten repariert werden. Hierbei werden die gesamten Kammern ausgetauscht oder neu mit Daunen bef\u00fcllt.<\/p>\n\n\n\n<h2 class=\"wp-block-heading\" id=\"h-erste-hilfe-fur-kunstfaserjacken\">Erste Hilfe f\u00fcr Kunstfaserjacken<\/h2>\n\n\n\n<p>Im Akutfall auf Tour kann man hingegen seine Kunstfaserjacke einfach selbst reparieren. Die Stelle mit Riss oder Loch sollte man zun\u00e4chst einmal <strong>mit Panzertape abdichten<\/strong>. Da das F\u00fcllmaterial zusammenh\u00e4ngend ist, wird man &#8211; anders als bei Daunenprodukten &#8211; nichts verlieren, wenn die defekte Stelle grob abgedeckt ist. Bei Daune ist eine hundertprozentige Abdichtung n\u00f6tig, da sonst die gesamte Daune aus einer Kammer entfleucht.<\/p>\n\n\n\n<p>Zu Hause kannst Du den Riss oder das Loch in der Kunstfaserjacke dann <strong>mit Nadel und Faden<\/strong> manuell oder maschinell reparieren. Dazu einfach sorgf\u00e4ltig zun\u00e4hen und dabei die F\u00fcllung nicht mit einklemmen, damit sie sich weiterhin lose unter der winddichten Au\u00dfenlage bewegen kann. Auch ein Patch kann farblich passend gew\u00e4hlt und angebracht werden.<\/p>\n\n\n\n<h2 class=\"wp-block-heading\" id=\"h-wie-dichte-ich-eine-kunstfaserjacke-richtig-ab\">Wie dichte ich eine Kunstfaserjacke richtig ab?<\/h2>\n\n\n<div class=\"wp-block-image\">\n<figure class=\"alignright is-resized\"><a href=\"https:\/\/www.bergfreunde.de\/blog\/wp-content\/uploads\/2021\/05\/mcnett-gore-tex-repair-kit.jpg\"><img decoding=\"async\" src=\"https:\/\/www.bergfreunde.de\/blog\/wp-content\/uploads\/2021\/05\/mcnett-gore-tex-repair-kit.jpg\" alt=\"McNett - Gore-Tex Repair Kit\" class=\"wp-image-24356\" style=\"width:350px\" width=\"350\"\/><\/a><figcaption class=\"wp-element-caption\">McNett &#8211; <a href=\"https:\/\/www.bergfreunde.de\/gearaid-gore-tex-repair-kit-reparaturband\/\">Gore-Tex Repair Kit<\/a><\/figcaption><\/figure>\n<\/div>\n\n\n<p>Wenn das Material nur wasserabweisend ist, was bei den meisten leichten Kunstfaserjacken der Fall ist, brauchst Du keine <strong>speziellen Reparaturtapes f\u00fcr wasserdichte Textilien<\/strong>. Da diese selbstklebend sind, kannst Du aber selbstverst\u00e4ndlich generell einen solchen Flicken anbringen. Insbesondere aber bei robusteren Kunstfaserjacken oder solchen mit <strong>wind- oder wasserdichter Membran<\/strong> bzw. <strong>getapten N\u00e4hten<\/strong> sollte zu einem solchen Repairkit f\u00fcr wasserdichte Textilien gegriffen werden (z.B. <a title=\"Zum McNett - Gore-Tex Repair Kit bei den Bergfreunden\" href=\"https:\/\/www.bergfreunde.de\/gearaid-gore-tex-repair-kit-reparaturband\/\" target=\"_blank\" rel=\"noopener\">Gore-Tex Reparatur Flicken<\/a>).<\/p>\n\n\n\n<p>Wer ungern n\u00e4ht oder die defekte Stelle noch besser abdichten m\u00f6chte, kann auch alleine oder zus\u00e4tzlich mit <strong>Seamgrip<\/strong> arbeiten. Dabei handelt es sich um einen abdichtenden, elastischen Klebstoff f\u00fcr Textilien. Ein Patch kannst Du damit unkompliziert \u00fcber dem Riss oder Loch anbringen. Auch zur <strong>Verst\u00e4rkung von N\u00e4hten<\/strong> und speziell zum Abdichten wird Seamgrip verwendet.<\/p>\n\n\n\n<p>Bei Jacken aus Mischgewebe mit Kunstfaserf\u00fcllung (z.B. G-1000) arbeitet man am besten einfach mit einem <strong>Baumwollpatch zum Aufn\u00e4hen<\/strong>. Rein synthetische Obermaterialien sollte man am besten immer auch mit einem synthetischen Stoff flicken, optimalerweise auch mit einer <strong>\u00e4hnlichen<\/strong> <strong>Oberfl\u00e4chenstruktur<\/strong>. So l\u00e4sst sich die Jacke am besten nachimpr\u00e4gnieren.<\/p>\n\n\n\n<div class=\"wp-block-buttons is-layout-flex wp-block-buttons-is-layout-flex\">\n<div class=\"wp-block-button\"><a class=\"wp-block-button__link wp-element-button\" href=\"https:\/\/www.bergfreunde.de\/kunstfaserjacken\/\">Kunstfaserjacken gibt&#8217;s hier &gt;&gt;<\/a><\/div>\n<\/div>\n\n\n\n<h2 class=\"wp-block-heading\" id=\"h-faq-reparatur-kunstfaserjacken\">FAQ Reparatur Kunstfaserjacken<\/h2>\n\n\n\n<div class=\"schema-faq wp-block-yoast-faq-block\"><div class=\"schema-faq-section\" id=\"faq-question-1696846035384\"><strong class=\"schema-faq-question\">Was mache ich bei kleinen L\u00f6chern oder Sch\u00e4den in meiner Kunstfaserjacke?<\/strong> <p class=\"schema-faq-answer\">Kleine Risse oder L\u00f6cher kannst du zun\u00f6chst provisorisch mit Panzertape abdichten. Danach kannst du das Loch dann mit Nadel und Faden schlie\u00dfen. Es gibt auch extra Repair-Kits f\u00fcr wasserdichte Materialien, mit einem Patch, welcher die Stelle abdichtet. Diese Patches gibt es auch als Seamgrips, dies ist ein abdichtender, elastischer Klebstoff f\u00fcr Textilien. Man sollte den Patch immer je nach Material der Jacke bzw. nach der Oberfl\u00e4chenstuktur ausw\u00e4hlen.<\/p> <\/div> <div class=\"schema-faq-section\" id=\"faq-question-1696846431712\"><strong class=\"schema-faq-question\">Wie kann ich meine Kunstfaserjacke von Schmutzbefreien?<\/strong> <p class=\"schema-faq-answer\">Am besten reinigst du deine Kunstfaserjacke von groben Verschmutzungen mithilfe eines nassen Tuchs und neutraler Seife. Nur bei hartn\u00e4ckigeren Verschmutzungen und Ger\u00fcchen musst du die Jacke richtig waschen.<\/p> <\/div> <\/div>\n","protected":false},"excerpt":{"rendered":"<p>Jacken aus synthetischen F\u00fcllmaterialien haben einige Vorteile gegen\u00fcber den nat\u00fcrlichen Geschwistern mit Daunenisolation. Einer dieser Vorteile ist ganz klar ihre Pflegeleichtigkeit. Kunstfaserjacken lassen sich unkomplizierter und \u00f6fter waschen und sind im Falle einer Besch\u00e4digung einfacher zu reparieren. Hier gibt es einige Tipps zum Umgang mit Sch\u00e4den an Kunstfaserjacken.<\/p>\n","protected":false},"author":26,"featured_media":78840,"comment_status":"open","ping_status":"closed","sticky":false,"template":"","format":"standard","meta":{"_acf_changed":false,"footnotes":""},"categories":[281],"tags":[258,262,265],"post_folder":[],"class_list":["post-70965","post","type-post","status-publish","format-standard","has-post-thumbnail","hentry","category-pflege-reparatur","tag-bergsteigen","tag-klettern-bouldern","tag-wandern-trekking"],"acf":[],"yoast_head":"<!-- This site is optimized with the Yoast SEO Premium plugin v27.4 (Yoast SEO v27.4) - https:\/\/yoast.com\/product\/yoast-seo-premium-wordpress\/ -->\n<title>Tipps zur Reparatur von Kunstfaserjacken<\/title>\n<meta name=\"description\" content=\"Hier gibt es einige Tipps zum Umgang mit Sch\u00e4den an Kunstfaserjacken sowohl f\u00fcr den Akutfall als auch f\u00fcr die ausf\u00fchrliche Reparatur zu Hause.\" \/>\n<meta name=\"robots\" content=\"index, follow, max-snippet:-1, max-image-preview:large, max-video-preview:-1\" \/>\n<link rel=\"canonical\" href=\"https:\/\/www.berg-freunde.at\/blog\/reparatur-kunstfaserjacken\/\" \/>\n<meta property=\"og:locale\" content=\"de_DE\" \/>\n<meta property=\"og:type\" content=\"article\" \/>\n<meta property=\"og:title\" content=\"Tipps zur Reparatur von Kunstfaserjacken\" \/>\n<meta property=\"og:description\" content=\"Hier gibt es einige Tipps zum Umgang mit Sch\u00e4den an Kunstfaserjacken sowohl f\u00fcr den Akutfall als auch f\u00fcr die ausf\u00fchrliche Reparatur zu Hause.\" \/>\n<meta property=\"og:url\" content=\"https:\/\/www.berg-freunde.at\/blog\/reparatur-kunstfaserjacken\/\" \/>\n<meta property=\"og:site_name\" content=\"Bergfreunde\" \/>\n<meta property=\"article:publisher\" content=\"https:\/\/www.facebook.com\/bergfreunde\" \/>\n<meta property=\"article:published_time\" content=\"2022-07-22T07:24:00+00:00\" \/>\n<meta property=\"article:modified_time\" content=\"2023-10-13T11:33:35+00:00\" \/>\n<meta property=\"og:image\" content=\"https:\/\/www.bergfreunde.de\/blog\/wp-content\/uploads\/2015\/07\/orange-jacket-g13933ba27_1920.jpg\" \/>\n\t<meta property=\"og:image:width\" content=\"1440\" \/>\n\t<meta property=\"og:image:height\" content=\"961\" \/>\n\t<meta property=\"og:image:type\" content=\"image\/jpeg\" \/>\n<meta name=\"author\" content=\"Gastautor\" \/>\n<meta name=\"twitter:card\" content=\"summary_large_image\" \/>\n<meta name=\"twitter:label1\" content=\"Verfasst von\" \/>\n\t<meta name=\"twitter:data1\" content=\"Gastautor\" \/>\n\t<meta name=\"twitter:label2\" content=\"Gesch\u00e4tzte Lesezeit\" \/>\n\t<meta name=\"twitter:data2\" content=\"3 Minuten\" \/>\n<script type=\"application\/ld+json\" class=\"yoast-schema-graph\">{\"@context\":\"https:\\\/\\\/schema.org\",\"@graph\":[{\"@type\":[\"Article\",\"BlogPosting\"],\"@id\":\"https:\\\/\\\/www.berg-freunde.at\\\/blog\\\/reparatur-kunstfaserjacken\\\/#article\",\"isPartOf\":{\"@id\":\"https:\\\/\\\/www.berg-freunde.at\\\/blog\\\/reparatur-kunstfaserjacken\\\/\"},\"author\":{\"name\":\"Gastautor\",\"@id\":\"https:\\\/\\\/www.berg-freunde.at\\\/blog\\\/#\\\/schema\\\/person\\\/6ac3327294ce276d7318b1f9c408382e\"},\"headline\":\"Tipps zur Reparatur von Kunstfaserjacken\",\"datePublished\":\"2022-07-22T07:24:00+00:00\",\"dateModified\":\"2023-10-13T11:33:35+00:00\",\"mainEntityOfPage\":{\"@id\":\"https:\\\/\\\/www.berg-freunde.at\\\/blog\\\/reparatur-kunstfaserjacken\\\/\"},\"wordCount\":659,\"commentCount\":1,\"publisher\":{\"@id\":\"https:\\\/\\\/www.berg-freunde.at\\\/blog\\\/#organization\"},\"image\":{\"@id\":\"https:\\\/\\\/www.berg-freunde.at\\\/blog\\\/reparatur-kunstfaserjacken\\\/#primaryimage\"},\"thumbnailUrl\":\"https:\\\/\\\/www.berg-freunde.at\\\/blog\\\/wp-content\\\/uploads\\\/2015\\\/07\\\/orange-jacket-g13933ba27_1920.jpg\",\"keywords\":[\"Bergsteigen &amp; Hochtouren\",\"Klettern &amp; Bouldern\",\"Wandern &amp; Trekking\"],\"articleSection\":[\"Pflege &amp; Reparatur\"],\"inLanguage\":\"de-AT\",\"potentialAction\":[{\"@type\":\"CommentAction\",\"name\":\"Comment\",\"target\":[\"https:\\\/\\\/www.berg-freunde.at\\\/blog\\\/reparatur-kunstfaserjacken\\\/#respond\"]}]},{\"@type\":[\"WebPage\",\"FAQPage\"],\"@id\":\"https:\\\/\\\/www.berg-freunde.at\\\/blog\\\/reparatur-kunstfaserjacken\\\/\",\"url\":\"https:\\\/\\\/www.berg-freunde.at\\\/blog\\\/reparatur-kunstfaserjacken\\\/\",\"name\":\"Tipps zur Reparatur von Kunstfaserjacken\",\"isPartOf\":{\"@id\":\"https:\\\/\\\/www.berg-freunde.at\\\/blog\\\/#website\"},\"primaryImageOfPage\":{\"@id\":\"https:\\\/\\\/www.berg-freunde.at\\\/blog\\\/reparatur-kunstfaserjacken\\\/#primaryimage\"},\"image\":{\"@id\":\"https:\\\/\\\/www.berg-freunde.at\\\/blog\\\/reparatur-kunstfaserjacken\\\/#primaryimage\"},\"thumbnailUrl\":\"https:\\\/\\\/www.berg-freunde.at\\\/blog\\\/wp-content\\\/uploads\\\/2015\\\/07\\\/orange-jacket-g13933ba27_1920.jpg\",\"datePublished\":\"2022-07-22T07:24:00+00:00\",\"dateModified\":\"2023-10-13T11:33:35+00:00\",\"description\":\"Hier gibt es einige Tipps zum Umgang mit Sch\u00e4den an Kunstfaserjacken sowohl f\u00fcr den Akutfall als auch f\u00fcr die ausf\u00fchrliche Reparatur zu Hause.\",\"breadcrumb\":{\"@id\":\"https:\\\/\\\/www.berg-freunde.at\\\/blog\\\/reparatur-kunstfaserjacken\\\/#breadcrumb\"},\"mainEntity\":[{\"@id\":\"https:\\\/\\\/www.berg-freunde.at\\\/blog\\\/reparatur-kunstfaserjacken\\\/#faq-question-1696846035384\"},{\"@id\":\"https:\\\/\\\/www.berg-freunde.at\\\/blog\\\/reparatur-kunstfaserjacken\\\/#faq-question-1696846431712\"}],\"inLanguage\":\"de-AT\",\"potentialAction\":[{\"@type\":\"ReadAction\",\"target\":[\"https:\\\/\\\/www.berg-freunde.at\\\/blog\\\/reparatur-kunstfaserjacken\\\/\"]}]},{\"@type\":\"ImageObject\",\"inLanguage\":\"de-AT\",\"@id\":\"https:\\\/\\\/www.berg-freunde.at\\\/blog\\\/reparatur-kunstfaserjacken\\\/#primaryimage\",\"url\":\"https:\\\/\\\/www.berg-freunde.at\\\/blog\\\/wp-content\\\/uploads\\\/2015\\\/07\\\/orange-jacket-g13933ba27_1920.jpg\",\"contentUrl\":\"https:\\\/\\\/www.berg-freunde.at\\\/blog\\\/wp-content\\\/uploads\\\/2015\\\/07\\\/orange-jacket-g13933ba27_1920.jpg\",\"width\":1440,\"height\":961},{\"@type\":\"BreadcrumbList\",\"@id\":\"https:\\\/\\\/www.berg-freunde.at\\\/blog\\\/reparatur-kunstfaserjacken\\\/#breadcrumb\",\"itemListElement\":[{\"@type\":\"ListItem\",\"position\":1,\"name\":\"Blog\",\"item\":\"https:\\\/\\\/www.berg-freunde.at\\\/blog\\\/\"},{\"@type\":\"ListItem\",\"position\":2,\"name\":\"Know-How\",\"item\":\"https:\\\/\\\/www.berg-freunde.at\\\/blog\\\/category\\\/know-how\\\/\"},{\"@type\":\"ListItem\",\"position\":3,\"name\":\"Pflege &amp; Reparatur\",\"item\":\"https:\\\/\\\/www.berg-freunde.at\\\/blog\\\/category\\\/know-how\\\/pflege-reparatur\\\/\"},{\"@type\":\"ListItem\",\"position\":4,\"name\":\"Tipps zur Reparatur von Kunstfaserjacken\"}]},{\"@type\":\"WebSite\",\"@id\":\"https:\\\/\\\/www.berg-freunde.at\\\/blog\\\/#website\",\"url\":\"https:\\\/\\\/www.berg-freunde.at\\\/blog\\\/\",\"name\":\"Bergfreunde\",\"description\":\"Blog\",\"publisher\":{\"@id\":\"https:\\\/\\\/www.berg-freunde.at\\\/blog\\\/#organization\"},\"potentialAction\":[{\"@type\":\"SearchAction\",\"target\":{\"@type\":\"EntryPoint\",\"urlTemplate\":\"https:\\\/\\\/www.berg-freunde.at\\\/blog\\\/?s={search_term_string}\"},\"query-input\":{\"@type\":\"PropertyValueSpecification\",\"valueRequired\":true,\"valueName\":\"search_term_string\"}}],\"inLanguage\":\"de-AT\"},{\"@type\":\"Organization\",\"@id\":\"https:\\\/\\\/www.berg-freunde.at\\\/blog\\\/#organization\",\"name\":\"Bergfreunde\",\"url\":\"https:\\\/\\\/www.berg-freunde.at\\\/blog\\\/\",\"logo\":{\"@type\":\"ImageObject\",\"inLanguage\":\"de-AT\",\"@id\":\"https:\\\/\\\/www.berg-freunde.at\\\/blog\\\/#\\\/schema\\\/logo\\\/image\\\/\",\"url\":\"https:\\\/\\\/www.berg-freunde.at\\\/blog\\\/wp-content\\\/uploads\\\/2023\\\/12\\\/Bergfreunde_DE_rgb.svg\",\"contentUrl\":\"https:\\\/\\\/www.berg-freunde.at\\\/blog\\\/wp-content\\\/uploads\\\/2023\\\/12\\\/Bergfreunde_DE_rgb.svg\",\"caption\":\"Bergfreunde\"},\"image\":{\"@id\":\"https:\\\/\\\/www.berg-freunde.at\\\/blog\\\/#\\\/schema\\\/logo\\\/image\\\/\"},\"sameAs\":[\"https:\\\/\\\/www.facebook.com\\\/bergfreunde\",\"https:\\\/\\\/www.instagram.com\\\/bergfreundede\\\/\"]},{\"@type\":\"Person\",\"@id\":\"https:\\\/\\\/www.berg-freunde.at\\\/blog\\\/#\\\/schema\\\/person\\\/6ac3327294ce276d7318b1f9c408382e\",\"name\":\"Gastautor\",\"url\":\"https:\\\/\\\/www.berg-freunde.at\\\/blog\\\/about\\\/gastautor\\\/\"},{\"@type\":\"Question\",\"@id\":\"https:\\\/\\\/www.berg-freunde.at\\\/blog\\\/reparatur-kunstfaserjacken\\\/#faq-question-1696846035384\",\"position\":1,\"url\":\"https:\\\/\\\/www.berg-freunde.at\\\/blog\\\/reparatur-kunstfaserjacken\\\/#faq-question-1696846035384\",\"name\":\"Was mache ich bei kleinen L\u00f6chern oder Sch\u00e4den in meiner Kunstfaserjacke?\",\"answerCount\":1,\"acceptedAnswer\":{\"@type\":\"Answer\",\"text\":\"Kleine Risse oder L\u00f6cher kannst du zun\u00f6chst provisorisch mit Panzertape abdichten. Danach kannst du das Loch dann mit Nadel und Faden schlie\u00dfen. Es gibt auch extra Repair-Kits f\u00fcr wasserdichte Materialien, mit einem Patch, welcher die Stelle abdichtet. Diese Patches gibt es auch als Seamgrips, dies ist ein abdichtender, elastischer Klebstoff f\u00fcr Textilien. Man sollte den Patch immer je nach Material der Jacke bzw. nach der Oberfl\u00e4chenstuktur ausw\u00e4hlen.\",\"inLanguage\":\"de-AT\"},\"inLanguage\":\"de-AT\"},{\"@type\":\"Question\",\"@id\":\"https:\\\/\\\/www.berg-freunde.at\\\/blog\\\/reparatur-kunstfaserjacken\\\/#faq-question-1696846431712\",\"position\":2,\"url\":\"https:\\\/\\\/www.berg-freunde.at\\\/blog\\\/reparatur-kunstfaserjacken\\\/#faq-question-1696846431712\",\"name\":\"Wie kann ich meine Kunstfaserjacke von Schmutzbefreien?\",\"answerCount\":1,\"acceptedAnswer\":{\"@type\":\"Answer\",\"text\":\"Am besten reinigst du deine Kunstfaserjacke von groben Verschmutzungen mithilfe eines nassen Tuchs und neutraler Seife. Nur bei hartn\u00e4ckigeren Verschmutzungen und Ger\u00fcchen musst du die Jacke richtig waschen.\",\"inLanguage\":\"de-AT\"},\"inLanguage\":\"de-AT\"}]}<\/script>\n<!-- \/ Yoast SEO Premium plugin. -->","yoast_head_json":{"title":"Tipps zur Reparatur von Kunstfaserjacken","description":"Hier gibt es einige Tipps zum Umgang mit Sch\u00e4den an Kunstfaserjacken sowohl f\u00fcr den Akutfall als auch f\u00fcr die ausf\u00fchrliche Reparatur zu Hause.","robots":{"index":"index","follow":"follow","max-snippet":"max-snippet:-1","max-image-preview":"max-image-preview:large","max-video-preview":"max-video-preview:-1"},"canonical":"https:\/\/www.berg-freunde.at\/blog\/reparatur-kunstfaserjacken\/","og_locale":"de_DE","og_type":"article","og_title":"Tipps zur Reparatur von Kunstfaserjacken","og_description":"Hier gibt es einige Tipps zum Umgang mit Sch\u00e4den an Kunstfaserjacken sowohl f\u00fcr den Akutfall als auch f\u00fcr die ausf\u00fchrliche Reparatur zu Hause.","og_url":"https:\/\/www.berg-freunde.at\/blog\/reparatur-kunstfaserjacken\/","og_site_name":"Bergfreunde","article_publisher":"https:\/\/www.facebook.com\/bergfreunde","article_published_time":"2022-07-22T07:24:00+00:00","article_modified_time":"2023-10-13T11:33:35+00:00","og_image":[{"width":1440,"height":961,"url":"https:\/\/www.bergfreunde.de\/blog\/wp-content\/uploads\/2015\/07\/orange-jacket-g13933ba27_1920.jpg","type":"image\/jpeg"}],"author":"Gastautor","twitter_card":"summary_large_image","twitter_misc":{"Verfasst von":"Gastautor","Gesch\u00e4tzte Lesezeit":"3 Minuten"},"schema":{"@context":"https:\/\/schema.org","@graph":[{"@type":["Article","BlogPosting"],"@id":"https:\/\/www.berg-freunde.at\/blog\/reparatur-kunstfaserjacken\/#article","isPartOf":{"@id":"https:\/\/www.berg-freunde.at\/blog\/reparatur-kunstfaserjacken\/"},"author":{"name":"Gastautor","@id":"https:\/\/www.berg-freunde.at\/blog\/#\/schema\/person\/6ac3327294ce276d7318b1f9c408382e"},"headline":"Tipps zur Reparatur von Kunstfaserjacken","datePublished":"2022-07-22T07:24:00+00:00","dateModified":"2023-10-13T11:33:35+00:00","mainEntityOfPage":{"@id":"https:\/\/www.berg-freunde.at\/blog\/reparatur-kunstfaserjacken\/"},"wordCount":659,"commentCount":1,"publisher":{"@id":"https:\/\/www.berg-freunde.at\/blog\/#organization"},"image":{"@id":"https:\/\/www.berg-freunde.at\/blog\/reparatur-kunstfaserjacken\/#primaryimage"},"thumbnailUrl":"https:\/\/www.berg-freunde.at\/blog\/wp-content\/uploads\/2015\/07\/orange-jacket-g13933ba27_1920.jpg","keywords":["Bergsteigen &amp; Hochtouren","Klettern &amp; Bouldern","Wandern &amp; Trekking"],"articleSection":["Pflege &amp; Reparatur"],"inLanguage":"de-AT","potentialAction":[{"@type":"CommentAction","name":"Comment","target":["https:\/\/www.berg-freunde.at\/blog\/reparatur-kunstfaserjacken\/#respond"]}]},{"@type":["WebPage","FAQPage"],"@id":"https:\/\/www.berg-freunde.at\/blog\/reparatur-kunstfaserjacken\/","url":"https:\/\/www.berg-freunde.at\/blog\/reparatur-kunstfaserjacken\/","name":"Tipps zur Reparatur von Kunstfaserjacken","isPartOf":{"@id":"https:\/\/www.berg-freunde.at\/blog\/#website"},"primaryImageOfPage":{"@id":"https:\/\/www.berg-freunde.at\/blog\/reparatur-kunstfaserjacken\/#primaryimage"},"image":{"@id":"https:\/\/www.berg-freunde.at\/blog\/reparatur-kunstfaserjacken\/#primaryimage"},"thumbnailUrl":"https:\/\/www.berg-freunde.at\/blog\/wp-content\/uploads\/2015\/07\/orange-jacket-g13933ba27_1920.jpg","datePublished":"2022-07-22T07:24:00+00:00","dateModified":"2023-10-13T11:33:35+00:00","description":"Hier gibt es einige Tipps zum Umgang mit Sch\u00e4den an Kunstfaserjacken sowohl f\u00fcr den Akutfall als auch f\u00fcr die ausf\u00fchrliche Reparatur zu Hause.","breadcrumb":{"@id":"https:\/\/www.berg-freunde.at\/blog\/reparatur-kunstfaserjacken\/#breadcrumb"},"mainEntity":[{"@id":"https:\/\/www.berg-freunde.at\/blog\/reparatur-kunstfaserjacken\/#faq-question-1696846035384"},{"@id":"https:\/\/www.berg-freunde.at\/blog\/reparatur-kunstfaserjacken\/#faq-question-1696846431712"}],"inLanguage":"de-AT","potentialAction":[{"@type":"ReadAction","target":["https:\/\/www.berg-freunde.at\/blog\/reparatur-kunstfaserjacken\/"]}]},{"@type":"ImageObject","inLanguage":"de-AT","@id":"https:\/\/www.berg-freunde.at\/blog\/reparatur-kunstfaserjacken\/#primaryimage","url":"https:\/\/www.berg-freunde.at\/blog\/wp-content\/uploads\/2015\/07\/orange-jacket-g13933ba27_1920.jpg","contentUrl":"https:\/\/www.berg-freunde.at\/blog\/wp-content\/uploads\/2015\/07\/orange-jacket-g13933ba27_1920.jpg","width":1440,"height":961},{"@type":"BreadcrumbList","@id":"https:\/\/www.berg-freunde.at\/blog\/reparatur-kunstfaserjacken\/#breadcrumb","itemListElement":[{"@type":"ListItem","position":1,"name":"Blog","item":"https:\/\/www.berg-freunde.at\/blog\/"},{"@type":"ListItem","position":2,"name":"Know-How","item":"https:\/\/www.berg-freunde.at\/blog\/category\/know-how\/"},{"@type":"ListItem","position":3,"name":"Pflege &amp; Reparatur","item":"https:\/\/www.berg-freunde.at\/blog\/category\/know-how\/pflege-reparatur\/"},{"@type":"ListItem","position":4,"name":"Tipps zur Reparatur von Kunstfaserjacken"}]},{"@type":"WebSite","@id":"https:\/\/www.berg-freunde.at\/blog\/#website","url":"https:\/\/www.berg-freunde.at\/blog\/","name":"Bergfreunde","description":"Blog","publisher":{"@id":"https:\/\/www.berg-freunde.at\/blog\/#organization"},"potentialAction":[{"@type":"SearchAction","target":{"@type":"EntryPoint","urlTemplate":"https:\/\/www.berg-freunde.at\/blog\/?s={search_term_string}"},"query-input":{"@type":"PropertyValueSpecification","valueRequired":true,"valueName":"search_term_string"}}],"inLanguage":"de-AT"},{"@type":"Organization","@id":"https:\/\/www.berg-freunde.at\/blog\/#organization","name":"Bergfreunde","url":"https:\/\/www.berg-freunde.at\/blog\/","logo":{"@type":"ImageObject","inLanguage":"de-AT","@id":"https:\/\/www.berg-freunde.at\/blog\/#\/schema\/logo\/image\/","url":"https:\/\/www.berg-freunde.at\/blog\/wp-content\/uploads\/2023\/12\/Bergfreunde_DE_rgb.svg","contentUrl":"https:\/\/www.berg-freunde.at\/blog\/wp-content\/uploads\/2023\/12\/Bergfreunde_DE_rgb.svg","caption":"Bergfreunde"},"image":{"@id":"https:\/\/www.berg-freunde.at\/blog\/#\/schema\/logo\/image\/"},"sameAs":["https:\/\/www.facebook.com\/bergfreunde","https:\/\/www.instagram.com\/bergfreundede\/"]},{"@type":"Person","@id":"https:\/\/www.berg-freunde.at\/blog\/#\/schema\/person\/6ac3327294ce276d7318b1f9c408382e","name":"Gastautor","url":"https:\/\/www.berg-freunde.at\/blog\/about\/gastautor\/"},{"@type":"Question","@id":"https:\/\/www.berg-freunde.at\/blog\/reparatur-kunstfaserjacken\/#faq-question-1696846035384","position":1,"url":"https:\/\/www.berg-freunde.at\/blog\/reparatur-kunstfaserjacken\/#faq-question-1696846035384","name":"Was mache ich bei kleinen L\u00f6chern oder Sch\u00e4den in meiner Kunstfaserjacke?","answerCount":1,"acceptedAnswer":{"@type":"Answer","text":"Kleine Risse oder L\u00f6cher kannst du zun\u00f6chst provisorisch mit Panzertape abdichten. Danach kannst du das Loch dann mit Nadel und Faden schlie\u00dfen. Es gibt auch extra Repair-Kits f\u00fcr wasserdichte Materialien, mit einem Patch, welcher die Stelle abdichtet. Diese Patches gibt es auch als Seamgrips, dies ist ein abdichtender, elastischer Klebstoff f\u00fcr Textilien. Man sollte den Patch immer je nach Material der Jacke bzw. nach der Oberfl\u00e4chenstuktur ausw\u00e4hlen.","inLanguage":"de-AT"},"inLanguage":"de-AT"},{"@type":"Question","@id":"https:\/\/www.berg-freunde.at\/blog\/reparatur-kunstfaserjacken\/#faq-question-1696846431712","position":2,"url":"https:\/\/www.berg-freunde.at\/blog\/reparatur-kunstfaserjacken\/#faq-question-1696846431712","name":"Wie kann ich meine Kunstfaserjacke von Schmutzbefreien?","answerCount":1,"acceptedAnswer":{"@type":"Answer","text":"Am besten reinigst du deine Kunstfaserjacke von groben Verschmutzungen mithilfe eines nassen Tuchs und neutraler Seife. Nur bei hartn\u00e4ckigeren Verschmutzungen und Ger\u00fcchen musst du die Jacke richtig waschen.","inLanguage":"de-AT"},"inLanguage":"de-AT"}]}},"_links":{"self":[{"href":"https:\/\/www.berg-freunde.at\/blog\/wp-json\/wp\/v2\/posts\/70965","targetHints":{"allow":["GET"]}}],"collection":[{"href":"https:\/\/www.berg-freunde.at\/blog\/wp-json\/wp\/v2\/posts"}],"about":[{"href":"https:\/\/www.berg-freunde.at\/blog\/wp-json\/wp\/v2\/types\/post"}],"author":[{"embeddable":true,"href":"https:\/\/www.berg-freunde.at\/blog\/wp-json\/wp\/v2\/users\/26"}],"replies":[{"embeddable":true,"href":"https:\/\/www.berg-freunde.at\/blog\/wp-json\/wp\/v2\/comments?post=70965"}],"version-history":[{"count":0,"href":"https:\/\/www.berg-freunde.at\/blog\/wp-json\/wp\/v2\/posts\/70965\/revisions"}],"wp:featuredmedia":[{"embeddable":true,"href":"https:\/\/www.berg-freunde.at\/blog\/wp-json\/wp\/v2\/media\/78840"}],"wp:attachment":[{"href":"https:\/\/www.berg-freunde.at\/blog\/wp-json\/wp\/v2\/media?parent=70965"}],"wp:term":[{"taxonomy":"category","embeddable":true,"href":"https:\/\/www.berg-freunde.at\/blog\/wp-json\/wp\/v2\/categories?post=70965"},{"taxonomy":"post_tag","embeddable":true,"href":"https:\/\/www.berg-freunde.at\/blog\/wp-json\/wp\/v2\/tags?post=70965"},{"taxonomy":"post_folder","embeddable":true,"href":"https:\/\/www.berg-freunde.at\/blog\/wp-json\/wp\/v2\/post_folder?post=70965"}],"curies":[{"name":"wp","href":"https:\/\/api.w.org\/{rel}","templated":true}]}}