{"id":70295,"date":"2023-01-20T11:10:59","date_gmt":"2023-01-20T10:10:59","guid":{"rendered":"https:\/\/www.bergfreunde.de\/blog\/?p=70295"},"modified":"2025-09-04T09:38:00","modified_gmt":"2025-09-04T07:38:00","slug":"grat-raus-folge-13-sicherheit-im-wintersport","status":"publish","type":"post","link":"https:\/\/www.berg-freunde.at\/blog\/grat-raus-folge-13-sicherheit-im-wintersport\/","title":{"rendered":"GRAT RAUS FOLGE 13: Wie sicher ist der Winter in den Bergen? Ein Bergf\u00fchrer \u00fcber alpine Gefahren"},"content":{"rendered":"\n<h2 class=\"wp-block-heading\" id=\"h-die-podcast-folge\"><strong>Die Podcast Folge <\/strong><\/h2>\n\n\n\n<blockquote class=\"wp-block-quote has-text-align-center is-layout-flow wp-block-quote-is-layout-flow\">\n<p class=\"has-text-align-center\">&#8222;Viele Leute sehen die Berge wie einen Abenteuerspielplatz und dementsprechend untersch\u00e4tzt man die Gefahren, die im Gebirge bestehen.&#8220; &#8211; Hans Honold<\/p>\n<\/blockquote>\n\n\n\n<p><\/p>\n\n\n\n<p>Der Winter in den Bergen ist f\u00fcr viele Outdoor-Liebhaber die sch\u00f6nste Jahreszeit: Wei\u00dfe Gipfel, unendliche W\u00e4lder und Sonnenstrahlen, die in die funkelnde Schneedecke eintauchen. Die Landschaften der Gebirge sehen geradezu m\u00e4rchenhaft aus und locken zahlreiche Wintersportler an.<\/p>\n\n\n\n<p><\/p>\n\n\n<div class=\"wp-block-image\">\n<figure class=\"alignright size-large is-resized\"><img fetchpriority=\"high\" decoding=\"async\" width=\"1511\" height=\"1079\" src=\"https:\/\/www.bergfreunde.de\/blog\/wp-content\/uploads\/2023\/01\/hans-honold-bergfu-hrer-6-e1673605113946.jpg\" alt=\"\" class=\"wp-image-70297\" style=\"width:333px;height:237px\" srcset=\"https:\/\/www.berg-freunde.at\/blog\/wp-content\/uploads\/2023\/01\/hans-honold-bergfu-hrer-6-e1673605113946.jpg 1511w, https:\/\/www.berg-freunde.at\/blog\/wp-content\/uploads\/2023\/01\/hans-honold-bergfu-hrer-6-e1673605113946-300x214.jpg 300w, https:\/\/www.berg-freunde.at\/blog\/wp-content\/uploads\/2023\/01\/hans-honold-bergfu-hrer-6-e1673605113946-1500x1071.jpg 1500w, https:\/\/www.berg-freunde.at\/blog\/wp-content\/uploads\/2023\/01\/hans-honold-bergfu-hrer-6-e1673605113946-768x548.jpg 768w\" sizes=\"(max-width: 1511px) 100vw, 1511px\" \/><figcaption class=\"wp-element-caption\">Hans Honold <em>\u00a9Alpine Welten<\/em><\/figcaption><\/figure>\n<\/div>\n\n\n<p>Dass diese Harmonien aber auch Schattenseiten mit sich bringen, wei\u00df <strong>Hans Honold<\/strong>: Als erfahrener und<strong> staatlich gepr\u00fcfter Berg- &amp; Skif\u00fchrer<\/strong> <strong>und Gr\u00fcnder des Bergf\u00fchrerb\u00fcros Alpine Welten<\/strong> kennt er die alpinen Gefahren, die im Winter vorherrschen.<\/p>\n\n\n\n<p>Im GRAT RAUS Podcast spricht Hans mit uns \u00fcber diese Gefahren im Wintersport und erkl\u00e4rt, wie wir ihnen vorab entgegenwirken k\u00f6nnen und wie wir reagieren sollten, wenn doch mal etwas passiert. Dabei teilt Hans auch seine ganz pers\u00f6nlichen Erfahrungen, denn er selbst musste die alpinen Gefahren im Winter schon am eigenen Leibe erfahren: Er berichtet, wie er einen Lawinenabgang erlebt hat und erz\u00e4hlt von einem Unfall, der eine lebensgef\u00e4hrliche <a href=\"https:\/\/www.berg-freunde.at\/windchill-effekt-rechner\/\">Unterk\u00fchlung<\/a> zur Folge hatte. Hans zeigt uns auf, was alles passieren kann und gibt wertvolle Tipps, wie wir mit guter Vorbereitung mehr f\u00fcr unsere eigene Sicherheit tun k\u00f6nnen.<\/p>\n\n\n\n<p><\/p>\n\n\n\n<p><\/p>\n\n\n\n<p>Viel Spa\u00df beim Reinh\u00f6ren!<\/p>\n\n\n\n<p><\/p>\n\n\n\n<p><\/p>\n\n\n\n<iframe style=\"border-radius:12px\" src=\"https:\/\/open.spotify.com\/embed\/episode\/5YtUk8QlR9L88O7Rlmttkt?utm_source=generator&amp;theme=0\" width=\"100%\" height=\"152\" frameborder=\"0\" allowfullscreen=\"\" allow=\"autoplay; clipboard-write; encrypted-media; fullscreen; picture-in-picture\" loading=\"lazy\"><\/iframe>\n\n\n\n<p><strong>GRAT RAUS gibt\u2019s bei <a href=\"https:\/\/open.spotify.com\/show\/10T7A6YVknGh3mEwQRCKZf\">Spotify<\/a>, <a href=\"https:\/\/podcasts.apple.com\/us\/podcast\/grat-raus-der-bergfreunde-outdoor-podcast\/id1598863985\">Apple Podcasts<\/a> und <a href=\"https:\/\/podcasts.google.com\/feed\/aHR0cHM6Ly9ncmF0LXJhdXMucG9kaWdlZS5pby9mZWVkL21wMw\">Google Podcasts<\/a>.<\/strong><\/p>\n\n\n\n<p><\/p>\n\n\n\n<p><\/p>\n\n\n\n<p><\/p>\n\n\n<div class=\"wp-block-image\">\n<figure class=\"alignright size-full is-resized\"><img decoding=\"async\" width=\"1000\" height=\"750\" src=\"https:\/\/www.bergfreunde.de\/blog\/wp-content\/uploads\/2023\/01\/Lawinenreduktionsmethode02.jpg\" alt=\"\" class=\"wp-image-73494\" style=\"width:401px;height:301px\" srcset=\"https:\/\/www.berg-freunde.at\/blog\/wp-content\/uploads\/2023\/01\/Lawinenreduktionsmethode02.jpg 1000w, https:\/\/www.berg-freunde.at\/blog\/wp-content\/uploads\/2023\/01\/Lawinenreduktionsmethode02-300x225.jpg 300w, https:\/\/www.berg-freunde.at\/blog\/wp-content\/uploads\/2023\/01\/Lawinenreduktionsmethode02-768x576.jpg 768w\" sizes=\"(max-width: 1000px) 100vw, 1000px\" \/><figcaption class=\"wp-element-caption\">Lawinenunf\u00e4lle geschehen h\u00e4ufig durch Unachtsamkeit.<\/figcaption><\/figure>\n<\/div>\n\n\n<h2 class=\"wp-block-heading\" id=\"h-lawinen-reduktionsmethode\">Lawinen-Reduktionsmethode<\/h2>\n\n\n\n<p>Ihr seid im Winter in den Bergen unterwegs und wollt das Lawinen-Risiko besser einsch\u00e4tzen k\u00f6nnen? Dann kann Euch die Lawinen-Reduktionsmethode nach Munter weiterhelfen. <\/p>\n\n\n\n<p><\/p>\n\n\n\n<p>Selbstverst\u00e4ndlich besteht in den Bergen immer ein nicht handzuhabendes Restrisiko, allerdings kann die Methode als Entscheidungsgrundlage dienen, ob ein Hang befahren werden sollte oder besser nicht.<\/p>\n\n\n\n<p><\/p>\n\n\n\n<p><\/p>\n\n\n\n<p><\/p>\n\n\n\n<p><\/p>\n\n\n\n<h2 class=\"wp-block-heading\" id=\"h-weitere-podcast-folgen\"><strong>Weitere Podcast Folgen<\/strong><\/h2>\n\n\n\n<p>Alle weiteren Podcast-Folgen von GRAT RAUS findest Du <a href=\"https:\/\/www.berg-freunde.at\/blog\/category\/bergfreunde\/podcast\/\">hier<\/a>.<\/p>\n\n\n\n<h2 class=\"wp-block-heading\" id=\"h-die-bergfreunde-playlist\">Die Bergfreunde Playlist<\/h2>\n\n\n\n<p>Alle G\u00e4ste bei GRAT RAUS werden nach ihrem Lieblings Outdoor-Soundtrack gefragt. Die bunte Bergfreunde Playlist mit allen Songs findest Du <a href=\"https:\/\/open.spotify.com\/playlist\/5MjBYXv1SWBCAyxRwNgdOp\">hier<\/a>.<\/p>\n\n\n\n<h2 class=\"wp-block-heading\" id=\"h-du-hast-fragen\">Du hast Fragen?<\/h2>\n\n\n\n<p><span style=\"font-weight: 400;\">Du hast Fragen, Anmerkungen oder Themen-W\u00fcnsche f\u00fcr den Podcast? Dann gerne her damit! Schreib uns eine Mail an: <\/span><a href=\"mailto:podcast@bergfreunde.de\"><span style=\"font-weight: 400;\">podcast@bergfreunde.de<\/span><\/a>.<\/p>\n","protected":false},"excerpt":{"rendered":"<p>Die Podcast Folge &#8222;Viele Leute sehen die Berge wie einen Abenteuerspielplatz und dementsprechend untersch\u00e4tzt man die Gefahren, die im Gebirge bestehen.&#8220; &#8211; Hans Honold Der Winter in den Bergen ist f\u00fcr viele Outdoor-Liebhaber die sch\u00f6nste Jahreszeit: Wei\u00dfe Gipfel, unendliche W\u00e4lder und Sonnenstrahlen, die in die funkelnde Schneedecke eintauchen. Die Landschaften der Gebirge sehen geradezu m\u00e4rchenhaft [&hellip;]<\/p>\n","protected":false},"author":100,"featured_media":83302,"comment_status":"open","ping_status":"closed","sticky":false,"template":"","format":"standard","meta":{"_acf_changed":false,"footnotes":""},"categories":[285],"tags":[267],"post_folder":[],"class_list":["post-70295","post","type-post","status-publish","format-standard","has-post-thumbnail","hentry","category-podcast","tag-wintersport"],"acf":[],"yoast_head":"<!-- This site is optimized with the Yoast SEO Premium plugin v27.4 (Yoast SEO v27.4) - https:\/\/yoast.com\/product\/yoast-seo-premium-wordpress\/ -->\n<title>GRAT RAUS FOLGE 13: Wie sicher ist der Winter in den Bergen? Ein Bergf\u00fchrer \u00fcber alpine Gefahren | Bergfreunde<\/title>\n<meta name=\"description\" content=\"Wie sicher ist der Winter in den Bergen? Im Bergfreunde Outdoor-Podcast sprechen wir mit Berg- &amp; Skif\u00fchrer Hans Honold \u00fcber alpine Gefahren,\" \/>\n<meta name=\"robots\" content=\"noindex, follow\" \/>\n<meta property=\"og:locale\" content=\"de_DE\" \/>\n<meta property=\"og:type\" content=\"article\" \/>\n<meta property=\"og:title\" content=\"GRAT RAUS FOLGE 13: Wie sicher ist der Winter in den Bergen? Ein Bergf\u00fchrer \u00fcber alpine Gefahren\" \/>\n<meta property=\"og:description\" content=\"Wie sicher ist der Winter in den Bergen? Im Bergfreunde Outdoor-Podcast sprechen wir mit Berg- &amp; Skif\u00fchrer Hans Honold \u00fcber alpine Gefahren,\" \/>\n<meta property=\"og:url\" content=\"https:\/\/www.berg-freunde.at\/blog\/grat-raus-folge-13-sicherheit-im-wintersport\/\" \/>\n<meta property=\"og:site_name\" content=\"Bergfreunde\" \/>\n<meta property=\"article:publisher\" content=\"https:\/\/www.facebook.com\/bergfreunde\" \/>\n<meta property=\"article:published_time\" content=\"2023-01-20T10:10:59+00:00\" \/>\n<meta property=\"article:modified_time\" content=\"2025-09-04T07:38:00+00:00\" \/>\n<meta property=\"og:image\" content=\"https:\/\/www.berg-freunde.at\/blog\/wp-content\/uploads\/2023\/01\/Podcast_Buehnenteaser_End-Wiederhergestellt.psdFolge13.jpg\" \/>\n\t<meta property=\"og:image:width\" content=\"1440\" \/>\n\t<meta property=\"og:image:height\" content=\"590\" \/>\n\t<meta property=\"og:image:type\" content=\"image\/jpeg\" \/>\n<meta name=\"author\" content=\"Marie\" \/>\n<meta name=\"twitter:card\" content=\"summary_large_image\" \/>\n<meta name=\"twitter:label1\" content=\"Verfasst von\" \/>\n\t<meta name=\"twitter:data1\" content=\"Marie\" \/>\n\t<meta name=\"twitter:label2\" content=\"Gesch\u00e4tzte Lesezeit\" \/>\n\t<meta name=\"twitter:data2\" content=\"3 Minuten\" \/>\n<script type=\"application\/ld+json\" class=\"yoast-schema-graph\">{\"@context\":\"https:\\\/\\\/schema.org\",\"@graph\":[{\"@type\":[\"Article\",\"BlogPosting\"],\"@id\":\"https:\\\/\\\/www.berg-freunde.at\\\/blog\\\/grat-raus-folge-13-sicherheit-im-wintersport\\\/#article\",\"isPartOf\":{\"@id\":\"https:\\\/\\\/www.berg-freunde.at\\\/blog\\\/grat-raus-folge-13-sicherheit-im-wintersport\\\/\"},\"author\":{\"name\":\"Marie\",\"@id\":\"https:\\\/\\\/www.berg-freunde.at\\\/blog\\\/#\\\/schema\\\/person\\\/6277565d8989dccc82cd7c1db5962a14\"},\"headline\":\"GRAT RAUS FOLGE 13: Wie sicher ist der Winter in den Bergen? Ein Bergf\u00fchrer \u00fcber alpine Gefahren\",\"datePublished\":\"2023-01-20T10:10:59+00:00\",\"dateModified\":\"2025-09-04T07:38:00+00:00\",\"mainEntityOfPage\":{\"@id\":\"https:\\\/\\\/www.berg-freunde.at\\\/blog\\\/grat-raus-folge-13-sicherheit-im-wintersport\\\/\"},\"wordCount\":372,\"commentCount\":0,\"publisher\":{\"@id\":\"https:\\\/\\\/www.berg-freunde.at\\\/blog\\\/#organization\"},\"image\":{\"@id\":\"https:\\\/\\\/www.berg-freunde.at\\\/blog\\\/grat-raus-folge-13-sicherheit-im-wintersport\\\/#primaryimage\"},\"thumbnailUrl\":\"https:\\\/\\\/www.berg-freunde.at\\\/blog\\\/wp-content\\\/uploads\\\/2023\\\/01\\\/Podcast_Buehnenteaser_End-Wiederhergestellt.psdFolge13.jpg\",\"keywords\":[\"Wintersport\"],\"articleSection\":[\"Podcast\"],\"inLanguage\":\"de-AT\",\"potentialAction\":[{\"@type\":\"CommentAction\",\"name\":\"Comment\",\"target\":[\"https:\\\/\\\/www.berg-freunde.at\\\/blog\\\/grat-raus-folge-13-sicherheit-im-wintersport\\\/#respond\"]}]},{\"@type\":\"WebPage\",\"@id\":\"https:\\\/\\\/www.berg-freunde.at\\\/blog\\\/grat-raus-folge-13-sicherheit-im-wintersport\\\/\",\"url\":\"https:\\\/\\\/www.berg-freunde.at\\\/blog\\\/grat-raus-folge-13-sicherheit-im-wintersport\\\/\",\"name\":\"GRAT RAUS FOLGE 13: Wie sicher ist der Winter in den Bergen? Ein Bergf\u00fchrer \u00fcber alpine Gefahren | Bergfreunde\",\"isPartOf\":{\"@id\":\"https:\\\/\\\/www.berg-freunde.at\\\/blog\\\/#website\"},\"primaryImageOfPage\":{\"@id\":\"https:\\\/\\\/www.berg-freunde.at\\\/blog\\\/grat-raus-folge-13-sicherheit-im-wintersport\\\/#primaryimage\"},\"image\":{\"@id\":\"https:\\\/\\\/www.berg-freunde.at\\\/blog\\\/grat-raus-folge-13-sicherheit-im-wintersport\\\/#primaryimage\"},\"thumbnailUrl\":\"https:\\\/\\\/www.berg-freunde.at\\\/blog\\\/wp-content\\\/uploads\\\/2023\\\/01\\\/Podcast_Buehnenteaser_End-Wiederhergestellt.psdFolge13.jpg\",\"datePublished\":\"2023-01-20T10:10:59+00:00\",\"dateModified\":\"2025-09-04T07:38:00+00:00\",\"description\":\"Wie sicher ist der Winter in den Bergen? Im Bergfreunde Outdoor-Podcast sprechen wir mit Berg- & Skif\u00fchrer Hans Honold \u00fcber alpine Gefahren,\",\"breadcrumb\":{\"@id\":\"https:\\\/\\\/www.berg-freunde.at\\\/blog\\\/grat-raus-folge-13-sicherheit-im-wintersport\\\/#breadcrumb\"},\"inLanguage\":\"de-AT\",\"potentialAction\":[{\"@type\":\"ReadAction\",\"target\":[\"https:\\\/\\\/www.berg-freunde.at\\\/blog\\\/grat-raus-folge-13-sicherheit-im-wintersport\\\/\"]}]},{\"@type\":\"ImageObject\",\"inLanguage\":\"de-AT\",\"@id\":\"https:\\\/\\\/www.berg-freunde.at\\\/blog\\\/grat-raus-folge-13-sicherheit-im-wintersport\\\/#primaryimage\",\"url\":\"https:\\\/\\\/www.berg-freunde.at\\\/blog\\\/wp-content\\\/uploads\\\/2023\\\/01\\\/Podcast_Buehnenteaser_End-Wiederhergestellt.psdFolge13.jpg\",\"contentUrl\":\"https:\\\/\\\/www.berg-freunde.at\\\/blog\\\/wp-content\\\/uploads\\\/2023\\\/01\\\/Podcast_Buehnenteaser_End-Wiederhergestellt.psdFolge13.jpg\",\"width\":1440,\"height\":590},{\"@type\":\"BreadcrumbList\",\"@id\":\"https:\\\/\\\/www.berg-freunde.at\\\/blog\\\/grat-raus-folge-13-sicherheit-im-wintersport\\\/#breadcrumb\",\"itemListElement\":[{\"@type\":\"ListItem\",\"position\":1,\"name\":\"Blog\",\"item\":\"https:\\\/\\\/www.berg-freunde.at\\\/blog\\\/\"},{\"@type\":\"ListItem\",\"position\":2,\"name\":\"Bergfreunde\",\"item\":\"https:\\\/\\\/www.berg-freunde.at\\\/blog\\\/category\\\/bergfreunde\\\/\"},{\"@type\":\"ListItem\",\"position\":3,\"name\":\"Podcast\",\"item\":\"https:\\\/\\\/www.berg-freunde.at\\\/blog\\\/category\\\/bergfreunde\\\/podcast\\\/\"},{\"@type\":\"ListItem\",\"position\":4,\"name\":\"GRAT RAUS FOLGE 13: Wie sicher ist der Winter in den Bergen? Ein Bergf\u00fchrer \u00fcber alpine Gefahren\"}]},{\"@type\":\"WebSite\",\"@id\":\"https:\\\/\\\/www.berg-freunde.at\\\/blog\\\/#website\",\"url\":\"https:\\\/\\\/www.berg-freunde.at\\\/blog\\\/\",\"name\":\"Bergfreunde\",\"description\":\"Blog\",\"publisher\":{\"@id\":\"https:\\\/\\\/www.berg-freunde.at\\\/blog\\\/#organization\"},\"potentialAction\":[{\"@type\":\"SearchAction\",\"target\":{\"@type\":\"EntryPoint\",\"urlTemplate\":\"https:\\\/\\\/www.berg-freunde.at\\\/blog\\\/?s={search_term_string}\"},\"query-input\":{\"@type\":\"PropertyValueSpecification\",\"valueRequired\":true,\"valueName\":\"search_term_string\"}}],\"inLanguage\":\"de-AT\"},{\"@type\":\"Organization\",\"@id\":\"https:\\\/\\\/www.berg-freunde.at\\\/blog\\\/#organization\",\"name\":\"Bergfreunde\",\"url\":\"https:\\\/\\\/www.berg-freunde.at\\\/blog\\\/\",\"logo\":{\"@type\":\"ImageObject\",\"inLanguage\":\"de-AT\",\"@id\":\"https:\\\/\\\/www.berg-freunde.at\\\/blog\\\/#\\\/schema\\\/logo\\\/image\\\/\",\"url\":\"https:\\\/\\\/www.berg-freunde.at\\\/blog\\\/wp-content\\\/uploads\\\/2023\\\/12\\\/Bergfreunde_DE_rgb.svg\",\"contentUrl\":\"https:\\\/\\\/www.berg-freunde.at\\\/blog\\\/wp-content\\\/uploads\\\/2023\\\/12\\\/Bergfreunde_DE_rgb.svg\",\"caption\":\"Bergfreunde\"},\"image\":{\"@id\":\"https:\\\/\\\/www.berg-freunde.at\\\/blog\\\/#\\\/schema\\\/logo\\\/image\\\/\"},\"sameAs\":[\"https:\\\/\\\/www.facebook.com\\\/bergfreunde\",\"https:\\\/\\\/www.instagram.com\\\/bergfreundede\\\/\"]},{\"@type\":\"Person\",\"@id\":\"https:\\\/\\\/www.berg-freunde.at\\\/blog\\\/#\\\/schema\\\/person\\\/6277565d8989dccc82cd7c1db5962a14\",\"name\":\"Marie\",\"url\":\"https:\\\/\\\/www.berg-freunde.at\\\/blog\\\/about\\\/marie-weber\\\/\"}]}<\/script>\n<!-- \/ Yoast SEO Premium plugin. -->","yoast_head_json":{"title":"GRAT RAUS FOLGE 13: Wie sicher ist der Winter in den Bergen? Ein Bergf\u00fchrer \u00fcber alpine Gefahren | Bergfreunde","description":"Wie sicher ist der Winter in den Bergen? Im Bergfreunde Outdoor-Podcast sprechen wir mit Berg- & Skif\u00fchrer Hans Honold \u00fcber alpine Gefahren,","robots":{"index":"noindex","follow":"follow"},"og_locale":"de_DE","og_type":"article","og_title":"GRAT RAUS FOLGE 13: Wie sicher ist der Winter in den Bergen? Ein Bergf\u00fchrer \u00fcber alpine Gefahren","og_description":"Wie sicher ist der Winter in den Bergen? Im Bergfreunde Outdoor-Podcast sprechen wir mit Berg- & Skif\u00fchrer Hans Honold \u00fcber alpine Gefahren,","og_url":"https:\/\/www.berg-freunde.at\/blog\/grat-raus-folge-13-sicherheit-im-wintersport\/","og_site_name":"Bergfreunde","article_publisher":"https:\/\/www.facebook.com\/bergfreunde","article_published_time":"2023-01-20T10:10:59+00:00","article_modified_time":"2025-09-04T07:38:00+00:00","og_image":[{"width":1440,"height":590,"url":"https:\/\/www.berg-freunde.at\/blog\/wp-content\/uploads\/2023\/01\/Podcast_Buehnenteaser_End-Wiederhergestellt.psdFolge13.jpg","type":"image\/jpeg"}],"author":"Marie","twitter_card":"summary_large_image","twitter_misc":{"Verfasst von":"Marie","Gesch\u00e4tzte Lesezeit":"3 Minuten"},"schema":{"@context":"https:\/\/schema.org","@graph":[{"@type":["Article","BlogPosting"],"@id":"https:\/\/www.berg-freunde.at\/blog\/grat-raus-folge-13-sicherheit-im-wintersport\/#article","isPartOf":{"@id":"https:\/\/www.berg-freunde.at\/blog\/grat-raus-folge-13-sicherheit-im-wintersport\/"},"author":{"name":"Marie","@id":"https:\/\/www.berg-freunde.at\/blog\/#\/schema\/person\/6277565d8989dccc82cd7c1db5962a14"},"headline":"GRAT RAUS FOLGE 13: Wie sicher ist der Winter in den Bergen? Ein Bergf\u00fchrer \u00fcber alpine Gefahren","datePublished":"2023-01-20T10:10:59+00:00","dateModified":"2025-09-04T07:38:00+00:00","mainEntityOfPage":{"@id":"https:\/\/www.berg-freunde.at\/blog\/grat-raus-folge-13-sicherheit-im-wintersport\/"},"wordCount":372,"commentCount":0,"publisher":{"@id":"https:\/\/www.berg-freunde.at\/blog\/#organization"},"image":{"@id":"https:\/\/www.berg-freunde.at\/blog\/grat-raus-folge-13-sicherheit-im-wintersport\/#primaryimage"},"thumbnailUrl":"https:\/\/www.berg-freunde.at\/blog\/wp-content\/uploads\/2023\/01\/Podcast_Buehnenteaser_End-Wiederhergestellt.psdFolge13.jpg","keywords":["Wintersport"],"articleSection":["Podcast"],"inLanguage":"de-AT","potentialAction":[{"@type":"CommentAction","name":"Comment","target":["https:\/\/www.berg-freunde.at\/blog\/grat-raus-folge-13-sicherheit-im-wintersport\/#respond"]}]},{"@type":"WebPage","@id":"https:\/\/www.berg-freunde.at\/blog\/grat-raus-folge-13-sicherheit-im-wintersport\/","url":"https:\/\/www.berg-freunde.at\/blog\/grat-raus-folge-13-sicherheit-im-wintersport\/","name":"GRAT RAUS FOLGE 13: Wie sicher ist der Winter in den Bergen? Ein Bergf\u00fchrer \u00fcber alpine Gefahren | Bergfreunde","isPartOf":{"@id":"https:\/\/www.berg-freunde.at\/blog\/#website"},"primaryImageOfPage":{"@id":"https:\/\/www.berg-freunde.at\/blog\/grat-raus-folge-13-sicherheit-im-wintersport\/#primaryimage"},"image":{"@id":"https:\/\/www.berg-freunde.at\/blog\/grat-raus-folge-13-sicherheit-im-wintersport\/#primaryimage"},"thumbnailUrl":"https:\/\/www.berg-freunde.at\/blog\/wp-content\/uploads\/2023\/01\/Podcast_Buehnenteaser_End-Wiederhergestellt.psdFolge13.jpg","datePublished":"2023-01-20T10:10:59+00:00","dateModified":"2025-09-04T07:38:00+00:00","description":"Wie sicher ist der Winter in den Bergen? Im Bergfreunde Outdoor-Podcast sprechen wir mit Berg- & Skif\u00fchrer Hans Honold \u00fcber alpine Gefahren,","breadcrumb":{"@id":"https:\/\/www.berg-freunde.at\/blog\/grat-raus-folge-13-sicherheit-im-wintersport\/#breadcrumb"},"inLanguage":"de-AT","potentialAction":[{"@type":"ReadAction","target":["https:\/\/www.berg-freunde.at\/blog\/grat-raus-folge-13-sicherheit-im-wintersport\/"]}]},{"@type":"ImageObject","inLanguage":"de-AT","@id":"https:\/\/www.berg-freunde.at\/blog\/grat-raus-folge-13-sicherheit-im-wintersport\/#primaryimage","url":"https:\/\/www.berg-freunde.at\/blog\/wp-content\/uploads\/2023\/01\/Podcast_Buehnenteaser_End-Wiederhergestellt.psdFolge13.jpg","contentUrl":"https:\/\/www.berg-freunde.at\/blog\/wp-content\/uploads\/2023\/01\/Podcast_Buehnenteaser_End-Wiederhergestellt.psdFolge13.jpg","width":1440,"height":590},{"@type":"BreadcrumbList","@id":"https:\/\/www.berg-freunde.at\/blog\/grat-raus-folge-13-sicherheit-im-wintersport\/#breadcrumb","itemListElement":[{"@type":"ListItem","position":1,"name":"Blog","item":"https:\/\/www.berg-freunde.at\/blog\/"},{"@type":"ListItem","position":2,"name":"Bergfreunde","item":"https:\/\/www.berg-freunde.at\/blog\/category\/bergfreunde\/"},{"@type":"ListItem","position":3,"name":"Podcast","item":"https:\/\/www.berg-freunde.at\/blog\/category\/bergfreunde\/podcast\/"},{"@type":"ListItem","position":4,"name":"GRAT RAUS FOLGE 13: Wie sicher ist der Winter in den Bergen? Ein Bergf\u00fchrer \u00fcber alpine Gefahren"}]},{"@type":"WebSite","@id":"https:\/\/www.berg-freunde.at\/blog\/#website","url":"https:\/\/www.berg-freunde.at\/blog\/","name":"Bergfreunde","description":"Blog","publisher":{"@id":"https:\/\/www.berg-freunde.at\/blog\/#organization"},"potentialAction":[{"@type":"SearchAction","target":{"@type":"EntryPoint","urlTemplate":"https:\/\/www.berg-freunde.at\/blog\/?s={search_term_string}"},"query-input":{"@type":"PropertyValueSpecification","valueRequired":true,"valueName":"search_term_string"}}],"inLanguage":"de-AT"},{"@type":"Organization","@id":"https:\/\/www.berg-freunde.at\/blog\/#organization","name":"Bergfreunde","url":"https:\/\/www.berg-freunde.at\/blog\/","logo":{"@type":"ImageObject","inLanguage":"de-AT","@id":"https:\/\/www.berg-freunde.at\/blog\/#\/schema\/logo\/image\/","url":"https:\/\/www.berg-freunde.at\/blog\/wp-content\/uploads\/2023\/12\/Bergfreunde_DE_rgb.svg","contentUrl":"https:\/\/www.berg-freunde.at\/blog\/wp-content\/uploads\/2023\/12\/Bergfreunde_DE_rgb.svg","caption":"Bergfreunde"},"image":{"@id":"https:\/\/www.berg-freunde.at\/blog\/#\/schema\/logo\/image\/"},"sameAs":["https:\/\/www.facebook.com\/bergfreunde","https:\/\/www.instagram.com\/bergfreundede\/"]},{"@type":"Person","@id":"https:\/\/www.berg-freunde.at\/blog\/#\/schema\/person\/6277565d8989dccc82cd7c1db5962a14","name":"Marie","url":"https:\/\/www.berg-freunde.at\/blog\/about\/marie-weber\/"}]}},"_links":{"self":[{"href":"https:\/\/www.berg-freunde.at\/blog\/wp-json\/wp\/v2\/posts\/70295","targetHints":{"allow":["GET"]}}],"collection":[{"href":"https:\/\/www.berg-freunde.at\/blog\/wp-json\/wp\/v2\/posts"}],"about":[{"href":"https:\/\/www.berg-freunde.at\/blog\/wp-json\/wp\/v2\/types\/post"}],"author":[{"embeddable":true,"href":"https:\/\/www.berg-freunde.at\/blog\/wp-json\/wp\/v2\/users\/100"}],"replies":[{"embeddable":true,"href":"https:\/\/www.berg-freunde.at\/blog\/wp-json\/wp\/v2\/comments?post=70295"}],"version-history":[{"count":1,"href":"https:\/\/www.berg-freunde.at\/blog\/wp-json\/wp\/v2\/posts\/70295\/revisions"}],"predecessor-version":[{"id":125882,"href":"https:\/\/www.berg-freunde.at\/blog\/wp-json\/wp\/v2\/posts\/70295\/revisions\/125882"}],"wp:featuredmedia":[{"embeddable":true,"href":"https:\/\/www.berg-freunde.at\/blog\/wp-json\/wp\/v2\/media\/83302"}],"wp:attachment":[{"href":"https:\/\/www.berg-freunde.at\/blog\/wp-json\/wp\/v2\/media?parent=70295"}],"wp:term":[{"taxonomy":"category","embeddable":true,"href":"https:\/\/www.berg-freunde.at\/blog\/wp-json\/wp\/v2\/categories?post=70295"},{"taxonomy":"post_tag","embeddable":true,"href":"https:\/\/www.berg-freunde.at\/blog\/wp-json\/wp\/v2\/tags?post=70295"},{"taxonomy":"post_folder","embeddable":true,"href":"https:\/\/www.berg-freunde.at\/blog\/wp-json\/wp\/v2\/post_folder?post=70295"}],"curies":[{"name":"wp","href":"https:\/\/api.w.org\/{rel}","templated":true}]}}