{"id":69141,"date":"2017-06-23T11:07:12","date_gmt":"2017-06-23T09:07:12","guid":{"rendered":"https:\/\/www.bergfreunde.de\/blog\/mit-millet-in-der-eiger-nordwand\/"},"modified":"2024-01-26T09:54:05","modified_gmt":"2024-01-26T08:54:05","slug":"mit-millet-in-der-eiger-nordwand","status":"publish","type":"post","link":"https:\/\/www.berg-freunde.at\/blog\/mit-millet-in-der-eiger-nordwand\/","title":{"rendered":"Zwischen Eiger, M\u00f6nch und Jungfrau &#8211; das Millet Base Camp 2017"},"content":{"rendered":"\n<p>Ein Biwak in der Station Eigerwand? Eine Kollektionsvorstellung im Herzen des Eiger? Mit den Bergf\u00fchrern von grindelwaldSPORTS zum geschichtstr\u00e4chtigen Stollenloch der Nordwand? Ja, diese und weitere Punkte standen auf dem diesj\u00e4hrigen Eventplan des franz\u00f6sischen Bergsportausr\u00fcsters <a href=\"https:\/\/www.berg-freunde.at\/marken\/millet\/\">Millet<\/a>. Kein Wunder also, dass wir zwei Bergfreunde am Morgen des 11. Juni voller Vorfreude ins beschauliche Grindelwald zum Millet Base Camp 2017 aufgebrochen sind.<\/p>\n\n\n\n<h3 class=\"wp-block-heading\" id=\"h-eine-fahrt-mit-der-jungfraubahn\">Eine Fahrt mit der Jungfraubahn<\/h3>\n\n\n<div class=\"wp-block-image\">\n<figure class=\"alignright\"><a href=\"https:\/\/www.bergfreunde.de\/blog\/wp-content\/uploads\/2021\/05\/Bergfreunde-Eiger-Nordwand4.jpg\"><img decoding=\"async\" src=\"https:\/\/www.bergfreunde.de\/blog\/wp-content\/uploads\/2021\/05\/Bergfreunde-Eiger-Nordwand4-300x225.jpg\" alt=\"Die Bergfreunde beim Millet Base Camp 2017\" class=\"wp-image-34313\"\/><\/a><figcaption class=\"wp-element-caption\">Gespanntes Warten auf die Abfahrt. Foto: Rainer Eder<\/figcaption><\/figure>\n<\/div>\n\n\n<p>Was f\u00fcr die meisten asiatischen Touristen vermutlich zum elementaren Bestandteil ihrer pers\u00f6nlichen Grand Tour d&#8217;Europe geh\u00f6rt, ist f\u00fcr uns &#8222;Jungfrau-Jungfrauen&#8220; doch ein Highlight der besonderen Art. Kaum vorzustellen, unter welch immensen Entbehrungen und Herausforderung die Arbeiter von einst mit dem Bau dieser ingenieurstechnischen Meisterleistung im Jahr 1896 begonnen haben.<\/p>\n\n\n\n<p>\u00dcber gut 9,3 km erstreckt sich der Stollen der Jungfraubahn heute von der kleinen Scheidegg \u00fcber die weltbekannte Station Eigerwand bis hinaus auf&#8217;s Jungfraujoch auf 3.454m \u00fcber dem Meer. Dass die Station Eigerwand selbst mittlerweile nicht mehr im offiziellen Fahrplan der Zahnradbahn angesteuert wird, ist hingegen gar nicht mal so vielen Leuten bekannt. Umso exklusiver gestaltet sich also unser Aufenthalt in eben diesem Stollen &#8211; fernab der sardinenartig vorbeiziehenden Touristenstr\u00f6me.<\/p>\n\n\n\n<h3 class=\"wp-block-heading\" id=\"h-vom-biwak-im-stollen-zur-kollektionsvorstellung-sommer-18\">Vom Biwak im Stollen zur Kollektionsvorstellung Sommer &#8217;18<\/h3>\n\n\n<div class=\"wp-block-image\">\n<figure class=\"alignright\"><a href=\"https:\/\/www.bergfreunde.de\/blog\/wp-content\/uploads\/2021\/05\/Bergfreunde-Eiger-Nordwand6.jpg\"><img decoding=\"async\" src=\"https:\/\/www.bergfreunde.de\/blog\/wp-content\/uploads\/2021\/05\/Bergfreunde-Eiger-Nordwand6-300x225.jpg\" alt=\"Die Bergfreunde beim Millet Base Camp 2017\" class=\"wp-image-34315\"\/><\/a><figcaption class=\"wp-element-caption\">Ausstieg in die Eiger Nordwand \u00fcber das ber\u00fchmte Stollenloch. Foto: Rainer Eder<\/figcaption><\/figure>\n<\/div>\n\n\n<p>Dass das Herz von Millet nicht nur f\u00fcr die Berge schl\u00e4gt, sondern seinen ganzen Spirit, seine eigene DNA aus dem Bergsport zieht, zeigt sich nicht zuletzt daran, dass hier keine M\u00fchen gescheut werden, uns die angehende Sommerkollektion an diesem ganz besonderen Ort zu pr\u00e4sentieren. Bevor es jedoch soweit ist, geht es nach einer reichhaltigen St\u00e4rkung zun\u00e4chst einmal dem absoluten Highlight des Events entgegen: ein zehnmin\u00fctiger Abstieg mit den Bergf\u00fchrern von grindelwaldSPORTS durch den Stollen der Bahn hinab zum\u00a0in der Geschichte des Alpinismus bekannt gewordenen Notausstieg in der Eiger Nordwand.<\/p>\n\n\n\n<p>Viel kann man \u00fcber dieses Stollenloch im unteren Drittel der Wand lesen, viel dar\u00fcber im Fernsehen und im Internet sehen &#8211; selbst einmal dort zu stehen, ist allerdings nicht nur f\u00fcr uns als Kletterer und Tourengeher, sondern vermutlich auch f\u00fcr jeden anderen Menschen, der eine nicht so stark ausgepr\u00e4gte Passion f\u00fcr den Bergsport besitzt, ein schlichtweg atemberaubendes Erlebnis. Am Seilgel\u00e4nder gesichert, h\u00e4ngen wir uns also f\u00fcr ein paar Augenblicke in diese beeindruckende Wand und genie\u00dfen den Sonnenuntergang am Horizont&#8230;<\/p>\n\n\n<div class=\"wp-block-image\">\n<figure class=\"alignright\"><a href=\"https:\/\/www.bergfreunde.de\/blog\/wp-content\/uploads\/2021\/05\/Bergfreunde-Eiger-Nordwand2.jpg\"><img decoding=\"async\" src=\"https:\/\/www.bergfreunde.de\/blog\/wp-content\/uploads\/2021\/05\/Bergfreunde-Eiger-Nordwand2-300x225.jpg\" alt=\"Die Bergfreunde beim Millet Base Camp 2017\" class=\"wp-image-34311\"\/><\/a><figcaption class=\"wp-element-caption\">Schaut doch nach purem Luxus aus. Die Aussicht ist es auf jeden Fall Wert.<\/figcaption><\/figure>\n<\/div>\n\n\n<p>Sp\u00e4t am Abend folgt bei einem gut gek\u00fchlten Bier im etwa 0 Grad angenehm temperierten Stollen die bereits angek\u00fcndigte Vorstellung der neuen Kollektion. Soviel sei an dieser Stelle bereits verraten: sowohl in den Segmenten\u00a0Alpinismus, Trekking und Bergwandern bis hin zum Trailrunning lassen die Produkte so gut wie keine W\u00fcnsche in puncto Funktionalit\u00e4t, Style und Design offen. Kein Wunder, arbeiten die Jungs und M\u00e4dels von Millet doch seit Jahren eng mit den renommierten Bergschulen von Chamonix und Grindelwald zusammen.<\/p>\n\n\n\n<h3 class=\"wp-block-heading\" id=\"h-stippvisite-auf-der-monchsjochhutte\">Stippvisite auf der M\u00f6nchsjochh\u00fctte<\/h3>\n\n\n\n<p>Tags drauf steht nach dem Abbau des Base Camps die Fahrt zum Jungfraujoch auf dem Plan. Wenn uns das Wetter nun keinen Strich durch die Rechnung gemacht h\u00e4tte, w\u00e4ren wir in mehreren Gruppen zum <a href=\"https:\/\/www.berg-freunde.at\/schneeschuhe\/\">Schneeschuhwandern<\/a> bzw. zum Spaltenrettungstraining aufgebrochen.<\/p>\n\n\n<div class=\"wp-block-image\">\n<figure class=\"alignright\"><a href=\"https:\/\/www.bergfreunde.de\/blog\/wp-content\/uploads\/2021\/05\/Bergfreunde-Eiger-Nordwand10.jpg\"><img decoding=\"async\" src=\"https:\/\/www.bergfreunde.de\/blog\/wp-content\/uploads\/2021\/05\/Bergfreunde-Eiger-Nordwand10-300x225.jpg\" alt=\"Die Bergfreunde beim Millet Base Camp 2017\" class=\"wp-image-34319\"\/><\/a><figcaption class=\"wp-element-caption\">Unterwegs zur M\u00f6nchsjochh\u00fctte. Foto: Rainer Eder<\/figcaption><\/figure>\n<\/div>\n\n\n<p>So hei\u00dft es stattdessen, schnell und organisiert umzudisponieren, ein Materiallager einzurichten, uns durch die Str\u00f6me besagter asiatischer Touristen zu k\u00e4mpfen und nach dem Fr\u00fchst\u00fcck zu einer -wenn auch sehr kurzen, aber dennoch\u00a0sch\u00f6nen- Tour zur M\u00f6nchsjochh\u00fctte aufzubrechen. Die gelegentlich durchbrechende Sonne sorgt hier immerhin ansatzweise f\u00fcr einen Eindruck davon, wie weitl\u00e4ufig dieses Gebiet rund um den gro\u00dfen Aletschgletscher, um M\u00f6nch und Jungfrau sein muss.<\/p>\n\n\n\n<h3 class=\"wp-block-heading\" id=\"h-safety-first\">Safety first<\/h3>\n\n\n\n<p>Nach einer warmen Suppe auf der H\u00fctte, viel Small Talk und dem einen oder anderen Meet and Greet geht es schlie\u00dflich wieder hinab ins Tal. Und das auch nur, weil uns am Nachmittag gleich das n\u00e4chste Highlight zum Abschluss des Events erwartet. Im Klettergarten Gletscherschlucht kurz au\u00dferhalb von Grindelwald landen die beiden angeforderten Rettungshelikopter von Air Glaciers auf einer Gr\u00fcnfl\u00e4che wenig&nbsp;unterhalb der Sportkletterrouten.<\/p>\n\n\n<div class=\"wp-block-image\">\n<figure class=\"alignright\"><a href=\"https:\/\/www.bergfreunde.de\/blog\/wp-content\/uploads\/2021\/05\/Bergfreunde-Eiger-Nordwand1.jpg\"><img decoding=\"async\" src=\"https:\/\/www.bergfreunde.de\/blog\/wp-content\/uploads\/2021\/05\/Bergfreunde-Eiger-Nordwand1-300x225.jpg\" alt=\"Die Bergfreunde beim Millet Base Camp 2017\" class=\"wp-image-34310\"\/><\/a><figcaption class=\"wp-element-caption\">Eindrucksvoll ging es zu bei der Rettungs\u00fcbung. Foto: Rainer Eder<\/figcaption><\/figure>\n<\/div>\n\n\n<p>Im Rahmen einer \u00dcbung demonstrieren uns Piloten sowie Bergretter hier die Bergung zweier Kletterer mit Hilfe der Long Line aus der Wand. Und das Ganze mit einer verdammt beeindruckenden Pr\u00e4zision und Perfektion. Nicht zuletzt erfordert die Absprache zwischen dem Piloten, seinem Einweiser an der Winde und dem Bergretter 60 Meter unterhalb des Heli einiges an Absprache, Erfahrung und Koordination. So kommen unsere beiden &#8222;Verunfallten&#8220; wenige Minuten sp\u00e4ter wieder wohlbehalten im Kreise der Gruppe an. Die zweite Crew steht derweil auf Abruf bereit, um im Falle einer echten Alarmierung direkt losfliegen zu k\u00f6nnen. Da diese gl\u00fccklicherweise ausbleibt, verbringen wir den Rest des Nachmittages mit Fragen und Antworten an die Besatzungen sowie dem einen oder anderen Blick in die Helis.<\/p>\n\n\n<div class=\"wp-block-image\">\n<figure class=\"alignright\"><a href=\"https:\/\/www.bergfreunde.de\/blog\/wp-content\/uploads\/2021\/05\/Bergfreunde-Eiger-Nordwand7.jpg\"><img decoding=\"async\" src=\"https:\/\/www.bergfreunde.de\/blog\/wp-content\/uploads\/2021\/05\/Bergfreunde-Eiger-Nordwand7-300x225.jpg\" alt=\"Die Bergfreunde beim Millet Base Camp 2017\" class=\"wp-image-34316\"\/><\/a><figcaption class=\"wp-element-caption\">Diesen Augenblick muss man einfach festhalten. Foto: Rainer Eder<\/figcaption><\/figure>\n<\/div>\n\n\n<p>So bleiben am Ende des Millet Base Camps 2017 viele einmalige und unvergessliche&nbsp;alpine Eindr\u00fccke bestehen &#8211; nicht nur von den F\u00e4higkeiten und Einsatzm\u00f6glichkeiten der Bergretter, nein, das ganze Event war ein voller Erfolg. Eiger, M\u00f6nch und Jungfrau haben hier ebenso ihren Teil dazu beigetragen, wie das gesamte an der Organisation beteiligte Team von Millet, grindelwaldSPORTS und Air Glaciers. An dieser Stelle nochmals vielen Dank daf\u00fcr und ein allseitiges Berg Heil!<\/p>\n","protected":false},"excerpt":{"rendered":"<p>Ein Biwak in der Station Eigerwand? Eine Kollektionsvorstellung im Herzen des Eiger? Mit den Bergf\u00fchrern von grindelwaldSPORTS zum geschichtstr\u00e4chtigen Stollenloch der Nordwand? Ja, diese und weitere Punkte standen auf dem diesj\u00e4hrigen Eventplan des franz\u00f6sischen Bergsportausr\u00fcsters Millet. Kein Wunder also, dass wir zwei Bergfreunde am Morgen des 11. Juni voller Vorfreude ins beschauliche Grindelwald zum Millet [&hellip;]<\/p>\n","protected":false},"author":33,"featured_media":69143,"comment_status":"open","ping_status":"closed","sticky":false,"template":"","format":"standard","meta":{"_acf_changed":false,"footnotes":""},"categories":[287],"tags":[258],"post_folder":[],"class_list":["post-69141","post","type-post","status-publish","format-standard","has-post-thumbnail","hentry","category-touren-reisetipps","tag-bergsteigen"],"acf":[],"yoast_head":"<!-- This site is optimized with the Yoast SEO Premium plugin v27.4 (Yoast SEO v27.4) - https:\/\/yoast.com\/product\/yoast-seo-premium-wordpress\/ -->\n<title>Zwischen Eiger, M\u00f6nch und Jungfrau - das Millet Base Camp 2017<\/title>\n<meta name=\"description\" content=\"Ein Biwak in der Station Eigerwand? Eine Kollektionsvorstellung im Herzen des Eiger? Mit den Bergf\u00fchrern von grindelwaldSPORTS zum geschichtstr\u00e4chtigen\" \/>\n<meta name=\"robots\" content=\"index, follow, max-snippet:-1, max-image-preview:large, max-video-preview:-1\" \/>\n<link rel=\"canonical\" href=\"https:\/\/www.berg-freunde.at\/blog\/mit-millet-in-der-eiger-nordwand\/\" \/>\n<meta property=\"og:locale\" content=\"de_DE\" \/>\n<meta property=\"og:type\" content=\"article\" \/>\n<meta property=\"og:title\" content=\"Zwischen Eiger, M\u00f6nch und Jungfrau - das Millet Base Camp 2017\" \/>\n<meta property=\"og:description\" content=\"Ein Biwak in der Station Eigerwand? Eine Kollektionsvorstellung im Herzen des Eiger? Mit den Bergf\u00fchrern von grindelwaldSPORTS zum geschichtstr\u00e4chtigen\" \/>\n<meta property=\"og:url\" content=\"https:\/\/www.berg-freunde.at\/blog\/mit-millet-in-der-eiger-nordwand\/\" \/>\n<meta property=\"og:site_name\" content=\"Bergfreunde\" \/>\n<meta property=\"article:publisher\" content=\"https:\/\/www.facebook.com\/bergfreunde\" \/>\n<meta property=\"article:published_time\" content=\"2017-06-23T09:07:12+00:00\" \/>\n<meta property=\"article:modified_time\" content=\"2024-01-26T08:54:05+00:00\" \/>\n<meta property=\"og:image\" content=\"https:\/\/www.berg-freunde.at\/blog\/wp-content\/uploads\/2021\/05\/Bergfreunde-Eiger-Nordwand9.jpg\" \/>\n\t<meta property=\"og:image:width\" content=\"1440\" \/>\n\t<meta property=\"og:image:height\" content=\"400\" \/>\n\t<meta property=\"og:image:type\" content=\"image\/jpeg\" \/>\n<meta name=\"author\" content=\"Jan\" \/>\n<meta name=\"twitter:card\" content=\"summary_large_image\" \/>\n<meta name=\"twitter:label1\" content=\"Verfasst von\" \/>\n\t<meta name=\"twitter:data1\" content=\"Jan\" \/>\n\t<meta name=\"twitter:label2\" content=\"Gesch\u00e4tzte Lesezeit\" \/>\n\t<meta name=\"twitter:data2\" content=\"5 Minuten\" \/>\n<script type=\"application\/ld+json\" class=\"yoast-schema-graph\">{\"@context\":\"https:\\\/\\\/schema.org\",\"@graph\":[{\"@type\":[\"Article\",\"BlogPosting\"],\"@id\":\"https:\\\/\\\/www.berg-freunde.at\\\/blog\\\/mit-millet-in-der-eiger-nordwand\\\/#article\",\"isPartOf\":{\"@id\":\"https:\\\/\\\/www.berg-freunde.at\\\/blog\\\/mit-millet-in-der-eiger-nordwand\\\/\"},\"author\":{\"name\":\"Jan\",\"@id\":\"https:\\\/\\\/www.berg-freunde.at\\\/blog\\\/#\\\/schema\\\/person\\\/87f58a8f7a07f205db051100aef74d30\"},\"headline\":\"Zwischen Eiger, M\u00f6nch und Jungfrau &#8211; das Millet Base Camp 2017\",\"datePublished\":\"2017-06-23T09:07:12+00:00\",\"dateModified\":\"2024-01-26T08:54:05+00:00\",\"mainEntityOfPage\":{\"@id\":\"https:\\\/\\\/www.berg-freunde.at\\\/blog\\\/mit-millet-in-der-eiger-nordwand\\\/\"},\"wordCount\":936,\"commentCount\":0,\"publisher\":{\"@id\":\"https:\\\/\\\/www.berg-freunde.at\\\/blog\\\/#organization\"},\"image\":{\"@id\":\"https:\\\/\\\/www.berg-freunde.at\\\/blog\\\/mit-millet-in-der-eiger-nordwand\\\/#primaryimage\"},\"thumbnailUrl\":\"https:\\\/\\\/www.berg-freunde.at\\\/blog\\\/wp-content\\\/uploads\\\/2021\\\/05\\\/Bergfreunde-Eiger-Nordwand9.jpg\",\"keywords\":[\"Bergsteigen &amp; Hochtouren\"],\"articleSection\":[\"Touren &amp; Reisetipps\"],\"inLanguage\":\"de-AT\",\"potentialAction\":[{\"@type\":\"CommentAction\",\"name\":\"Comment\",\"target\":[\"https:\\\/\\\/www.berg-freunde.at\\\/blog\\\/mit-millet-in-der-eiger-nordwand\\\/#respond\"]}]},{\"@type\":\"WebPage\",\"@id\":\"https:\\\/\\\/www.berg-freunde.at\\\/blog\\\/mit-millet-in-der-eiger-nordwand\\\/\",\"url\":\"https:\\\/\\\/www.berg-freunde.at\\\/blog\\\/mit-millet-in-der-eiger-nordwand\\\/\",\"name\":\"Zwischen Eiger, M\u00f6nch und Jungfrau - das Millet Base Camp 2017\",\"isPartOf\":{\"@id\":\"https:\\\/\\\/www.berg-freunde.at\\\/blog\\\/#website\"},\"primaryImageOfPage\":{\"@id\":\"https:\\\/\\\/www.berg-freunde.at\\\/blog\\\/mit-millet-in-der-eiger-nordwand\\\/#primaryimage\"},\"image\":{\"@id\":\"https:\\\/\\\/www.berg-freunde.at\\\/blog\\\/mit-millet-in-der-eiger-nordwand\\\/#primaryimage\"},\"thumbnailUrl\":\"https:\\\/\\\/www.berg-freunde.at\\\/blog\\\/wp-content\\\/uploads\\\/2021\\\/05\\\/Bergfreunde-Eiger-Nordwand9.jpg\",\"datePublished\":\"2017-06-23T09:07:12+00:00\",\"dateModified\":\"2024-01-26T08:54:05+00:00\",\"description\":\"Ein Biwak in der Station Eigerwand? Eine Kollektionsvorstellung im Herzen des Eiger? Mit den Bergf\u00fchrern von grindelwaldSPORTS zum geschichtstr\u00e4chtigen\",\"breadcrumb\":{\"@id\":\"https:\\\/\\\/www.berg-freunde.at\\\/blog\\\/mit-millet-in-der-eiger-nordwand\\\/#breadcrumb\"},\"inLanguage\":\"de-AT\",\"potentialAction\":[{\"@type\":\"ReadAction\",\"target\":[\"https:\\\/\\\/www.berg-freunde.at\\\/blog\\\/mit-millet-in-der-eiger-nordwand\\\/\"]}]},{\"@type\":\"ImageObject\",\"inLanguage\":\"de-AT\",\"@id\":\"https:\\\/\\\/www.berg-freunde.at\\\/blog\\\/mit-millet-in-der-eiger-nordwand\\\/#primaryimage\",\"url\":\"https:\\\/\\\/www.berg-freunde.at\\\/blog\\\/wp-content\\\/uploads\\\/2021\\\/05\\\/Bergfreunde-Eiger-Nordwand9.jpg\",\"contentUrl\":\"https:\\\/\\\/www.berg-freunde.at\\\/blog\\\/wp-content\\\/uploads\\\/2021\\\/05\\\/Bergfreunde-Eiger-Nordwand9.jpg\",\"width\":1440,\"height\":400},{\"@type\":\"BreadcrumbList\",\"@id\":\"https:\\\/\\\/www.berg-freunde.at\\\/blog\\\/mit-millet-in-der-eiger-nordwand\\\/#breadcrumb\",\"itemListElement\":[{\"@type\":\"ListItem\",\"position\":1,\"name\":\"Blog\",\"item\":\"https:\\\/\\\/www.berg-freunde.at\\\/blog\\\/\"},{\"@type\":\"ListItem\",\"position\":2,\"name\":\"Touren &amp; Reisetipps\",\"item\":\"https:\\\/\\\/www.berg-freunde.at\\\/blog\\\/category\\\/touren-reisetipps\\\/\"},{\"@type\":\"ListItem\",\"position\":3,\"name\":\"Zwischen Eiger, M\u00f6nch und Jungfrau &#8211; das Millet Base Camp 2017\"}]},{\"@type\":\"WebSite\",\"@id\":\"https:\\\/\\\/www.berg-freunde.at\\\/blog\\\/#website\",\"url\":\"https:\\\/\\\/www.berg-freunde.at\\\/blog\\\/\",\"name\":\"Bergfreunde\",\"description\":\"Blog\",\"publisher\":{\"@id\":\"https:\\\/\\\/www.berg-freunde.at\\\/blog\\\/#organization\"},\"potentialAction\":[{\"@type\":\"SearchAction\",\"target\":{\"@type\":\"EntryPoint\",\"urlTemplate\":\"https:\\\/\\\/www.berg-freunde.at\\\/blog\\\/?s={search_term_string}\"},\"query-input\":{\"@type\":\"PropertyValueSpecification\",\"valueRequired\":true,\"valueName\":\"search_term_string\"}}],\"inLanguage\":\"de-AT\"},{\"@type\":\"Organization\",\"@id\":\"https:\\\/\\\/www.berg-freunde.at\\\/blog\\\/#organization\",\"name\":\"Bergfreunde\",\"url\":\"https:\\\/\\\/www.berg-freunde.at\\\/blog\\\/\",\"logo\":{\"@type\":\"ImageObject\",\"inLanguage\":\"de-AT\",\"@id\":\"https:\\\/\\\/www.berg-freunde.at\\\/blog\\\/#\\\/schema\\\/logo\\\/image\\\/\",\"url\":\"https:\\\/\\\/www.berg-freunde.at\\\/blog\\\/wp-content\\\/uploads\\\/2023\\\/12\\\/Bergfreunde_DE_rgb.svg\",\"contentUrl\":\"https:\\\/\\\/www.berg-freunde.at\\\/blog\\\/wp-content\\\/uploads\\\/2023\\\/12\\\/Bergfreunde_DE_rgb.svg\",\"caption\":\"Bergfreunde\"},\"image\":{\"@id\":\"https:\\\/\\\/www.berg-freunde.at\\\/blog\\\/#\\\/schema\\\/logo\\\/image\\\/\"},\"sameAs\":[\"https:\\\/\\\/www.facebook.com\\\/bergfreunde\",\"https:\\\/\\\/www.instagram.com\\\/bergfreundede\\\/\"]},{\"@type\":\"Person\",\"@id\":\"https:\\\/\\\/www.berg-freunde.at\\\/blog\\\/#\\\/schema\\\/person\\\/87f58a8f7a07f205db051100aef74d30\",\"name\":\"Jan\",\"url\":\"https:\\\/\\\/www.berg-freunde.at\\\/blog\\\/about\\\/jan-dohle\\\/\"}]}<\/script>\n<!-- \/ Yoast SEO Premium plugin. -->","yoast_head_json":{"title":"Zwischen Eiger, M\u00f6nch und Jungfrau - das Millet Base Camp 2017","description":"Ein Biwak in der Station Eigerwand? Eine Kollektionsvorstellung im Herzen des Eiger? Mit den Bergf\u00fchrern von grindelwaldSPORTS zum geschichtstr\u00e4chtigen","robots":{"index":"index","follow":"follow","max-snippet":"max-snippet:-1","max-image-preview":"max-image-preview:large","max-video-preview":"max-video-preview:-1"},"canonical":"https:\/\/www.berg-freunde.at\/blog\/mit-millet-in-der-eiger-nordwand\/","og_locale":"de_DE","og_type":"article","og_title":"Zwischen Eiger, M\u00f6nch und Jungfrau - das Millet Base Camp 2017","og_description":"Ein Biwak in der Station Eigerwand? Eine Kollektionsvorstellung im Herzen des Eiger? Mit den Bergf\u00fchrern von grindelwaldSPORTS zum geschichtstr\u00e4chtigen","og_url":"https:\/\/www.berg-freunde.at\/blog\/mit-millet-in-der-eiger-nordwand\/","og_site_name":"Bergfreunde","article_publisher":"https:\/\/www.facebook.com\/bergfreunde","article_published_time":"2017-06-23T09:07:12+00:00","article_modified_time":"2024-01-26T08:54:05+00:00","og_image":[{"width":1440,"height":400,"url":"https:\/\/www.berg-freunde.at\/blog\/wp-content\/uploads\/2021\/05\/Bergfreunde-Eiger-Nordwand9.jpg","type":"image\/jpeg"}],"author":"Jan","twitter_card":"summary_large_image","twitter_misc":{"Verfasst von":"Jan","Gesch\u00e4tzte Lesezeit":"5 Minuten"},"schema":{"@context":"https:\/\/schema.org","@graph":[{"@type":["Article","BlogPosting"],"@id":"https:\/\/www.berg-freunde.at\/blog\/mit-millet-in-der-eiger-nordwand\/#article","isPartOf":{"@id":"https:\/\/www.berg-freunde.at\/blog\/mit-millet-in-der-eiger-nordwand\/"},"author":{"name":"Jan","@id":"https:\/\/www.berg-freunde.at\/blog\/#\/schema\/person\/87f58a8f7a07f205db051100aef74d30"},"headline":"Zwischen Eiger, M\u00f6nch und Jungfrau &#8211; das Millet Base Camp 2017","datePublished":"2017-06-23T09:07:12+00:00","dateModified":"2024-01-26T08:54:05+00:00","mainEntityOfPage":{"@id":"https:\/\/www.berg-freunde.at\/blog\/mit-millet-in-der-eiger-nordwand\/"},"wordCount":936,"commentCount":0,"publisher":{"@id":"https:\/\/www.berg-freunde.at\/blog\/#organization"},"image":{"@id":"https:\/\/www.berg-freunde.at\/blog\/mit-millet-in-der-eiger-nordwand\/#primaryimage"},"thumbnailUrl":"https:\/\/www.berg-freunde.at\/blog\/wp-content\/uploads\/2021\/05\/Bergfreunde-Eiger-Nordwand9.jpg","keywords":["Bergsteigen &amp; Hochtouren"],"articleSection":["Touren &amp; Reisetipps"],"inLanguage":"de-AT","potentialAction":[{"@type":"CommentAction","name":"Comment","target":["https:\/\/www.berg-freunde.at\/blog\/mit-millet-in-der-eiger-nordwand\/#respond"]}]},{"@type":"WebPage","@id":"https:\/\/www.berg-freunde.at\/blog\/mit-millet-in-der-eiger-nordwand\/","url":"https:\/\/www.berg-freunde.at\/blog\/mit-millet-in-der-eiger-nordwand\/","name":"Zwischen Eiger, M\u00f6nch und Jungfrau - das Millet Base Camp 2017","isPartOf":{"@id":"https:\/\/www.berg-freunde.at\/blog\/#website"},"primaryImageOfPage":{"@id":"https:\/\/www.berg-freunde.at\/blog\/mit-millet-in-der-eiger-nordwand\/#primaryimage"},"image":{"@id":"https:\/\/www.berg-freunde.at\/blog\/mit-millet-in-der-eiger-nordwand\/#primaryimage"},"thumbnailUrl":"https:\/\/www.berg-freunde.at\/blog\/wp-content\/uploads\/2021\/05\/Bergfreunde-Eiger-Nordwand9.jpg","datePublished":"2017-06-23T09:07:12+00:00","dateModified":"2024-01-26T08:54:05+00:00","description":"Ein Biwak in der Station Eigerwand? Eine Kollektionsvorstellung im Herzen des Eiger? Mit den Bergf\u00fchrern von grindelwaldSPORTS zum geschichtstr\u00e4chtigen","breadcrumb":{"@id":"https:\/\/www.berg-freunde.at\/blog\/mit-millet-in-der-eiger-nordwand\/#breadcrumb"},"inLanguage":"de-AT","potentialAction":[{"@type":"ReadAction","target":["https:\/\/www.berg-freunde.at\/blog\/mit-millet-in-der-eiger-nordwand\/"]}]},{"@type":"ImageObject","inLanguage":"de-AT","@id":"https:\/\/www.berg-freunde.at\/blog\/mit-millet-in-der-eiger-nordwand\/#primaryimage","url":"https:\/\/www.berg-freunde.at\/blog\/wp-content\/uploads\/2021\/05\/Bergfreunde-Eiger-Nordwand9.jpg","contentUrl":"https:\/\/www.berg-freunde.at\/blog\/wp-content\/uploads\/2021\/05\/Bergfreunde-Eiger-Nordwand9.jpg","width":1440,"height":400},{"@type":"BreadcrumbList","@id":"https:\/\/www.berg-freunde.at\/blog\/mit-millet-in-der-eiger-nordwand\/#breadcrumb","itemListElement":[{"@type":"ListItem","position":1,"name":"Blog","item":"https:\/\/www.berg-freunde.at\/blog\/"},{"@type":"ListItem","position":2,"name":"Touren &amp; Reisetipps","item":"https:\/\/www.berg-freunde.at\/blog\/category\/touren-reisetipps\/"},{"@type":"ListItem","position":3,"name":"Zwischen Eiger, M\u00f6nch und Jungfrau &#8211; das Millet Base Camp 2017"}]},{"@type":"WebSite","@id":"https:\/\/www.berg-freunde.at\/blog\/#website","url":"https:\/\/www.berg-freunde.at\/blog\/","name":"Bergfreunde","description":"Blog","publisher":{"@id":"https:\/\/www.berg-freunde.at\/blog\/#organization"},"potentialAction":[{"@type":"SearchAction","target":{"@type":"EntryPoint","urlTemplate":"https:\/\/www.berg-freunde.at\/blog\/?s={search_term_string}"},"query-input":{"@type":"PropertyValueSpecification","valueRequired":true,"valueName":"search_term_string"}}],"inLanguage":"de-AT"},{"@type":"Organization","@id":"https:\/\/www.berg-freunde.at\/blog\/#organization","name":"Bergfreunde","url":"https:\/\/www.berg-freunde.at\/blog\/","logo":{"@type":"ImageObject","inLanguage":"de-AT","@id":"https:\/\/www.berg-freunde.at\/blog\/#\/schema\/logo\/image\/","url":"https:\/\/www.berg-freunde.at\/blog\/wp-content\/uploads\/2023\/12\/Bergfreunde_DE_rgb.svg","contentUrl":"https:\/\/www.berg-freunde.at\/blog\/wp-content\/uploads\/2023\/12\/Bergfreunde_DE_rgb.svg","caption":"Bergfreunde"},"image":{"@id":"https:\/\/www.berg-freunde.at\/blog\/#\/schema\/logo\/image\/"},"sameAs":["https:\/\/www.facebook.com\/bergfreunde","https:\/\/www.instagram.com\/bergfreundede\/"]},{"@type":"Person","@id":"https:\/\/www.berg-freunde.at\/blog\/#\/schema\/person\/87f58a8f7a07f205db051100aef74d30","name":"Jan","url":"https:\/\/www.berg-freunde.at\/blog\/about\/jan-dohle\/"}]}},"_links":{"self":[{"href":"https:\/\/www.berg-freunde.at\/blog\/wp-json\/wp\/v2\/posts\/69141","targetHints":{"allow":["GET"]}}],"collection":[{"href":"https:\/\/www.berg-freunde.at\/blog\/wp-json\/wp\/v2\/posts"}],"about":[{"href":"https:\/\/www.berg-freunde.at\/blog\/wp-json\/wp\/v2\/types\/post"}],"author":[{"embeddable":true,"href":"https:\/\/www.berg-freunde.at\/blog\/wp-json\/wp\/v2\/users\/33"}],"replies":[{"embeddable":true,"href":"https:\/\/www.berg-freunde.at\/blog\/wp-json\/wp\/v2\/comments?post=69141"}],"version-history":[{"count":3,"href":"https:\/\/www.berg-freunde.at\/blog\/wp-json\/wp\/v2\/posts\/69141\/revisions"}],"predecessor-version":[{"id":107609,"href":"https:\/\/www.berg-freunde.at\/blog\/wp-json\/wp\/v2\/posts\/69141\/revisions\/107609"}],"wp:featuredmedia":[{"embeddable":true,"href":"https:\/\/www.berg-freunde.at\/blog\/wp-json\/wp\/v2\/media\/69143"}],"wp:attachment":[{"href":"https:\/\/www.berg-freunde.at\/blog\/wp-json\/wp\/v2\/media?parent=69141"}],"wp:term":[{"taxonomy":"category","embeddable":true,"href":"https:\/\/www.berg-freunde.at\/blog\/wp-json\/wp\/v2\/categories?post=69141"},{"taxonomy":"post_tag","embeddable":true,"href":"https:\/\/www.berg-freunde.at\/blog\/wp-json\/wp\/v2\/tags?post=69141"},{"taxonomy":"post_folder","embeddable":true,"href":"https:\/\/www.berg-freunde.at\/blog\/wp-json\/wp\/v2\/post_folder?post=69141"}],"curies":[{"name":"wp","href":"https:\/\/api.w.org\/{rel}","templated":true}]}}