{"id":68839,"date":"2026-03-18T11:30:00","date_gmt":"2026-03-18T10:30:00","guid":{"rendered":"https:\/\/www.bergfreunde.de\/blog\/gore-tex-nachhaltigkeit\/"},"modified":"2026-04-07T08:14:45","modified_gmt":"2026-04-07T06:14:45","slug":"gore-tex-nachhaltigkeit","status":"publish","type":"post","link":"https:\/\/www.berg-freunde.at\/blog\/gore-tex-nachhaltigkeit\/","title":{"rendered":"GORE-TEX &#8211; Wie stehts um die Nachhaltigkeit?"},"content":{"rendered":"<div class=\"wp-block-image\">\n<figure class=\"alignright size-large is-resized\"><a href=\"https:\/\/www.bergfreunde.de\/blog\/wp-content\/uploads\/2021\/05\/Gore-Tex-Nachhaltigkeit-Verantwortung.jpg\"><img decoding=\"async\" src=\"https:\/\/www.bergfreunde.de\/blog\/wp-content\/uploads\/2021\/05\/Gore-Tex-Nachhaltigkeit-Verantwortung.jpg\" alt=\"Gore-Tex Nachhaltigkeit\" style=\"width:350px;height:265px\"\/><\/a><figcaption class=\"wp-element-caption\">Gore f\u00fchlt sich dazu verpflichtet, verantwortungsbewusst mit Mensch und Natur umzugehen.<\/figcaption><\/figure>\n<\/div>\n\n\n<p>Die Marke GORE-TEX\u00ae ist ohne Zweifel die bekannteste sogenannte <strong>\u201eIngredient Brand\u201c<\/strong> im Bekleidungs- und Schuhbereich. \u201eIngredient\u201c bezieht sich auf integrierte Bestandteile. Das bedeutet, die Marke ist lediglich <strong>Zulieferer f\u00fcr Technologien<\/strong>, die in einer Outdoor-Jacke oder einem <a href=\"https:\/\/www.berg-freunde.at\/bergschuhe\/\">Bergstiefel<\/a> verarbeitet werden. Selbst stellt die \u201eBrand\u201c jedoch keine Produkte f\u00fcr Nutzer der Bekleidung her. Trotzdem ist der Name GORE-TEX\u00ae fast allen ein Begriff. Das ist schon stark, aber kaum verwunderlich. <\/p>\n\n\n\n<p>Denn es hat gute Gr\u00fcnde. Die Marke <strong>GORE-TEX\u00ae<\/strong> aus dem <strong>Hause Gore<\/strong> hat die <strong>komplette Kategorie wasserdichter, atmungsaktiver Funktionsbekleidung in den 1970er Jahren quasi erfunden<\/strong>. Viele reden deshalb f\u00e4lschlicherweise oft nur von einer \u201eGore-Jacke\u201c, dabei meinen sie die Technologien mit dem \u201e-Tex\u201c, nicht das Unternehmen Gore. Seitdem machen sie ein richtig gutes Marketing. <\/p>\n\n\n\n<p>Der markante schwarze rautenf\u00f6rmige Hangtag hat dabei ebenso zum hohen Wiedererkennungswert beigetragen wie die enge Zusammenarbeit mit den Markenpartnern. Denn <strong>Gore unterst\u00fctzt<\/strong> seine <strong>Markenpartner<\/strong> nach Kr\u00e4ften, die Vorteile seiner funktionellen Technologien zu kommunizieren. Entscheidend ist aber: Hinter dem starken Marketing steht eine Technologie, die sich \u00fcber viele Jahre in der Praxis bew\u00e4hrt hat.<\/p>\n\n\n\n<h2 class=\"wp-block-heading\" id=\"h-uber-allem-steht-die-maxime-nachhaltigen-handelns-als-selbstverstandlichkeit\"><strong>\u00dcber allem steht die Maxime nachhaltigen Handelns als Selbstverst\u00e4ndlichkeit<\/strong><\/h2>\n\n\n\n<p>Seit seiner Gr\u00fcndung vor \u00fcber 70 Jahren ist Gore ein familiengef\u00fchrtes Unternehmen und als solches an <strong>langfristigen L\u00f6sungen interessiert<\/strong>. Die Gr\u00fcnder Bill und Vieve Gore handelten nach der Maxime der Nachhaltigkeit. Gore ist nach eigenem Bekunden stets bestrebt, die <strong>bestm\u00f6glichen, nachhaltigen<\/strong> und vor allem die <strong>leistungsf\u00e4higsten Produktl\u00f6sungen<\/strong> zu entwickeln. <strong>Langlebigkeit<\/strong> ist deshalb ein <strong>zentraler Anspruch<\/strong> an die eigenen GORE-TEX\u00ae Textil-Technologien f\u00fcr Endverbraucher bei Gore.<\/p>\n\n\n\n<p>Wissenschaftliche Erkenntnisse haben die <strong>Entwicklung funktioneller Materialien <\/strong>in den vergangenen Jahrzehnten immer wieder vorangebracht. Entsprechend wurden auch Produkttechnologien kontinuierlich weiterentwickelt, angepasst und neu erfunden. Gore sieht sich als <strong>\u201ematerialwissenschaftliches Unternehmen\u201c<\/strong>. Bis eine neue Technologie, ein neues Material, ein neues Laminat oder ein neuer Fertigungsprozess marktreif ist und von Markenpartnern in einer Jacke oder einem Schuh eingesetzt werden kann, vergehen mitunter Jahrzehnte. <\/p>\n\n\n\n<p>Das liegt in der Natur der Sache: <strong>GORE-TEX\u00ae forscht an Grundlagen<\/strong>, an neuen Rohmaterialien, Herstellungsverfahren und testet die langfristige Performance. Gleichzeitig werden Produktionsabl\u00e4ufe etabliert, wissenschaftliche Testverfahren angewendet und neue Standards gesetzt, um Produkte zu entwickeln, die bestm\u00f6glich performen.<\/p>\n\n\n\n<h2 class=\"wp-block-heading\" id=\"h-fit-for-use-die-user-stehen-im-zentrum\"><strong><strong>Fit for Use: Die User stehen im Zentrum<\/strong><\/strong><\/h2>\n\n\n\n<p>Alles dient dazu, dass letztlich der K\u00e4ufer einer Patagonia-Jacke oder La Sportiva-Bergstiefel ihrer Leidenschaft drau\u00dfen in der Natur nachgehen k\u00f6nnen. Dieser am Produktnutzen orientierte Ansatz und der eigene hohe Anspruch f\u00fchrten 1989 zum einzigartigen Markenversprechen <strong>GUARANTEED TO KEEP YOU DRY<\/strong>. Damit garantiert Gore den Verbrauchern, dass sie in Bekleidung und Schuhen mit dem schwarzen, diamantf\u00f6rmigen Logo <strong>dauerhaft trocken bleiben<\/strong>. Dieses Versprechen setzte damals einen neuen Standard in der Outdoor-Branche. Bemerkenswert ist dabei, dass Gore Verantwortung f\u00fcr die Performance von Produkten \u00fcbernimmt, wof\u00fcr sie erstmal gar nichts k\u00f6nnen. Der Grund? <strong>Gore ist \u00fcberzeugt<\/strong>, zusammen mit seinen Partnern und renommierten Marken die <strong>bestm\u00f6glichen und dauerhaft funktionellen Produkte<\/strong> anbieten zu k\u00f6nnen.<\/p>\n\n\n\n<h2 class=\"wp-block-heading\" id=\"h-responsible-performance-produktnutzen-umweltziele-und-nachhaltigkeit\"><strong>Responsible Performance: Produktnutzen, Umweltziele und Nachhaltigkeit<\/strong><\/h2>\n\n\n\n<p><strong>Produktnutzen, Umweltziele und Nachhaltigkeit<\/strong> sind bei Gore keine Gegens\u00e4tze. Nach dem Selbstverst\u00e4ndnis des nach wie vor in Familienbesitz befindlichen Unternehmens greifen diese Aspekte vielmehr ineinander und bilden zusammen die <strong>Grundlage<\/strong> einer <strong>verantwortungsvollen Produktentwicklung<\/strong>. Ma\u00dfnahmen zur Verbesserung von umweltfreundlicher Produktion und fairen Arbeitsbedingungen in den Herstellungsl\u00e4ndern gibt es bei Gore schon fast so lange wie das wasserdichte Laminat selbst. Das Unternehmen arbeitet nach anerkannten Standards, Richtlinien und Normen, wie etwa <strong>GRS, bluesign\u00ae und OEKO-TEX\u00ae STANDARD 100<\/strong>, und setzt sich regelm\u00e4\u00dfig ambitionierte Ziele, die \u00fcber gesetzliche Anforderungen hinausgehen. Und wo (noch) keine Standards existieren, arbeitet Gore mit Universit\u00e4ten und Regulierungsbeh\u00f6rden an der Entwicklung entsprechender Vorgaben. Zusammen mit der Mittuniversitetet Schweden <strong>forscht Gore<\/strong> zur <strong>Langlebigkeit von Endprodukten<\/strong> und ver\u00f6ffentlichte 2025 dazu das White Paper \u201c<a href=\"https:\/\/www.flipsnack.com\/7DAFEFD6AED\/gore-tex-brand-durability-and-the-value-of-making-things-last\">Durability and the Value of Making Things Last<\/a>\u201d.<\/p>\n\n\n\n<p>Seit 2023 sind alle Produktionsst\u00e4tten der Fabrics-Division weltweit nach dem Umweltmanagementstandard ISO 14001 zertifiziert. Als <strong>\u201ematerialwissenschaftliches Unternehmen\u201d<\/strong> lie\u00df Gore zudem auch seine Klimaziele im Rahmen der Science Based Targets initiative (SBTi) wissenschaftlich validieren. Derartige Ma\u00dfnahmen unterstreichen den eigenen Anspruch von Gore und zeigen, was das Unternehmen unter <strong>\u201cResponsible Performance\u201d<\/strong> versteht.<\/p>\n\n\n\n<p>In den vergangenen Jahren gelang es Gore, eine komplett neue, <strong>fluorfreie Materialplattform<\/strong> f\u00fcr die bekannte mikropor\u00f6se, wasserdichte und atmungsaktive GORE-TEX\u00ae Membran zu entwickeln. Diese Technologie basiert auf <strong>Polyethylen<\/strong> und bringt mehrere Vorteile gegen\u00fcber den bisherigen Technologien mit sich: Die <strong>Membran<\/strong> ist <strong>deutlich d\u00fcnner<\/strong> und <strong>reduziert<\/strong> durch die geringere Masse den <strong>Ressourcenverbrauch<\/strong> sowie den CO\u2082-Fu\u00dfabdruck gem\u00e4\u00df HiggMSI. Zudem werden diese neuen Laminattechnologien ohne absichtlich hinzugef\u00fcgte per- und polyfluorierte Substanzen hergestellt und sind damit <strong>PFAS-frei<\/strong>. Je nach gew\u00fcnschter Laminatkonstruktion l\u00e4sst sich die neue Membran mit weiteren Materialien und Komponenten kombinieren.<\/p>\n\n\n\n<h2 class=\"wp-block-heading\" id=\"h-eine-kurze-geschichte-der-aktuellen-gore-tex-technologien\"><strong>Eine kurze Geschichte der aktuellen GORE-TEX\u00ae Technologien<\/strong><\/h2>\n\n\n\n<ul class=\"wp-block-list\">\n<li>Das <strong>Jahr 2021<\/strong> markiert den Beginn einer neuen \u00c4ra: Gore stellte erstmals eine Membran vor, die ohne fluorierte Materialien auskommt. Diese neue Produkttechnologie gilt als wichtiger Schritt f\u00fcr die weitere Entwicklung der Outdoor- und Sportbranche.<\/li>\n\n\n\n<li>Im <strong>Herbst 2022<\/strong> kamen die ersten GORE-TEX\u00ae Produkte mit der v\u00f6llig neu entwickelten ePE-Membran auf den Markt. Den Anfang machten Zweilagen-Produkte f\u00fcr gem\u00e4\u00dfigte Outdoor-Aktivit\u00e4ten.<\/li>\n\n\n\n<li><strong>2023 <\/strong>brachte Gore zusammen mit Marken wie <a href=\"https:\/\/www.berg-freunde.at\/marken\/mammut\/\">Mammut<\/a>, Norr\u00f8na und <a href=\"https:\/\/www.berg-freunde.at\/marken\/patagonia\/\">Patagonia<\/a> die ersten dreilagigen Performance-Produkte auf den Markt.<\/li>\n\n\n\n<li><strong>2025 <\/strong>folgte schlie\u00dflich die neueste Generation der GORE-TEX\u00ae PRO Produkte f\u00fcr den extremen Berg- und Expeditionseinsatz. Die \u201ePRO\u201c Linie ist seit jeher der h\u00f6chste Standard und die Benchmark in Sachen Robustheit und Wetterschutz und \u00fcberzeugt gleichzeitig mit einer hohen Atmungsaktivit\u00e4t bei intensiver k\u00f6rperlicher Anstrengung.<\/li>\n<\/ul>\n\n\n\n<h2 class=\"wp-block-heading\" id=\"h-nachhaltigkeitsmassnahmen-und-ziele-von-w-l-gore-amp-associates\"><strong>Nachhaltigkeitsma\u00dfnahmen und Ziele von W. L. Gore &amp; Associates<\/strong><\/h2>\n\n\n<div class=\"wp-block-image\">\n<figure class=\"alignright size-large is-resized\"><a href=\"https:\/\/www.bergfreunde.de\/blog\/wp-content\/uploads\/2021\/05\/Gore-Tex-Nachhaltigkeit-soziales-Projekt-Alpen.jpg\"><img decoding=\"async\" src=\"https:\/\/www.bergfreunde.de\/blog\/wp-content\/uploads\/2021\/05\/Gore-Tex-Nachhaltigkeit-soziales-Projekt-Alpen.jpg\" alt=\"Gore-Tex Nachhaltigkeit\" style=\"width:350px;height:262px\"\/><\/a><figcaption class=\"wp-element-caption\">Gore engagiert sich bei einem Bergwald Projekt in den Alpen.<\/figcaption><\/figure>\n<\/div>\n\n\n<p>Die Gore Fabrics Division, also der Unternehmensbereich von Gore f\u00fcr Bekleidung und Schuhwerk, erhielt f\u00fcr ihre Standorte in Putzbrunn (Deutschland) und Shenzhen (China) die Zertifizierung nach dem <strong>Global Recycled Standard (GRS).<\/strong> Der GRS ist ein international anerkannter und freiwilliger Standard, der den Anteil recycelter Materialien in Produkten verifiziert und Anforderungen an R\u00fcckverfolgbarkeit, Umweltmanagement und soziale Kriterien entlang der Lieferkette definiert. <\/p>\n\n\n\n<p>Dar\u00fcber hinaus f\u00fchrte die Gore Textilsparte \u201eFabrics Division\u201c eine vollst\u00e4ndige Bewertung ihres gesamten CO<sub>2<\/sub>-Fu\u00dfabdruckes durch und arbeitete gemeinsam mit Partnern entlang der Lieferkette daran, die <strong>CO<sub>2<\/sub>-Emissionen<\/strong> von Rohwaren zu <strong>verringern<\/strong>. Bis 2030 will die Gore Fabrics Division ihre CO<sub>2<\/sub>-Emissionen um 80 % gegen\u00fcber den Werten von 2016 reduzieren und <strong>bis 2050 vollst\u00e4ndig CO<sub>2<\/sub>-neutral<\/strong> sein. Dabei entwickelt sich Gore offenbar schneller als urspr\u00fcnglich geplant: 2020 ging man noch von einer ambitionierten Reduktion von 60 % aus. Die Optimierung der Energieversorgung und weitere Ma\u00dfnahmen an allen Standorten machten es dann 2024 m\u00f6glich, die Zielmarke nochmals nach oben zu verschieben.<\/p>\n\n\n\n<h3 class=\"wp-block-heading\" id=\"h-weitere-konkrete-massnahmen-zur-co-2-reduzierung\"><strong>Weitere konkrete Ma\u00dfnahmen zur CO<sub>2<\/sub> Reduzierung:<\/strong><\/h3>\n\n\n\n<ul class=\"wp-block-list\">\n<li><strong>100 % Strom aus erneuerbaren Energien:<\/strong> Gore Fabrics hat die eigenen Produktionsst\u00e4tten vollst\u00e4ndig auf Strom aus erneuerbaren Energien umgestellt.<\/li>\n\n\n\n<li><strong>Ambitionierte Klimaziele:<\/strong> Gore Fabrics hat seine Ziele in Bezug auf die Reduzierung von CO<sub>2<\/sub>-Emissionen und den Einsatz erneuerbarer Energien vor dem geplanten Zeitpunkt erreicht und seinen CO<sub>2<\/sub>-Fu\u00dfabdruck im Vergleich zum Vorjahr um 10 % verringert. Gore ruht sich deshalb nicht aus, sondern erh\u00f6ht sogar seine Reduktionsziele f\u00fcr Scope 1 und 2 von 60 % auf 80 % bis 2030 gegen\u00fcber dem Basisjahr 2016. Gore sagt dazu, dies spiegele \u201eunser Engagement f\u00fcr eine sinnvolle Dekarbonisierung wider, die \u00fcber das Erwartete hinausgeht und das tut, was wir f\u00fcr richtig halten.\u201c<\/li>\n\n\n\n<li><strong>Zusammenarbeit entlang der Lieferkette: <\/strong>Gore arbeitet mit seinen Lieferkettenpartnern daran, den Energieverbrauch zu senken, fossile Brennstoffe f\u00fcr die Stromerzeugung vor Ort auslaufen zu lassen und den Umstieg auf erneuerbare Energien voranzutreiben.<\/li>\n\n\n\n<li><strong>Optimierte Produktentwicklung:<\/strong> Auch das Design von GORE-TEX\u00ae Produkten wird kontinuierlich weiterentwickelt, um den CO\u2082-Fu\u00dfabdruck zu reduzieren. Gleichzeitig setzt Gore auf langlebige Materialien, die eine langfristige Nutzung unterst\u00fctzen.<\/li>\n\n\n\n<li><strong>OEKO-TEX\u00ae STANDARD 100:<\/strong> 100 % der GORE-TEX\u00ae Textilien sind nach OEKO-TEX\u00ae STANDARD 100 zertifiziert<\/li>\n\n\n\n<li><strong>bluesign\u00ae Zertifizierung:<\/strong> 98 % der ausgelieferten GORE-TEX\u00ae Textilien sind bluesign\u00ae zertifiziert.<\/li>\n<\/ul>\n\n\n\n<p>Wer mehr \u00fcber dieses spannende Thema erfahren m\u00f6chte, kann sich den englisch verfassten <a href=\"https:\/\/www.gore-tex.com\/sites\/default\/files\/docs\/Gore-Fabrics-Responsibility-Update-2024.pdf\">Nachhaltigkeitsbericht (Responsibility Update)<\/a> von der Gore-Tex Webseite herunterladen.<\/p>\n\n\n\n<h3 class=\"wp-block-heading\" id=\"h-bluesign-und-oeko-tex-standard-100\"><strong>bluesign\u00ae und OEKO-TEX\u00ae STANDARD 100<\/strong><\/h3>\n\n\n\n<p>Bereits 1986 ersetzte Gore die Klebstoffe seiner Laminate durch <strong>l\u00f6sungsmittelfreie Alternativen<\/strong> und galt schon damals als innovativer Pionier. Die meisten Produkte von Gore sind heute nach dem <strong>bluesign\u00ae Standard<\/strong> zertifiziert oder erf\u00fcllen den <strong>OEKO-TEX\u00ae STANDARD 100<\/strong>. Unabh\u00e4ngige Pr\u00fcfungen garantieren so die Vermeidung von umweltbelastenden Materialien und Verfahren in der textilen Wertsch\u00f6pfungskette.<\/p>\n\n\n\n<h3 class=\"wp-block-heading\" id=\"h-verarbeitung-recycelter-materialien\"><strong>Verarbeitung recycelter Materialien<\/strong><\/h3>\n\n\n\n<p>Ein immer gr\u00f6\u00dferer Anteil der GORE-TEX\u00ae Laminate wird aus <strong>recyceltem Polyester und recyceltem Polyamid<\/strong> hergestellt. Zudem werden immer mehr Garne im Spinnd\u00fcsenf\u00e4rbungsverfahren gef\u00e4rbt, das deutlich weniger Wasser verbraucht als herk\u00f6mmliche F\u00e4rbeprozesse.<\/p>\n\n\n\n<h3 class=\"wp-block-heading\" id=\"h-entwicklung-des-higg-index\"><strong>Entwicklung des Higg-Index<\/strong><\/h3>\n\n\n\n<p>Als <strong>Gr\u00fcndungsmitglied der Sustainable Apparel Coalition (SAC)<\/strong> rief Gore in Zusammenarbeit mit anderen Firmen, Zulieferern, Rohstofflieferanten und zahlreichen staatlichen sowie nichtstaatlichen Organisationen den <strong>Higg-Index<\/strong> ins Leben. Dabei handelt es sich um ein branchenweit genutztes <strong>Bewertungsinstrument<\/strong>, das \u00f6kologische und soziale Auswirkungen entlang der textilen Wertsch\u00f6pfungskette systematisch erfasst und vergleichbar macht. Durch diese M\u00f6glichkeit der Messbarkeit werden Unternehmen dabei unterst\u00fctzt, ihre <strong>Umwelt- und Sozialwirkungen nachhaltig zu verbessern<\/strong>.<\/p>\n\n\n\n<h2 class=\"wp-block-heading\" id=\"h-soziale-verantwortung\"><strong>Soziale Verantwortung<\/strong><\/h2>\n\n\n\n<p>Gore \u00fcbernimmt soziale Verantwortung auf Grundlage klarer und verbindlicher Prinzipien, die <strong>gesunde<\/strong> Arbeitsbedingungen und eine <strong>faire Entlohnung<\/strong> garantieren sollen. Mit seinem <a href=\"https:\/\/www.gore.com\/resources\/enterprise\/supplier-code-conduct\">Supplier Code of Conduct<\/a> verpflichtet sich Gore zur Einhaltung international anerkannter Arbeits- und Menschenrechtsstandards, darunter die Kernarbeitsnormen der International Labour Organization (ILO).<\/p>\n\n\n\n<p>Auch zu diesem Thema bietet die Gore-Website weiterf\u00fchrende Informationen wie etwa zu <a href=\"https:\/\/www.gore.com\/about\/responsible-enterprise\">Gores Responsible-Enterprise-Ansatz<\/a>. Erg\u00e4nzend dazu finden sich im bereits erw\u00e4hnten Nachhaltigkeitsbericht zus\u00e4tzliche Einblicke in <strong>lokale Community-Engagement-Programme<\/strong> und <strong>Umweltinitiativen<\/strong> an verschiedenen Standorten weltweit.<\/p>\n\n\n\n<p>Dem Unternehmen selbst ist (Eigen-)Verantwortung quasi in die Wiege gelegt: Die Mitarbeitenden sind \u201cAssociates\u201d, also direkt am Unternehmenserfolg beteiligt. Vielleicht ist auch genau das ein Grund daf\u00fcr, dass das Unternehmen seit Jahrzehnten als <strong>einer der besten Arbeitgeber weltweit<\/strong> gilt: Gore wird regelm\u00e4\u00dfig in renommierten Rankings wie \u201eFortune 100 Best Companies to Work For\u201c sowie in den Great\u2011Place\u2011to\u2011Work\u2011Listen in den USA, Europa und Deutschland gef\u00fchrt. Unter anderem mit Platzierungen in den <strong>Top 20 in Europa<\/strong> und den <strong>Top 10 in Deutschland.<\/strong><\/p>\n\n\n\n<p>Die Mitarbeitenden sind das eine, weitere Stakeholder das andere. Deshalb arbeitet Gore im Rahmen der <strong>Sustainable Apparel Coalition (SAC)<\/strong> mit branchenweiten Bewertungsinstrumenten, die zum Beispiel \u00f6kologische und soziale Kriterien entlang der Lieferkette erfassen und damit die Einhaltung von Normen sicherstellen. Ob in der nachhaltigen Sensibilisierung und Umwelterziehung in Nordamerika, der Unterst\u00fctzung von Schul- und Hilfsprojekten in der N\u00e4he ihrer chinesischen Produktionsst\u00e4tten oder bei Aufforstungsprojekten in den bayerischen Alpen: <strong>Gore unterst\u00fctzt soziale und umweltf\u00f6rdernde Projekte<\/strong> im gro\u00dfen und kleinen Ma\u00dfstab.<\/p>\n\n\n\n<h2 class=\"wp-block-heading\" id=\"h-der-ganzheitliche-ansatz-des-life-cycle-assessments-lca\"><strong>Der ganzheitliche Ansatz des Life Cycle Assessments (LCA)<\/strong><\/h2>\n\n\n\n<p>Mit <strong>Life-Cycle Assessment (LCA)<\/strong>, auf Deutsch auch als \u00d6kobilanz bekannt, besch\u00e4ftigt sich Gore bereits seit Anfang der 1990er Jahre. LCA ist der weltweite Standard nach ISO 14041, um den <strong>gesamten Umwelteinfluss<\/strong> eines <strong>Endprodukts<\/strong> zu bewerten und ber\u00fccksichtigt alle \u00f6kologischen Faktoren sowie die Auswirkungen auf Gesundheit und \u00d6kosystem. Trotz aller Bem\u00fchungen und technischen Fortschritte bleibt die Herstellung von Bekleidung und Schuhen auch k\u00fcnftig mit dem Einsatz von Rohstoffen und Energie verbunden. <\/p>\n\n\n\n<p>CO\u2082-Emissionen und Abf\u00e4lle lassen sich nicht vollst\u00e4ndig vermeiden. Selbst wenn die Umweltbelastung in der Produktion m\u00f6glichst gering gehalten wird, bedeutet <strong>jedes zus\u00e4tzliche Produkt<\/strong> immer auch eine <strong>weitere Belastung<\/strong> f\u00fcr die Umwelt. Genau hier setzt die \u00d6kobilanz an: Sie hilft dabei zu erkennen, an welchen Stellen sich Umweltauswirkungen besonders wirksam reduzieren lassen.<\/p>\n\n\n\n<h3 class=\"wp-block-heading\" id=\"h-lange-nutzungsdauer-als-ubergeordnetes-ziel\"><strong>Lange Nutzungsdauer als \u00fcbergeordnetes Ziel<\/strong><\/h3>\n\n\n\n<p>\u00d6kobilanz-Analysen zeigen deutlich: Eine <strong>lange Nutzungsdauer<\/strong> ist einer der <strong>wirksamsten Hebel<\/strong>, um den <strong>\u00f6kologischen Fu\u00dfabdruck<\/strong> eines Produkts zu <strong>reduzieren<\/strong>. Gerade bei Outdoor-Produkten reicht es deshalb nicht aus, nur auf die reine Lebensdauer zu schauen. Entscheidend ist vielmehr, wie lange ein Produkt tats\u00e4chlich zuverl\u00e4ssig genutzt werden kann. Denn f\u00fcr Wanderer, Alpinistinnen, Biker und Skifahrerinnen z\u00e4hlt nicht, wie lange eine Jacke ungenutzt im Schrank h\u00e4ngt, sondern ob sie auch bei der f\u00fcnfzigsten Tour noch zuverl\u00e4ssig funktioniert.<\/p>\n\n\n\n<p><strong>Klar ist auch:<\/strong> Wenn ich eine Jacke kaufe und sie jahrzehntelang in den Schrank h\u00e4nge, hatte sie durch Herstellung und Transport bereits ihren entscheidenden Einfluss auf die Welt. Sp\u00e4ter kommt auch die Entsorgung als weiterer Faktor hinzu. Daher ist entscheidend, was dazwischen passiert. Wenn man ein Produkt kauft, aber nicht nutzt, h\u00e4tte man es sich sparen k\u00f6nnen. Genau deshalb sind <strong>Langlebigkeit und Nutzbarkeit zentrale Ziele<\/strong> bei der Entwicklung von GORE-TEX\u00ae Produkten. Schuhe, Hosen und Jacken sollen dauerhaft funktionieren und ihre Leistung m\u00f6glichst lange zuverl\u00e4ssig abrufen. Mit anderen Worten: Das Ding muss funktionieren.<\/p>\n\n\n\n<h2 class=\"wp-block-heading\" id=\"h-einzigartiges-markenversprechen-guaranteed-to-keep-you-dry\"><strong>Einzigartiges Markenversprechen: GUARANTEED TO KEEP YOU DRY<\/strong><\/h2>\n\n\n\n<p>Gore gibt sich <strong>selbstbewusst<\/strong> und dr\u00fcckt dies seit 1989 im Markenversprechen <strong>GUARANTEED TO KEEP YOU DRY<\/strong> aus. Das gibt den Endkunden eine lebenslange Garantie in Bezug auf die Wasserdichtigkeit der Produkte. Weltweit einzigartig ist es, dass sich die Garantie nicht nur auf die von Gore gelieferten Laminate, sondern auf das <strong>gesamte Endprodukt<\/strong> bezieht. Dazu z\u00e4hlen unter anderem auch Design, Konstruktion und getapte N\u00e4hte.<\/p>\n\n\n\n<p>Falls trotzdem etwas kaputt geht, etwa durch St\u00fcrze, Dornen, scharfen Fels oder hungrige M\u00e4use, k\u00f6nnen viele der kleineren Besch\u00e4digungen mit Hilfe von <strong>Reparaturtapes<\/strong> f\u00fcr GORE-TEX\u00ae ganz einfach selbst unterwegs repariert werden. Und f\u00fcr gr\u00f6\u00dfere Reparaturen gibt es <strong>zertifizierte GORE-TEX<\/strong><strong>\u00ae<\/strong><strong> <\/strong><a href=\"https:\/\/www.gore-tex.com\/de\/service\/reparatur\"><strong>Reparaturzentren in Deutschland<\/strong><\/a>.<\/p>\n\n\n\n<p>Durch moderne, umweltschonende DWR-Ausr\u00fcstungen wird es immer wichtiger, dass die Nutzer ihre <strong>Bekleidung besser pflegen:<\/strong> Denn die aktuellen Impr\u00e4gniermittel sind nicht mehr so \u00f6l- und schmutzabweisend, wie das fr\u00fcher der Fall war. Gore arbeitet gemeinsam mit vielen Partnern aus der Industrie mit Hochdruck an verbesserten L\u00f6sungen und entwickelt seine DWR-Technologien kontinuierlich weiter. Nichtsdestotrotz ist es immens wichtig, dass die User ihre Bekleidung <strong>regelm\u00e4\u00dfig waschen<\/strong> und gegebenenfalls <strong>nachimpr\u00e4gnieren<\/strong>. Das geht ganz einfach, muss aber regelm\u00e4\u00dfig gemacht werden. Hier erf\u00e4hrst Du mehr zur <a href=\"https:\/\/www.gore-tex.com\/de\/service\/pflege\">richtigen Pflege von GORE-TEX\u00ae Produkten<\/a>.<\/p>\n\n\n\n<p>Weitere Infos zu den Bestrebungen von Gore kannst Du auf <a href=\"https:\/\/www.gore-tex.de\/nachhaltigkeit\/unsere-verantwortung\"><strong>ihrer Webseite nachlesen<\/strong><\/a>.<\/p>\n\n\n\n<p><iframe src=\"https:\/\/www.youtube-nocookie.com\/embed\/At6uU9Xu4q4?ecver=1\" width=\"760\" height=\"450\" frameborder=\"0\" allowfullscreen=\"allowfullscreen\"><\/iframe><\/p>\n","protected":false},"excerpt":{"rendered":"<p>Die Marke GORE-TEX\u00ae ist ohne Zweifel die bekannteste sogenannte \u201eIngredient Brand\u201c im Bekleidungs- und Schuhbereich. \u201eIngredient\u201c bezieht sich auf integrierte Bestandteile. Das bedeutet, die Marke ist lediglich Zulieferer f\u00fcr Technologien, die in einer Outdoor-Jacke oder einem Bergstiefel verarbeitet werden. Selbst stellt die \u201eBrand\u201c jedoch keine Produkte f\u00fcr Nutzer der Bekleidung her. Trotzdem ist der Name [&hellip;]<\/p>\n","protected":false},"author":26,"featured_media":132100,"comment_status":"open","ping_status":"closed","sticky":false,"template":"","format":"standard","meta":{"_acf_changed":false,"footnotes":""},"categories":[279],"tags":[258,259,262,263,264,265,267],"post_folder":[],"class_list":["post-68839","post","type-post","status-publish","format-standard","has-post-thumbnail","hentry","category-hersteller-marken","tag-bergsteigen","tag-bike","tag-klettern-bouldern","tag-nachhaltig-leben","tag-running","tag-wandern-trekking","tag-wintersport"],"acf":[],"yoast_head":"<!-- This site is optimized with the Yoast SEO Premium plugin v27.4 (Yoast SEO v27.4) - https:\/\/yoast.com\/product\/yoast-seo-premium-wordpress\/ -->\n<title>GORE-Tex und Nachhaltigkeit: Quo vadis?<\/title>\n<meta name=\"description\" content=\"Wie nachhaltig ist die neue GORE-TEX Membran? Wie steht es um den CO2-Fu\u00dfabdruck? Erfahre es hier bei den Bergfreunden.\" \/>\n<meta name=\"robots\" content=\"index, follow, max-snippet:-1, max-image-preview:large, max-video-preview:-1\" \/>\n<link rel=\"canonical\" href=\"https:\/\/www.berg-freunde.at\/blog\/gore-tex-nachhaltigkeit\/\" \/>\n<meta property=\"og:locale\" content=\"de_DE\" \/>\n<meta property=\"og:type\" content=\"article\" \/>\n<meta property=\"og:title\" content=\"GORE-TEX - Wie stehts um die Nachhaltigkeit?\" \/>\n<meta property=\"og:description\" content=\"Wie nachhaltig ist die neue GORE-TEX Membran? Wie steht es um den CO2-Fu\u00dfabdruck? Erfahre es hier bei den Bergfreunden.\" \/>\n<meta property=\"og:url\" content=\"https:\/\/www.berg-freunde.at\/blog\/gore-tex-nachhaltigkeit\/\" \/>\n<meta property=\"og:site_name\" content=\"Bergfreunde\" \/>\n<meta property=\"article:publisher\" content=\"https:\/\/www.facebook.com\/bergfreunde\" \/>\n<meta property=\"article:published_time\" content=\"2026-03-18T10:30:00+00:00\" \/>\n<meta property=\"article:modified_time\" content=\"2026-04-07T06:14:45+00:00\" \/>\n<meta property=\"og:image\" content=\"https:\/\/www.berg-freunde.at\/blog\/wp-content\/uploads\/2017\/09\/Gore-Tex_Nachhaltigkeit-Header.jpg\" \/>\n\t<meta property=\"og:image:width\" content=\"1920\" \/>\n\t<meta property=\"og:image:height\" content=\"546\" \/>\n\t<meta property=\"og:image:type\" content=\"image\/jpeg\" \/>\n<meta name=\"author\" content=\"Gastautor\" \/>\n<meta name=\"twitter:card\" content=\"summary_large_image\" \/>\n<meta name=\"twitter:label1\" content=\"Verfasst von\" \/>\n\t<meta name=\"twitter:data1\" content=\"Gastautor\" \/>\n\t<meta name=\"twitter:label2\" content=\"Gesch\u00e4tzte Lesezeit\" \/>\n\t<meta name=\"twitter:data2\" content=\"11 Minuten\" \/>\n<script type=\"application\/ld+json\" class=\"yoast-schema-graph\">{\"@context\":\"https:\\\/\\\/schema.org\",\"@graph\":[{\"@type\":[\"Article\",\"BlogPosting\"],\"@id\":\"https:\\\/\\\/www.berg-freunde.at\\\/blog\\\/gore-tex-nachhaltigkeit\\\/#article\",\"isPartOf\":{\"@id\":\"https:\\\/\\\/www.berg-freunde.at\\\/blog\\\/gore-tex-nachhaltigkeit\\\/\"},\"author\":{\"name\":\"Gastautor\",\"@id\":\"https:\\\/\\\/www.berg-freunde.at\\\/blog\\\/#\\\/schema\\\/person\\\/6ac3327294ce276d7318b1f9c408382e\"},\"headline\":\"GORE-TEX &#8211; Wie stehts um die Nachhaltigkeit?\",\"datePublished\":\"2026-03-18T10:30:00+00:00\",\"dateModified\":\"2026-04-07T06:14:45+00:00\",\"mainEntityOfPage\":{\"@id\":\"https:\\\/\\\/www.berg-freunde.at\\\/blog\\\/gore-tex-nachhaltigkeit\\\/\"},\"wordCount\":2303,\"commentCount\":2,\"publisher\":{\"@id\":\"https:\\\/\\\/www.berg-freunde.at\\\/blog\\\/#organization\"},\"image\":{\"@id\":\"https:\\\/\\\/www.berg-freunde.at\\\/blog\\\/gore-tex-nachhaltigkeit\\\/#primaryimage\"},\"thumbnailUrl\":\"https:\\\/\\\/www.berg-freunde.at\\\/blog\\\/wp-content\\\/uploads\\\/2017\\\/09\\\/Gore-Tex_Nachhaltigkeit-Header.jpg\",\"keywords\":[\"Bergsteigen &amp; Hochtouren\",\"Bike\",\"Klettern &amp; Bouldern\",\"Nachhaltig leben\",\"Running\",\"Wandern &amp; Trekking\",\"Wintersport\"],\"articleSection\":[\"Hersteller &amp; Marken\"],\"inLanguage\":\"de-AT\",\"potentialAction\":[{\"@type\":\"CommentAction\",\"name\":\"Comment\",\"target\":[\"https:\\\/\\\/www.berg-freunde.at\\\/blog\\\/gore-tex-nachhaltigkeit\\\/#respond\"]}]},{\"@type\":\"WebPage\",\"@id\":\"https:\\\/\\\/www.berg-freunde.at\\\/blog\\\/gore-tex-nachhaltigkeit\\\/\",\"url\":\"https:\\\/\\\/www.berg-freunde.at\\\/blog\\\/gore-tex-nachhaltigkeit\\\/\",\"name\":\"GORE-Tex und Nachhaltigkeit: Quo vadis?\",\"isPartOf\":{\"@id\":\"https:\\\/\\\/www.berg-freunde.at\\\/blog\\\/#website\"},\"primaryImageOfPage\":{\"@id\":\"https:\\\/\\\/www.berg-freunde.at\\\/blog\\\/gore-tex-nachhaltigkeit\\\/#primaryimage\"},\"image\":{\"@id\":\"https:\\\/\\\/www.berg-freunde.at\\\/blog\\\/gore-tex-nachhaltigkeit\\\/#primaryimage\"},\"thumbnailUrl\":\"https:\\\/\\\/www.berg-freunde.at\\\/blog\\\/wp-content\\\/uploads\\\/2017\\\/09\\\/Gore-Tex_Nachhaltigkeit-Header.jpg\",\"datePublished\":\"2026-03-18T10:30:00+00:00\",\"dateModified\":\"2026-04-07T06:14:45+00:00\",\"description\":\"Wie nachhaltig ist die neue GORE-TEX Membran? Wie steht es um den CO2-Fu\u00dfabdruck? Erfahre es hier bei den Bergfreunden.\",\"breadcrumb\":{\"@id\":\"https:\\\/\\\/www.berg-freunde.at\\\/blog\\\/gore-tex-nachhaltigkeit\\\/#breadcrumb\"},\"inLanguage\":\"de-AT\",\"potentialAction\":[{\"@type\":\"ReadAction\",\"target\":[\"https:\\\/\\\/www.berg-freunde.at\\\/blog\\\/gore-tex-nachhaltigkeit\\\/\"]}]},{\"@type\":\"ImageObject\",\"inLanguage\":\"de-AT\",\"@id\":\"https:\\\/\\\/www.berg-freunde.at\\\/blog\\\/gore-tex-nachhaltigkeit\\\/#primaryimage\",\"url\":\"https:\\\/\\\/www.berg-freunde.at\\\/blog\\\/wp-content\\\/uploads\\\/2017\\\/09\\\/Gore-Tex_Nachhaltigkeit-Header.jpg\",\"contentUrl\":\"https:\\\/\\\/www.berg-freunde.at\\\/blog\\\/wp-content\\\/uploads\\\/2017\\\/09\\\/Gore-Tex_Nachhaltigkeit-Header.jpg\",\"width\":1920,\"height\":546},{\"@type\":\"BreadcrumbList\",\"@id\":\"https:\\\/\\\/www.berg-freunde.at\\\/blog\\\/gore-tex-nachhaltigkeit\\\/#breadcrumb\",\"itemListElement\":[{\"@type\":\"ListItem\",\"position\":1,\"name\":\"Blog\",\"item\":\"https:\\\/\\\/www.berg-freunde.at\\\/blog\\\/\"},{\"@type\":\"ListItem\",\"position\":2,\"name\":\"Beratung\",\"item\":\"https:\\\/\\\/www.berg-freunde.at\\\/blog\\\/category\\\/beratung\\\/\"},{\"@type\":\"ListItem\",\"position\":3,\"name\":\"Hersteller &amp; Marken\",\"item\":\"https:\\\/\\\/www.berg-freunde.at\\\/blog\\\/category\\\/beratung\\\/hersteller-marken\\\/\"},{\"@type\":\"ListItem\",\"position\":4,\"name\":\"GORE-TEX &#8211; Wie stehts um die Nachhaltigkeit?\"}]},{\"@type\":\"WebSite\",\"@id\":\"https:\\\/\\\/www.berg-freunde.at\\\/blog\\\/#website\",\"url\":\"https:\\\/\\\/www.berg-freunde.at\\\/blog\\\/\",\"name\":\"Bergfreunde\",\"description\":\"Blog\",\"publisher\":{\"@id\":\"https:\\\/\\\/www.berg-freunde.at\\\/blog\\\/#organization\"},\"potentialAction\":[{\"@type\":\"SearchAction\",\"target\":{\"@type\":\"EntryPoint\",\"urlTemplate\":\"https:\\\/\\\/www.berg-freunde.at\\\/blog\\\/?s={search_term_string}\"},\"query-input\":{\"@type\":\"PropertyValueSpecification\",\"valueRequired\":true,\"valueName\":\"search_term_string\"}}],\"inLanguage\":\"de-AT\"},{\"@type\":\"Organization\",\"@id\":\"https:\\\/\\\/www.berg-freunde.at\\\/blog\\\/#organization\",\"name\":\"Bergfreunde\",\"url\":\"https:\\\/\\\/www.berg-freunde.at\\\/blog\\\/\",\"logo\":{\"@type\":\"ImageObject\",\"inLanguage\":\"de-AT\",\"@id\":\"https:\\\/\\\/www.berg-freunde.at\\\/blog\\\/#\\\/schema\\\/logo\\\/image\\\/\",\"url\":\"https:\\\/\\\/www.berg-freunde.at\\\/blog\\\/wp-content\\\/uploads\\\/2023\\\/12\\\/Bergfreunde_DE_rgb.svg\",\"contentUrl\":\"https:\\\/\\\/www.berg-freunde.at\\\/blog\\\/wp-content\\\/uploads\\\/2023\\\/12\\\/Bergfreunde_DE_rgb.svg\",\"caption\":\"Bergfreunde\"},\"image\":{\"@id\":\"https:\\\/\\\/www.berg-freunde.at\\\/blog\\\/#\\\/schema\\\/logo\\\/image\\\/\"},\"sameAs\":[\"https:\\\/\\\/www.facebook.com\\\/bergfreunde\",\"https:\\\/\\\/www.instagram.com\\\/bergfreundede\\\/\"]},{\"@type\":\"Person\",\"@id\":\"https:\\\/\\\/www.berg-freunde.at\\\/blog\\\/#\\\/schema\\\/person\\\/6ac3327294ce276d7318b1f9c408382e\",\"name\":\"Gastautor\",\"url\":\"https:\\\/\\\/www.berg-freunde.at\\\/blog\\\/about\\\/gastautor\\\/\"}]}<\/script>\n<!-- \/ Yoast SEO Premium plugin. -->","yoast_head_json":{"title":"GORE-Tex und Nachhaltigkeit: Quo vadis?","description":"Wie nachhaltig ist die neue GORE-TEX Membran? Wie steht es um den CO2-Fu\u00dfabdruck? Erfahre es hier bei den Bergfreunden.","robots":{"index":"index","follow":"follow","max-snippet":"max-snippet:-1","max-image-preview":"max-image-preview:large","max-video-preview":"max-video-preview:-1"},"canonical":"https:\/\/www.berg-freunde.at\/blog\/gore-tex-nachhaltigkeit\/","og_locale":"de_DE","og_type":"article","og_title":"GORE-TEX - Wie stehts um die Nachhaltigkeit?","og_description":"Wie nachhaltig ist die neue GORE-TEX Membran? Wie steht es um den CO2-Fu\u00dfabdruck? Erfahre es hier bei den Bergfreunden.","og_url":"https:\/\/www.berg-freunde.at\/blog\/gore-tex-nachhaltigkeit\/","og_site_name":"Bergfreunde","article_publisher":"https:\/\/www.facebook.com\/bergfreunde","article_published_time":"2026-03-18T10:30:00+00:00","article_modified_time":"2026-04-07T06:14:45+00:00","og_image":[{"width":1920,"height":546,"url":"https:\/\/www.berg-freunde.at\/blog\/wp-content\/uploads\/2017\/09\/Gore-Tex_Nachhaltigkeit-Header.jpg","type":"image\/jpeg"}],"author":"Gastautor","twitter_card":"summary_large_image","twitter_misc":{"Verfasst von":"Gastautor","Gesch\u00e4tzte Lesezeit":"11 Minuten"},"schema":{"@context":"https:\/\/schema.org","@graph":[{"@type":["Article","BlogPosting"],"@id":"https:\/\/www.berg-freunde.at\/blog\/gore-tex-nachhaltigkeit\/#article","isPartOf":{"@id":"https:\/\/www.berg-freunde.at\/blog\/gore-tex-nachhaltigkeit\/"},"author":{"name":"Gastautor","@id":"https:\/\/www.berg-freunde.at\/blog\/#\/schema\/person\/6ac3327294ce276d7318b1f9c408382e"},"headline":"GORE-TEX &#8211; Wie stehts um die Nachhaltigkeit?","datePublished":"2026-03-18T10:30:00+00:00","dateModified":"2026-04-07T06:14:45+00:00","mainEntityOfPage":{"@id":"https:\/\/www.berg-freunde.at\/blog\/gore-tex-nachhaltigkeit\/"},"wordCount":2303,"commentCount":2,"publisher":{"@id":"https:\/\/www.berg-freunde.at\/blog\/#organization"},"image":{"@id":"https:\/\/www.berg-freunde.at\/blog\/gore-tex-nachhaltigkeit\/#primaryimage"},"thumbnailUrl":"https:\/\/www.berg-freunde.at\/blog\/wp-content\/uploads\/2017\/09\/Gore-Tex_Nachhaltigkeit-Header.jpg","keywords":["Bergsteigen &amp; Hochtouren","Bike","Klettern &amp; Bouldern","Nachhaltig leben","Running","Wandern &amp; Trekking","Wintersport"],"articleSection":["Hersteller &amp; Marken"],"inLanguage":"de-AT","potentialAction":[{"@type":"CommentAction","name":"Comment","target":["https:\/\/www.berg-freunde.at\/blog\/gore-tex-nachhaltigkeit\/#respond"]}]},{"@type":"WebPage","@id":"https:\/\/www.berg-freunde.at\/blog\/gore-tex-nachhaltigkeit\/","url":"https:\/\/www.berg-freunde.at\/blog\/gore-tex-nachhaltigkeit\/","name":"GORE-Tex und Nachhaltigkeit: Quo vadis?","isPartOf":{"@id":"https:\/\/www.berg-freunde.at\/blog\/#website"},"primaryImageOfPage":{"@id":"https:\/\/www.berg-freunde.at\/blog\/gore-tex-nachhaltigkeit\/#primaryimage"},"image":{"@id":"https:\/\/www.berg-freunde.at\/blog\/gore-tex-nachhaltigkeit\/#primaryimage"},"thumbnailUrl":"https:\/\/www.berg-freunde.at\/blog\/wp-content\/uploads\/2017\/09\/Gore-Tex_Nachhaltigkeit-Header.jpg","datePublished":"2026-03-18T10:30:00+00:00","dateModified":"2026-04-07T06:14:45+00:00","description":"Wie nachhaltig ist die neue GORE-TEX Membran? Wie steht es um den CO2-Fu\u00dfabdruck? Erfahre es hier bei den Bergfreunden.","breadcrumb":{"@id":"https:\/\/www.berg-freunde.at\/blog\/gore-tex-nachhaltigkeit\/#breadcrumb"},"inLanguage":"de-AT","potentialAction":[{"@type":"ReadAction","target":["https:\/\/www.berg-freunde.at\/blog\/gore-tex-nachhaltigkeit\/"]}]},{"@type":"ImageObject","inLanguage":"de-AT","@id":"https:\/\/www.berg-freunde.at\/blog\/gore-tex-nachhaltigkeit\/#primaryimage","url":"https:\/\/www.berg-freunde.at\/blog\/wp-content\/uploads\/2017\/09\/Gore-Tex_Nachhaltigkeit-Header.jpg","contentUrl":"https:\/\/www.berg-freunde.at\/blog\/wp-content\/uploads\/2017\/09\/Gore-Tex_Nachhaltigkeit-Header.jpg","width":1920,"height":546},{"@type":"BreadcrumbList","@id":"https:\/\/www.berg-freunde.at\/blog\/gore-tex-nachhaltigkeit\/#breadcrumb","itemListElement":[{"@type":"ListItem","position":1,"name":"Blog","item":"https:\/\/www.berg-freunde.at\/blog\/"},{"@type":"ListItem","position":2,"name":"Beratung","item":"https:\/\/www.berg-freunde.at\/blog\/category\/beratung\/"},{"@type":"ListItem","position":3,"name":"Hersteller &amp; Marken","item":"https:\/\/www.berg-freunde.at\/blog\/category\/beratung\/hersteller-marken\/"},{"@type":"ListItem","position":4,"name":"GORE-TEX &#8211; Wie stehts um die Nachhaltigkeit?"}]},{"@type":"WebSite","@id":"https:\/\/www.berg-freunde.at\/blog\/#website","url":"https:\/\/www.berg-freunde.at\/blog\/","name":"Bergfreunde","description":"Blog","publisher":{"@id":"https:\/\/www.berg-freunde.at\/blog\/#organization"},"potentialAction":[{"@type":"SearchAction","target":{"@type":"EntryPoint","urlTemplate":"https:\/\/www.berg-freunde.at\/blog\/?s={search_term_string}"},"query-input":{"@type":"PropertyValueSpecification","valueRequired":true,"valueName":"search_term_string"}}],"inLanguage":"de-AT"},{"@type":"Organization","@id":"https:\/\/www.berg-freunde.at\/blog\/#organization","name":"Bergfreunde","url":"https:\/\/www.berg-freunde.at\/blog\/","logo":{"@type":"ImageObject","inLanguage":"de-AT","@id":"https:\/\/www.berg-freunde.at\/blog\/#\/schema\/logo\/image\/","url":"https:\/\/www.berg-freunde.at\/blog\/wp-content\/uploads\/2023\/12\/Bergfreunde_DE_rgb.svg","contentUrl":"https:\/\/www.berg-freunde.at\/blog\/wp-content\/uploads\/2023\/12\/Bergfreunde_DE_rgb.svg","caption":"Bergfreunde"},"image":{"@id":"https:\/\/www.berg-freunde.at\/blog\/#\/schema\/logo\/image\/"},"sameAs":["https:\/\/www.facebook.com\/bergfreunde","https:\/\/www.instagram.com\/bergfreundede\/"]},{"@type":"Person","@id":"https:\/\/www.berg-freunde.at\/blog\/#\/schema\/person\/6ac3327294ce276d7318b1f9c408382e","name":"Gastautor","url":"https:\/\/www.berg-freunde.at\/blog\/about\/gastautor\/"}]}},"_links":{"self":[{"href":"https:\/\/www.berg-freunde.at\/blog\/wp-json\/wp\/v2\/posts\/68839","targetHints":{"allow":["GET"]}}],"collection":[{"href":"https:\/\/www.berg-freunde.at\/blog\/wp-json\/wp\/v2\/posts"}],"about":[{"href":"https:\/\/www.berg-freunde.at\/blog\/wp-json\/wp\/v2\/types\/post"}],"author":[{"embeddable":true,"href":"https:\/\/www.berg-freunde.at\/blog\/wp-json\/wp\/v2\/users\/26"}],"replies":[{"embeddable":true,"href":"https:\/\/www.berg-freunde.at\/blog\/wp-json\/wp\/v2\/comments?post=68839"}],"version-history":[{"count":1,"href":"https:\/\/www.berg-freunde.at\/blog\/wp-json\/wp\/v2\/posts\/68839\/revisions"}],"predecessor-version":[{"id":132106,"href":"https:\/\/www.berg-freunde.at\/blog\/wp-json\/wp\/v2\/posts\/68839\/revisions\/132106"}],"wp:featuredmedia":[{"embeddable":true,"href":"https:\/\/www.berg-freunde.at\/blog\/wp-json\/wp\/v2\/media\/132100"}],"wp:attachment":[{"href":"https:\/\/www.berg-freunde.at\/blog\/wp-json\/wp\/v2\/media?parent=68839"}],"wp:term":[{"taxonomy":"category","embeddable":true,"href":"https:\/\/www.berg-freunde.at\/blog\/wp-json\/wp\/v2\/categories?post=68839"},{"taxonomy":"post_tag","embeddable":true,"href":"https:\/\/www.berg-freunde.at\/blog\/wp-json\/wp\/v2\/tags?post=68839"},{"taxonomy":"post_folder","embeddable":true,"href":"https:\/\/www.berg-freunde.at\/blog\/wp-json\/wp\/v2\/post_folder?post=68839"}],"curies":[{"name":"wp","href":"https:\/\/api.w.org\/{rel}","templated":true}]}}