{"id":68580,"date":"2018-04-19T08:59:31","date_gmt":"2018-04-19T06:59:31","guid":{"rendered":"https:\/\/www.bergfreunde.de\/blog\/kaufberatung-schlafsaecke\/"},"modified":"2023-07-26T15:18:57","modified_gmt":"2023-07-26T13:18:57","slug":"kaufberatung-schlafsaecke","status":"publish","type":"post","link":"https:\/\/www.berg-freunde.at\/blog\/kaufberatung-schlafsaecke\/","title":{"rendered":"Richtig(e) betten auf Touren: Kaufberatung Schlafs\u00e4cke"},"content":{"rendered":"\n<p>Daune oder Kunstfaser? Mumienform oder Deckenform? Solche existenziellen Fragen treiben den Menschen seit jeher um. Vor allem dann, wenn er bei durchfrorenen N\u00e4chten in einem unpassend geschnittenen und isolierten Schlafsack viel Zeit zum Gr\u00fcbeln hat. Dann hei\u00dft es meist: \u201eWie h\u00e4tte ich diesen verf \u2026 lixten Sch \u2026 lamassel blo\u00df verhindern k\u00f6nnen?!?\u201c Wir sagen aber: Nicht verzagen, Bergfreunde fragen! Hier kommt die wirklich finale Schlafsackberatung, die ihr braucht:<\/p>\n\n\n\n<ul class=\"wp-block-list\">\n<li><a href=\"#schlafsack-verwendungszweck\">Welcher Schlafsack f\u00fcr welchen Verwendungszweck?<\/a><\/li>\n\n\n\n<li><a href=\"#schlafsack-form\">Welche Schlafsackform?<\/a><\/li>\n\n\n\n<li><a href=\"#schlafsack-temperatur\">Welcher Schlafsack f\u00fcr welche Temperatur?<\/a><\/li>\n\n\n\n<li><a href=\"#daune-vs-kunstfaser\">Daune oder Kunstfaser?<\/a><\/li>\n\n\n\n<li><a href=\"#schlafsack-komfort\">Was gilt es beim Komfort zu beachten?<\/a><\/li>\n\n\n\n<li><a href=\"#schlafsack-ausstattung\">Wie sieht es mit der Ausstattung aus?<\/a><\/li>\n\n\n\n<li><a href=\"#schlafsack-durchschnittswerte\">Woran erkennt man \u201egute Schlafs\u00e4cke\u201c?<\/a><\/li>\n\n\n\n<li><a href=\"#schlafsack-pflege\">Wie pflegt man einen Schlafsack?<\/a><\/li>\n<\/ul>\n\n\n\n<h2 class=\"wp-block-heading\" id=\"h-der-verwendungszweck\"><span id=\"schlafsack-verwendungszweck\">Der Verwendungszweck<\/span><\/h2>\n\n\n\n<p>Vielleicht hat man ja beim Kauf die falschen Fragen gestellt. Oder der Verk\u00e4ufer hatte nicht die richtigen Antworten. Die erste Kundenfrage lautet jedenfalls meistens: \u201eWelchen Schlafsack brauche ich?\u201c. Der gute Schlafsackverk\u00e4ufer antwortet dann immer mit der Gegenfrage: \u201eWohin willst du denn damit gehen?\u201c. Das kann, muss aber nicht unbedingt etwas mit pers\u00f6nlichem Interesse an den Reisepl\u00e4nen zu tun haben. Vielmehr geht es darum, den <strong>Einsatzbereich<\/strong> und also <strong>Verwendungszweck<\/strong> des Schlafsacks einzugrenzen.&nbsp; Je nachdem, ob es \u201eMexiko, rumreisen\u201c, \u201eAlpen, fernwandern\u201c oder \u201eNorwegen, paddeln\u201c hei\u00dft, kommen dann v\u00f6llig verschiedene Modelle infrage. Denn leider gibt es \u201eden Einen\u201c f\u00fcr all das zusammen nicht.<\/p>\n\n\n\n<p>Die weiteren Fragen des Verk\u00e4ufers lauten dann vermutlich in etwa so:<\/p>\n\n\n\n<p>\u201eWas ist dir am wichtigsten? Soll er vor allem warm sein? Leicht? Komfortabel und ger\u00e4umig? N\u00e4sseunempfindlich? Klein komprimierbar? Oder gar mehrere von diesen Eigenschaften?\u201c<\/p>\n\n\n\n<p>Letzteres ist nicht unm\u00f6glich, aber abh\u00e4ngig vom <strong>Budget<\/strong>. Ausgefeilte Technik in hoher Verarbeitungsqualit\u00e4t bekommt man nicht im Discounter. Wenn also als letzte Frage hinzu kommt: \u201eWie viel bist du bereit auszugeben?\u201c, dann hat man gute Chancen, den individuell passenden Idealschlafsack herauszufiltern.<\/p>\n\n\n<div class=\"wp-block-image\">\n<figure class=\"alignright size-large is-resized\"><a href=\"https:\/\/www.bergfreunde.de\/blog\/wp-content\/uploads\/2021\/05\/Schlafsack-Mumie.jpg\"><img decoding=\"async\" src=\"https:\/\/www.bergfreunde.de\/blog\/wp-content\/uploads\/2021\/05\/Schlafsack-Mumie.jpg\" alt=\"Das Fu\u00dfende eines Mumienschlafsackes\" width=\"250\"\/><\/a><figcaption class=\"wp-element-caption\">Mit dieser Form bettet man sich wie eine Mumie<\/figcaption><\/figure>\n<\/div>\n\n\n<p>In diesem Filterverfahren kl\u00e4rt sich meist auch schon automatisch die Kernfrage \u201e<strong>Daune oder Kunstfaser<\/strong>?\u201c &#8211; eine Entscheidung, die auch dadurch verkompliziert wird, dass es bei beiden ein weites Qualit\u00e4tsspektrum gibt. Das bedeutet, die eigentlich leistungsf\u00e4higere, sprich \u201ehochwertigere\u201c Daune kann in einer schwachen Ausf\u00fchrung durchaus von den besten Kunstfasern \u00fcberholt werden. Das spiegelt sich dann auch im Preis wider, wo hochklassige Kunstfaserschlafs\u00e4cke durchaus teurer sein k\u00f6nnen als einfache Daunenmodelle.<\/p>\n\n\n\n<p>Am besten hangelt man sich eine <strong>Liste an Kriterien<\/strong> entlang und ordnet diese nach den <strong>eigenen Priorit\u00e4ten<\/strong>. Dazu schauen wir uns die Kriterien an, die f\u00fcr alle Camper mehr oder weniger wichtig sind:<\/p>\n\n\n\n<h2 class=\"wp-block-heading\" id=\"h-die-form\"><span id=\"schlafsack-form\">Die Form<\/span><\/h2>\n\n\n\n<p>Dieses Kriterium kl\u00e4rt sich meist am schnellsten. Sobald es auf Packma\u00df, Gewicht und W\u00e4rmeleistung ankommt, bleiben nur noch die <strong>Mumienform <\/strong>(von den Schultern zu den F\u00fc\u00dfen schmaler zulaufend) und, mit Einschr\u00e4nkungen, die <strong>Eiform<\/strong> (breiter im H\u00fcft- und Kniebereich) \u00fcbrig. Die <strong>Deckenform<\/strong> (rechteckig) ist eher f\u00fcr den Indoor-Einsatz gedacht &#8211; f\u00fcr Wohnmobile, Ferienh\u00e4user oder zuhause als \u201eG\u00e4stebett\u201c.<\/p>\n\n\n\n<p>Die <strong>Mumienform<\/strong> hat den engsten und dadurch am schnellsten aufgew\u00e4rmten Innenraum und kommt mit dem wenigsten Material aus. Die <strong>Eiform<\/strong> bietet mehr Platz und Komfort, was aber mit mehr Gewicht und Volumen sowie schlechtere Isolationsleistung bezahlt werden muss. F\u00fcr korpulentere und breiter gebaute Schlafs\u00e4ckler kann die Eiform dennoch auch vom funktionalen Aspekt her die beste Wahl sein.<\/p>\n\n\n\n<p><iframe src=\"https:\/\/www.youtube-nocookie.com\/embed\/N_OIveUzcPQ\" width=\"733\" height=\"430\" frameborder=\"0\" allowfullscreen=\"allowfullscreen\"><\/iframe><\/p>\n\n\n\n<h2 class=\"wp-block-heading\" id=\"h-die-temperatur\"><span id=\"schlafsack-temperatur\">Die Temperatur<\/span><\/h2>\n\n\n\n<p>\u201eWie warm ist der?\u201c, \u201eWie warm muss er sein?\u201c Auch diese Fragen h\u00f6rt man so oder so \u00e4hnlich fast immer. Praktischerweise haben wir f\u00fcr deren Beantwortung <a href=\"https:\/\/www.berg-freunde.at\/blog\/temperaturangaben-bei-schlafsaecken-und-was-sie-bedeuten\/\">schon einen Artikel geschrieben<\/a>. Fassen wir diesen hier nochmal in der vereinfachten Kurzversion zusammen und gehen dabei davon aus, dass du eine <strong>durchschnittlich k\u00e4ltef\u00fchlige Person<\/strong> bist:<\/p>\n\n\n\n<h3 class=\"wp-block-heading\" id=\"h-wie-kalt-wird-s-auf-der-geplanten-tour\">Wie kalt wird&#8217;s auf der geplanten Tour?<\/h3>\n\n\n\n<p>\u00dcberlege dir, welche <strong>Tiefsttemperaturen<\/strong> auf deinen geplanten <strong>Touren<\/strong> nachts zu erwarten sind und w\u00e4hle dann einen Schlafsack, der diese Temperatur als <strong>Komforttemperatur<\/strong> ausweist. Nicht als <strong>Komfort-Limit<\/strong> und schon gar nicht als <strong>Extremtemperatur<\/strong>. Die genannten drei Werte sind bei jedem Schlafsack angegeben. Die Komfort-Limit-Temperatur wird zwar gern als \u201eEinsatzbereich\u201c genannt, stellt jedoch dessen unteres Ende dar, dass sich nur unter allerbesten Bedingungen mehr nach Komfort als nach Limit anf\u00fchlt. Wird gar die Extremtemperatur erreicht, wird es voraussichtlich eine Nacht werden, \u00fcber die du hinterher ein Bergdrama schreiben kannst.<\/p>\n\n\n\n<h3 class=\"wp-block-heading\" id=\"h-kategorien-nach-eu-norm\">Kategorien nach EU-Norm<\/h3>\n\n\n\n<p>Da die Temperaturangaben bei fast allen Herstellern weltweit einheitlich nach einer <strong>EU-Norm<\/strong> ermittelt werden, sind sie auch einigerma\u00dfen vergleichbar und zuverl\u00e4ssig. F\u00fcr die eigenen \u00dcberlegungen hei\u00dft das: nur, wenn die Umgebung nicht k\u00e4lter als die Komforttemperatur ist, wirst du in dem Schlafsack auch bei suboptimalen Bedingungen erholsam schlafen k\u00f6nnen.<\/p>\n\n\n\n<p>Meist kategorisiert man je nach vorgesehenem Temperaturbereich:<\/p>\n\n\n\n<ul class=\"wp-block-list\">\n<li><strong>Sommerschlafs\u00e4cke<\/strong>: Komforttemperatur oberhalb von 12\u00b0C<\/li>\n\n\n\n<li><strong>Drei-Jahreszeiten-Schlafs\u00e4cke<\/strong>: Komforttemperatur bis etwa 0\u00b0C<\/li>\n\n\n\n<li><strong>Winterschlafs\u00e4cke<\/strong>: Komforttemperatur deutlich unter 0\u00b0C<\/li>\n<\/ul>\n\n\n\n<p>Die genannten Temperaturwerte sind nur gesch\u00e4tzt, denn die drei Schlafsackkategorien sind nicht trennscharf voneinander abzugrenzen. Wichtig zu wissen: die Kategorie <strong>\u201eDrei Jahreszeiten\u201c<\/strong> deckt den Gro\u00dfteil des Outdoor-Bedarfs ab, da sie f\u00fcr klassische Aktivit\u00e4ten wie sommerliche Berg- und Hochtouren in den Alpen oder sommerliches Trekking in Norwegen und Lappland geeignet ist.<\/p>\n\n\n\n<p>Wer es <strong>deutlich w\u00e4rmer<\/strong> braucht und nach den richtig <strong>dicken Kalibern<\/strong> Ausschau h\u00e4lt, wird merken, dass es bei diesen Schlafs\u00e4cken nur eine Temperaturangabe vom Hersteller gibt oder sie gar ganz fehlt. Das liegt daran, dass das Euronorm-Testverfahren nur bis zu einer bestimmten F\u00fcllmenge funktioniert. Bei Schlafs\u00e4cken mit gro\u00dfer F\u00fcllmenge l\u00e4sst sich damit keine genaue Komforttemperatur ermitteln. Man muss sich dann auf die alternative Angabe der Hersteller verlassen \u2013 was in den meisten F\u00e4llen auch kein Problem ist, da in diesem Temperatur- und Preissegment eigentlich nur seri\u00f6se Hersteller produzieren, die einen Ruf zu verlieren haben.<\/p>\n\n\n\n<h2 class=\"wp-block-heading\" id=\"h-gewicht-und-packmass\"><span id=\"daune-vs-kunstfaser\">Gewicht und Packma\u00df<\/span><\/h2>\n\n\n\n<p>Das Gewicht muss nat\u00fcrlich immer im Zusammenhang mit der Temperaturleistung des Schlafsacks bewertet werden. Es h\u00e4ngt vor allem von Masse, Qualit\u00e4t und Verarbeitungsweise des F\u00fcllmaterials und der H\u00fclle ab. Da das F\u00fcllmaterial den gr\u00f6\u00dften Anteil hat, kommt hier der Daune-Kunstfaser-Dualismus zum Zug. Allerdings sind die Feinheiten dieser Diskussion angesichts der vielen Technologien sowohl bei <strong>Daune<\/strong>&nbsp;als auch bei <strong>Kunstfaser<\/strong> komplex genug um ein Buch zu f\u00fcllen. Wir haben dazu schon zwei Artikel gef\u00fcllt, die wir hier kurz zusammenfassen, um die beiden Materialien miteinander zu vergleichen (die Links zu den Artikeln folgen gleich):<\/p>\n\n\n\n<h3 class=\"wp-block-heading\" id=\"h-daune\"><strong>Daune<\/strong><\/h3>\n\n\n<div class=\"wp-block-image\">\n<figure class=\"alignright size-large is-resized\"><a href=\"https:\/\/www.bergfreunde.de\/blog\/wp-content\/uploads\/2021\/05\/Schlafsack-Daune-2.jpg\"><img decoding=\"async\" src=\"https:\/\/www.bergfreunde.de\/blog\/wp-content\/uploads\/2021\/05\/Schlafsack-Daune-2.jpg\" alt=\"Kopfteil von einem gelben Daunenschlafsack\" width=\"250\"\/><\/a><figcaption class=\"wp-element-caption\">Einen Daunenschlafsack&#8230;<\/figcaption><\/figure>\n<\/div>\n\n\n<p>Je gr\u00f6\u00dfer und \u201ekr\u00e4ftiger\u201c die Daune, desto h\u00f6her ihre <strong>Bauschkraft<\/strong>. Und je h\u00f6her die Bauschkraft, desto weniger Daune wird f\u00fcr die gleiche Isolationsleistung ben\u00f6tigt \u2013 und desto leichter ist der Schlafsack gemessen an seiner W\u00e4rmeleistung. Die Bauschkraft wird gemessen, indem eine standardisierte Menge Daunen mit einem Standardgewicht zusammengedr\u00fcckt wird. Das Volumen, auf das sie sich nach dem Entlasten wieder \u201ezur\u00fcckbauscht\u201c, gibt den Wert der Bauschkraft an.<\/p>\n\n\n\n<h3 class=\"wp-block-heading\" id=\"h-bauschkraft\">Bauschkraft<\/h3>\n\n\n\n<p>Es wird in <strong>Kubikzoll (Cubic Inch)<\/strong> gemessen, weshalb der <strong>Bauschkraft- oder Fillpower-Wert \u201eCuin\u201c<\/strong> genannt wird. Daune mit einem Wert ab 600 Cuin aufw\u00e4rts gilt als solide bis gut. Ab einem Wert von 700 Cuin wird es schon richtig hochwertig, und bei 800 Cuin ist man im absoluten Highend-Bereich angekommen. Zwar ist die Messung des Cuin-Werts \u00e4hnlich normiert wie die&nbsp; Temperaturangabe, doch unterscheidet sie sich&nbsp; zwischen Europa und Nordamerika.<\/p>\n\n\n\n<p>Was in Europa als 650 Cuin gemessen wird, d\u00fcrfte in Nordamerika einen Wert von mindestens 700 Cuin bekommen. Deshalb k\u00f6nnen sich zwei Schlafs\u00e4cke trotz gleicher Cuin-Angabe unterschiedlich \u201eprall\u201c anf\u00fchlen. Der Schlafsack mit etwas weniger \u201egef\u00fchlter Power\u201c tr\u00e4gt dann vermutlich ein nordamerikanisches Logo. Dieser Messunterschied bedeutet aber keineswegs, dass nordamerikanische Schlafs\u00e4cke \u201eschlechtere Daunen\u201c h\u00e4tten. Man sollte nur einen entsprechend h\u00f6heren Cuin-Wert ansetzen.<\/p>\n\n\n\n<h3 class=\"wp-block-heading\" id=\"h-relation-daune-zu-feder\">Relation Daune zu Feder<\/h3>\n\n\n\n<p>Eine weitere wichtige Angabe ist das <strong>Verh\u00e4ltnis von Daunen zu Federchen<\/strong>. Es gibt fast keinen Schlafsack, der reine Daune ohne \u201eSt\u00fctzfedern\u201c enth\u00e4lt. Die Federbeimischung dient allerdings anders als meist angenommen weniger der St\u00fctzung der Daunen, sondern eher der Wirtschaftlichkeit der Produktion. Bei gro\u00dfen G\u00e4nsedaunen verschlechtern die Federn sogar massiv den Bausch und erh\u00f6hen das Gewicht \u00fcberproportional. Da reine Daune aber kaum zu bezahlen ist, haben fast alle Daunenschlafs\u00e4cke einen Daunen-Feder-Verh\u00e4ltniswert angegeben. Vor dem Schr\u00e4gstrich steht der relative Daunenanteil, hinterm Schr\u00e4gstrich der Federanteil: es gibt Verh\u00e4ltnisse von 70\/30; 80\/20; 90\/10 oder, bei Highend-Schlafs\u00e4cken Werte um 95\/5. Je mehr Daune, desto besser.<\/p>\n\n\n\n<h3 class=\"wp-block-heading\" id=\"h-allgemeine-vor-und-nachteile\">Allgemeine <strong>Vor- und Nachteile<\/strong>:<\/h3>\n\n\n\n<p>Ein kleines <strong>Packma\u00df<\/strong> und geringes <strong>Gewicht<\/strong> machen sich tags\u00fcber beim Transport im Rucksack angenehm bemerkbar. Das nat\u00fcrliche K\u00f6rperklima und der weiche Griff sorgen nachts f\u00fcr hohen <strong>Schlafkomfort.<\/strong> Bei sachgerechter Schlafsackpflege freut man sich \u00fcber die lange <strong>Lebensdauer<\/strong> der Daunen auch bei h\u00e4ufigem Einsatz.<\/p>\n\n\n\n<p>Daune ist empfindlicher gegen <strong>N\u00e4sse und Feuchtigkeit<\/strong>, sie f\u00e4llt in sich zusammen und isoliert nicht mehr. Allerdings wird in diesem Punkt oft \u00fcbertrieben, fast so, als ob Daune wie Zuckerwatte w\u00e4re. Der Schlafsack muss schon direkt beregnet werden oder es muss starken Tau geben, damit die Daunen wirklich in die Knie gehen. Selbst wenn es keine Gelegenheit zum L\u00fcften und Trocknen gibt, kann man auf Schlafs\u00e4cke mit <strong>impr\u00e4gnierten Daunen<\/strong> und <strong>wasserdichter sowie atmungsaktiver Au\u00dfenh\u00fclle <\/strong>zur\u00fcckgreifen. Diese haben nat\u00fcrlich wiederum ihren Preis.<\/p>\n\n\n\n<p>Alles weitere hierzu erf\u00e4hrst du in der <a href=\"https:\/\/www.berg-freunde.at\/blog\/kaufberatung-daunenschlafsack\/\">Kaufberatung Daunenschlafs\u00e4cke<\/a>.<\/p>\n\n\n\n<h3 class=\"wp-block-heading\" id=\"h-kunstfaser\"><strong>Kunstfaser<\/strong><\/h3>\n\n\n\n<p>Auch hier ist ausschlaggebend, dass m\u00f6glichst wenig Material m\u00f6glichst viel Luft einschlie\u00dft. Die meisten Kunstfasern sind zu komplexen Vliesen und Matten aus Spiralen oder Filamenten verarbeitet und haben eine oder mehrere Hohlkammern. Bei Kunstfaserf\u00fcllungen erreichen meist die etwas komplexeren Verarbeitungen (wie die mehrlagige Schindeltechnik) bessere W\u00e4rme-Gewichts-Verh\u00e4ltnisse als einfache Konstruktionen (wie die simpel eingen\u00e4hte Ein-Lagen-Technik).<\/p>\n\n\n<div class=\"wp-block-image\">\n<figure class=\"alignright size-large is-resized\"><a href=\"https:\/\/www.bergfreunde.de\/blog\/wp-content\/uploads\/2021\/05\/Schlafsack-Kunstfaser.jpg\"><img decoding=\"async\" src=\"https:\/\/www.bergfreunde.de\/blog\/wp-content\/uploads\/2021\/05\/Schlafsack-Kunstfaser.jpg\" alt=\"Das Kopfteil von einem gelben Kunstfaserschlafsack\" width=\"250\"\/><\/a><figcaption class=\"wp-element-caption\">&#8230;oder doch lieber einen Kunstfaserschlafsack?<\/figcaption><\/figure>\n<\/div>\n\n\n<p>Kunstfaser isoliert und w\u00e4rmt auch noch bei N\u00e4sse. Wenn auf einer Tour wirklich st\u00e4ndiger Regen zu erwarten ist, sollte man der Kunstfaser den Vorzug geben. Der g\u00fcnstigere Anschaffungspreis ist ein weiterer Vorteil, der sich aber auf lange Sicht durch die meist geringere Haltbarkeit relativiert.<\/p>\n\n\n\n<h3 class=\"wp-block-heading\" id=\"h-widerstandsfahig-und-antiallergen\">Widerstandsf\u00e4hig und antiallergen<\/h3>\n\n\n\n<p>Kurzfristig ist Kunstfaser tats\u00e4chlich <strong>widerst\u00e4ndiger<\/strong> gegen rustikale Behandlung (z.B. durch versch\u00fcttete Getr\u00e4nke oder st\u00e4ndig auf den Schlafsack latschende Leute bei Festivals). Kunstfaser ruft im Gegensatz zur Daune so gut wie nie <strong>allergische Reaktionen<\/strong> hervor. Und, last but not least, gibt es bei Kunstfaser keine direkte Verbindung zur Tiere verwertenden Industrie, was (nicht nur) f\u00fcr Veganer ein wichtiger Punkt ist. Allerdings ist von solchen stark ethischen Standpunkten aus auch die petrochemische Industrie keine wirkliche Alternative\u2026<\/p>\n\n\n\n<p>Bei gleicher Temperaturleistung hat auch die beste Kunstfaser noch ein <strong>h\u00f6heres Gewicht<\/strong> und <strong>gr\u00f6\u00dferes Packma\u00df<\/strong> als die einfache Daune. Auch die Haltbarkeit ist langfristig gesehen nicht vergleichbar: w\u00e4hrend Daune durch eine sachgerechte oder gar professionelle Reinigung \u201ewie neu\u201c bleiben kann, sind einmal eingedrehte oder durchl\u00f6cherte Kunstfasersegmente definitiv besch\u00e4digt. <strong>Reinigung<\/strong> und Pflege sind bei Kunstfaser <strong>deutlich einfacher<\/strong> und schneller erledigt. Allerdings k\u00f6nnen Kunstfaserf\u00fcllungen, anders als Daune, auch nicht nachgef\u00fcllt oder ausgetauscht werden.<\/p>\n\n\n\n<h3 class=\"wp-block-heading\" id=\"h-exkurs-daune-vs-kunstfaser-bei-sehr-warmen-schlafsacken\"><strong>Exkurs: Daune vs. Kunstfaser bei sehr warmen Schlafs\u00e4cken<\/strong><\/h3>\n\n\n\n<p>Was kaum jemand beachtet: bei sehr \u201ewarmen\u201c Schlafs\u00e4cken schie\u00dfen Packma\u00df und Gewicht bei den Kunstfasermodellen quasi durch die Decke. W\u00e4hrend es den Kunstfasersack bis etwa null Grad Komforttemperatur durchaus noch mit rucksacktauglichem Gewicht und Packma\u00df gibt, ist das Modell mit minus zehn Komfort pl\u00f6tzlich ein 2-Kilo-Koloss, der den halben Kofferraum f\u00fcllt. Wieso das? Nun, die zus\u00e4tzliche Kunstfasermenge schafft \u2013 auch bei den besten Fasern \u2013 nicht in gleichem Ma\u00dfe mehr W\u00e4rme. Deshalb muss f\u00fcr wenige Grad Extraw\u00e4rme jede Menge zus\u00e4tzliches F\u00fcllmaterial her.<\/p>\n\n\n\n<p>Bei Daune verl\u00e4uft dieser Temperaturgradient g\u00fcnstiger: hier reicht viel weniger an Zusatzmaterial f\u00fcr den gleichen Zugewinn an Isolation. Ein <a href=\"https:\/\/www.berg-freunde.at\/daunenschlafsaecke\/\">Daunenschlafsack<\/a> mit minus zehn Grad Celsius Komforttemperatur kann deshalb ohne Probleme rucksacktauglich ausfallen. Hier hat Daune also einen weiteren Vorteil.<\/p>\n\n\n\n<p>Alles weitere hierzu erf\u00e4hrst du in der <a href=\"https:\/\/www.berg-freunde.at\/blog\/kaufberatung-kunstfaserschlafsack\/\">Kaufberatung Kunstfaserschlafs\u00e4cke<\/a>.<\/p>\n\n\n\n<h2 class=\"wp-block-heading\" id=\"h-komfort\"><span id=\"schlafsack-komfort\">Komfort<\/span><\/h2>\n\n\n\n<h3 class=\"wp-block-heading\" id=\"h-platzangebot-und-material\">Platzangebot und Material<\/h3>\n\n\n\n<p>Der Komfort h\u00e4ngt nicht nur von der F\u00fcllung und ihrer W\u00e4rmeleistung, sondern auch vom <strong>Platzangebot<\/strong> und vom <strong>Material<\/strong> des Innenbezugs ab. Letzteres beeinflusst ebenfalls das Feuchtigkeits- oder Trockenheitsgef\u00fchl sowie, zu einem kleinen Teil, auch das Temperaturempfinden. Dabei spielen auch pers\u00f6nliche Vorlieben eine Rolle: die Einen m\u00f6gen lieber einen seidigen Griff, die anderen einen eher textilen, \u201estoffigen\u201c Griff. Letzteren bietet vor allem die Baumwolle, die aber aus funktionellen Gr\u00fcnden als Innenbezug eines Outdoor-Schlafsacks ungeeignet ist.<\/p>\n\n\n\n<h3 class=\"wp-block-heading\" id=\"h-lange-und-passform\"><strong>L\u00e4nge und Passform<\/strong><\/h3>\n\n\n\n<p>Ebenfalls entscheidend f\u00fcr den Komfort sind nat\u00fcrlich <strong>L\u00e4nge und Passform<\/strong> des Schlafsacks. Als beste Passform f\u00fcr den Berg- und Outdooreinsatz haben wir ja bereits die Mumie ausgemacht. Obwohl sie die Engste ist, kann sie mit ein paar richtigen Detailentscheidungen durchaus komfortabel ausfallen. So sollte man&nbsp; den Schlafsack im Zweifelsfall lieber ein paar Zentimeter \u201ezu lang\u201c nehmen, anstatt wegen ein paar Gramm Gewichtsersparnis jede Nacht mit den Zehen anzusto\u00dfen. Apropos Zehen: eine <strong>vorgeformte Fu\u00dfbox<\/strong> ist ein echter Pluspunkt. Sie funktioniert auch f\u00fcr Seitenschl\u00e4fer, da man den Schlafsack, wenn er gut sitzt, bei den Bewegungen im Schlaf \u201emitnimmt\u201c.<\/p>\n\n\n\n<p>Die \u201erichtige\u201c Seite des <strong>Rei\u00dfverschlusses<\/strong> ist eine rein subjektive Frage und spielt eigentlich nur eine Rolle, wenn zwei Schlafs\u00e4cke zu Einem gekoppelt werden sollen. Wichtig ist vor allem, dass der Rei\u00dfverschluss bei \u201ewarmen\u201c Schlafs\u00e4cken innen mit einer <strong>gef\u00fctterten W\u00e4rmeleiste<\/strong> abgedeckt ist.<\/p>\n\n\n\n<h2 class=\"wp-block-heading\" id=\"h-ausstattung\"><span id=\"schlafsack-ausstattung\">Ausstattung<\/span><\/h2>\n\n\n<div class=\"wp-block-image\">\n<figure class=\"alignright size-large is-resized\"><a href=\"https:\/\/www.bergfreunde.de\/blog\/wp-content\/uploads\/2021\/05\/Schlafsack-Daune.jpg\"><img decoding=\"async\" src=\"https:\/\/www.bergfreunde.de\/blog\/wp-content\/uploads\/2021\/05\/Schlafsack-Daune.jpg\" alt=\"Reissverschlusssystem an einem Schlafsack\" width=\"250\"\/><\/a><figcaption class=\"wp-element-caption\">Zipp, zipp &#8211; auch bei den Reissverschl\u00fcssen gibt es einiges an Auswahl<\/figcaption><\/figure>\n<\/div>\n\n\n<p>Wo wir schon bei den <strong>Rei\u00dfverschl\u00fcssen<\/strong> sind: die sollten, neben der genannten W\u00e4rmeleiste, am besten auch noch einen <strong>Klemmschutz<\/strong> (meist ganz einfach eine kleine, etwas steifere Stoffbahn) haben, damit sie angenehm rund laufen. Ein verk\u00fcrzter RV, der nur bis zu den Knien reicht, ist zwar weniger komfortabel beim Ein- und Ausstieg, verbessert aber die W\u00e4rmeleistung bei Verringerung des Gewichts. Sinnvoll dann, wenn Gewicht, W\u00e4rmeleistung und Packma\u00df an oberster Stelle stehen.<\/p>\n\n\n\n<h3 class=\"wp-block-heading\" id=\"h-wichtig-fur-ausreichend-warme\">Wichtig f\u00fcr ausreichend W\u00e4rme:<\/h3>\n\n\n\n<ul class=\"wp-block-list\">\n<li><strong>Kapuze<\/strong>: Bei einem berg- und outdoortauglichen Sack muss es ganz klar eine vorgeformte Konturkapuze sein, die sich bis auf ein Atemloch verschlie\u00dfen l\u00e4sst, ohne dabei auf den Kopf zu dr\u00fccken oder zu spannen.<\/li>\n\n\n\n<li><strong>W\u00e4rmekragen<\/strong>: Sehr n\u00fctzlich, wenn bei Temperaturen unterhalb von etwa 5 Grad plus geschlafen wird. Und das wird es in so gut wie jedem Leben eines echten Outdoor-Enthusiasten! Besser ein paar Gramm extra tragen, als nicht einschlafen zu k\u00f6nnen, weil dieser empfindlich kalte Luftzug an Hals und Brust nervt. Und bei gro\u00dfem Gef\u00e4lle zwischen Innen- und Au\u00dfentemperatur reichen schon wenige Zentimeter offener Kragen, um solch einen Luftzug zu erzeugen.<\/li>\n\n\n\n<li><strong>Innentasche(n)<\/strong>: Sehr angenehm, wenn man einen Socken trocknen oder einen Kamera-Akku warmhalten will. Auch ein kleiner Taschenofen l\u00e4sst sich an der oft am Fu\u00dfende vorhandenen Innentasche unterbringen.<\/li>\n<\/ul>\n\n\n\n<h2 class=\"wp-block-heading\" id=\"h-woran-erkennt-man-nun-gute-schlafsacke-ein-paar-durchschnittswerte-und-anhaltspunkte\"><span id=\"schlafsack-durchschnittswerte\">Woran erkennt man nun \u201egute Schlafs\u00e4cke\u201c? Ein paar Durchschnittswerte und Anhaltspunkte<\/span><\/h2>\n\n\n\n<p>Was sind nun \u201egute\u201c Werte bei Gewicht, Packma\u00df und Co.? Ganz einfach: der Schlafsack, der mit einer Komforttemperatur von null Grad das kleinere Packma\u00df und das geringere Gewicht aufweist, ist der Bessere. Wenn er dazu noch aus robustem Ripstop-Nylon und anderen wertigen (Marken)Materialien besteht, umso besser. Bei der Kunstfaserf\u00fcllung sollten definitiv Markenfasern verarbeitet sein, wenn man verl\u00e4ssliche Qualit\u00e4t m\u00f6chte: Primaloft, Thermo ProLoft von&nbsp;Deuter, Spirafil von <a href=\"https:\/\/www.berg-freunde.at\/marken\/marmot\/\">Marmot<\/a> oder MTI 13 von <a href=\"https:\/\/www.berg-freunde.at\/marken\/mammut\/\">Mammut<\/a> sind einige bekannte Beispiele. Dort ist auch eine gute <strong>Silikonbeschichtung<\/strong> gew\u00e4hrleistet, die sich ansonsten nicht von au\u00dfen \u00fcberpr\u00fcfen l\u00e4sst. Die Beschichtung bestimmt ma\u00dfgeblich die Langlebigkeit eines Kunstfaserschlafsacks.<\/p>\n\n\n\n<h3 class=\"wp-block-heading\" id=\"h-hochklassiges-mit-kunstfaser\">Hochklassiges mit Kunstfaser<\/h3>\n\n\n\n<p>Qualitativ hochwertige <strong>Kunstfaserverarbeitungen<\/strong> sind die Material sparende <strong>Schindeltechnik<\/strong> oder die nur einseitige Laminierung zur Vermeidung von K\u00e4ltebr\u00fccken. Ein Beispiel f\u00fcr einen <strong>Kunstfaserschlafsack<\/strong> mit spitzenm\u00e4\u00dfigen Leistungsdaten ist der <a href=\"https:\/\/www.bergfreunde.de\/mountain-equipment-womens-nova-ii-kunstfaserschlafsack\/\">MOUNTAIN EQUIPMENT-Women&#8217;s Nova II &#8211; Kunstfaserschlafsack<\/a>.<\/p>\n\n\n\n<h3 class=\"wp-block-heading\" id=\"h-hochklassiges-mit-daune\">Hochklassiges mit Daune<\/h3>\n\n\n\n<p>Bei Daune spielen wie erw\u00e4hnt der Cuin-Wert und das Mischverh\u00e4ltnis von Daunen und Federn die Hauptrollen bei der Beurteilung der Qualit\u00e4t. Beispiele f\u00fcr hochklassige und weithin bew\u00e4hrte Daunen-Allrounder sind die <a href=\"https:\/\/www.bergfreunde.de\/marken\/rab\/schlafsaecke\/\">Neutrino Serie von Rab<\/a> oder der <a href=\"https:\/\/www.bergfreunde.de\/sea-to-summit-spark-spi-daunenschlafsack\/\">SEA TO SUMMIT-Spark SpI &#8211; Daunenschlafsack<\/a> als nicht ganz so bekannter \u201eGeheimtipp\u201c.<\/p>\n\n\n\n<p><br><iframe src=\"https:\/\/www.youtube-nocookie.com\/embed\/dvgLRxkPowI\" width=\"733\" height=\"430\" frameborder=\"0\" allowfullscreen=\"allowfullscreen\"><\/iframe><\/p>\n\n\n\n<h2 class=\"wp-block-heading\" id=\"h-robustheit-und-haltbarkeit\"><span id=\"schlafsack-pflege\">Robustheit und Haltbarkeit<\/span><\/h2>\n\n\n\n<p>Wenn das Einzige, was gepflegt wird, ein achtloser Umgang ist, sollte man es bei preiswerten Kunstfaserschlafs\u00e4cken belassen. Die stecken, besonders wenn es bei feuchten Campings weniger pfleglich zugeht, die robuste Behandlung besser weg. Allerdings nicht lange, denn wenn Kunstfasern einmal \u201eerm\u00fcden\u201c sind sie wirklich hin \u2013 sie isolieren dann weit schlechter als im Neuzustand. Die \u00fcber die Jahre vielfach zusammengedr\u00fcckte Daune kann hingegen durch eine sachgerechte W\u00e4sche regelrecht wiederbelebt werden.<\/p>\n\n\n\n<h3 class=\"wp-block-heading\" id=\"h-der-eigene-beitrag-schlafsackpflege-und-wasche\"><strong>Der eigene Beitrag: Schlafsackpflege und -W\u00e4sche<\/strong><\/h3>\n\n\n<div class=\"wp-block-image\">\n<figure class=\"alignright size-large is-resized\"><a href=\"https:\/\/www.bergfreunde.de\/blog\/wp-content\/uploads\/2021\/05\/Schlafsack-verpackt.jpg\"><img decoding=\"async\" src=\"https:\/\/www.bergfreunde.de\/blog\/wp-content\/uploads\/2021\/05\/Schlafsack-verpackt.jpg\" alt=\"Eine blaue Schlafsackh\u00fclle von Fj\u00e4llr\u00e4ven\" width=\"250\"\/><\/a><figcaption class=\"wp-element-caption\">Den Schlafsack rollen, falten, oder stopfen!?<\/figcaption><\/figure>\n<\/div>\n\n\n<p>Eigentlich ist das mit der Pflege und Haltbarkeit gar nicht schwer. Man kann schon auf Tour damit beginnen, indem man den Schlafsack morgens vor dem Zusammenpacken etwas aussch\u00fcttelt und l\u00fcftet. Ein paar Minuten Sonne tun dabei immer gut, aber bitte nicht zu viel UV-Strahlung, da das die Materialien angreift.<\/p>\n\n\n\n<h3 class=\"wp-block-heading\" id=\"h-einpacken\">Einpacken<\/h3>\n\n\n\n<p>Beim <strong>Einpacken<\/strong> wird der Schlafsack dann \u00fcbrigens NICHT gerollt oder gefaltet, sondern gestopft. Knick oder Druck mit Drehimpuls ist so ziemlich das Schlimmste, was man Fasern und Daunen antun kann. Leider ignorieren das auch manche Hersteller, die ihre Schlafs\u00e4cke industriell so verpacken, dass sie eingerollt beim Kunden ankommen. Kein Wunder, dass noch immer der (Irr)Glaube vorherrscht, man solle Schlafs\u00e4cke am besten rollen!<\/p>\n\n\n\n<p>Zuhause sollte dann weder gestopft noch gerollt werden. Hier ist die Aufbewahrung in einem gro\u00dfen Baumwoll- oder Netzsack besser. Je mehr Platz die F\u00fcllung hat, desto l\u00e4nger ihre Lebensdauer.<\/p>\n\n\n\n<h3 class=\"wp-block-heading\" id=\"h-waschen\">Waschen<\/h3>\n\n\n\n<p><strong>Gewaschen werden<\/strong> sollte ein Schlafsack so selten wie m\u00f6glich. Man sollte w\u00e4hrend der Nutzung durch lange Kleidung bzw. Thermounterw\u00e4sche daf\u00fcr sorgen, dass m\u00f6glichst wenig <a href=\"https:\/\/www.berg-freunde.at\/schwitzrate-sport-rechner\/\">Schwei\u00df<\/a> und Dreck in den Schlafsack gelangt. Wenn es dann doch einmal n\u00f6tig wird, helfen unsere <a href=\"https:\/\/www.berg-freunde.at\/blog\/schlafsack-waschen\/\">Tipps und Tricks f\u00fcr die Pflege von Schlafs\u00e4cken<\/a> weiter.<\/p>\n\n\n\n<p>Das Ganze kostet allerdings gerade bei Daunenschlafs\u00e4cken einiges an Zeit und Energie und beinhaltet so einige M\u00f6glichkeiten f\u00fcr Fehler und Pannen. Gerade bei teuren Schlafs\u00e4cken empfiehlt sich eher die professionelle Reinigung. Daune und H\u00fclle werden hier separat gewaschen, da Daune idealerweise andere Waschtemperaturen braucht als das technische Gewebe der H\u00fclle. Der bekannteste Reinigungsprofi ist das <a href=\"https:\/\/www.outdoor-service.com\/\">Outdoor Service Team<\/a>. Nicht nur die Daune, sondern der ganze Schlafsack kommt hier in vielen F\u00e4llen wie neu zur\u00fcck. Das Ganze ist nicht unbedingt billig, doch angesichts des Aufwands f\u00fcr die Pflege daheim sollte man das Geld mit der gesparten Zeit und Energie gegenrechnen.<\/p>\n\n\n\n<h2 class=\"wp-block-heading\" id=\"h-fazit\"><strong>Fazit<\/strong><\/h2>\n\n\n\n<p>Den \u201egenau richtigen\u201c Schlafsack zu finden kann fast so kompliziert sein wie das \u201erichtige\u201c Auto. Doch mit unseren nun insgesamt drei Suchanleitungen im Zusammenspiel sollte dir ein ziemlich genauer Treffer gelingen. Dann kann man vor dem seligen Einschlummern noch ein wenig \u00fcber existenzielle Fragen philosophieren \u2013 statt mit dem existenziellem Kampf gegen die K\u00e4lte besch\u00e4ftigt zu sein.<\/p>\n\n\n\n<div class=\"wp-block-buttons is-layout-flex wp-block-buttons-is-layout-flex\">\n<div class=\"wp-block-button\"><a class=\"wp-block-button__link wp-element-button\" href=\"https:\/\/www.bergfreunde.de\/schlafsaecke\/\">Hier findet ihr unsere Schlafs\u00e4cke>><\/a><\/div>\n<\/div>\n","protected":false},"excerpt":{"rendered":"<p>Daune oder Kunstfaser? Mumienform oder Deckenform? Solche existenziellen Fragen treiben den Menschen seit jeher um. Vor allem dann, wenn er bei durchfrorenen N\u00e4chten in einem unpassend geschnittenen und isolierten Schlafsack viel Zeit zum Gr\u00fcbeln hat. Dann hei\u00dft es meist: \u201eWie h\u00e4tte ich diesen verf \u2026 lixten Sch \u2026 lamassel blo\u00df verhindern k\u00f6nnen?!?\u201c Wir sagen aber: [&hellip;]<\/p>\n","protected":false},"author":26,"featured_media":82102,"comment_status":"open","ping_status":"closed","sticky":false,"template":"","format":"standard","meta":{"_acf_changed":false,"footnotes":""},"categories":[257],"tags":[258,262,265],"post_folder":[],"class_list":["post-68580","post","type-post","status-publish","format-standard","has-post-thumbnail","hentry","category-kaufberatung","tag-bergsteigen","tag-klettern-bouldern","tag-wandern-trekking"],"acf":[],"yoast_head":"<!-- This site is optimized with the Yoast SEO Premium plugin v27.4 (Yoast SEO v27.4) - https:\/\/yoast.com\/product\/yoast-seo-premium-wordpress\/ -->\n<title>Richtig betten auf Touren - Kaufberatung Schlafs\u00e4cke | Bergfreunde<\/title>\n<meta name=\"description\" content=\"Die erste Kundenfrage lautet meist: \u201eWelchen Schlafsack brauche ich?\u201c. Der Verk\u00e4ufer antwortet mit der Gegenfrage: \u201eWohin willst du denn damit gehen?\u201c\" \/>\n<meta name=\"robots\" content=\"index, follow, max-snippet:-1, max-image-preview:large, max-video-preview:-1\" \/>\n<link rel=\"canonical\" href=\"https:\/\/www.berg-freunde.at\/blog\/kaufberatung-schlafsaecke\/\" \/>\n<meta property=\"og:locale\" content=\"de_DE\" \/>\n<meta property=\"og:type\" content=\"article\" \/>\n<meta property=\"og:title\" content=\"Richtig(e) betten auf Touren: Kaufberatung Schlafs\u00e4cke\" \/>\n<meta property=\"og:description\" content=\"Die erste Kundenfrage lautet meist: \u201eWelchen Schlafsack brauche ich?\u201c. Der Verk\u00e4ufer antwortet mit der Gegenfrage: \u201eWohin willst du denn damit gehen?\u201c\" \/>\n<meta property=\"og:url\" content=\"https:\/\/www.berg-freunde.at\/blog\/kaufberatung-schlafsaecke\/\" \/>\n<meta property=\"og:site_name\" content=\"Bergfreunde\" \/>\n<meta property=\"article:publisher\" content=\"https:\/\/www.facebook.com\/bergfreunde\" \/>\n<meta property=\"article:published_time\" content=\"2018-04-19T06:59:31+00:00\" \/>\n<meta property=\"article:modified_time\" content=\"2023-07-26T13:18:57+00:00\" \/>\n<meta property=\"og:image\" content=\"https:\/\/www.berg-freunde.at\/blog\/wp-content\/uploads\/2018\/04\/20230420_Kaufberatung-Schlafsaecke_Titel.jpg\" \/>\n\t<meta property=\"og:image:width\" content=\"1440\" \/>\n\t<meta property=\"og:image:height\" content=\"590\" \/>\n\t<meta property=\"og:image:type\" content=\"image\/jpeg\" \/>\n<meta name=\"author\" content=\"Gastautor\" \/>\n<meta name=\"twitter:card\" content=\"summary_large_image\" \/>\n<meta name=\"twitter:label1\" content=\"Verfasst von\" \/>\n\t<meta name=\"twitter:data1\" content=\"Gastautor\" \/>\n\t<meta name=\"twitter:label2\" content=\"Gesch\u00e4tzte Lesezeit\" \/>\n\t<meta name=\"twitter:data2\" content=\"16 Minuten\" \/>\n<script type=\"application\/ld+json\" class=\"yoast-schema-graph\">{\"@context\":\"https:\\\/\\\/schema.org\",\"@graph\":[{\"@type\":[\"Article\",\"BlogPosting\"],\"@id\":\"https:\\\/\\\/www.berg-freunde.at\\\/blog\\\/kaufberatung-schlafsaecke\\\/#article\",\"isPartOf\":{\"@id\":\"https:\\\/\\\/www.berg-freunde.at\\\/blog\\\/kaufberatung-schlafsaecke\\\/\"},\"author\":{\"name\":\"Gastautor\",\"@id\":\"https:\\\/\\\/www.berg-freunde.at\\\/blog\\\/#\\\/schema\\\/person\\\/6ac3327294ce276d7318b1f9c408382e\"},\"headline\":\"Richtig(e) betten auf Touren: Kaufberatung Schlafs\u00e4cke\",\"datePublished\":\"2018-04-19T06:59:31+00:00\",\"dateModified\":\"2023-07-26T13:18:57+00:00\",\"mainEntityOfPage\":{\"@id\":\"https:\\\/\\\/www.berg-freunde.at\\\/blog\\\/kaufberatung-schlafsaecke\\\/\"},\"wordCount\":3135,\"commentCount\":3,\"publisher\":{\"@id\":\"https:\\\/\\\/www.berg-freunde.at\\\/blog\\\/#organization\"},\"image\":{\"@id\":\"https:\\\/\\\/www.berg-freunde.at\\\/blog\\\/kaufberatung-schlafsaecke\\\/#primaryimage\"},\"thumbnailUrl\":\"https:\\\/\\\/www.berg-freunde.at\\\/blog\\\/wp-content\\\/uploads\\\/2018\\\/04\\\/20230420_Kaufberatung-Schlafsaecke_Titel.jpg\",\"keywords\":[\"Bergsteigen &amp; Hochtouren\",\"Klettern &amp; Bouldern\",\"Wandern &amp; Trekking\"],\"articleSection\":[\"Kaufberatung\"],\"inLanguage\":\"de-AT\",\"potentialAction\":[{\"@type\":\"CommentAction\",\"name\":\"Comment\",\"target\":[\"https:\\\/\\\/www.berg-freunde.at\\\/blog\\\/kaufberatung-schlafsaecke\\\/#respond\"]}]},{\"@type\":\"WebPage\",\"@id\":\"https:\\\/\\\/www.berg-freunde.at\\\/blog\\\/kaufberatung-schlafsaecke\\\/\",\"url\":\"https:\\\/\\\/www.berg-freunde.at\\\/blog\\\/kaufberatung-schlafsaecke\\\/\",\"name\":\"Richtig betten auf Touren - Kaufberatung Schlafs\u00e4cke | Bergfreunde\",\"isPartOf\":{\"@id\":\"https:\\\/\\\/www.berg-freunde.at\\\/blog\\\/#website\"},\"primaryImageOfPage\":{\"@id\":\"https:\\\/\\\/www.berg-freunde.at\\\/blog\\\/kaufberatung-schlafsaecke\\\/#primaryimage\"},\"image\":{\"@id\":\"https:\\\/\\\/www.berg-freunde.at\\\/blog\\\/kaufberatung-schlafsaecke\\\/#primaryimage\"},\"thumbnailUrl\":\"https:\\\/\\\/www.berg-freunde.at\\\/blog\\\/wp-content\\\/uploads\\\/2018\\\/04\\\/20230420_Kaufberatung-Schlafsaecke_Titel.jpg\",\"datePublished\":\"2018-04-19T06:59:31+00:00\",\"dateModified\":\"2023-07-26T13:18:57+00:00\",\"description\":\"Die erste Kundenfrage lautet meist: \u201eWelchen Schlafsack brauche ich?\u201c. Der Verk\u00e4ufer antwortet mit der Gegenfrage: \u201eWohin willst du denn damit gehen?\u201c\",\"breadcrumb\":{\"@id\":\"https:\\\/\\\/www.berg-freunde.at\\\/blog\\\/kaufberatung-schlafsaecke\\\/#breadcrumb\"},\"inLanguage\":\"de-AT\",\"potentialAction\":[{\"@type\":\"ReadAction\",\"target\":[\"https:\\\/\\\/www.berg-freunde.at\\\/blog\\\/kaufberatung-schlafsaecke\\\/\"]}]},{\"@type\":\"ImageObject\",\"inLanguage\":\"de-AT\",\"@id\":\"https:\\\/\\\/www.berg-freunde.at\\\/blog\\\/kaufberatung-schlafsaecke\\\/#primaryimage\",\"url\":\"https:\\\/\\\/www.berg-freunde.at\\\/blog\\\/wp-content\\\/uploads\\\/2018\\\/04\\\/20230420_Kaufberatung-Schlafsaecke_Titel.jpg\",\"contentUrl\":\"https:\\\/\\\/www.berg-freunde.at\\\/blog\\\/wp-content\\\/uploads\\\/2018\\\/04\\\/20230420_Kaufberatung-Schlafsaecke_Titel.jpg\",\"width\":1440,\"height\":590},{\"@type\":\"BreadcrumbList\",\"@id\":\"https:\\\/\\\/www.berg-freunde.at\\\/blog\\\/kaufberatung-schlafsaecke\\\/#breadcrumb\",\"itemListElement\":[{\"@type\":\"ListItem\",\"position\":1,\"name\":\"Blog\",\"item\":\"https:\\\/\\\/www.berg-freunde.at\\\/blog\\\/\"},{\"@type\":\"ListItem\",\"position\":2,\"name\":\"Beratung\",\"item\":\"https:\\\/\\\/www.berg-freunde.at\\\/blog\\\/category\\\/beratung\\\/\"},{\"@type\":\"ListItem\",\"position\":3,\"name\":\"Kaufberatung\",\"item\":\"https:\\\/\\\/www.berg-freunde.at\\\/blog\\\/category\\\/beratung\\\/kaufberatung\\\/\"},{\"@type\":\"ListItem\",\"position\":4,\"name\":\"Richtig(e) betten auf Touren: Kaufberatung Schlafs\u00e4cke\"}]},{\"@type\":\"WebSite\",\"@id\":\"https:\\\/\\\/www.berg-freunde.at\\\/blog\\\/#website\",\"url\":\"https:\\\/\\\/www.berg-freunde.at\\\/blog\\\/\",\"name\":\"Bergfreunde\",\"description\":\"Blog\",\"publisher\":{\"@id\":\"https:\\\/\\\/www.berg-freunde.at\\\/blog\\\/#organization\"},\"potentialAction\":[{\"@type\":\"SearchAction\",\"target\":{\"@type\":\"EntryPoint\",\"urlTemplate\":\"https:\\\/\\\/www.berg-freunde.at\\\/blog\\\/?s={search_term_string}\"},\"query-input\":{\"@type\":\"PropertyValueSpecification\",\"valueRequired\":true,\"valueName\":\"search_term_string\"}}],\"inLanguage\":\"de-AT\"},{\"@type\":\"Organization\",\"@id\":\"https:\\\/\\\/www.berg-freunde.at\\\/blog\\\/#organization\",\"name\":\"Bergfreunde\",\"url\":\"https:\\\/\\\/www.berg-freunde.at\\\/blog\\\/\",\"logo\":{\"@type\":\"ImageObject\",\"inLanguage\":\"de-AT\",\"@id\":\"https:\\\/\\\/www.berg-freunde.at\\\/blog\\\/#\\\/schema\\\/logo\\\/image\\\/\",\"url\":\"https:\\\/\\\/www.berg-freunde.at\\\/blog\\\/wp-content\\\/uploads\\\/2023\\\/12\\\/Bergfreunde_DE_rgb.svg\",\"contentUrl\":\"https:\\\/\\\/www.berg-freunde.at\\\/blog\\\/wp-content\\\/uploads\\\/2023\\\/12\\\/Bergfreunde_DE_rgb.svg\",\"caption\":\"Bergfreunde\"},\"image\":{\"@id\":\"https:\\\/\\\/www.berg-freunde.at\\\/blog\\\/#\\\/schema\\\/logo\\\/image\\\/\"},\"sameAs\":[\"https:\\\/\\\/www.facebook.com\\\/bergfreunde\",\"https:\\\/\\\/www.instagram.com\\\/bergfreundede\\\/\"]},{\"@type\":\"Person\",\"@id\":\"https:\\\/\\\/www.berg-freunde.at\\\/blog\\\/#\\\/schema\\\/person\\\/6ac3327294ce276d7318b1f9c408382e\",\"name\":\"Gastautor\",\"url\":\"https:\\\/\\\/www.berg-freunde.at\\\/blog\\\/about\\\/gastautor\\\/\"}]}<\/script>\n<!-- \/ Yoast SEO Premium plugin. -->","yoast_head_json":{"title":"Richtig betten auf Touren - Kaufberatung Schlafs\u00e4cke | Bergfreunde","description":"Die erste Kundenfrage lautet meist: \u201eWelchen Schlafsack brauche ich?\u201c. Der Verk\u00e4ufer antwortet mit der Gegenfrage: \u201eWohin willst du denn damit gehen?\u201c","robots":{"index":"index","follow":"follow","max-snippet":"max-snippet:-1","max-image-preview":"max-image-preview:large","max-video-preview":"max-video-preview:-1"},"canonical":"https:\/\/www.berg-freunde.at\/blog\/kaufberatung-schlafsaecke\/","og_locale":"de_DE","og_type":"article","og_title":"Richtig(e) betten auf Touren: Kaufberatung Schlafs\u00e4cke","og_description":"Die erste Kundenfrage lautet meist: \u201eWelchen Schlafsack brauche ich?\u201c. Der Verk\u00e4ufer antwortet mit der Gegenfrage: \u201eWohin willst du denn damit gehen?\u201c","og_url":"https:\/\/www.berg-freunde.at\/blog\/kaufberatung-schlafsaecke\/","og_site_name":"Bergfreunde","article_publisher":"https:\/\/www.facebook.com\/bergfreunde","article_published_time":"2018-04-19T06:59:31+00:00","article_modified_time":"2023-07-26T13:18:57+00:00","og_image":[{"width":1440,"height":590,"url":"https:\/\/www.berg-freunde.at\/blog\/wp-content\/uploads\/2018\/04\/20230420_Kaufberatung-Schlafsaecke_Titel.jpg","type":"image\/jpeg"}],"author":"Gastautor","twitter_card":"summary_large_image","twitter_misc":{"Verfasst von":"Gastautor","Gesch\u00e4tzte Lesezeit":"16 Minuten"},"schema":{"@context":"https:\/\/schema.org","@graph":[{"@type":["Article","BlogPosting"],"@id":"https:\/\/www.berg-freunde.at\/blog\/kaufberatung-schlafsaecke\/#article","isPartOf":{"@id":"https:\/\/www.berg-freunde.at\/blog\/kaufberatung-schlafsaecke\/"},"author":{"name":"Gastautor","@id":"https:\/\/www.berg-freunde.at\/blog\/#\/schema\/person\/6ac3327294ce276d7318b1f9c408382e"},"headline":"Richtig(e) betten auf Touren: Kaufberatung Schlafs\u00e4cke","datePublished":"2018-04-19T06:59:31+00:00","dateModified":"2023-07-26T13:18:57+00:00","mainEntityOfPage":{"@id":"https:\/\/www.berg-freunde.at\/blog\/kaufberatung-schlafsaecke\/"},"wordCount":3135,"commentCount":3,"publisher":{"@id":"https:\/\/www.berg-freunde.at\/blog\/#organization"},"image":{"@id":"https:\/\/www.berg-freunde.at\/blog\/kaufberatung-schlafsaecke\/#primaryimage"},"thumbnailUrl":"https:\/\/www.berg-freunde.at\/blog\/wp-content\/uploads\/2018\/04\/20230420_Kaufberatung-Schlafsaecke_Titel.jpg","keywords":["Bergsteigen &amp; Hochtouren","Klettern &amp; Bouldern","Wandern &amp; Trekking"],"articleSection":["Kaufberatung"],"inLanguage":"de-AT","potentialAction":[{"@type":"CommentAction","name":"Comment","target":["https:\/\/www.berg-freunde.at\/blog\/kaufberatung-schlafsaecke\/#respond"]}]},{"@type":"WebPage","@id":"https:\/\/www.berg-freunde.at\/blog\/kaufberatung-schlafsaecke\/","url":"https:\/\/www.berg-freunde.at\/blog\/kaufberatung-schlafsaecke\/","name":"Richtig betten auf Touren - Kaufberatung Schlafs\u00e4cke | Bergfreunde","isPartOf":{"@id":"https:\/\/www.berg-freunde.at\/blog\/#website"},"primaryImageOfPage":{"@id":"https:\/\/www.berg-freunde.at\/blog\/kaufberatung-schlafsaecke\/#primaryimage"},"image":{"@id":"https:\/\/www.berg-freunde.at\/blog\/kaufberatung-schlafsaecke\/#primaryimage"},"thumbnailUrl":"https:\/\/www.berg-freunde.at\/blog\/wp-content\/uploads\/2018\/04\/20230420_Kaufberatung-Schlafsaecke_Titel.jpg","datePublished":"2018-04-19T06:59:31+00:00","dateModified":"2023-07-26T13:18:57+00:00","description":"Die erste Kundenfrage lautet meist: \u201eWelchen Schlafsack brauche ich?\u201c. Der Verk\u00e4ufer antwortet mit der Gegenfrage: \u201eWohin willst du denn damit gehen?\u201c","breadcrumb":{"@id":"https:\/\/www.berg-freunde.at\/blog\/kaufberatung-schlafsaecke\/#breadcrumb"},"inLanguage":"de-AT","potentialAction":[{"@type":"ReadAction","target":["https:\/\/www.berg-freunde.at\/blog\/kaufberatung-schlafsaecke\/"]}]},{"@type":"ImageObject","inLanguage":"de-AT","@id":"https:\/\/www.berg-freunde.at\/blog\/kaufberatung-schlafsaecke\/#primaryimage","url":"https:\/\/www.berg-freunde.at\/blog\/wp-content\/uploads\/2018\/04\/20230420_Kaufberatung-Schlafsaecke_Titel.jpg","contentUrl":"https:\/\/www.berg-freunde.at\/blog\/wp-content\/uploads\/2018\/04\/20230420_Kaufberatung-Schlafsaecke_Titel.jpg","width":1440,"height":590},{"@type":"BreadcrumbList","@id":"https:\/\/www.berg-freunde.at\/blog\/kaufberatung-schlafsaecke\/#breadcrumb","itemListElement":[{"@type":"ListItem","position":1,"name":"Blog","item":"https:\/\/www.berg-freunde.at\/blog\/"},{"@type":"ListItem","position":2,"name":"Beratung","item":"https:\/\/www.berg-freunde.at\/blog\/category\/beratung\/"},{"@type":"ListItem","position":3,"name":"Kaufberatung","item":"https:\/\/www.berg-freunde.at\/blog\/category\/beratung\/kaufberatung\/"},{"@type":"ListItem","position":4,"name":"Richtig(e) betten auf Touren: Kaufberatung Schlafs\u00e4cke"}]},{"@type":"WebSite","@id":"https:\/\/www.berg-freunde.at\/blog\/#website","url":"https:\/\/www.berg-freunde.at\/blog\/","name":"Bergfreunde","description":"Blog","publisher":{"@id":"https:\/\/www.berg-freunde.at\/blog\/#organization"},"potentialAction":[{"@type":"SearchAction","target":{"@type":"EntryPoint","urlTemplate":"https:\/\/www.berg-freunde.at\/blog\/?s={search_term_string}"},"query-input":{"@type":"PropertyValueSpecification","valueRequired":true,"valueName":"search_term_string"}}],"inLanguage":"de-AT"},{"@type":"Organization","@id":"https:\/\/www.berg-freunde.at\/blog\/#organization","name":"Bergfreunde","url":"https:\/\/www.berg-freunde.at\/blog\/","logo":{"@type":"ImageObject","inLanguage":"de-AT","@id":"https:\/\/www.berg-freunde.at\/blog\/#\/schema\/logo\/image\/","url":"https:\/\/www.berg-freunde.at\/blog\/wp-content\/uploads\/2023\/12\/Bergfreunde_DE_rgb.svg","contentUrl":"https:\/\/www.berg-freunde.at\/blog\/wp-content\/uploads\/2023\/12\/Bergfreunde_DE_rgb.svg","caption":"Bergfreunde"},"image":{"@id":"https:\/\/www.berg-freunde.at\/blog\/#\/schema\/logo\/image\/"},"sameAs":["https:\/\/www.facebook.com\/bergfreunde","https:\/\/www.instagram.com\/bergfreundede\/"]},{"@type":"Person","@id":"https:\/\/www.berg-freunde.at\/blog\/#\/schema\/person\/6ac3327294ce276d7318b1f9c408382e","name":"Gastautor","url":"https:\/\/www.berg-freunde.at\/blog\/about\/gastautor\/"}]}},"_links":{"self":[{"href":"https:\/\/www.berg-freunde.at\/blog\/wp-json\/wp\/v2\/posts\/68580","targetHints":{"allow":["GET"]}}],"collection":[{"href":"https:\/\/www.berg-freunde.at\/blog\/wp-json\/wp\/v2\/posts"}],"about":[{"href":"https:\/\/www.berg-freunde.at\/blog\/wp-json\/wp\/v2\/types\/post"}],"author":[{"embeddable":true,"href":"https:\/\/www.berg-freunde.at\/blog\/wp-json\/wp\/v2\/users\/26"}],"replies":[{"embeddable":true,"href":"https:\/\/www.berg-freunde.at\/blog\/wp-json\/wp\/v2\/comments?post=68580"}],"version-history":[{"count":0,"href":"https:\/\/www.berg-freunde.at\/blog\/wp-json\/wp\/v2\/posts\/68580\/revisions"}],"wp:featuredmedia":[{"embeddable":true,"href":"https:\/\/www.berg-freunde.at\/blog\/wp-json\/wp\/v2\/media\/82102"}],"wp:attachment":[{"href":"https:\/\/www.berg-freunde.at\/blog\/wp-json\/wp\/v2\/media?parent=68580"}],"wp:term":[{"taxonomy":"category","embeddable":true,"href":"https:\/\/www.berg-freunde.at\/blog\/wp-json\/wp\/v2\/categories?post=68580"},{"taxonomy":"post_tag","embeddable":true,"href":"https:\/\/www.berg-freunde.at\/blog\/wp-json\/wp\/v2\/tags?post=68580"},{"taxonomy":"post_folder","embeddable":true,"href":"https:\/\/www.berg-freunde.at\/blog\/wp-json\/wp\/v2\/post_folder?post=68580"}],"curies":[{"name":"wp","href":"https:\/\/api.w.org\/{rel}","templated":true}]}}