{"id":68223,"date":"2018-10-11T08:33:32","date_gmt":"2018-10-11T06:33:32","guid":{"rendered":"https:\/\/www.bergfreunde.de\/blog\/jaemtland-outdoor-experience\/"},"modified":"2023-08-25T09:34:02","modified_gmt":"2023-08-25T07:34:02","slug":"jaemtland-outdoor-experience","status":"publish","type":"post","link":"https:\/\/www.berg-freunde.at\/blog\/jaemtland-outdoor-experience\/","title":{"rendered":"J\u00e4mtland Outdoor Experience &#8211; Zur Produktschulung nach Schweden"},"content":{"rendered":"\n<p>Unsere Kollegen aus dem Kundenservice sind die ersten Ansprechpartner, wenn Kunden Fragen zu unseren Produkten haben. Daher versuchen wir, ganz besonders unsere eingefleischten &#8222;Gearheads&#8220; kontinuierlich und bestm\u00f6glich zu schulen. Und was kann es Besseres geben, als die Produkte selber unter echten Bedingungen in J\u00e4mtland zu testen?<\/p>\n\n\n\n<p>Ein ganz au\u00dfergew\u00f6hnliches Schulungskonzept bieten die drei schwedischen Hersteller <a href=\"https:\/\/www.bergfreunde.de\/marken\/hilleberg\/\" target=\"_blank\" rel=\"noopener\">Hilleberg<\/a>, <a href=\"https:\/\/www.bergfreunde.de\/marken\/lundhags\/\" target=\"_blank\" rel=\"noopener\">Lundhags<\/a> und <a href=\"https:\/\/www.bergfreunde.de\/marken\/woolpower\/\" target=\"_blank\" rel=\"noopener\">Woolpower<\/a> an, und so flog unser <strong>Kollege Robert<\/strong>&nbsp;aus dem Gearhead-Team f\u00fcr ein paar Tage nach Schweden und durfte gleich eine ganze Reihe von Produkten unter die Lupe nehmen. Im Folgenden k\u00f6nnt ihr lesen, was er erlebt und gelernt hat:<\/p>\n\n\n<div class=\"wp-block-image\">\n<figure class=\"alignright size-large is-resized\"><a href=\"https:\/\/www.bergfreunde.de\/blog\/wp-content\/uploads\/2021\/05\/JOE-Bergfreund-Robert.jpg\"><img fetchpriority=\"high\" decoding=\"async\" src=\"https:\/\/www.bergfreunde.de\/blog\/wp-content\/uploads\/2021\/05\/JOE-Bergfreund-Robert.jpg\" alt=\"Von Kopf bis Fu\u00df ausgestattet, freut sich unser Kollege Robert auf die JOE (J\u00e4mtland Outdoor Experience).\" style=\"width:250px;height:333px\" width=\"250\" height=\"333\"\/><\/a><figcaption class=\"wp-element-caption\">Komplett ausgestattet begibt sich unser Bergfreund-Kollege Robert zur JOE (J\u00e4mtland Outdoor Experience).<\/figcaption><\/figure>\n<\/div>\n\n\n<p>Ich habe nicht schlecht gestaunt, als ich Anfang August die Einladung zur <strong>J\u00e4mtland Outdoor Experience<\/strong>, kurz <strong>JOE<\/strong>, in \u00d6stersund \/ Schweden, bekommen habe.<\/p>\n\n\n\n<p>Die JOE&nbsp; ist eine <strong>4-t\u00e4gige Trekkingtour<\/strong> (46 km, 1200hm), bei der zahlreiche&nbsp;<strong>Produkte auf Herz und Nieren getestet<\/strong> werden und wo wir intensive <strong>Schulungen<\/strong> mit umfangreichem Produkt-Knowhow sowie den besten Insider-Hacks erhalten.<\/p>\n\n\n\n<p>Ihr k\u00f6nnt Euch vorstellen, ich war sofort <strong>Feuer und Flamme<\/strong>! Zum Einen kenne ich die drei Marken und war besonders gespannt, diese gro\u00dfartigen Produkte live zu testen, zum Anderen war ich aber auch noch nie in Schweden. Also habe ich mit gro\u00dfer Vorfreude -und ohne lange zu \u00fcberlegen- zugesagt und kurzerhand die Flugtickets gebucht. Auf nach <strong>J\u00e4mtland<\/strong>, dem <strong>Land der Rentiere<\/strong>.<\/p>\n\n\n\n<h2 class=\"wp-block-heading\" id=\"h-anreise-nach-ostersund\"><strong>Anreise nach \u00d6stersund<\/strong><\/h2>\n\n\n\n<p>Von Stuttgart aus geht es erst einmal nach Stockholm. Nach einem kurzen Zwischenstopp dann der Weiterflug zum Flughafen \u00d6stersund. Dort treffe ich bereits einen Teil meiner Mitstreiter. Nach kurzem Vorstellen fahren wir also gemeinsam mit dem Bus in unsere Unterkunft, wo wir auf den anderen Teil der Gruppe treffen. Der erste Abend wird auch gleich mit einem <strong>original schwedischen Abendessen<\/strong> (Rentiergulasch) gekr\u00f6nt.<\/p>\n\n\n\n<p>Mein erster Eindruck von Schweden? Im Vergleich zu Deutschland geht hier alles etwas <strong>beschaulicher<\/strong> und <strong>h\u00f6flicher<\/strong> zu. Die Schweden nennen das <strong>Lagom<\/strong> und <strong>Fika<\/strong>, wie ich in den n\u00e4chsten Tagen lernen werde. Lagom l\u00e4sst sich nicht wirklich \u00fcbersetzen. Es ist mehr die Mentalit\u00e4t der Schweden, sozusagen deren Grundstimmung. Lagom ist, wenn alles stimmt und alles ausgewogen ist. Mindestens so wichtig wie Lagom ist Fika: Die Fika der Schweden ist \u00e4hnlich wie die Siesta der Spanier, allerdings ist die Fika nicht so sehr an einen Zeitraum gebunden. Es geht generell um Entschleunigung, egal, ob bei einer kurzen Mittagspause mit viel Kaffee und viel Kuchen oder bei einem Sabbat-Jahr. Ganz so, wie du es gerade brauchst.<\/p>\n\n\n\n<p>Lagom und Fika: zwei Dinge die ins Gep\u00e4ck jeder Outdoor-Tour geh\u00f6ren.<\/p>\n\n\n<div class=\"wp-block-image\">\n<figure class=\"alignright size-large is-resized\"><a href=\"https:\/\/www.bergfreunde.de\/blog\/wp-content\/uploads\/2021\/05\/JOE-Produktionsbesichtigung.jpg\"><img decoding=\"async\" src=\"https:\/\/www.bergfreunde.de\/blog\/wp-content\/uploads\/2021\/05\/JOE-Produktionsbesichtigung.jpg\" alt=\"Bei den Werkbesichtigungen lernen die Teilnehmer allerlei neues \u00fcber die bekannten Hersteller. \" style=\"width:350px;height:262px\" width=\"350\" height=\"262\"\/><\/a><figcaption class=\"wp-element-caption\">Abwechslungsreich und spannend sind besonders die Produktionsbesichtigungen von Hilleberg, <a href=\"https:\/\/www.berg-freunde.at\/marken\/lundhags\/\">Lundhags<\/a> und <a href=\"https:\/\/www.berg-freunde.at\/marken\/woolpower\/\">Woolpower<\/a>.<\/figcaption><\/figure>\n<\/div>\n\n\n<h2 class=\"wp-block-heading\" id=\"h-besichtigung-bei-hilleberg\"><strong>Besichtigung bei Hilleberg<\/strong><\/h2>\n\n\n\n<p>Nach einem ausgedehnten Fr\u00fchst\u00fcck werden wir am gemeinsamen Treffpunkt abgeholt und zum Start der JOE bei Hilleberg gefahren.&nbsp;Mit &#8218;wir&#8216; meine ich die bunt gemischte Gruppe aus <strong>25 internationalen Teilnehmern<\/strong> (Bergfreunde aus Deutschland, Schottland, der Tschechischen Republik, Schweiz und den Niederlanden; plus Guides von Hilleberg, Lundhags und Woolpower).<\/p>\n\n\n\n<p>Nach einer Besichtigung der <strong>Produktionsst\u00e4tte von \u201eHilleberg the tentmaker\u201c<\/strong> bekommen wir schlie\u00dflich unser <strong>komplettes Equipment<\/strong>.&nbsp;Von Schuhen, einem Rucksack, passender 3-Schicht-Bekleidung, bis hin zur Unterw\u00e4sche ist alles dabei. In den Rucksack kommen au\u00dferdem noch Schlafsack, <a href=\"https:\/\/www.berg-freunde.at\/isomatten\/\">Isomatte<\/a>, <a href=\"https:\/\/www.berg-freunde.at\/zelte\/\">Zelt<\/a>, Outdoorkocher und Trekkingnahrung&nbsp;(by the way, mein Favorit nach 4 Tagen, <strong>Apfel-Zimt-Haferbrei<\/strong> von Bla Band) und nat\u00fcrlich alles andere was man an pers\u00f6nlichen Gegenst\u00e4nden noch so braucht. Insgesamt kommen so beachtliche <strong>23 kg<\/strong> zusammen. <strong>Wasser<\/strong> in Trinkwasserqualit\u00e4t gibt es zum Gl\u00fcck \u00fcberall am Wegesrand, was die Wasserversorgung deutlich vereinfacht und Trinkwasserfilter \u00fcberfl\u00fcssig macht.<\/p>\n\n\n\n<p>Als <strong>staatlich gepr\u00fcfter Bergf\u00fchrer<\/strong> habe ich schon einige Zelt-Trekking-Touren gemacht, aber diese hier ist die <strong>erste in Schweden<\/strong>. Und wisst Ihr, was ich mir als<strong> ersten Hack<\/strong> von den Einheimischen abgeschaut habe? Immer einen kleinen <strong>faltbaren Becher<\/strong> in der Jackentasche zu haben, um st\u00e4ndig Wasser aufzunehmen. Damit musst Du nicht st\u00e4ndig mit 2-3 Liter Fl\u00fcssigkeit umher laufen. Praktisch, oder?<\/p>\n\n\n<div class=\"wp-block-image\">\n<figure class=\"alignright size-large is-resized\"><a href=\"https:\/\/www.bergfreunde.de\/blog\/wp-content\/uploads\/2021\/05\/JOE-Zeltaufbau.jpg\"><img decoding=\"async\" src=\"https:\/\/www.bergfreunde.de\/blog\/wp-content\/uploads\/2021\/05\/JOE-Zeltaufbau.jpg\" alt=\"So einfach es oftmals aussieht, hat es der Zeltaufbau doch in sich.\" style=\"width:350px;height:263px\" width=\"350\" height=\"263\"\/><\/a><figcaption class=\"wp-element-caption\">Auch der Zeltaufbau muss gelernt sein! &#8211; Das musste Robert am eigenen Leib erfahren.<\/figcaption><\/figure>\n<\/div>\n\n\n<h2 class=\"wp-block-heading\" id=\"h-die-erste-nacht-im-freien\"><strong>Die erste Nacht im Freien<\/strong><\/h2>\n\n\n\n<p>Nach einem Briefing sowie einer kurzen Busfahrt zum ersten Zeltplatz weiht uns Robin von Hilleberg in die <strong>Kunst des Zeltaufbaus<\/strong> ein. Das richtige Aufbauen will gelernt sein. Erst das Zelt mit zwei Heringen befestigen und dann die flexiblen Stangen einf\u00fchren, Laschen einh\u00e4ngen und schon steht das Zelt. Klingt einfach, oder? F\u00fcr uns ist es das auf jeden Fall nicht auf Anhieb, aber wir sind ja auch zum <strong>\u00dcben<\/strong> hier.&nbsp;Insgesamt haben wir acht verschiedene Zelttypen aufgebaut. Von Ein- bis Vier-Personenzelten ist alles dabei. Mein pers\u00f6nlicher Favorit sind schlie\u00dflich die <strong>Tunnelzelte<\/strong>: viel Platz, viel Stauraum und f\u00fcr meine K\u00f6rpergr\u00f6\u00dfe von 190 cm ideal. Nach einem ersten <strong>Outdoor- Dinner am Lagerfeuer<\/strong>&nbsp;verschwinden wir&nbsp; hundem\u00fcde in unsere pers\u00f6nlichen vier W\u00e4nde.<\/p>\n\n\n\n<h2 class=\"wp-block-heading\" id=\"h-start-der-trekking-tour\"><strong>Start der Trekking Tour <\/strong><\/h2>\n\n\n\n<p>Wasser holen, Kaffee kochen, Ausr\u00fcstung packen und Zelt abbauen &#8211; das sind die Dinge, die uns die n\u00e4chsten Tage begleiteten.<\/p>\n\n\n\n<p>Bevor die Trekking Tour in J\u00e4mtland jedoch so richtig losgeht, steht erst einmal noch die <strong>Besichtigung von Lundhags<\/strong>, inklusive Produktschulung und Kennenlernen der Fabrikation auf dem Zettel. Lundhags legt gro\u00dfen Wert auf eine umweltfreundliche, ressourcenschonende und nachhaltige Produktion. Ein h<strong>\u00f6chster Qualit\u00e4tsanspruch<\/strong> an die Produkte, verbunden mit echter <strong>Liebe zur Natur<\/strong>, lassen\u00a0 einzigartige\u00a0Outdoor-Ausr\u00fcstung im Bereich Bekleidung, Rucksack und Schuhe entstehen.<\/p>\n\n\n<div class=\"wp-block-image\">\n<figure class=\"alignright size-large is-resized\"><a href=\"https:\/\/www.bergfreunde.de\/blog\/wp-content\/uploads\/2021\/05\/JOE-Trekkingtour.jpg\"><img loading=\"lazy\" decoding=\"async\" src=\"https:\/\/www.bergfreunde.de\/blog\/wp-content\/uploads\/2021\/05\/JOE-Trekkingtour.jpg\" alt=\"Die Trekkingtour beginnt!\" style=\"width:351px;height:262px\" width=\"351\" height=\"262\"\/><\/a><figcaption class=\"wp-element-caption\">Die Trekkingtour beginnt!<\/figcaption><\/figure>\n<\/div>\n\n\n<p>Begeistert von den Impulsen und darauf gespannt, wie sich die Ausr\u00fcstung im Livetest schlagen wird, nimmt unsere Trekking-Tour nun am Ausgangspunkt <strong>At Bunnran<\/strong>&nbsp;ihren Anfang.<\/p>\n\n\n\n<p>Die ersten Meter sind &#8211; zugegeben &#8211; mit den 23 kg ganz sch\u00f6n <strong>anstrengend<\/strong>. Ihr kennt das sicherlich, oder? Auch wenn man den Rucksack richtig gepackt hat und das Gewicht optimal verteilt ist, dauert es immer etwas, bis man sich an den schweren Rucksack gew\u00f6hnt hat. Zu Beginn f\u00fchrt uns die Tour \u00fcber kleine Pfade und sp\u00e4ter auf weglosem Gel\u00e4nde ca. 10 km zu unserem ersten Lagerplatz an einem wundersch\u00f6n gelegenen See.<\/p>\n\n\n\n<p>Dort angekommen hei\u00dft es Zelt aufbauen, Isomatte ausrollen, Schlafsack auspacken, Wasser kochen f\u00fcr den Tee, Abendmahl zubereiten &#8211; eben all die Dinge, die am Ende eines Trekking-Tages auf einen zukommen. Mein<strong>&nbsp;Tipp&nbsp;<\/strong>hier: nehmt euch eine richtig gute <strong><a href=\"https:\/\/www.berg-freunde.at\/isolierflaschen\/\">Isolierflasche<\/a><\/strong> mit. So habt ihr die ganze Nacht und, wenn das Fassungsverm\u00f6gen ausreichend gro\u00df ist, auch direkt am n\u00e4chsten Morgen noch hei\u00dfes Wasser. Auf diese Weise kann man noch direkt im Zelt seinen ersten Tee oder Kaffee genie\u00dfen.<\/p>\n\n\n\n<h2 class=\"wp-block-heading\" id=\"h-tag-zwei-der-trekkingtour\"><strong>Tag Zwei der Trekkingtour<\/strong><\/h2>\n\n\n<div class=\"wp-block-image\">\n<figure class=\"alignright size-large is-resized\"><a href=\"https:\/\/www.bergfreunde.de\/blog\/wp-content\/uploads\/2021\/05\/JOE-Karte-und-Kompass.jpg\"><img loading=\"lazy\" decoding=\"async\" src=\"https:\/\/www.bergfreunde.de\/blog\/wp-content\/uploads\/2021\/05\/JOE-Karte-und-Kompass.jpg\" alt=\"Mit Karte und Kompass f\u00fchrt Robert die Teilnehmer zum Endziel des heutigen Trekkingtages.\" style=\"width:350px;height:263px\" width=\"350\" height=\"263\"\/><\/a><figcaption class=\"wp-element-caption\">&#8222;Wohin nur?&#8220; &#8211; Mit Karte und Kompass weist Robert den Weg.<\/figcaption><\/figure>\n<\/div>\n\n\n<p>Knackige 0\u00b0C sind es am Morgen. Nach dem ersten Kaffee, Fr\u00fchst\u00fcck und dem Packen, gibt es eine kurze Besprechung sowie einen Erfahrungsaustausch zu den Lundhags-Produkten, die wir im Einsatz hatten. Danach geht es auch schon weiter &#8211; allerdings mit der Aufgabe f\u00fcr mich, den Weg f\u00fcr die Tour zu finden.&nbsp;Nach einem Blick auf <strong>Kompass und Karte<\/strong>&nbsp;ist mir klar, wo lang es geht.&nbsp;Am Ende wird es eine 16 km lange Strecke, die bergauf und bergab, einen 600 Hm Anstieg, Bach\u00fcberquerungen, wegloses Gel\u00e4nde und viel Landschaft mit reichlich Fotopausen mit sich bringt.<\/p>\n\n\n\n<p>Mein <strong>absoluter H\u00f6hepunkt<\/strong> der Tour in J\u00e4mtland kommt jedoch etwa eine Stunde vor dem Ende dieser Tagesetappe. Eine <strong>Bach\u00fcberquerung<\/strong>\u00a0&#8211; ist doch kein Problem, denke ich. Doch als mir das Wasser dann pl\u00f6tzlich bis zu den Oberschenkeln steht, \u00e4ndere ich meine Meinung recht schnell.<\/p>\n\n\n\n<p>Und an dieser Stelle auch gleich mein <strong>n\u00e4chster Hack<\/strong> f\u00fcr euch: Johann, der Guide von Lundhags, erkl\u00e4rt, wie in Schweden fachm\u00e4nnisch ein Bach \u00fcberquert wird: Bevor es losgeht, Schuhe ausziehen und Einlegesohlen raus, Socken ausziehen und Barfu\u00df wieder rein in die Schuhe.<\/p>\n\n\n<div class=\"wp-block-image\">\n<figure class=\"alignright size-large is-resized\"><a href=\"https:\/\/www.bergfreunde.de\/blog\/wp-content\/uploads\/2021\/05\/JOE-Trekkingschuhe.jpg\"><img loading=\"lazy\" decoding=\"async\" src=\"https:\/\/www.bergfreunde.de\/blog\/wp-content\/uploads\/2021\/05\/JOE-Trekkingschuhe.jpg\" alt=\"Dieser Lundhags Trekkingschuh wurde kurzerhand zum Gummistiefel umfunktioniert.\" style=\"width:349px;height:262px\" width=\"349\" height=\"262\"\/><\/a><figcaption class=\"wp-element-caption\">Die Schuhe nach der Bachquerung&#8230;<\/figcaption><\/figure>\n<\/div>\n\n\n<p>Wenn einem das Wasser in die Schuhe l\u00e4uft, ist klar, was eine anspruchsvolle Bach\u00fcberquerung bedeutet. Auf der anderen Seite angekommen, komme ich mir vor, als h\u00e4tte ich <a href=\"https:\/\/www.berg-freunde.at\/gummistiefel\/\">Gummistiefel<\/a> an den F\u00fc\u00dfen.<\/p>\n\n\n\n<p>Also hei\u00dft es, Schuhe ausziehen, Wasser raussch\u00fctten und eine Pause von ca. einer Stunde einlegen. Danach die Einlegesohlen wieder rein und Socken anziehen. W\u00e4hrend der ganzen Prozedur komme ich mir etwas komisch vor. Doch es funktioniert.<\/p>\n\n\n\n<p>Nachdem wir am Ende des zweiten Tages den Zeltaufbau gemeistert und das Essen gekocht haben, fallen wir alle abermals m\u00fcde in unsere Schlafs\u00e4cke. Ein langer, aber sch\u00f6ner Tag geht so zu Ende.<\/p>\n\n\n\n<h2 class=\"wp-block-heading\" id=\"h-tag-drei-der-trekkingtour\"><strong>Tag Drei der Trekkingtour<\/strong><\/h2>\n\n\n\n<p>Am n\u00e4chsten Tag hei\u00dft es nach dem Fr\u00fchst\u00fcck erneut: Zusammenpacken. Unsere <a href=\"https:\/\/www.bergfreunde.de\/zelte\/\">Zelte<\/a> lassen wir jedoch stehen, da zun\u00e4chst die Produktschulung von Hilleberg auf dem Programm steht. Dabei werden vor allem die Besonderheiten, Vor- und Nachteile eines jeden einzelnen Zelt-Modells besprochen, bevor wir endg\u00fcltig aufbrechen.<\/p>\n\n\n<div class=\"wp-block-image\">\n<figure class=\"alignright size-large is-resized\"><a href=\"https:\/\/www.bergfreunde.de\/blog\/wp-content\/uploads\/2021\/05\/JOE-Bachueberquerung.jpg\"><img loading=\"lazy\" decoding=\"async\" src=\"https:\/\/www.bergfreunde.de\/blog\/wp-content\/uploads\/2021\/05\/JOE-Bachueberquerung.jpg\" alt=\"Die wundersch\u00f6ne Landschaft Schwedens.\" style=\"width:350px;height:263px\" width=\"350\" height=\"263\"\/><\/a><figcaption class=\"wp-element-caption\">Wundersch\u00f6nes Schweden.<\/figcaption><\/figure>\n<\/div>\n\n\n<p>Nach dem von unseren Guides angeleiteten Briefing wandern wir <strong>\u00fcber zwei P\u00e4sse <\/strong>und einige Fotopausen sp\u00e4ter sind wir unserem Ziel wieder ein St\u00fcck n\u00e4her gekommen. Vor allem das Ende der Strecke hat es noch einmal in sich, da an einem steilen <strong>Abstieg<\/strong> unsere ganze Konzentration gefordert ist, und die <strong><a href=\"https:\/\/www.berg-freunde.at\/wanderschuhe\/\">Trekkingschuhe<\/a> ausgiebig auf Grip<\/strong> getestet werden.<\/p>\n\n\n\n<p>Nachhaltig beeindruckt mich vor allem die <strong>vollkommene Abgeschiedenheit<\/strong> in dieser gro\u00dfartigen Landschaft. \u00dcberall, wo wir unterwegs sind, haben wir so gut wie keine anderen Menschen getroffen. J\u00e4mtland bietet unwahrscheinlich tolle Landschaft mit vielen Seen und unber\u00fchrter Natur. Das macht das Gebiet unglaublich <strong>einzigartig<\/strong>. Auch das <strong>Wetter<\/strong> hat einiges zu bieten: von Wind, Regen und Sonne ist alles dabei. Wer also Ruhe und unber\u00fchrte Natur entdecken m\u00f6chte, ist hier genau richtig.<\/p>\n\n\n\n<p>In einem kleinen Wald erwartet uns schlie\u00dflich ein wundersch\u00f6n gelegener Zeltplatz. Mittlerweile hat sich alles eingespielt: Zelt aufbauen, Abendessen kochen, Tee zubereiten und relaxen.<\/p>\n\n\n\n<h2 class=\"wp-block-heading\" id=\"h-der-letzte-tag-in-jamtland\"><strong>Der letzte Tag<\/strong> in J\u00e4mtland<\/h2>\n\n\n<div class=\"wp-block-image\">\n<figure class=\"alignright size-large is-resized\"><a href=\"https:\/\/www.bergfreunde.de\/blog\/wp-content\/uploads\/2021\/05\/JOE-Bootsfahrt.jpg\"><img loading=\"lazy\" decoding=\"async\" src=\"https:\/\/www.bergfreunde.de\/blog\/wp-content\/uploads\/2021\/05\/JOE-Bootsfahrt.jpg\" alt=\"Nach der wackeligen Bootstour ist Robert wieder zur\u00fcck in der Zivilisation und die JOE beendet.\" style=\"width:350px;height:262px\" width=\"350\" height=\"262\"\/><\/a><figcaption class=\"wp-element-caption\">Noch eine wackelige Bootstour, bevor die Zivilisation, das Willkommens-Bier und eine Dusche nahen.<\/figcaption><\/figure>\n<\/div>\n\n\n<p>Das morgendliche Standardprogramm geht am letzten Tag ganz entspannt vonstatten, haben wir doch nur noch etwa zwei Stunden Laufzeit bis zum Ziel vor der Nase. Nach einer weiteren Tasse Kaffee (ihr erinnert euch noch an Fika?), steht heute eine Produktschulung von <strong>Woolpower<\/strong> auf der Agenda. Wir tauschen unsere bisherigen Erfahrungen aus und &#8211; ganz wichtig &#8211; machen endlich den lange ersehnten <strong>Geruchstest<\/strong> nach vier Tagen on Tour. Zum Gl\u00fcck (und unserer Merinow\u00e4sche sei Dank) kippt niemand um. Geruchstechnisch ist also alles im gr\u00fcnen Bereich, und so k\u00f6nnen wir uns, ganz ohne Risiko, zur\u00fcck in die Zivilisation trauen.<\/p>\n\n\n\n<p>Kurz vor Ende \u00fcberrascht uns letztlich noch eine<strong> abenteuerliche Bootsfahrt<\/strong>, und ehe wir uns versehen, ist es auch schon geschafft. Abklatschen, gl\u00fcckliche Gesichter&#8230; und zu unserer Freude steht bereits ein&nbsp;<strong>Willkommens-Bier<\/strong>&nbsp;f\u00fcr uns bereit.&nbsp;Wow, geschafft!<\/p>\n\n\n\n<p>Jetzt hei\u00dft es, endlich wieder eine Dusche zu nehmen und die F\u00fc\u00dfe hochzulegen. So wird am Abend nach einer gemeinsamen Diashow noch kr\u00e4ftig gefeiert. Alle sind stolz, es geschafft zu haben.<\/p>\n\n\n\n<h2 class=\"wp-block-heading\" id=\"h-eine-letzte-stippvisite-bei-woolpower\"><strong>Eine letzte Stippvisite bei Woolpower<\/strong><\/h2>\n\n\n\n<p>Am letzten Morgen geht es zum Abschluss noch ins Werk und zum Hauptsitz von Woolpower.&nbsp;Hier ist fast alles richtige&nbsp;<strong>Handarbeit und ich kann euch sagen:<\/strong>&nbsp;Die Produkte sind nicht nur angenehm auf der Haut zu tragen, sondern haben f\u00fcr mich in Sachen Temperaturregulierung auch super funktioniert. Auch den 4-Tage-Trekking-Geruchstest haben sie bestanden. Als mein neues Lieblingsteil stellt sich schlussendlich ein&nbsp;<strong>Midlayer<\/strong>&nbsp;mit 200 g\/m\u00b2 Materialgewicht heraus. Aber auch das <strong><a href=\"https:\/\/www.bergfreunde.de\/woolpower-crewneck-200-longsleeve\/\">Crewneck 200<\/a><\/strong> darf bei meiner n\u00e4chsten Tour nicht fehlen.<\/p>\n\n\n\n<p>Kurz darauf steige ich gl\u00fccklich und mit vielen neuen Erfahrungen sowie Eindr\u00fccken im Gep\u00e4ck zur\u00fcck ins Flugzeug nach Deutschland.<\/p>\n\n\n\n<p>Zum Schluss noch ein dickes\u00a0<strong>Dankesch\u00f6n<\/strong> an Hillberg, Lundhags und Woolpower f\u00fcr dieses tolle Erlebnis bei J\u00e4mtland Outdoor Experience.<\/p>\n","protected":false},"excerpt":{"rendered":"<p>Unsere Kollegen aus dem Kundenservice sind die ersten Ansprechpartner, wenn Kunden Fragen zu unseren Produkten haben. Daher versuchen wir, ganz besonders unsere eingefleischten &#8222;Gearheads&#8220; kontinuierlich und bestm\u00f6glich zu schulen. Und was kann es Besseres geben, als die Produkte selber unter echten Bedingungen in J\u00e4mtland zu testen? Ein ganz au\u00dfergew\u00f6hnliches Schulungskonzept bieten die drei schwedischen Hersteller [&hellip;]<\/p>\n","protected":false},"author":34,"featured_media":99626,"comment_status":"open","ping_status":"closed","sticky":false,"template":"","format":"standard","meta":{"_acf_changed":false,"footnotes":""},"categories":[303],"tags":[265],"post_folder":[],"class_list":["post-68223","post","type-post","status-publish","format-standard","has-post-thumbnail","hentry","category-bergfreunde","tag-wandern-trekking"],"acf":[],"yoast_head":"<!-- This site is optimized with the Yoast SEO Premium plugin v27.4 (Yoast SEO v27.4) - https:\/\/yoast.com\/product\/yoast-seo-premium-wordpress\/ -->\n<title>J\u00e4mtland Outdoor Experience | Bergfreunde<\/title>\n<meta name=\"description\" content=\"Also habe ich mit Vorfreude -und ohne lange zu \u00fcberlegen- zugesagt und die Flugtickets gebucht. Auf nach J\u00e4mtland, dem Land der Rentiere.\" \/>\n<meta name=\"robots\" content=\"index, follow, max-snippet:-1, max-image-preview:large, max-video-preview:-1\" \/>\n<link rel=\"canonical\" href=\"https:\/\/www.berg-freunde.at\/blog\/jaemtland-outdoor-experience\/\" \/>\n<meta property=\"og:locale\" content=\"de_DE\" \/>\n<meta property=\"og:type\" content=\"article\" \/>\n<meta property=\"og:title\" content=\"J\u00e4mtland Outdoor Experience - Zur Produktschulung nach Schweden\" \/>\n<meta property=\"og:description\" content=\"Also habe ich mit Vorfreude -und ohne lange zu \u00fcberlegen- zugesagt und die Flugtickets gebucht. Auf nach J\u00e4mtland, dem Land der Rentiere.\" \/>\n<meta property=\"og:url\" content=\"https:\/\/www.berg-freunde.at\/blog\/jaemtland-outdoor-experience\/\" \/>\n<meta property=\"og:site_name\" content=\"Bergfreunde\" \/>\n<meta property=\"article:publisher\" content=\"https:\/\/www.facebook.com\/bergfreunde\" \/>\n<meta property=\"article:published_time\" content=\"2018-10-11T06:33:32+00:00\" \/>\n<meta property=\"article:modified_time\" content=\"2023-08-25T07:34:02+00:00\" \/>\n<meta property=\"og:image\" content=\"https:\/\/www.berg-freunde.at\/blog\/wp-content\/uploads\/2018\/10\/20230824_Jaemtland_Titel.jpg\" \/>\n\t<meta property=\"og:image:width\" content=\"1440\" \/>\n\t<meta property=\"og:image:height\" content=\"590\" \/>\n\t<meta property=\"og:image:type\" content=\"image\/jpeg\" \/>\n<meta name=\"author\" content=\"Robert\" \/>\n<meta name=\"twitter:card\" content=\"summary_large_image\" \/>\n<meta name=\"twitter:label1\" content=\"Verfasst von\" \/>\n\t<meta name=\"twitter:data1\" content=\"Robert\" \/>\n\t<meta name=\"twitter:label2\" content=\"Gesch\u00e4tzte Lesezeit\" \/>\n\t<meta name=\"twitter:data2\" content=\"10 Minuten\" \/>\n<script type=\"application\/ld+json\" class=\"yoast-schema-graph\">{\"@context\":\"https:\\\/\\\/schema.org\",\"@graph\":[{\"@type\":[\"Article\",\"BlogPosting\"],\"@id\":\"https:\\\/\\\/www.berg-freunde.at\\\/blog\\\/jaemtland-outdoor-experience\\\/#article\",\"isPartOf\":{\"@id\":\"https:\\\/\\\/www.berg-freunde.at\\\/blog\\\/jaemtland-outdoor-experience\\\/\"},\"author\":{\"name\":\"Robert\",\"@id\":\"https:\\\/\\\/www.berg-freunde.at\\\/blog\\\/#\\\/schema\\\/person\\\/dec2e426c69d605843d0204e09decd9b\"},\"headline\":\"J\u00e4mtland Outdoor Experience &#8211; Zur Produktschulung nach Schweden\",\"datePublished\":\"2018-10-11T06:33:32+00:00\",\"dateModified\":\"2023-08-25T07:34:02+00:00\",\"mainEntityOfPage\":{\"@id\":\"https:\\\/\\\/www.berg-freunde.at\\\/blog\\\/jaemtland-outdoor-experience\\\/\"},\"wordCount\":1976,\"commentCount\":2,\"publisher\":{\"@id\":\"https:\\\/\\\/www.berg-freunde.at\\\/blog\\\/#organization\"},\"image\":{\"@id\":\"https:\\\/\\\/www.berg-freunde.at\\\/blog\\\/jaemtland-outdoor-experience\\\/#primaryimage\"},\"thumbnailUrl\":\"https:\\\/\\\/www.berg-freunde.at\\\/blog\\\/wp-content\\\/uploads\\\/2018\\\/10\\\/20230824_Jaemtland_Titel.jpg\",\"keywords\":[\"Wandern &amp; Trekking\"],\"articleSection\":[\"Bergfreunde\"],\"inLanguage\":\"de-AT\",\"potentialAction\":[{\"@type\":\"CommentAction\",\"name\":\"Comment\",\"target\":[\"https:\\\/\\\/www.berg-freunde.at\\\/blog\\\/jaemtland-outdoor-experience\\\/#respond\"]}]},{\"@type\":\"WebPage\",\"@id\":\"https:\\\/\\\/www.berg-freunde.at\\\/blog\\\/jaemtland-outdoor-experience\\\/\",\"url\":\"https:\\\/\\\/www.berg-freunde.at\\\/blog\\\/jaemtland-outdoor-experience\\\/\",\"name\":\"J\u00e4mtland Outdoor Experience | Bergfreunde\",\"isPartOf\":{\"@id\":\"https:\\\/\\\/www.berg-freunde.at\\\/blog\\\/#website\"},\"primaryImageOfPage\":{\"@id\":\"https:\\\/\\\/www.berg-freunde.at\\\/blog\\\/jaemtland-outdoor-experience\\\/#primaryimage\"},\"image\":{\"@id\":\"https:\\\/\\\/www.berg-freunde.at\\\/blog\\\/jaemtland-outdoor-experience\\\/#primaryimage\"},\"thumbnailUrl\":\"https:\\\/\\\/www.berg-freunde.at\\\/blog\\\/wp-content\\\/uploads\\\/2018\\\/10\\\/20230824_Jaemtland_Titel.jpg\",\"datePublished\":\"2018-10-11T06:33:32+00:00\",\"dateModified\":\"2023-08-25T07:34:02+00:00\",\"description\":\"Also habe ich mit Vorfreude -und ohne lange zu \u00fcberlegen- zugesagt und die Flugtickets gebucht. Auf nach J\u00e4mtland, dem Land der Rentiere.\",\"breadcrumb\":{\"@id\":\"https:\\\/\\\/www.berg-freunde.at\\\/blog\\\/jaemtland-outdoor-experience\\\/#breadcrumb\"},\"inLanguage\":\"de-AT\",\"potentialAction\":[{\"@type\":\"ReadAction\",\"target\":[\"https:\\\/\\\/www.berg-freunde.at\\\/blog\\\/jaemtland-outdoor-experience\\\/\"]}]},{\"@type\":\"ImageObject\",\"inLanguage\":\"de-AT\",\"@id\":\"https:\\\/\\\/www.berg-freunde.at\\\/blog\\\/jaemtland-outdoor-experience\\\/#primaryimage\",\"url\":\"https:\\\/\\\/www.berg-freunde.at\\\/blog\\\/wp-content\\\/uploads\\\/2018\\\/10\\\/20230824_Jaemtland_Titel.jpg\",\"contentUrl\":\"https:\\\/\\\/www.berg-freunde.at\\\/blog\\\/wp-content\\\/uploads\\\/2018\\\/10\\\/20230824_Jaemtland_Titel.jpg\",\"width\":1440,\"height\":590},{\"@type\":\"BreadcrumbList\",\"@id\":\"https:\\\/\\\/www.berg-freunde.at\\\/blog\\\/jaemtland-outdoor-experience\\\/#breadcrumb\",\"itemListElement\":[{\"@type\":\"ListItem\",\"position\":1,\"name\":\"Blog\",\"item\":\"https:\\\/\\\/www.berg-freunde.at\\\/blog\\\/\"},{\"@type\":\"ListItem\",\"position\":2,\"name\":\"Bergfreunde\",\"item\":\"https:\\\/\\\/www.berg-freunde.at\\\/blog\\\/category\\\/bergfreunde\\\/\"},{\"@type\":\"ListItem\",\"position\":3,\"name\":\"J\u00e4mtland Outdoor Experience &#8211; Zur Produktschulung nach Schweden\"}]},{\"@type\":\"WebSite\",\"@id\":\"https:\\\/\\\/www.berg-freunde.at\\\/blog\\\/#website\",\"url\":\"https:\\\/\\\/www.berg-freunde.at\\\/blog\\\/\",\"name\":\"Bergfreunde\",\"description\":\"Blog\",\"publisher\":{\"@id\":\"https:\\\/\\\/www.berg-freunde.at\\\/blog\\\/#organization\"},\"potentialAction\":[{\"@type\":\"SearchAction\",\"target\":{\"@type\":\"EntryPoint\",\"urlTemplate\":\"https:\\\/\\\/www.berg-freunde.at\\\/blog\\\/?s={search_term_string}\"},\"query-input\":{\"@type\":\"PropertyValueSpecification\",\"valueRequired\":true,\"valueName\":\"search_term_string\"}}],\"inLanguage\":\"de-AT\"},{\"@type\":\"Organization\",\"@id\":\"https:\\\/\\\/www.berg-freunde.at\\\/blog\\\/#organization\",\"name\":\"Bergfreunde\",\"url\":\"https:\\\/\\\/www.berg-freunde.at\\\/blog\\\/\",\"logo\":{\"@type\":\"ImageObject\",\"inLanguage\":\"de-AT\",\"@id\":\"https:\\\/\\\/www.berg-freunde.at\\\/blog\\\/#\\\/schema\\\/logo\\\/image\\\/\",\"url\":\"https:\\\/\\\/www.berg-freunde.at\\\/blog\\\/wp-content\\\/uploads\\\/2023\\\/12\\\/Bergfreunde_DE_rgb.svg\",\"contentUrl\":\"https:\\\/\\\/www.berg-freunde.at\\\/blog\\\/wp-content\\\/uploads\\\/2023\\\/12\\\/Bergfreunde_DE_rgb.svg\",\"caption\":\"Bergfreunde\"},\"image\":{\"@id\":\"https:\\\/\\\/www.berg-freunde.at\\\/blog\\\/#\\\/schema\\\/logo\\\/image\\\/\"},\"sameAs\":[\"https:\\\/\\\/www.facebook.com\\\/bergfreunde\",\"https:\\\/\\\/www.instagram.com\\\/bergfreundede\\\/\"]},{\"@type\":\"Person\",\"@id\":\"https:\\\/\\\/www.berg-freunde.at\\\/blog\\\/#\\\/schema\\\/person\\\/dec2e426c69d605843d0204e09decd9b\",\"name\":\"Robert\",\"url\":\"https:\\\/\\\/www.berg-freunde.at\\\/blog\\\/about\\\/robert-marz\\\/\"}]}<\/script>\n<!-- \/ Yoast SEO Premium plugin. -->","yoast_head_json":{"title":"J\u00e4mtland Outdoor Experience | Bergfreunde","description":"Also habe ich mit Vorfreude -und ohne lange zu \u00fcberlegen- zugesagt und die Flugtickets gebucht. Auf nach J\u00e4mtland, dem Land der Rentiere.","robots":{"index":"index","follow":"follow","max-snippet":"max-snippet:-1","max-image-preview":"max-image-preview:large","max-video-preview":"max-video-preview:-1"},"canonical":"https:\/\/www.berg-freunde.at\/blog\/jaemtland-outdoor-experience\/","og_locale":"de_DE","og_type":"article","og_title":"J\u00e4mtland Outdoor Experience - Zur Produktschulung nach Schweden","og_description":"Also habe ich mit Vorfreude -und ohne lange zu \u00fcberlegen- zugesagt und die Flugtickets gebucht. Auf nach J\u00e4mtland, dem Land der Rentiere.","og_url":"https:\/\/www.berg-freunde.at\/blog\/jaemtland-outdoor-experience\/","og_site_name":"Bergfreunde","article_publisher":"https:\/\/www.facebook.com\/bergfreunde","article_published_time":"2018-10-11T06:33:32+00:00","article_modified_time":"2023-08-25T07:34:02+00:00","og_image":[{"width":1440,"height":590,"url":"https:\/\/www.berg-freunde.at\/blog\/wp-content\/uploads\/2018\/10\/20230824_Jaemtland_Titel.jpg","type":"image\/jpeg"}],"author":"Robert","twitter_card":"summary_large_image","twitter_misc":{"Verfasst von":"Robert","Gesch\u00e4tzte Lesezeit":"10 Minuten"},"schema":{"@context":"https:\/\/schema.org","@graph":[{"@type":["Article","BlogPosting"],"@id":"https:\/\/www.berg-freunde.at\/blog\/jaemtland-outdoor-experience\/#article","isPartOf":{"@id":"https:\/\/www.berg-freunde.at\/blog\/jaemtland-outdoor-experience\/"},"author":{"name":"Robert","@id":"https:\/\/www.berg-freunde.at\/blog\/#\/schema\/person\/dec2e426c69d605843d0204e09decd9b"},"headline":"J\u00e4mtland Outdoor Experience &#8211; Zur Produktschulung nach Schweden","datePublished":"2018-10-11T06:33:32+00:00","dateModified":"2023-08-25T07:34:02+00:00","mainEntityOfPage":{"@id":"https:\/\/www.berg-freunde.at\/blog\/jaemtland-outdoor-experience\/"},"wordCount":1976,"commentCount":2,"publisher":{"@id":"https:\/\/www.berg-freunde.at\/blog\/#organization"},"image":{"@id":"https:\/\/www.berg-freunde.at\/blog\/jaemtland-outdoor-experience\/#primaryimage"},"thumbnailUrl":"https:\/\/www.berg-freunde.at\/blog\/wp-content\/uploads\/2018\/10\/20230824_Jaemtland_Titel.jpg","keywords":["Wandern &amp; Trekking"],"articleSection":["Bergfreunde"],"inLanguage":"de-AT","potentialAction":[{"@type":"CommentAction","name":"Comment","target":["https:\/\/www.berg-freunde.at\/blog\/jaemtland-outdoor-experience\/#respond"]}]},{"@type":"WebPage","@id":"https:\/\/www.berg-freunde.at\/blog\/jaemtland-outdoor-experience\/","url":"https:\/\/www.berg-freunde.at\/blog\/jaemtland-outdoor-experience\/","name":"J\u00e4mtland Outdoor Experience | Bergfreunde","isPartOf":{"@id":"https:\/\/www.berg-freunde.at\/blog\/#website"},"primaryImageOfPage":{"@id":"https:\/\/www.berg-freunde.at\/blog\/jaemtland-outdoor-experience\/#primaryimage"},"image":{"@id":"https:\/\/www.berg-freunde.at\/blog\/jaemtland-outdoor-experience\/#primaryimage"},"thumbnailUrl":"https:\/\/www.berg-freunde.at\/blog\/wp-content\/uploads\/2018\/10\/20230824_Jaemtland_Titel.jpg","datePublished":"2018-10-11T06:33:32+00:00","dateModified":"2023-08-25T07:34:02+00:00","description":"Also habe ich mit Vorfreude -und ohne lange zu \u00fcberlegen- zugesagt und die Flugtickets gebucht. Auf nach J\u00e4mtland, dem Land der Rentiere.","breadcrumb":{"@id":"https:\/\/www.berg-freunde.at\/blog\/jaemtland-outdoor-experience\/#breadcrumb"},"inLanguage":"de-AT","potentialAction":[{"@type":"ReadAction","target":["https:\/\/www.berg-freunde.at\/blog\/jaemtland-outdoor-experience\/"]}]},{"@type":"ImageObject","inLanguage":"de-AT","@id":"https:\/\/www.berg-freunde.at\/blog\/jaemtland-outdoor-experience\/#primaryimage","url":"https:\/\/www.berg-freunde.at\/blog\/wp-content\/uploads\/2018\/10\/20230824_Jaemtland_Titel.jpg","contentUrl":"https:\/\/www.berg-freunde.at\/blog\/wp-content\/uploads\/2018\/10\/20230824_Jaemtland_Titel.jpg","width":1440,"height":590},{"@type":"BreadcrumbList","@id":"https:\/\/www.berg-freunde.at\/blog\/jaemtland-outdoor-experience\/#breadcrumb","itemListElement":[{"@type":"ListItem","position":1,"name":"Blog","item":"https:\/\/www.berg-freunde.at\/blog\/"},{"@type":"ListItem","position":2,"name":"Bergfreunde","item":"https:\/\/www.berg-freunde.at\/blog\/category\/bergfreunde\/"},{"@type":"ListItem","position":3,"name":"J\u00e4mtland Outdoor Experience &#8211; Zur Produktschulung nach Schweden"}]},{"@type":"WebSite","@id":"https:\/\/www.berg-freunde.at\/blog\/#website","url":"https:\/\/www.berg-freunde.at\/blog\/","name":"Bergfreunde","description":"Blog","publisher":{"@id":"https:\/\/www.berg-freunde.at\/blog\/#organization"},"potentialAction":[{"@type":"SearchAction","target":{"@type":"EntryPoint","urlTemplate":"https:\/\/www.berg-freunde.at\/blog\/?s={search_term_string}"},"query-input":{"@type":"PropertyValueSpecification","valueRequired":true,"valueName":"search_term_string"}}],"inLanguage":"de-AT"},{"@type":"Organization","@id":"https:\/\/www.berg-freunde.at\/blog\/#organization","name":"Bergfreunde","url":"https:\/\/www.berg-freunde.at\/blog\/","logo":{"@type":"ImageObject","inLanguage":"de-AT","@id":"https:\/\/www.berg-freunde.at\/blog\/#\/schema\/logo\/image\/","url":"https:\/\/www.berg-freunde.at\/blog\/wp-content\/uploads\/2023\/12\/Bergfreunde_DE_rgb.svg","contentUrl":"https:\/\/www.berg-freunde.at\/blog\/wp-content\/uploads\/2023\/12\/Bergfreunde_DE_rgb.svg","caption":"Bergfreunde"},"image":{"@id":"https:\/\/www.berg-freunde.at\/blog\/#\/schema\/logo\/image\/"},"sameAs":["https:\/\/www.facebook.com\/bergfreunde","https:\/\/www.instagram.com\/bergfreundede\/"]},{"@type":"Person","@id":"https:\/\/www.berg-freunde.at\/blog\/#\/schema\/person\/dec2e426c69d605843d0204e09decd9b","name":"Robert","url":"https:\/\/www.berg-freunde.at\/blog\/about\/robert-marz\/"}]}},"_links":{"self":[{"href":"https:\/\/www.berg-freunde.at\/blog\/wp-json\/wp\/v2\/posts\/68223","targetHints":{"allow":["GET"]}}],"collection":[{"href":"https:\/\/www.berg-freunde.at\/blog\/wp-json\/wp\/v2\/posts"}],"about":[{"href":"https:\/\/www.berg-freunde.at\/blog\/wp-json\/wp\/v2\/types\/post"}],"author":[{"embeddable":true,"href":"https:\/\/www.berg-freunde.at\/blog\/wp-json\/wp\/v2\/users\/34"}],"replies":[{"embeddable":true,"href":"https:\/\/www.berg-freunde.at\/blog\/wp-json\/wp\/v2\/comments?post=68223"}],"version-history":[{"count":0,"href":"https:\/\/www.berg-freunde.at\/blog\/wp-json\/wp\/v2\/posts\/68223\/revisions"}],"wp:featuredmedia":[{"embeddable":true,"href":"https:\/\/www.berg-freunde.at\/blog\/wp-json\/wp\/v2\/media\/99626"}],"wp:attachment":[{"href":"https:\/\/www.berg-freunde.at\/blog\/wp-json\/wp\/v2\/media?parent=68223"}],"wp:term":[{"taxonomy":"category","embeddable":true,"href":"https:\/\/www.berg-freunde.at\/blog\/wp-json\/wp\/v2\/categories?post=68223"},{"taxonomy":"post_tag","embeddable":true,"href":"https:\/\/www.berg-freunde.at\/blog\/wp-json\/wp\/v2\/tags?post=68223"},{"taxonomy":"post_folder","embeddable":true,"href":"https:\/\/www.berg-freunde.at\/blog\/wp-json\/wp\/v2\/post_folder?post=68223"}],"curies":[{"name":"wp","href":"https:\/\/api.w.org\/{rel}","templated":true}]}}