{"id":68013,"date":"2019-01-25T08:52:04","date_gmt":"2019-01-25T06:52:04","guid":{"rendered":"https:\/\/www.bergfreunde.de\/blog\/sportklettern-auf-mallorca\/"},"modified":"2023-07-26T15:09:22","modified_gmt":"2023-07-26T13:09:22","slug":"sportklettern-auf-mallorca","status":"publish","type":"post","link":"https:\/\/www.berg-freunde.at\/blog\/sportklettern-auf-mallorca\/","title":{"rendered":"Der Sonne hinterher \u2013 Sportklettern auf Mallorca"},"content":{"rendered":"\n<p>W\u00e4hrend Deutschland im Fr\u00fchjahr 2019 unter Schneemassen versinkt &#8211; naja, zumindest gro\u00dfe Teile von Deutschland &#8211; scheint auf Mallorca bei lauschigen 15 Grad die Sonne. Perfekt f\u00fcr alle, die Sehnsucht nach Fels haben. Und so wollten auch wir diese Saison dem Winter-Blues erst gar keine Chance geben und entflohen kurzerhand der K\u00e4lte, um noch ein bisschen Gestein unter die Finger zu bekommen &#8211; beim Klettern auf Mallorca.<\/p>\n\n\n\n<p>Schon am Flughafen in Palma wurde uns der Temperaturunterschied bewusst: eingepackt in <a href=\"https:\/\/www.berg-freunde.at\/daunenjacken\/\">Daunenjacken<\/a>, war&#8217;s dann gleich zu warm.\u00a0Ganz unkompliziert konnten wir unser Mietauto in Besitz nehmen und machten uns auf den Weg Richtung Santanyi, im S\u00fcdosten der Insel. In der N\u00e4he davon liegt sich Cales de Mallorca, ein Ortsteil der Gemeinde, in der sich unsere Unterkunft befindet. Der Ort liegt strategisch g\u00fcnstig, wenn man bei w\u00e4rmeren Temperaturen in den Genuss der besten DWS-Spots (Deep Water Soloing) kommen m\u00f6chte, aber auch f\u00fcr zahlreiche Gebiete zum Klettern auf Mallorca direkt am Meer an der s\u00fcd\u00f6stlichen K\u00fcste.<\/p>\n\n\n<div class=\"wp-block-image\">\n<figure class=\"alignright size-large is-resized\"><a href=\"https:\/\/www.bergfreunde.de\/blog\/wp-content\/uploads\/2021\/05\/Sportklettern-auf-Mallorca-Kletterparadies-2.jpg\"><img fetchpriority=\"high\" decoding=\"async\" src=\"https:\/\/www.bergfreunde.de\/blog\/wp-content\/uploads\/2021\/05\/Sportklettern-auf-Mallorca-Kletterparadies-2.jpg\" alt=\"Mallorca ist ein wahres Kletterparadies - im Sommer, wie auch im Winter.\" width=\"350\" height=\"264\"\/><\/a><figcaption class=\"wp-element-caption\">Egal ob im Sommer oder im Winter \u2013 Mallorca ist ein wahres Kletterparadies.<\/figcaption><\/figure>\n<\/div>\n\n\n<h2 class=\"wp-block-heading\" id=\"h-cala-santanyi-tijuana\"><strong>Cala Santanyi \u2013 Tijuana <\/strong><\/h2>\n\n\n\n<p>Da so eine Anreise immer etwas erm\u00fcdet, entschieden wir uns, den ersten Klettertag direkt in der N\u00e4he zu verbringen.\u00a0Die<strong> Cala Santanyi <\/strong>(Cala bedeutet soviel wie Bucht) oder auch <strong>Tijuana<\/strong> liegt s\u00fcdlich von Cales de Mallorca und ist in einer halben Stunde mit dem Auto zu erreichen. Parken l\u00e4sst es sich problemlos in der kleinen Ortschaft, und der Klettergarten ist deutlich beschildert. Man erreicht die Felsen durch einen f\u00fcnfmin\u00fctigen Zustieg, der mehr ein <strong>Abstieg Richtung Meer<\/strong> ist. Vom Leuchtturm wandert man auf dem rechten Pfad, der direkt zum Meer hinunterf\u00fchrt und durch welchen man schon im ersten Sektor landet.<\/p>\n\n\n\n<p>Das Klettergebiet ist einfach traumhaft gelegen! Die s\u00fcdliche Ausrichtung verspricht auch im November und Dezember noch <strong>hervorragende Temperaturen<\/strong> und dank <strong>viel Sonneneinstrahlung<\/strong> tankt man genug Vitamin D. Im Winter kann man getrost auf den Sonnenhut verzichten, im Sommer sollte er aber definitiv auf die R\u00fcbe.\u00a0Im Hintergrund rauscht unentwegt die Brandung &#8211; richtig romantisch, das Klettern auf Mallorca.<\/p>\n\n\n\n<h3 class=\"wp-block-heading\">Empfohlene Routen<\/h3>\n\n\n<div class=\"wp-block-image\">\n<figure class=\"alignright size-large is-resized\"><a href=\"https:\/\/www.bergfreunde.de\/blog\/wp-content\/uploads\/2021\/05\/Sportklettern-auf-Mallorca-Cala-Santanyi-Tijuana-2.jpg\"><img decoding=\"async\" src=\"https:\/\/www.bergfreunde.de\/blog\/wp-content\/uploads\/2021\/05\/Sportklettern-auf-Mallorca-Cala-Santanyi-Tijuana-2.jpg\" alt=\"Der DWS-Spot &quot;Es Pontas&quot;.\" width=\"350\" height=\"264\"\/><\/a><figcaption class=\"wp-element-caption\">Dieser Torbogen, bekannt als &#8222;Es Pontas&#8220;, ist nicht nur ein beliebter DWS-Spot, sondern auch eine der h\u00e4rtesten DWS-Klettertouren der Welt.<\/figcaption><\/figure>\n<\/div>\n\n\n<p>Direkt am Felsvorsprung sind viele <strong>Routen<\/strong> zum Klettern zu finden: angefangen von Einsteiger- und Genusstouren am linken Rand des Gebietes \u00fcber plattige Herausforderungen im mittleren Sektor, bis hin zu \u00fcberh\u00e4ngenden Routen am rechten Eck. Obwohl das Gebiet direkt am Meer liegt, ist die Felsqualit\u00e4t hervorragend, kaum speckig und auch die Absicherung erfreut sich solider Qualit\u00e4t. Trotzdem schadet es nicht, wenn man vorsichtshalber ein paar Keile dabei hat. Ab und zu tut sich ein Riss im Kalkstein auf, den man wunderbar selbst absichern kann.<\/p>\n\n\n\n<p>Zum Sichern kann man jeder Zeit sehr bequem stehen, doch durch die steil abfallenden Klippen ist das Gebiet nur bedingt familienfreundlich.\u00a0Die Routen sind zwar maximal 30 Meter lang, bieten aber abwechslungsreiche Klettereien mit viel Bewegungsvielfalt.<\/p>\n\n\n\n<p>Ein besonderer Hingucker ist der <strong>DWS-Spot<\/strong> direkt gegen\u00fcber. Der Torbogen ist nicht nur beeindruckend anzusehen, sondern beherbergt auch eine der h\u00e4rtesten DWS-Klettertouren der Welt.&nbsp;<strong>&#8222;Es Pontas&#8220; <\/strong>checkt bei 9a+\/b ein und wurde bisher nur selten wiederholt. Mir wurde beim blo\u00dfen Anblick schon schlecht. Diese Linie werde ich wohl nicht klettern, zumindest nicht in diesem Urlaub ;-)<\/p>\n\n\n<div class=\"wp-block-image\">\n<figure class=\"alignright size-large is-resized\"><a href=\"https:\/\/www.bergfreunde.de\/blog\/wp-content\/uploads\/2021\/05\/Sportklettern-auf-Mallorca-Cala-Magraner.jpg\"><img decoding=\"async\" src=\"https:\/\/www.bergfreunde.de\/blog\/wp-content\/uploads\/2021\/05\/Sportklettern-auf-Mallorca-Cala-Magraner.jpg\" alt=\"Das Klettergebiet Cala Santanyi \u2013 Tijuana liegt traumhaft am Meer.\" width=\"350\" height=\"264\"\/><\/a><figcaption class=\"wp-element-caption\">Das Gebiet in der Cala Magraner l\u00e4dt zum Klettern und Baden ein.<\/figcaption><\/figure>\n<\/div>\n\n\n<h2 class=\"wp-block-heading\" id=\"h-urlaubsfeeling-in-der-cala-magraner\"><strong>Urlaubsfeeling in der Cala Magraner<\/strong><\/h2>\n\n\n\n<p>F\u00fcr Familien ist das Klettergebiet in der <strong>Cala Magraner<\/strong> perfekt geeignet. Der Parkplatz zur Bucht liegt direkt vor Cales de Mallorca und ist deutlich zu sehen. Man folgt der Stra\u00dfe bis zur Steinmauer, \u00fcbersteigt diese und geht nun gem\u00fctlich f\u00fcr zwanzig Minuten auf einem flachen Weg durch Weidegebiete und W\u00e4lder, bis man den ersten und schwersten Sektor des Gebietes erreicht.<\/p>\n\n\n\n<p>Doch die eigentlichen Schmankerl findet man <strong>eine Station weiter <\/strong>und direkt am Meer. Die malerische Bucht ist au\u00dferhalb der Saison einsam und verlassen und man kann sich an der s\u00fcdlich ausgerichteten Wand austoben. Selbst im November ist hier ein Sonnenschutz empfehlenswert. Der Kalkstein ist vielseitig, von <strong>Sintern bis Platten<\/strong> findet jeder was und die Routen sind gut abgesichert. Je nachdem, wie hoch das Meer gerade steht, kommen noch ein paar tolle Routen hinzu, die man ganz rechts im Gebiet findet.\u00a0Bei Flut muss man leider verzichten. Das kleine Paradies mag man gar nicht mehr verlassen, zumal man bei w\u00e4rmeren Temperaturen auch gleich <strong>Baden<\/strong> gehen kann.<\/p>\n\n\n\n<h2 class=\"wp-block-heading\" id=\"h-ein-spielplatz-fur-abenteurer-klettern-auf-mallorca\"><strong>Ein Spielplatz f\u00fcr Abenteurer<\/strong> &#8211; Klettern auf Mallorca<\/h2>\n\n\n<div class=\"wp-block-image\">\n<figure class=\"alignright size-large is-resized\"><a href=\"https:\/\/www.bergfreunde.de\/blog\/wp-content\/uploads\/2021\/05\/Sportklettern-auf-Mallorca-Gestein-El-Calo-del-Betlem.jpg\"><img loading=\"lazy\" decoding=\"async\" src=\"https:\/\/www.bergfreunde.de\/blog\/wp-content\/uploads\/2021\/05\/Sportklettern-auf-Mallorca-Gestein-El-Calo-del-Betlem.jpg\" alt=\"Die Felsw\u00e4nde des El Calo del Betlem.\" width=\"250\" height=\"335\"\/><\/a><figcaption class=\"wp-element-caption\">Kurz und knackig geht es an den Felsw\u00e4nden des El Calo del Betlem zu.<\/figcaption><\/figure>\n<\/div>\n\n\n<p>Einen etwas anderen Charakter weist das Gebiet <strong>El Calo del Betlem <\/strong>auf. Man erreicht es bequem, indem man nach Betlem f\u00e4hrt, im Ort parkt und dem gro\u00dfen Wanderweg folgt. Der Felsen kommt nach etwa zwanzig Minuten, direkt neben dem Weg.<\/p>\n\n\n\n<p>Das kleine Gebiet beinhaltet rund <strong>22 Routen<\/strong> von 5 bis 7b, jedoch sollte man eine solide 6b klettern k\u00f6nnen, um hier auf seine Kosten zu kommen. Charakteristisch f\u00fcr dieses Gebiet ist die <strong>Plattenkletterei<\/strong>, die nicht jedem liegt.<strong> Kurz und knackig <\/strong>ist hier das Motto, denn l\u00e4nger als 20 Meter klettert man nicht. Die Absicherung ist im gro\u00dfen und ganzen okay, doch sollte man trotzdem die Augen offen halten, da einige der Haken ziemlich verrostet sind, und auch die Umlenker sollte man genau checken.<\/p>\n\n\n\n<p>Ein Abenteuergebiet mit fantastischer Aussicht bis zum n\u00f6rdlichsten Punkt der Insel. F\u00fcr Familien ist das Gebiet tauglich, zum Meer muss man aber noch einige Meter absteigen.<\/p>\n\n\n\n<h2 class=\"wp-block-heading\" id=\"h-lochklettern-in-den-bergen-auf-mallorca\"><strong>Lochklettern in den Bergen auf Mallorca<\/strong><\/h2>\n\n\n\n<p>Doch Mallorca hat nicht nur Buchten und t\u00fcrkises Meer zu bieten, sondern in der bergigen Region auch romantische Olivenh\u00e4nge mit spannenden Klettergebieten.<\/p>\n\n\n\n<p>Das Gebiet <strong>Caimari <\/strong>liegt neben der Autoroute nach Soller (den Parkplatz kann man kaum verpassen). Es besteht aus insgesamt<strong> drei Sektoren<\/strong>, die relativ nah beieinander liegen:<\/p>\n\n\n<div class=\"wp-block-image\">\n<figure class=\"alignright size-large is-resized\"><a href=\"https:\/\/www.bergfreunde.de\/blog\/wp-content\/uploads\/2021\/05\/Sportklettern-auf-Mallorca-Marianne-Muro-de-Caimari.jpg\"><img loading=\"lazy\" decoding=\"async\" src=\"https:\/\/www.bergfreunde.de\/blog\/wp-content\/uploads\/2021\/05\/Sportklettern-auf-Mallorca-Marianne-Muro-de-Caimari.jpg\" alt=\"Marianne in Action.\" width=\"251\" height=\"335\"\/><\/a><figcaption class=\"wp-element-caption\">Marianne in Action im &#8222;Muro de Caimari&#8220; Sektor.<\/figcaption><\/figure>\n<\/div>\n\n\n<p>Der Sektor <strong>&#8222;Hairpin Wall&#8220;<\/strong> wird zu Unrecht als nicht lohnend beschrieben. Zum Einen ist er bequem \u00fcber den Wanderweg zu erreichen und zum Anderen sehr familienfreundlich, da viele leichtere Touren, die gut abgesichert sind, vorhanden sind. Umgeben ist man von bezaubernder Natur, mitten in den Bergen. Der Sektor<strong> &#8222;Cueva&#8220; <\/strong>lockt mit harten, \u00fcberhangenden Touren von 7a+ bis 8c. Auch ein paar Boulderer sind hier zu finden.<\/p>\n\n\n\n<p>F\u00fcr die Freunde des Lochkletterns ist jedoch der Sektor <strong>&#8222;Muro de Caimari&#8220; <\/strong>am besten, da man hier von 6a bis 7b alles findet und die Absicherung fantastisch ist. In&nbsp;&#8222;Muro de Caimari&#8220; f\u00fchlen sich Kinder aber nicht sehr wohl, da das bewaldete Gebiet sehr absch\u00fcssig ist. Jeden der Sektoren erreicht man bequem zu Fu\u00df.<\/p>\n\n\n\n<p>Damit ist nur ein kleiner Auszug, der zahlreichen Gebiete beschrieben, ganz zu schweigen von den \u00fcberragenden M\u00f6glichkeiten, im Sommer einige\u00a0DWS-Linien in Angriff zu nehmen.<\/p>\n\n\n\n<h2 class=\"wp-block-heading\" id=\"h-das-wilde-ende-der-insel-kap-formentor\"><strong>Das wilde Ende der Insel \u2013 Kap Formentor<\/strong><\/h2>\n\n\n\n<p>Da der Winter auch Mallorca erreicht, sollte man sich -obwohl mit Schnee eher nicht zu rechnen ist- genug <strong>Alternativen f\u00fcr regnerische Tage<\/strong> zurechtlegen, um die Insel mit all ihren Facetten kennenzulernen &#8211; abseits vom Klettern.<\/p>\n\n\n<div class=\"wp-block-image\">\n<figure class=\"alignright size-large is-resized\"><a href=\"https:\/\/www.bergfreunde.de\/blog\/wp-content\/uploads\/2021\/05\/Sportklettern-auf-Mallorca-Leuchtturm.jpg\"><img loading=\"lazy\" decoding=\"async\" src=\"https:\/\/www.bergfreunde.de\/blog\/wp-content\/uploads\/2021\/05\/Sportklettern-auf-Mallorca-Leuchtturm.jpg\" alt=\"Auch an regnerischen Tagen hat Mallorca einiges zu bieten \u2013 so zum Beispiel der Leuchtturm &quot;Far de Formentor&quot;\" width=\"350\" height=\"263\"\/><\/a><figcaption class=\"wp-element-caption\">An regnerischen Tagen kann man beispielsweise den Leuchtturm Far de Formentor besuchen.<\/figcaption><\/figure>\n<\/div>\n\n\n<p>Die Vielseitigkeit der Insel l\u00e4dt zu einer kleinen Rundreise ein, und so lockt das nord\u00f6stlichste Ende der Insel mit spektakul\u00e4ren Ausblicken. Nicht umsonst wird das <strong>Kap Formentor <\/strong>auch &#8222;Treffpunkt der Winde&#8220; genannt, denn windig ist es hier fast immer. Auf 384 Metern \u00fcber dem Meer steht der <strong>Far de Formentor\u00a0\u2013<\/strong>\u00a0ein Leuchtturm, der 1860 erbaut wurde. An guten Tagen kann man bis zur 40 Kilometer entfernten Insel Menorca sehen. Das raue Klima am n\u00f6rdlichen Ende der Insel formte die Felsen zu bizarren Landschaften und eindrucksvollen Buchten.<\/p>\n\n\n\n<p>Um zum Leuchtturm zu kommen, f\u00e4hrt man nach Port de Pollenca und durchquert die Halbinsel Formentor \u00fcber eine serpentinenreiche Stra\u00dfe, deren Ende auch das Ende der Insel ist. Neben der Stra\u00dfe grasen zahlreiche Ziegen und Schafe, die hier ihr freies Leben genie\u00dfen d\u00fcrfen, und immer wieder l\u00e4dt eine Aussichtsplattform zum Anhalten und staunen ein.<\/p>\n\n\n\n<h2 class=\"wp-block-heading\" id=\"h-kloster-lluc-in-den-bergen-mallorcas\"><strong>Kloster Lluc in den Bergen Mallorcas<\/strong><\/h2>\n\n\n<div class=\"wp-block-image\">\n<figure class=\"alignright size-large is-resized\"><a href=\"https:\/\/www.bergfreunde.de\/blog\/wp-content\/uploads\/2021\/05\/Sportklettern-auf-Mallorca-Aussicht-Serra-de-Tramuntana.jpg\"><img loading=\"lazy\" decoding=\"async\" src=\"https:\/\/www.bergfreunde.de\/blog\/wp-content\/uploads\/2021\/05\/Sportklettern-auf-Mallorca-Aussicht-Serra-de-Tramuntana.jpg\" alt=\"Wundersch\u00f6ne Aussicht \u00fcber Mallorcas nordwestlichen Gebirgszug Serra de Tramuntana.\" width=\"352\" height=\"266\"\/><\/a><figcaption class=\"wp-element-caption\">Eine wundersch\u00f6ne Aussicht gibt&#8217;s \u00fcber den Serra de Tramuntana.<\/figcaption><\/figure>\n<\/div>\n\n\n<p>Weiter geht&#8217;s durch die <strong>Serra de Tramuntana <\/strong>(dem Gebirgszug im Nordwesten), vorbei am <strong>Santuari de Santa Maria de Lluc <\/strong>(dem spirituellen Zentrum der gesamten Insel).<\/p>\n\n\n\n<p>Das gro\u00dfe Kloster beherbergt ein Gymnasium mit Internat, eine Wallfahrtskirche, ein Langhaus mit Unterk\u00fcnften und einen ausgedehnten botanischen Garten. J\u00e4hrlich z\u00e4hlt das Kloster knapp eine Millionen Besucher\u00a0\u2013 darunter viele Pilger, denn das Heiligtum von Lluc liegt direkt am <strong>Fernwanderweg GR 221. <\/strong>Es lohnt sich nicht nur, die reich geschm\u00fcckte Basilika zu besichtigen, sondern auch einen Blick in den gepflegten Garten zu werfen.<\/p>\n\n\n\n<h2 class=\"wp-block-heading\" id=\"h-obst-aus-soller\"><strong>Obst aus Soller<\/strong><\/h2>\n\n\n<div class=\"wp-block-image\">\n<figure class=\"alignleft size-large is-resized\"><a href=\"https:\/\/www.bergfreunde.de\/blog\/wp-content\/uploads\/2021\/05\/Sportklettern-auf-Mallorca-Soller.jpg\"><img loading=\"lazy\" decoding=\"async\" src=\"https:\/\/www.bergfreunde.de\/blog\/wp-content\/uploads\/2021\/05\/Sportklettern-auf-Mallorca-Soller.jpg\" alt=\"Der bekannte Ort Soller.\" width=\"350\" height=\"265\"\/><\/a><figcaption class=\"wp-element-caption\">Der bekannte Ort Soller.<\/figcaption><\/figure>\n<\/div>\n\n\n<p>Folgt man der bergigen Stra\u00dfe, erreicht man den bekannten Ort Soller. Neben einem gem\u00fctlichen Hafen und einer historischen Eisenbahn findet man am Rand von Soller einen weiteren botanischen Garten mit \u00fcber 400 heimischen Pflanzenarten.<\/p>\n\n\n\n<p>Die <strong>Obstplantagen<\/strong>, f\u00fcr die Soller bekannt ist, sind gleich au\u00dferhalb des Stadtkerns zu finden. Im Laden <strong>&#8222;Fet a Soller&#8220;<\/strong>, am Placa des Mercat im Zentrum, findet man s\u00e4mtliches heimisches Obst, spezielle Oliven\u00f6le und mediterrane Lebensmittel. Ob Mitbringsel oder Eigenbedarf, Spezialit\u00e4ten aus Mallorca gibt es in H\u00fclle und F\u00fclle.<\/p>\n\n\n\n<h2 class=\"wp-block-heading\" id=\"h-gemutliches-palma-und-ein-leerer-ballermann\"><strong>Gem\u00fctliches Palma und ein leerer Ballermann<\/strong><\/h2>\n\n\n\n<p>Auf dem R\u00fcckweg kommt man fast immer an <strong>Palma de Mallorca <\/strong>vorbei \u2013 der Hauptstadt von Mallorca, die nicht nur mit ihrer gro\u00dfen Kathedrale sehenswert ist. Palma ist Versorgungszentrum der Insel, mit dem gr\u00f6\u00dften Hafen, Flughafen und dem Regierungssitz.<\/p>\n\n\n<div class=\"wp-block-image\">\n<figure class=\"alignright size-large is-resized\"><a href=\"https:\/\/www.bergfreunde.de\/blog\/wp-content\/uploads\/2021\/05\/Sportklettern-auf-Mallorca-Palma-de-Mallorca-La-Seu.jpg\"><img loading=\"lazy\" decoding=\"async\" src=\"https:\/\/www.bergfreunde.de\/blog\/wp-content\/uploads\/2021\/05\/Sportklettern-auf-Mallorca-Palma-de-Mallorca-La-Seu.jpg\" alt=\"Die gotische Kirche La Seu in der Hauptstadt Mallorcas.\" width=\"250\" height=\"333\"\/><\/a><figcaption class=\"wp-element-caption\">Eine Hauptsehensw\u00fcrdigkeit ist die gotische Kirche La Seu in Palma de Mallorca.<\/figcaption><\/figure>\n<\/div>\n\n\n<p>Hauptsehensw\u00fcrdigkeit ist die gro\u00dfe, gotische Kirche <strong>&#8222;La Seu&#8220;<\/strong>,&nbsp;die sich in der Altstadt an der K\u00fcste befindet. Neben ihr liegt der Palast, der dem K\u00f6nig von Spanien als Residenz dient. Im eigentlichen Zentrum findet man, neben Caf\u00e9s und Restaurants, Unmengen an Shops und Boutiquen. Durch die engen Gassen erlebt man Palma eher wie ein Dorf als eine gro\u00dfe Stadt.<\/p>\n\n\n\n<p>Doch Mallorca w\u00e4re nicht Mallorca ohne die Ortschaft S&#8217;Arenal oder zu deutsch dem\u00a0<strong>Ballermann. <\/strong>Neben der Saison ist der Strand herrlich leer, was bedeutet, dass man nur vereinzelt ein paar Freunde des Alkohols findet.<\/p>\n\n\n\n<h2 class=\"wp-block-heading\" id=\"h-hotels-en-masse-campen-eher-weniger\"><strong>Hotels en masse \u2013 Campen eher weniger<\/strong><\/h2>\n\n\n\n<p>Grunds\u00e4tzlich strotzt Mallorca vor <strong>Appartements und Hotels<\/strong>, die im Sommer allesamt ge\u00f6ffnet sind. Falls man jedoch au\u00dferhalb der Saison f\u00e4hrt, wird die Suche etwas erschwert, aber dennoch ist es m\u00f6glich, in fast jedem Ort eine nette Unterkunft zu finden.<\/p>\n\n\n\n<p>Wer die Abgeschiedenheit sucht und lieber zum <strong>Campen<\/strong> geht, steht vor gr\u00f6\u00dferen Herausforderungen. Einerseits ist es in Mallorca nicht gerne gesehen, \u00fcberall sein <a href=\"https:\/\/www.berg-freunde.at\/zelte\/\">Zelt<\/a> aufzuschlagen, andererseits findet man nur selten Wohnmobile auf der Insel (nicht zuletzt durch die Kosten f\u00fcr die \u00dcberfahrt mit der F\u00e4hre).\u00a0Vor allem Hoteliers wehren sich gegen die Erschaffung von Campingpl\u00e4tzen, die ihnen das Gesch\u00e4ft vermiesen k\u00f6nnten.<\/p>\n\n\n\n<h3 class=\"wp-block-heading\">Wenige Campingpl\u00e4tze<\/h3>\n\n\n<div class=\"wp-block-image\">\n<figure class=\"alignleft size-large is-resized\"><a href=\"https:\/\/www.bergfreunde.de\/blog\/wp-content\/uploads\/2021\/05\/Sportklettern-auf-Mallorca-Meer.jpg\"><img loading=\"lazy\" decoding=\"async\" src=\"https:\/\/www.bergfreunde.de\/blog\/wp-content\/uploads\/2021\/05\/Sportklettern-auf-Mallorca-Meer.jpg\" alt=\"Hier l\u00e4sst es sich aushalten!\" width=\"350\" height=\"266\"\/><\/a><figcaption class=\"wp-element-caption\">Mit einer <a href=\"https:\/\/www.berg-freunde.at\/haengematten\/\">H\u00e4ngematte<\/a> w\u00fcrde es sich hier definitiv aushalten lassen!<\/figcaption><\/figure>\n<\/div>\n\n\n<p>Doch es gibt einige extra daf\u00fcr ausgewiesene Stellpl\u00e4tze f\u00fcr Camper, beispielsweise in <strong>Inca<\/strong>. Das ist aber auch der einzige &#8222;Campingplatz&#8220; f\u00fcr Mobile. Besser beraten ist man in der <strong>Cala Murada im Hipocampo<\/strong>, dem einzigen offiziellen Platz f\u00fcr faltbare Unterk\u00fcnfte auf der Insel. Alles, was ein Zeltlerherz begehrt, wird es hier finden. Falls man doch in der wilden Natur schlafen m\u00f6chte, ist man mit einer <strong>H\u00e4ngematte<\/strong> gut bedient, denn im Gegensatz zum Zelten werden hierf\u00fcr keine Strafen verh\u00e4ngt. Sch\u00f6nes Wetter ist nat\u00fcrlich Voraussetzung daf\u00fcr, und im November ist der Luxus eines festen Daches \u00fcber dem Kopf nicht zu verachten.<\/p>\n\n\n\n<p>Wer Ruhe am Felsen, in der Stadt und am Strand sucht, ist mit der winterlichen Jahreszeit bestens beraten. F\u00fcr <strong>Party-Tiger <\/strong>und Badefreunde ist klar der Sommer vorzuziehen, wobei die beste Zeit f\u00fcr DWS-Klettereien definitv der September ist. Angenehme Wassertemperatur, und keine erdr\u00fcckende Hitze mehr in der H\u00e4ngematte. Der Sp\u00e4therbst ist auch prima um die Insel zu Fu\u00df zu erleben, nicht umsonst gibt es viele <strong>Wander- und Pilgerwege.<\/strong><\/p>\n\n\n\n<p>Zur\u00fcck in Deutschland durften wir erstmal das Auto von Eis befreien und uns wieder mit der K\u00e4lte anfreunden. Der ein oder andere Gl\u00fchwein wird nun behilflich sein m\u00fcssen, um eine angenehme K\u00f6rpertemperatur zu erreichen&#8230;<\/p>\n\n\n\n<h2 class=\"wp-block-heading\" id=\"h-ein-paar-fakten-zur-orientierung-zum-klettern-auf-mallorca\">Ein paar Fakten zur Orientierung zum Klettern auf Mallorca<\/h2>\n\n\n\n<h3 class=\"wp-block-heading\" id=\"h-cala-santanyi-tijuana-1\"><strong>Cala Santanyi \u2013 Tijuana<\/strong><\/h3>\n\n\n\n<ul class=\"wp-block-list\">\n<li>Routen: \u00fcber 60 Touren von 4a bis 8a<\/li>\n\n\n\n<li>Wandh\u00f6he: maximal 30 Meter<\/li>\n\n\n\n<li>Absicherung: Bohrhaken (nach Belieben auch Keile)<\/li>\n\n\n\n<li>Zustieg: 5 Minuten vom Parkplatz zum Leuchtturm, rechter Pfad direkt ans Meer<\/li>\n\n\n\n<li>Exposition: S\u00fcd\/S\u00fcdwest<\/li>\n\n\n\n<li>Nur bedingt familienfreundlich durch steil abfallende Klippen<\/li>\n<\/ul>\n\n\n\n<h3 class=\"wp-block-heading\" id=\"h-cala-magraner\"><strong>Cala Magraner<\/strong><\/h3>\n\n\n\n<ul class=\"wp-block-list\">\n<li>Routen: \u00fcber 70 Touren von 3 bis 8a<\/li>\n\n\n\n<li>Wandh\u00f6he: maximal 23 Meter<\/li>\n\n\n\n<li>Absicherung: Bohrhaken<\/li>\n\n\n\n<li>Zustieg: 20 Minuten vom Parkplatz; nach Steinmauer dem breiten und einzigen Weg folgen<\/li>\n\n\n\n<li>Exposition: S\u00fcd<\/li>\n\n\n\n<li>Familienfreundlich mit direktem Zugang zum Meer<\/li>\n<\/ul>\n\n\n\n<h3 class=\"wp-block-heading\" id=\"h-el-calo-del-betlem\"><strong>El Calo del Betlem<\/strong><\/h3>\n\n\n\n<ul class=\"wp-block-list\">\n<li>Routen: knapp 22 Touren von 5 bis 7b<\/li>\n\n\n\n<li>Wandh\u00f6he: maximal 20 Meter<\/li>\n\n\n\n<li>Absicherung: Bohrhaken (Achtung bei Umlenker, teilweise verrostet)<\/li>\n\n\n\n<li>Zustieg: 20 Minuten vom Parkplatz in Betlem; breiter Wanderweg direkt zum Felsen<\/li>\n\n\n\n<li>Exposition: S\u00fcdost\/S\u00fcdwest<\/li>\n\n\n\n<li>Familienfreundlich, kein direkter Zugang zum Meer<\/li>\n<\/ul>\n\n\n\n<h3 class=\"wp-block-heading\" id=\"h-caimari\"><strong>Caimari<\/strong><\/h3>\n\n\n\n<ul class=\"wp-block-list\">\n<li>Routen: etwa 50 Routen verteilt auf 3 Sektoren von 4 bis 8c<\/li>\n\n\n\n<li>Wandh\u00f6he: maximal 30 Meter<\/li>\n\n\n\n<li>Absicherung: Bohrhaken (viele saniert)<\/li>\n\n\n\n<li>Zustieg: 5 &#8211; 10 Minuten, je nach Sektor, gut sichtbare Wege<\/li>\n\n\n\n<li>Exposition: West<\/li>\n\n\n\n<li>Bedingt familienfreundlich, je nach Sektor; Sektor Hairpin Wall absolut kindertauglich<\/li>\n<\/ul>\n","protected":false},"excerpt":{"rendered":"<p>W\u00e4hrend Deutschland im Fr\u00fchjahr 2019 unter Schneemassen versinkt &#8211; naja, zumindest gro\u00dfe Teile von Deutschland &#8211; scheint auf Mallorca bei lauschigen 15 Grad die Sonne. Perfekt f\u00fcr alle, die Sehnsucht nach Fels haben. Und so wollten auch wir diese Saison dem Winter-Blues erst gar keine Chance geben und entflohen kurzerhand der K\u00e4lte, um noch ein [&hellip;]<\/p>\n","protected":false},"author":15,"featured_media":89647,"comment_status":"open","ping_status":"closed","sticky":false,"template":"","format":"standard","meta":{"_acf_changed":false,"footnotes":""},"categories":[287],"tags":[262],"post_folder":[],"class_list":["post-68013","post","type-post","status-publish","format-standard","has-post-thumbnail","hentry","category-touren-reisetipps","tag-klettern-bouldern"],"acf":[],"yoast_head":"<!-- This site is optimized with the Yoast SEO Premium plugin v27.4 (Yoast SEO v27.4) - https:\/\/yoast.com\/product\/yoast-seo-premium-wordpress\/ -->\n<title>Der Sonne hinterher - Klettern auf Mallorca | Bergfreunde<\/title>\n<meta name=\"description\" content=\"Die Bergfreunde stellen euch in diesem Artikel die sch\u00f6nsten Spots zum Klettern auf Mallorca vor. F\u00fcr ambitionierte Sportkletterer.\" \/>\n<meta name=\"robots\" content=\"index, follow, max-snippet:-1, max-image-preview:large, max-video-preview:-1\" \/>\n<link rel=\"canonical\" href=\"https:\/\/www.berg-freunde.at\/blog\/sportklettern-auf-mallorca\/\" \/>\n<meta property=\"og:locale\" content=\"de_DE\" \/>\n<meta property=\"og:type\" content=\"article\" \/>\n<meta property=\"og:title\" content=\"Der Sonne hinterher \u2013 Sportklettern auf Mallorca\" \/>\n<meta property=\"og:description\" content=\"Die Bergfreunde stellen euch in diesem Artikel die sch\u00f6nsten Spots zum Klettern auf Mallorca vor. F\u00fcr ambitionierte Sportkletterer.\" \/>\n<meta property=\"og:url\" content=\"https:\/\/www.berg-freunde.at\/blog\/sportklettern-auf-mallorca\/\" \/>\n<meta property=\"og:site_name\" content=\"Bergfreunde\" \/>\n<meta property=\"article:publisher\" content=\"https:\/\/www.facebook.com\/bergfreunde\" \/>\n<meta property=\"article:published_time\" content=\"2019-01-25T06:52:04+00:00\" \/>\n<meta property=\"article:modified_time\" content=\"2023-07-26T13:09:22+00:00\" \/>\n<meta property=\"og:image\" content=\"https:\/\/www.berg-freunde.at\/blog\/wp-content\/uploads\/2019\/01\/20230626_Klettern-auf-Mallorca_Titel.jpg\" \/>\n\t<meta property=\"og:image:width\" content=\"1440\" \/>\n\t<meta property=\"og:image:height\" content=\"590\" \/>\n\t<meta property=\"og:image:type\" content=\"image\/jpeg\" \/>\n<meta name=\"author\" content=\"Marianne\" \/>\n<meta name=\"twitter:card\" content=\"summary_large_image\" \/>\n<meta name=\"twitter:label1\" content=\"Verfasst von\" \/>\n\t<meta name=\"twitter:data1\" content=\"Marianne\" \/>\n\t<meta name=\"twitter:label2\" content=\"Gesch\u00e4tzte Lesezeit\" \/>\n\t<meta name=\"twitter:data2\" content=\"11 Minuten\" \/>\n<script type=\"application\/ld+json\" class=\"yoast-schema-graph\">{\"@context\":\"https:\\\/\\\/schema.org\",\"@graph\":[{\"@type\":[\"Article\",\"BlogPosting\"],\"@id\":\"https:\\\/\\\/www.berg-freunde.at\\\/blog\\\/sportklettern-auf-mallorca\\\/#article\",\"isPartOf\":{\"@id\":\"https:\\\/\\\/www.berg-freunde.at\\\/blog\\\/sportklettern-auf-mallorca\\\/\"},\"author\":{\"name\":\"Marianne\",\"@id\":\"https:\\\/\\\/www.berg-freunde.at\\\/blog\\\/#\\\/schema\\\/person\\\/4cfd1485216462ac0ac14e82a96b8079\"},\"headline\":\"Der Sonne hinterher \u2013 Sportklettern auf Mallorca\",\"datePublished\":\"2019-01-25T06:52:04+00:00\",\"dateModified\":\"2023-07-26T13:09:22+00:00\",\"mainEntityOfPage\":{\"@id\":\"https:\\\/\\\/www.berg-freunde.at\\\/blog\\\/sportklettern-auf-mallorca\\\/\"},\"wordCount\":2244,\"commentCount\":0,\"publisher\":{\"@id\":\"https:\\\/\\\/www.berg-freunde.at\\\/blog\\\/#organization\"},\"image\":{\"@id\":\"https:\\\/\\\/www.berg-freunde.at\\\/blog\\\/sportklettern-auf-mallorca\\\/#primaryimage\"},\"thumbnailUrl\":\"https:\\\/\\\/www.berg-freunde.at\\\/blog\\\/wp-content\\\/uploads\\\/2019\\\/01\\\/20230626_Klettern-auf-Mallorca_Titel.jpg\",\"keywords\":[\"Klettern &amp; Bouldern\"],\"articleSection\":[\"Touren &amp; Reisetipps\"],\"inLanguage\":\"de-AT\",\"potentialAction\":[{\"@type\":\"CommentAction\",\"name\":\"Comment\",\"target\":[\"https:\\\/\\\/www.berg-freunde.at\\\/blog\\\/sportklettern-auf-mallorca\\\/#respond\"]}]},{\"@type\":\"WebPage\",\"@id\":\"https:\\\/\\\/www.berg-freunde.at\\\/blog\\\/sportklettern-auf-mallorca\\\/\",\"url\":\"https:\\\/\\\/www.berg-freunde.at\\\/blog\\\/sportklettern-auf-mallorca\\\/\",\"name\":\"Der Sonne hinterher - Klettern auf Mallorca | Bergfreunde\",\"isPartOf\":{\"@id\":\"https:\\\/\\\/www.berg-freunde.at\\\/blog\\\/#website\"},\"primaryImageOfPage\":{\"@id\":\"https:\\\/\\\/www.berg-freunde.at\\\/blog\\\/sportklettern-auf-mallorca\\\/#primaryimage\"},\"image\":{\"@id\":\"https:\\\/\\\/www.berg-freunde.at\\\/blog\\\/sportklettern-auf-mallorca\\\/#primaryimage\"},\"thumbnailUrl\":\"https:\\\/\\\/www.berg-freunde.at\\\/blog\\\/wp-content\\\/uploads\\\/2019\\\/01\\\/20230626_Klettern-auf-Mallorca_Titel.jpg\",\"datePublished\":\"2019-01-25T06:52:04+00:00\",\"dateModified\":\"2023-07-26T13:09:22+00:00\",\"description\":\"Die Bergfreunde stellen euch in diesem Artikel die sch\u00f6nsten Spots zum Klettern auf Mallorca vor. F\u00fcr ambitionierte Sportkletterer.\",\"breadcrumb\":{\"@id\":\"https:\\\/\\\/www.berg-freunde.at\\\/blog\\\/sportklettern-auf-mallorca\\\/#breadcrumb\"},\"inLanguage\":\"de-AT\",\"potentialAction\":[{\"@type\":\"ReadAction\",\"target\":[\"https:\\\/\\\/www.berg-freunde.at\\\/blog\\\/sportklettern-auf-mallorca\\\/\"]}]},{\"@type\":\"ImageObject\",\"inLanguage\":\"de-AT\",\"@id\":\"https:\\\/\\\/www.berg-freunde.at\\\/blog\\\/sportklettern-auf-mallorca\\\/#primaryimage\",\"url\":\"https:\\\/\\\/www.berg-freunde.at\\\/blog\\\/wp-content\\\/uploads\\\/2019\\\/01\\\/20230626_Klettern-auf-Mallorca_Titel.jpg\",\"contentUrl\":\"https:\\\/\\\/www.berg-freunde.at\\\/blog\\\/wp-content\\\/uploads\\\/2019\\\/01\\\/20230626_Klettern-auf-Mallorca_Titel.jpg\",\"width\":1440,\"height\":590},{\"@type\":\"BreadcrumbList\",\"@id\":\"https:\\\/\\\/www.berg-freunde.at\\\/blog\\\/sportklettern-auf-mallorca\\\/#breadcrumb\",\"itemListElement\":[{\"@type\":\"ListItem\",\"position\":1,\"name\":\"Blog\",\"item\":\"https:\\\/\\\/www.berg-freunde.at\\\/blog\\\/\"},{\"@type\":\"ListItem\",\"position\":2,\"name\":\"Touren &amp; Reisetipps\",\"item\":\"https:\\\/\\\/www.berg-freunde.at\\\/blog\\\/category\\\/touren-reisetipps\\\/\"},{\"@type\":\"ListItem\",\"position\":3,\"name\":\"Der Sonne hinterher \u2013 Sportklettern auf Mallorca\"}]},{\"@type\":\"WebSite\",\"@id\":\"https:\\\/\\\/www.berg-freunde.at\\\/blog\\\/#website\",\"url\":\"https:\\\/\\\/www.berg-freunde.at\\\/blog\\\/\",\"name\":\"Bergfreunde\",\"description\":\"Blog\",\"publisher\":{\"@id\":\"https:\\\/\\\/www.berg-freunde.at\\\/blog\\\/#organization\"},\"potentialAction\":[{\"@type\":\"SearchAction\",\"target\":{\"@type\":\"EntryPoint\",\"urlTemplate\":\"https:\\\/\\\/www.berg-freunde.at\\\/blog\\\/?s={search_term_string}\"},\"query-input\":{\"@type\":\"PropertyValueSpecification\",\"valueRequired\":true,\"valueName\":\"search_term_string\"}}],\"inLanguage\":\"de-AT\"},{\"@type\":\"Organization\",\"@id\":\"https:\\\/\\\/www.berg-freunde.at\\\/blog\\\/#organization\",\"name\":\"Bergfreunde\",\"url\":\"https:\\\/\\\/www.berg-freunde.at\\\/blog\\\/\",\"logo\":{\"@type\":\"ImageObject\",\"inLanguage\":\"de-AT\",\"@id\":\"https:\\\/\\\/www.berg-freunde.at\\\/blog\\\/#\\\/schema\\\/logo\\\/image\\\/\",\"url\":\"https:\\\/\\\/www.berg-freunde.at\\\/blog\\\/wp-content\\\/uploads\\\/2023\\\/12\\\/Bergfreunde_DE_rgb.svg\",\"contentUrl\":\"https:\\\/\\\/www.berg-freunde.at\\\/blog\\\/wp-content\\\/uploads\\\/2023\\\/12\\\/Bergfreunde_DE_rgb.svg\",\"caption\":\"Bergfreunde\"},\"image\":{\"@id\":\"https:\\\/\\\/www.berg-freunde.at\\\/blog\\\/#\\\/schema\\\/logo\\\/image\\\/\"},\"sameAs\":[\"https:\\\/\\\/www.facebook.com\\\/bergfreunde\",\"https:\\\/\\\/www.instagram.com\\\/bergfreundede\\\/\"]},{\"@type\":\"Person\",\"@id\":\"https:\\\/\\\/www.berg-freunde.at\\\/blog\\\/#\\\/schema\\\/person\\\/4cfd1485216462ac0ac14e82a96b8079\",\"name\":\"Marianne\",\"url\":\"https:\\\/\\\/www.berg-freunde.at\\\/blog\\\/about\\\/marianne-scheifl\\\/\"}]}<\/script>\n<!-- \/ Yoast SEO Premium plugin. -->","yoast_head_json":{"title":"Der Sonne hinterher - Klettern auf Mallorca | Bergfreunde","description":"Die Bergfreunde stellen euch in diesem Artikel die sch\u00f6nsten Spots zum Klettern auf Mallorca vor. F\u00fcr ambitionierte Sportkletterer.","robots":{"index":"index","follow":"follow","max-snippet":"max-snippet:-1","max-image-preview":"max-image-preview:large","max-video-preview":"max-video-preview:-1"},"canonical":"https:\/\/www.berg-freunde.at\/blog\/sportklettern-auf-mallorca\/","og_locale":"de_DE","og_type":"article","og_title":"Der Sonne hinterher \u2013 Sportklettern auf Mallorca","og_description":"Die Bergfreunde stellen euch in diesem Artikel die sch\u00f6nsten Spots zum Klettern auf Mallorca vor. F\u00fcr ambitionierte Sportkletterer.","og_url":"https:\/\/www.berg-freunde.at\/blog\/sportklettern-auf-mallorca\/","og_site_name":"Bergfreunde","article_publisher":"https:\/\/www.facebook.com\/bergfreunde","article_published_time":"2019-01-25T06:52:04+00:00","article_modified_time":"2023-07-26T13:09:22+00:00","og_image":[{"width":1440,"height":590,"url":"https:\/\/www.berg-freunde.at\/blog\/wp-content\/uploads\/2019\/01\/20230626_Klettern-auf-Mallorca_Titel.jpg","type":"image\/jpeg"}],"author":"Marianne","twitter_card":"summary_large_image","twitter_misc":{"Verfasst von":"Marianne","Gesch\u00e4tzte Lesezeit":"11 Minuten"},"schema":{"@context":"https:\/\/schema.org","@graph":[{"@type":["Article","BlogPosting"],"@id":"https:\/\/www.berg-freunde.at\/blog\/sportklettern-auf-mallorca\/#article","isPartOf":{"@id":"https:\/\/www.berg-freunde.at\/blog\/sportklettern-auf-mallorca\/"},"author":{"name":"Marianne","@id":"https:\/\/www.berg-freunde.at\/blog\/#\/schema\/person\/4cfd1485216462ac0ac14e82a96b8079"},"headline":"Der Sonne hinterher \u2013 Sportklettern auf Mallorca","datePublished":"2019-01-25T06:52:04+00:00","dateModified":"2023-07-26T13:09:22+00:00","mainEntityOfPage":{"@id":"https:\/\/www.berg-freunde.at\/blog\/sportklettern-auf-mallorca\/"},"wordCount":2244,"commentCount":0,"publisher":{"@id":"https:\/\/www.berg-freunde.at\/blog\/#organization"},"image":{"@id":"https:\/\/www.berg-freunde.at\/blog\/sportklettern-auf-mallorca\/#primaryimage"},"thumbnailUrl":"https:\/\/www.berg-freunde.at\/blog\/wp-content\/uploads\/2019\/01\/20230626_Klettern-auf-Mallorca_Titel.jpg","keywords":["Klettern &amp; Bouldern"],"articleSection":["Touren &amp; Reisetipps"],"inLanguage":"de-AT","potentialAction":[{"@type":"CommentAction","name":"Comment","target":["https:\/\/www.berg-freunde.at\/blog\/sportklettern-auf-mallorca\/#respond"]}]},{"@type":"WebPage","@id":"https:\/\/www.berg-freunde.at\/blog\/sportklettern-auf-mallorca\/","url":"https:\/\/www.berg-freunde.at\/blog\/sportklettern-auf-mallorca\/","name":"Der Sonne hinterher - Klettern auf Mallorca | Bergfreunde","isPartOf":{"@id":"https:\/\/www.berg-freunde.at\/blog\/#website"},"primaryImageOfPage":{"@id":"https:\/\/www.berg-freunde.at\/blog\/sportklettern-auf-mallorca\/#primaryimage"},"image":{"@id":"https:\/\/www.berg-freunde.at\/blog\/sportklettern-auf-mallorca\/#primaryimage"},"thumbnailUrl":"https:\/\/www.berg-freunde.at\/blog\/wp-content\/uploads\/2019\/01\/20230626_Klettern-auf-Mallorca_Titel.jpg","datePublished":"2019-01-25T06:52:04+00:00","dateModified":"2023-07-26T13:09:22+00:00","description":"Die Bergfreunde stellen euch in diesem Artikel die sch\u00f6nsten Spots zum Klettern auf Mallorca vor. F\u00fcr ambitionierte Sportkletterer.","breadcrumb":{"@id":"https:\/\/www.berg-freunde.at\/blog\/sportklettern-auf-mallorca\/#breadcrumb"},"inLanguage":"de-AT","potentialAction":[{"@type":"ReadAction","target":["https:\/\/www.berg-freunde.at\/blog\/sportklettern-auf-mallorca\/"]}]},{"@type":"ImageObject","inLanguage":"de-AT","@id":"https:\/\/www.berg-freunde.at\/blog\/sportklettern-auf-mallorca\/#primaryimage","url":"https:\/\/www.berg-freunde.at\/blog\/wp-content\/uploads\/2019\/01\/20230626_Klettern-auf-Mallorca_Titel.jpg","contentUrl":"https:\/\/www.berg-freunde.at\/blog\/wp-content\/uploads\/2019\/01\/20230626_Klettern-auf-Mallorca_Titel.jpg","width":1440,"height":590},{"@type":"BreadcrumbList","@id":"https:\/\/www.berg-freunde.at\/blog\/sportklettern-auf-mallorca\/#breadcrumb","itemListElement":[{"@type":"ListItem","position":1,"name":"Blog","item":"https:\/\/www.berg-freunde.at\/blog\/"},{"@type":"ListItem","position":2,"name":"Touren &amp; Reisetipps","item":"https:\/\/www.berg-freunde.at\/blog\/category\/touren-reisetipps\/"},{"@type":"ListItem","position":3,"name":"Der Sonne hinterher \u2013 Sportklettern auf Mallorca"}]},{"@type":"WebSite","@id":"https:\/\/www.berg-freunde.at\/blog\/#website","url":"https:\/\/www.berg-freunde.at\/blog\/","name":"Bergfreunde","description":"Blog","publisher":{"@id":"https:\/\/www.berg-freunde.at\/blog\/#organization"},"potentialAction":[{"@type":"SearchAction","target":{"@type":"EntryPoint","urlTemplate":"https:\/\/www.berg-freunde.at\/blog\/?s={search_term_string}"},"query-input":{"@type":"PropertyValueSpecification","valueRequired":true,"valueName":"search_term_string"}}],"inLanguage":"de-AT"},{"@type":"Organization","@id":"https:\/\/www.berg-freunde.at\/blog\/#organization","name":"Bergfreunde","url":"https:\/\/www.berg-freunde.at\/blog\/","logo":{"@type":"ImageObject","inLanguage":"de-AT","@id":"https:\/\/www.berg-freunde.at\/blog\/#\/schema\/logo\/image\/","url":"https:\/\/www.berg-freunde.at\/blog\/wp-content\/uploads\/2023\/12\/Bergfreunde_DE_rgb.svg","contentUrl":"https:\/\/www.berg-freunde.at\/blog\/wp-content\/uploads\/2023\/12\/Bergfreunde_DE_rgb.svg","caption":"Bergfreunde"},"image":{"@id":"https:\/\/www.berg-freunde.at\/blog\/#\/schema\/logo\/image\/"},"sameAs":["https:\/\/www.facebook.com\/bergfreunde","https:\/\/www.instagram.com\/bergfreundede\/"]},{"@type":"Person","@id":"https:\/\/www.berg-freunde.at\/blog\/#\/schema\/person\/4cfd1485216462ac0ac14e82a96b8079","name":"Marianne","url":"https:\/\/www.berg-freunde.at\/blog\/about\/marianne-scheifl\/"}]}},"_links":{"self":[{"href":"https:\/\/www.berg-freunde.at\/blog\/wp-json\/wp\/v2\/posts\/68013","targetHints":{"allow":["GET"]}}],"collection":[{"href":"https:\/\/www.berg-freunde.at\/blog\/wp-json\/wp\/v2\/posts"}],"about":[{"href":"https:\/\/www.berg-freunde.at\/blog\/wp-json\/wp\/v2\/types\/post"}],"author":[{"embeddable":true,"href":"https:\/\/www.berg-freunde.at\/blog\/wp-json\/wp\/v2\/users\/15"}],"replies":[{"embeddable":true,"href":"https:\/\/www.berg-freunde.at\/blog\/wp-json\/wp\/v2\/comments?post=68013"}],"version-history":[{"count":0,"href":"https:\/\/www.berg-freunde.at\/blog\/wp-json\/wp\/v2\/posts\/68013\/revisions"}],"wp:featuredmedia":[{"embeddable":true,"href":"https:\/\/www.berg-freunde.at\/blog\/wp-json\/wp\/v2\/media\/89647"}],"wp:attachment":[{"href":"https:\/\/www.berg-freunde.at\/blog\/wp-json\/wp\/v2\/media?parent=68013"}],"wp:term":[{"taxonomy":"category","embeddable":true,"href":"https:\/\/www.berg-freunde.at\/blog\/wp-json\/wp\/v2\/categories?post=68013"},{"taxonomy":"post_tag","embeddable":true,"href":"https:\/\/www.berg-freunde.at\/blog\/wp-json\/wp\/v2\/tags?post=68013"},{"taxonomy":"post_folder","embeddable":true,"href":"https:\/\/www.berg-freunde.at\/blog\/wp-json\/wp\/v2\/post_folder?post=68013"}],"curies":[{"name":"wp","href":"https:\/\/api.w.org\/{rel}","templated":true}]}}