{"id":67875,"date":"2019-04-24T07:32:10","date_gmt":"2019-04-24T05:32:10","guid":{"rendered":"https:\/\/www.bergfreunde.de\/blog\/black-yak-hariana-jacket-test\/"},"modified":"2023-06-26T13:57:52","modified_gmt":"2023-06-26T11:57:52","slug":"black-yak-hariana-jacket-test","status":"publish","type":"post","link":"https:\/\/www.berg-freunde.at\/blog\/black-yak-hariana-jacket-test\/","title":{"rendered":"Die Hariana Jacket von Black Yak im Test"},"content":{"rendered":"\n<p>Bevor wir hier mit dem eigentlichen Test loslegen, vielleicht zun\u00e4chst ein paar Worte zum Hersteller der Hariana Jacket \u2013 Black Yak.<\/p>\n\n\n\n<p>Das koreanische Unternehmen mit Sitz in Seoul wurde 1973 von dem Profikletterer Tae Sun Kang&nbsp;gegr\u00fcndet und konzentrierte sich zun\u00e4chst auf den asiatischen Raum, mit den Kernm\u00e4rkten Korea, China und Japan. Seit 2016 versucht sich die Marke mehr und mehr auch in Europa und Nordamerika zu etablieren. Dies soll vor allem durch innovative Technologien und die Entwicklung neuer Produktkategorien erreicht werden, was Black Yak schon 2016\/2017 einen ISPO-Award eingebracht hat.<\/p>\n\n\n\n<p>Diese Entwicklungsfreude wird bei Black Yak auch durch die Zusammenarbeit mit renommierten Extrembergsteigern wie Adam Bielecki und Jost Kobusch erm\u00f6glicht, die auch als Haupttester f\u00fcr die im letzten Jahr auf den Markt gebrachte Midshell-Kategorie fungierten.<\/p>\n\n\n\n<h2 class=\"wp-block-heading\" id=\"h-midshell-was-soll-das-sein\"><strong>Midshell \u2013 Was soll das sein?<\/strong><\/h2>\n\n\n\n<p>Die Ank\u00fcndigung von Black Yak im Hardshellsegment mit einer neuen Bekleidungskategorie aufzuwarten, sorgte f\u00fcr einige <strong>Aufregung in der Outdoor-Szene<\/strong>. Denn wer sucht sie nicht schon seit ewigen Zeiten \u2013 die komplett wetterfeste, rucksackkompatible und trotzdem hochatmungsaktive <a href=\"https:\/\/www.berg-freunde.at\/regenjacken\/\">Hardshelljacke<\/a>?<\/p>\n\n\n<div class=\"wp-block-image\">\n<figure class=\"alignright\"><a href=\"https:\/\/www.bergfreunde.de\/blog\/wp-content\/uploads\/2021\/05\/Hariana-Jacket-Wasserdichtigkeit.jpg\"><img decoding=\"async\" src=\"https:\/\/www.bergfreunde.de\/blog\/wp-content\/uploads\/2021\/05\/Hariana-Jacket-Wasserdichtigkeit-300x225.jpg\" alt=\"Die Jacke verspricht komplette Wasserdichtigkeit und h\u00f6here Atmungsaktivit\u00e4t.\" class=\"wp-image-42075\"\/><\/a><figcaption class=\"wp-element-caption\">Black Yak verspricht mit der Hariana Jacket komplette Wasserdichtigkeit und h\u00f6here Atmungsaktivit\u00e4t.<\/figcaption><\/figure>\n<\/div>\n\n\n<p>Die Grundidee von Black Yak bei der Hariana Jacket und der dazugeh\u00f6rigen Hose ist folgende: es wird zwar ein Dreilagen-Laminat verbaut, aber keine klassisch wasserdichte Membran wie GTX Pro, C-Knit, Paclite oder Active, sondern ein <strong>Gore <a href=\"https:\/\/www.berg-freunde.at\/windjacken\/\">Windstopper<\/a><\/strong>. Dies soll dennoch f\u00fcr <strong>komplette Wasserdichtigkeit<\/strong> sorgen (die Wassers\u00e4ule der Jacke betr\u00e4gt 20 000mm) und gleichzeitig eine deutlich <strong>h\u00f6here Atmungsaktivit\u00e4t<\/strong> gew\u00e4hrleisten. H\u00f6rt sich zun\u00e4chst einmal toll an, aber funktioniert das auch in der Praxis?<\/p>\n\n\n\n<h2 class=\"wp-block-heading\" id=\"h-ein-erster-eindruck-und-die-features\"><strong>Ein erster Eindruck und die Features<\/strong><\/h2>\n\n\n\n<p>Auff\u00e4llig beim ersten Kontakt mit der Jacke ist zun\u00e4chst einmal das <strong>Au\u00dfenmaterial<\/strong>. Dies f\u00fchlt sich in der Tat eher an wie ein <strong>robustes Softshellmaterial<\/strong>.<\/p>\n\n\n\n<p>Die Jacke ist in Gr\u00f6\u00dfe M gro\u00dfz\u00fcgig geschnitten, also ohne Probleme f\u00fcr ein<strong> Layeringsystem<\/strong> aka Zwiebelprinzip geeignet. Ich habe sie sowohl mit einem Fleece als auch mit unterschiedlich dicken <a href=\"https:\/\/www.berg-freunde.at\/daunenjacken\/\">Daunenjacken<\/a> probiert, was beides, ohne die Bewegungsfreiheit einzuschr\u00e4nken, funktioniert hat.<\/p>\n\n\n\n<p>Die Hariana hat zwei gro\u00dfe <strong>Front-RV-Taschen<\/strong>, die recht ungew\u00f6hnlich<strong> mittig am Hauptrei\u00dfverschlu\u00df angelegt<\/strong> sind. Das ist zun\u00e4chst etwas gew\u00f6hnungsbed\u00fcrftig, macht aber Sinn, da der H\u00fcftgurt des Rucksacks dem \u00d6ffnen nicht in die Quere kommen kann. Alle RVs sind laminiert und damit naturgem\u00e4\u00df etwas hakelig, laufen aber problemlos. Das gilt auch f\u00fcr die sehr gro\u00dfz\u00fcgig gestalteten Unterarmbel\u00fcftungen.<\/p>\n\n\n\n<p>Last but not least hat die Hariana einen <strong>herausnehmbaren Schneefang<\/strong> und eine nat\u00fcrlich helmkompatible und gr\u00f6\u00dfenverstellbare <strong>Kapuze<\/strong>.<\/p>\n\n\n\n<p>Mit nachgewogenen <strong>402 Gramm<\/strong> ist die Jacke zwar kein absolutes Leichtgewicht, aber noch in einem vern\u00fcnftigen Rahmen f\u00fcr ein Dreilagen-Produkt. W\u00fcnschenswert w\u00e4re die M\u00f6glichkeit gewesen, die Jacke in einer Tasche zu verstauen, das Packmass l\u00e4sst leider zu w\u00fcnschen \u00fcbrig.<\/p>\n\n\n\n<figure class=\"wp-block-gallery has-nested-images columns-3 is-cropped wp-block-gallery-1 is-layout-flex wp-block-gallery-is-layout-flex\">\n<figure class=\"wp-block-image size-large\"><a href=\"https:\/\/www.bergfreunde.de\/blog\/wp-content\/uploads\/2021\/05\/Hariana-Jacket-Front.jpg\"><img fetchpriority=\"high\" decoding=\"async\" width=\"450\" height=\"600\" data-id=\"33203\" src=\"https:\/\/www.bergfreunde.de\/blog\/wp-content\/uploads\/2021\/05\/Hariana-Jacket-Front.jpg\" alt=\"\" class=\"wp-image-33203\" srcset=\"https:\/\/www.berg-freunde.at\/blog\/wp-content\/uploads\/2021\/05\/Hariana-Jacket-Front.jpg 450w, https:\/\/www.berg-freunde.at\/blog\/wp-content\/uploads\/2021\/05\/Hariana-Jacket-Front-225x300.jpg 225w\" sizes=\"(max-width: 450px) 100vw, 450px\" \/><\/a><\/figure>\n\n\n\n<figure class=\"wp-block-image size-large\"><a href=\"https:\/\/www.bergfreunde.de\/blog\/wp-content\/uploads\/2021\/05\/Hariana-Jacket-Ruecken.jpg\"><img decoding=\"async\" width=\"450\" height=\"600\" data-id=\"33207\" src=\"https:\/\/www.bergfreunde.de\/blog\/wp-content\/uploads\/2021\/05\/Hariana-Jacket-Ruecken.jpg\" alt=\"\" class=\"wp-image-33207\" srcset=\"https:\/\/www.berg-freunde.at\/blog\/wp-content\/uploads\/2021\/05\/Hariana-Jacket-Ruecken.jpg 450w, https:\/\/www.berg-freunde.at\/blog\/wp-content\/uploads\/2021\/05\/Hariana-Jacket-Ruecken-225x300.jpg 225w\" sizes=\"(max-width: 450px) 100vw, 450px\" \/><\/a><\/figure>\n<\/figure>\n\n\n\n<h2 class=\"wp-block-heading\" id=\"h-wind-wetter\"><strong>Wind &amp; Wetter<\/strong><\/h2>\n\n\n\n<p>Ich habe die Hariana zun\u00e4chst einmal bei einigen regnerischen, ziemlich windigen und k\u00fchlen <strong>Tagestouren<\/strong> mit einem ca. drei &#8211; vier Kilogramm schweren <a href=\"https:\/\/www.berg-freunde.at\/daypacks\/\">Daypack<\/a> getestet. Die Winddichtigkeit der Jacke ist hervorragend, auch die leichten Schauer konnten der Hariana nichts anhaben. Der n\u00e4chste Schritt war der obligatorische Test unter der Dusche, auch diesen \u00fcberstand sie ohne Probleme.<\/p>\n\n\n<div class=\"wp-block-image\">\n<figure class=\"alignright\"><a href=\"https:\/\/www.bergfreunde.de\/blog\/wp-content\/uploads\/2021\/05\/Hariana-Jacket-Marco.jpg\"><img decoding=\"async\" src=\"https:\/\/www.bergfreunde.de\/blog\/wp-content\/uploads\/2021\/05\/Hariana-Jacket-Marco-225x300.jpg\" alt=\"Marco mit der Hariana Jacket im H\u00e4rtetest.\" class=\"wp-image-42070\"\/><\/a><figcaption class=\"wp-element-caption\">Marco mit der Hariana Jacket im H\u00e4rtetest \u2013 nach 90 Minuten im str\u00f6menden Regen hatte er nicht mehr viel zu lachen&#8230;<\/figcaption><\/figure>\n<\/div>\n\n\n<p>Der <strong>H\u00e4rtetest<\/strong> kam dann bei einer kleinen Tour mit meinem gro\u00dfen 58 Liter Rucksack. Hier regnete es f\u00fcr knapp zwei Stunden in Str\u00f6men und nach ca. 90 Minuten dr\u00fcckten die dreizehn Kilogramm an den Schultern die Feuchtigkeit doch durch. Ich wurde zwar nicht komplett nass, aber wirklich trocken hielt die Jacke mit einem schweren <a href=\"https:\/\/www.berg-freunde.at\/trekkingrucksaecke\/\">Trekkingrucksack<\/a> dann auch nicht.<\/p>\n\n\n\n<p>Zuletzt habe ich die Jacke noch bei trockenen, aber windigen und deutlich w\u00e4rmeren Bedingungen ausgef\u00fchrt. Und hier kann die Hariana dann richtig punkten, denn selbst bei knapp 17 Grad geratet ihr in der Jacke nicht ins <a href=\"https:\/\/www.berg-freunde.at\/schwitzrate-sport-rechner\/\">Schwitzen<\/a>. Die Atmungsaktivit\u00e4t kommt einer <a href=\"https:\/\/www.berg-freunde.at\/softshelljacken\/\">Softshelljacke<\/a> damit deutlich n\u00e4her als einer Hardshell. Deshalb ist die Jacke wirklich ein idealer Begleiter <strong>f\u00fcr sehr bewegungsintensive Aktivit\u00e4ten<\/strong> wie Skitourengehen, Hochtouren und z\u00fcgiges Wandern mit nicht zu schwerem Gep\u00e4ck und auch nicht dauerhaft nassen Bedingungen.<\/p>\n\n\n\n<h2 class=\"wp-block-heading\" id=\"h-fazit\"><strong>Fazit<\/strong><\/h2>\n\n\n\n<p>Die eierlegende Wollmilchsau hat auch Black Yak nicht hervorgebracht, dazu ist die Wetterfestigkeit mit schwerem Rucksack leider <strong>nicht ausreichend<\/strong>. Aber eine hochwertig verarbeitete Hardshelljacke, mit vern\u00fcnftigem Wetterschutz, die in puncto Atmungsaktivit\u00e4t wirklich schwer zu schlagen ist, ist ihnen gelungen.<\/p>\n\n\n\n<h4 class=\"wp-block-heading\" id=\"h-auf-einen-blick\"><strong>Auf einen Blick<\/strong><\/h4>\n\n\n\n<ul class=\"wp-block-list\">\n<li>Wetterschutz: 3 Punkte<\/li>\n\n\n\n<li>Atmungsaktivit\u00e4t: 5 Punkte<\/li>\n\n\n\n<li>Tragekomfort: 5 Punkte<\/li>\n\n\n\n<li>Gewicht\/Packmass: 4 Punkte<\/li>\n<\/ul>\n\n\n\n<p>Habt ihr selbst schon Erfahrungen mit der Hariana Jacket gemacht oder sind noch Fragen offen geblieben? Dann freuen wir uns \u00fcber eure Kommentare!<\/p>\n\n\n\n<div class=\"wp-block-buttons is-layout-flex wp-block-buttons-is-layout-flex\">\n<div class=\"wp-block-button\"><a class=\"wp-block-button__link wp-element-button\" href=\"https:\/\/www.bergfreunde.de\/marken\/black-yak\/\">Hier geht&#8217;s zum Black Yak Shop>><\/a><\/div>\n<\/div>\n","protected":false},"excerpt":{"rendered":"<p>Bevor wir hier mit dem eigentlichen Test loslegen, vielleicht zun\u00e4chst ein paar Worte zum Hersteller der Hariana Jacket \u2013 Black Yak. Das koreanische Unternehmen mit Sitz in Seoul wurde 1973 von dem Profikletterer Tae Sun Kang&nbsp;gegr\u00fcndet und konzentrierte sich zun\u00e4chst auf den asiatischen Raum, mit den Kernm\u00e4rkten Korea, China und Japan. Seit 2016 versucht sich [&hellip;]<\/p>\n","protected":false},"author":14,"featured_media":67877,"comment_status":"open","ping_status":"closed","sticky":false,"template":"","format":"standard","meta":{"_acf_changed":false,"footnotes":""},"categories":[302],"tags":[258,265,267],"post_folder":[],"class_list":["post-67875","post","type-post","status-publish","format-standard","has-post-thumbnail","hentry","category-beratung","tag-bergsteigen","tag-wandern-trekking","tag-wintersport"],"acf":[],"yoast_head":"<!-- This site is optimized with the Yoast SEO Premium plugin v27.4 (Yoast SEO v27.4) - https:\/\/yoast.com\/product\/yoast-seo-premium-wordpress\/ -->\n<title>Die Hariana Jacket von Black Yak im Test | Bergfreunde<\/title>\n<meta name=\"description\" content=\"Bevor wir hier mit dem eigentlichen Test loslegen, vielleicht zun\u00e4chst ein paar Worte zum Hersteller der Hariana Jacket \u2013 Black Yak. Das koreanische\" \/>\n<meta name=\"robots\" content=\"noindex, follow\" \/>\n<meta property=\"og:locale\" content=\"de_DE\" \/>\n<meta property=\"og:type\" content=\"article\" \/>\n<meta property=\"og:title\" content=\"Die Hariana Jacket von Black Yak im Test\" \/>\n<meta property=\"og:description\" content=\"Bevor wir hier mit dem eigentlichen Test loslegen, vielleicht zun\u00e4chst ein paar Worte zum Hersteller der Hariana Jacket \u2013 Black Yak. Das koreanische\" \/>\n<meta property=\"og:url\" content=\"https:\/\/www.berg-freunde.at\/blog\/black-yak-hariana-jacket-test\/\" \/>\n<meta property=\"og:site_name\" content=\"Bergfreunde\" \/>\n<meta property=\"article:publisher\" content=\"https:\/\/www.facebook.com\/bergfreunde\" \/>\n<meta property=\"article:published_time\" content=\"2019-04-24T05:32:10+00:00\" \/>\n<meta property=\"article:modified_time\" content=\"2023-06-26T11:57:52+00:00\" \/>\n<meta property=\"og:image\" content=\"https:\/\/www.bergfreunde.de\/blog\/wp-content\/uploads\/2021\/05\/Hariana-Jacket-Titelbild.jpg\" \/>\n\t<meta property=\"og:image:width\" content=\"1440\" \/>\n\t<meta property=\"og:image:height\" content=\"400\" \/>\n\t<meta property=\"og:image:type\" content=\"image\/jpeg\" \/>\n<meta name=\"author\" content=\"Marco\" \/>\n<meta name=\"twitter:card\" content=\"summary_large_image\" \/>\n<meta name=\"twitter:label1\" content=\"Verfasst von\" \/>\n\t<meta name=\"twitter:data1\" content=\"Marco\" \/>\n\t<meta name=\"twitter:label2\" content=\"Gesch\u00e4tzte Lesezeit\" \/>\n\t<meta name=\"twitter:data2\" content=\"4 Minuten\" \/>\n<script type=\"application\/ld+json\" class=\"yoast-schema-graph\">{\"@context\":\"https:\\\/\\\/schema.org\",\"@graph\":[{\"@type\":[\"Article\",\"BlogPosting\"],\"@id\":\"https:\\\/\\\/www.berg-freunde.at\\\/blog\\\/black-yak-hariana-jacket-test\\\/#article\",\"isPartOf\":{\"@id\":\"https:\\\/\\\/www.berg-freunde.at\\\/blog\\\/black-yak-hariana-jacket-test\\\/\"},\"author\":{\"name\":\"Marco\",\"@id\":\"https:\\\/\\\/www.berg-freunde.at\\\/blog\\\/#\\\/schema\\\/person\\\/09e7c669d1fae978a8c324d1ff366b5e\"},\"headline\":\"Die Hariana Jacket von Black Yak im Test\",\"datePublished\":\"2019-04-24T05:32:10+00:00\",\"dateModified\":\"2023-06-26T11:57:52+00:00\",\"mainEntityOfPage\":{\"@id\":\"https:\\\/\\\/www.berg-freunde.at\\\/blog\\\/black-yak-hariana-jacket-test\\\/\"},\"wordCount\":794,\"commentCount\":0,\"publisher\":{\"@id\":\"https:\\\/\\\/www.berg-freunde.at\\\/blog\\\/#organization\"},\"image\":{\"@id\":\"https:\\\/\\\/www.berg-freunde.at\\\/blog\\\/black-yak-hariana-jacket-test\\\/#primaryimage\"},\"thumbnailUrl\":\"https:\\\/\\\/www.berg-freunde.at\\\/blog\\\/wp-content\\\/uploads\\\/2021\\\/05\\\/Hariana-Jacket-Titelbild.jpg\",\"keywords\":[\"Bergsteigen &amp; Hochtouren\",\"Wandern &amp; Trekking\",\"Wintersport\"],\"articleSection\":[\"Beratung\"],\"inLanguage\":\"de-AT\",\"potentialAction\":[{\"@type\":\"CommentAction\",\"name\":\"Comment\",\"target\":[\"https:\\\/\\\/www.berg-freunde.at\\\/blog\\\/black-yak-hariana-jacket-test\\\/#respond\"]}]},{\"@type\":\"WebPage\",\"@id\":\"https:\\\/\\\/www.berg-freunde.at\\\/blog\\\/black-yak-hariana-jacket-test\\\/\",\"url\":\"https:\\\/\\\/www.berg-freunde.at\\\/blog\\\/black-yak-hariana-jacket-test\\\/\",\"name\":\"Die Hariana Jacket von Black Yak im Test | Bergfreunde\",\"isPartOf\":{\"@id\":\"https:\\\/\\\/www.berg-freunde.at\\\/blog\\\/#website\"},\"primaryImageOfPage\":{\"@id\":\"https:\\\/\\\/www.berg-freunde.at\\\/blog\\\/black-yak-hariana-jacket-test\\\/#primaryimage\"},\"image\":{\"@id\":\"https:\\\/\\\/www.berg-freunde.at\\\/blog\\\/black-yak-hariana-jacket-test\\\/#primaryimage\"},\"thumbnailUrl\":\"https:\\\/\\\/www.berg-freunde.at\\\/blog\\\/wp-content\\\/uploads\\\/2021\\\/05\\\/Hariana-Jacket-Titelbild.jpg\",\"datePublished\":\"2019-04-24T05:32:10+00:00\",\"dateModified\":\"2023-06-26T11:57:52+00:00\",\"description\":\"Bevor wir hier mit dem eigentlichen Test loslegen, vielleicht zun\u00e4chst ein paar Worte zum Hersteller der Hariana Jacket \u2013 Black Yak. Das koreanische\",\"breadcrumb\":{\"@id\":\"https:\\\/\\\/www.berg-freunde.at\\\/blog\\\/black-yak-hariana-jacket-test\\\/#breadcrumb\"},\"inLanguage\":\"de-AT\",\"potentialAction\":[{\"@type\":\"ReadAction\",\"target\":[\"https:\\\/\\\/www.berg-freunde.at\\\/blog\\\/black-yak-hariana-jacket-test\\\/\"]}]},{\"@type\":\"ImageObject\",\"inLanguage\":\"de-AT\",\"@id\":\"https:\\\/\\\/www.berg-freunde.at\\\/blog\\\/black-yak-hariana-jacket-test\\\/#primaryimage\",\"url\":\"https:\\\/\\\/www.berg-freunde.at\\\/blog\\\/wp-content\\\/uploads\\\/2021\\\/05\\\/Hariana-Jacket-Titelbild.jpg\",\"contentUrl\":\"https:\\\/\\\/www.berg-freunde.at\\\/blog\\\/wp-content\\\/uploads\\\/2021\\\/05\\\/Hariana-Jacket-Titelbild.jpg\",\"width\":1440,\"height\":400},{\"@type\":\"BreadcrumbList\",\"@id\":\"https:\\\/\\\/www.berg-freunde.at\\\/blog\\\/black-yak-hariana-jacket-test\\\/#breadcrumb\",\"itemListElement\":[{\"@type\":\"ListItem\",\"position\":1,\"name\":\"Blog\",\"item\":\"https:\\\/\\\/www.berg-freunde.at\\\/blog\\\/\"},{\"@type\":\"ListItem\",\"position\":2,\"name\":\"Beratung\",\"item\":\"https:\\\/\\\/www.berg-freunde.at\\\/blog\\\/category\\\/beratung\\\/\"},{\"@type\":\"ListItem\",\"position\":3,\"name\":\"Die Hariana Jacket von Black Yak im Test\"}]},{\"@type\":\"WebSite\",\"@id\":\"https:\\\/\\\/www.berg-freunde.at\\\/blog\\\/#website\",\"url\":\"https:\\\/\\\/www.berg-freunde.at\\\/blog\\\/\",\"name\":\"Bergfreunde\",\"description\":\"Blog\",\"publisher\":{\"@id\":\"https:\\\/\\\/www.berg-freunde.at\\\/blog\\\/#organization\"},\"potentialAction\":[{\"@type\":\"SearchAction\",\"target\":{\"@type\":\"EntryPoint\",\"urlTemplate\":\"https:\\\/\\\/www.berg-freunde.at\\\/blog\\\/?s={search_term_string}\"},\"query-input\":{\"@type\":\"PropertyValueSpecification\",\"valueRequired\":true,\"valueName\":\"search_term_string\"}}],\"inLanguage\":\"de-AT\"},{\"@type\":\"Organization\",\"@id\":\"https:\\\/\\\/www.berg-freunde.at\\\/blog\\\/#organization\",\"name\":\"Bergfreunde\",\"url\":\"https:\\\/\\\/www.berg-freunde.at\\\/blog\\\/\",\"logo\":{\"@type\":\"ImageObject\",\"inLanguage\":\"de-AT\",\"@id\":\"https:\\\/\\\/www.berg-freunde.at\\\/blog\\\/#\\\/schema\\\/logo\\\/image\\\/\",\"url\":\"https:\\\/\\\/www.berg-freunde.at\\\/blog\\\/wp-content\\\/uploads\\\/2023\\\/12\\\/Bergfreunde_DE_rgb.svg\",\"contentUrl\":\"https:\\\/\\\/www.berg-freunde.at\\\/blog\\\/wp-content\\\/uploads\\\/2023\\\/12\\\/Bergfreunde_DE_rgb.svg\",\"caption\":\"Bergfreunde\"},\"image\":{\"@id\":\"https:\\\/\\\/www.berg-freunde.at\\\/blog\\\/#\\\/schema\\\/logo\\\/image\\\/\"},\"sameAs\":[\"https:\\\/\\\/www.facebook.com\\\/bergfreunde\",\"https:\\\/\\\/www.instagram.com\\\/bergfreundede\\\/\"]},{\"@type\":\"Person\",\"@id\":\"https:\\\/\\\/www.berg-freunde.at\\\/blog\\\/#\\\/schema\\\/person\\\/09e7c669d1fae978a8c324d1ff366b5e\",\"name\":\"Marco\",\"url\":\"https:\\\/\\\/www.berg-freunde.at\\\/blog\\\/about\\\/marco-schrof\\\/\"}]}<\/script>\n<!-- \/ Yoast SEO Premium plugin. -->","yoast_head_json":{"title":"Die Hariana Jacket von Black Yak im Test | Bergfreunde","description":"Bevor wir hier mit dem eigentlichen Test loslegen, vielleicht zun\u00e4chst ein paar Worte zum Hersteller der Hariana Jacket \u2013 Black Yak. Das koreanische","robots":{"index":"noindex","follow":"follow"},"og_locale":"de_DE","og_type":"article","og_title":"Die Hariana Jacket von Black Yak im Test","og_description":"Bevor wir hier mit dem eigentlichen Test loslegen, vielleicht zun\u00e4chst ein paar Worte zum Hersteller der Hariana Jacket \u2013 Black Yak. Das koreanische","og_url":"https:\/\/www.berg-freunde.at\/blog\/black-yak-hariana-jacket-test\/","og_site_name":"Bergfreunde","article_publisher":"https:\/\/www.facebook.com\/bergfreunde","article_published_time":"2019-04-24T05:32:10+00:00","article_modified_time":"2023-06-26T11:57:52+00:00","og_image":[{"width":1440,"height":400,"url":"https:\/\/www.bergfreunde.de\/blog\/wp-content\/uploads\/2021\/05\/Hariana-Jacket-Titelbild.jpg","type":"image\/jpeg"}],"author":"Marco","twitter_card":"summary_large_image","twitter_misc":{"Verfasst von":"Marco","Gesch\u00e4tzte Lesezeit":"4 Minuten"},"schema":{"@context":"https:\/\/schema.org","@graph":[{"@type":["Article","BlogPosting"],"@id":"https:\/\/www.berg-freunde.at\/blog\/black-yak-hariana-jacket-test\/#article","isPartOf":{"@id":"https:\/\/www.berg-freunde.at\/blog\/black-yak-hariana-jacket-test\/"},"author":{"name":"Marco","@id":"https:\/\/www.berg-freunde.at\/blog\/#\/schema\/person\/09e7c669d1fae978a8c324d1ff366b5e"},"headline":"Die Hariana Jacket von Black Yak im Test","datePublished":"2019-04-24T05:32:10+00:00","dateModified":"2023-06-26T11:57:52+00:00","mainEntityOfPage":{"@id":"https:\/\/www.berg-freunde.at\/blog\/black-yak-hariana-jacket-test\/"},"wordCount":794,"commentCount":0,"publisher":{"@id":"https:\/\/www.berg-freunde.at\/blog\/#organization"},"image":{"@id":"https:\/\/www.berg-freunde.at\/blog\/black-yak-hariana-jacket-test\/#primaryimage"},"thumbnailUrl":"https:\/\/www.berg-freunde.at\/blog\/wp-content\/uploads\/2021\/05\/Hariana-Jacket-Titelbild.jpg","keywords":["Bergsteigen &amp; Hochtouren","Wandern &amp; Trekking","Wintersport"],"articleSection":["Beratung"],"inLanguage":"de-AT","potentialAction":[{"@type":"CommentAction","name":"Comment","target":["https:\/\/www.berg-freunde.at\/blog\/black-yak-hariana-jacket-test\/#respond"]}]},{"@type":"WebPage","@id":"https:\/\/www.berg-freunde.at\/blog\/black-yak-hariana-jacket-test\/","url":"https:\/\/www.berg-freunde.at\/blog\/black-yak-hariana-jacket-test\/","name":"Die Hariana Jacket von Black Yak im Test | Bergfreunde","isPartOf":{"@id":"https:\/\/www.berg-freunde.at\/blog\/#website"},"primaryImageOfPage":{"@id":"https:\/\/www.berg-freunde.at\/blog\/black-yak-hariana-jacket-test\/#primaryimage"},"image":{"@id":"https:\/\/www.berg-freunde.at\/blog\/black-yak-hariana-jacket-test\/#primaryimage"},"thumbnailUrl":"https:\/\/www.berg-freunde.at\/blog\/wp-content\/uploads\/2021\/05\/Hariana-Jacket-Titelbild.jpg","datePublished":"2019-04-24T05:32:10+00:00","dateModified":"2023-06-26T11:57:52+00:00","description":"Bevor wir hier mit dem eigentlichen Test loslegen, vielleicht zun\u00e4chst ein paar Worte zum Hersteller der Hariana Jacket \u2013 Black Yak. Das koreanische","breadcrumb":{"@id":"https:\/\/www.berg-freunde.at\/blog\/black-yak-hariana-jacket-test\/#breadcrumb"},"inLanguage":"de-AT","potentialAction":[{"@type":"ReadAction","target":["https:\/\/www.berg-freunde.at\/blog\/black-yak-hariana-jacket-test\/"]}]},{"@type":"ImageObject","inLanguage":"de-AT","@id":"https:\/\/www.berg-freunde.at\/blog\/black-yak-hariana-jacket-test\/#primaryimage","url":"https:\/\/www.berg-freunde.at\/blog\/wp-content\/uploads\/2021\/05\/Hariana-Jacket-Titelbild.jpg","contentUrl":"https:\/\/www.berg-freunde.at\/blog\/wp-content\/uploads\/2021\/05\/Hariana-Jacket-Titelbild.jpg","width":1440,"height":400},{"@type":"BreadcrumbList","@id":"https:\/\/www.berg-freunde.at\/blog\/black-yak-hariana-jacket-test\/#breadcrumb","itemListElement":[{"@type":"ListItem","position":1,"name":"Blog","item":"https:\/\/www.berg-freunde.at\/blog\/"},{"@type":"ListItem","position":2,"name":"Beratung","item":"https:\/\/www.berg-freunde.at\/blog\/category\/beratung\/"},{"@type":"ListItem","position":3,"name":"Die Hariana Jacket von Black Yak im Test"}]},{"@type":"WebSite","@id":"https:\/\/www.berg-freunde.at\/blog\/#website","url":"https:\/\/www.berg-freunde.at\/blog\/","name":"Bergfreunde","description":"Blog","publisher":{"@id":"https:\/\/www.berg-freunde.at\/blog\/#organization"},"potentialAction":[{"@type":"SearchAction","target":{"@type":"EntryPoint","urlTemplate":"https:\/\/www.berg-freunde.at\/blog\/?s={search_term_string}"},"query-input":{"@type":"PropertyValueSpecification","valueRequired":true,"valueName":"search_term_string"}}],"inLanguage":"de-AT"},{"@type":"Organization","@id":"https:\/\/www.berg-freunde.at\/blog\/#organization","name":"Bergfreunde","url":"https:\/\/www.berg-freunde.at\/blog\/","logo":{"@type":"ImageObject","inLanguage":"de-AT","@id":"https:\/\/www.berg-freunde.at\/blog\/#\/schema\/logo\/image\/","url":"https:\/\/www.berg-freunde.at\/blog\/wp-content\/uploads\/2023\/12\/Bergfreunde_DE_rgb.svg","contentUrl":"https:\/\/www.berg-freunde.at\/blog\/wp-content\/uploads\/2023\/12\/Bergfreunde_DE_rgb.svg","caption":"Bergfreunde"},"image":{"@id":"https:\/\/www.berg-freunde.at\/blog\/#\/schema\/logo\/image\/"},"sameAs":["https:\/\/www.facebook.com\/bergfreunde","https:\/\/www.instagram.com\/bergfreundede\/"]},{"@type":"Person","@id":"https:\/\/www.berg-freunde.at\/blog\/#\/schema\/person\/09e7c669d1fae978a8c324d1ff366b5e","name":"Marco","url":"https:\/\/www.berg-freunde.at\/blog\/about\/marco-schrof\/"}]}},"_links":{"self":[{"href":"https:\/\/www.berg-freunde.at\/blog\/wp-json\/wp\/v2\/posts\/67875","targetHints":{"allow":["GET"]}}],"collection":[{"href":"https:\/\/www.berg-freunde.at\/blog\/wp-json\/wp\/v2\/posts"}],"about":[{"href":"https:\/\/www.berg-freunde.at\/blog\/wp-json\/wp\/v2\/types\/post"}],"author":[{"embeddable":true,"href":"https:\/\/www.berg-freunde.at\/blog\/wp-json\/wp\/v2\/users\/14"}],"replies":[{"embeddable":true,"href":"https:\/\/www.berg-freunde.at\/blog\/wp-json\/wp\/v2\/comments?post=67875"}],"version-history":[{"count":0,"href":"https:\/\/www.berg-freunde.at\/blog\/wp-json\/wp\/v2\/posts\/67875\/revisions"}],"wp:featuredmedia":[{"embeddable":true,"href":"https:\/\/www.berg-freunde.at\/blog\/wp-json\/wp\/v2\/media\/67877"}],"wp:attachment":[{"href":"https:\/\/www.berg-freunde.at\/blog\/wp-json\/wp\/v2\/media?parent=67875"}],"wp:term":[{"taxonomy":"category","embeddable":true,"href":"https:\/\/www.berg-freunde.at\/blog\/wp-json\/wp\/v2\/categories?post=67875"},{"taxonomy":"post_tag","embeddable":true,"href":"https:\/\/www.berg-freunde.at\/blog\/wp-json\/wp\/v2\/tags?post=67875"},{"taxonomy":"post_folder","embeddable":true,"href":"https:\/\/www.berg-freunde.at\/blog\/wp-json\/wp\/v2\/post_folder?post=67875"}],"curies":[{"name":"wp","href":"https:\/\/api.w.org\/{rel}","templated":true}]}}