{"id":65867,"date":"2022-05-24T14:00:00","date_gmt":"2022-05-24T13:00:00","guid":{"rendered":"https:\/\/www.bergfreunde.de\/blog\/yoga-im-urlaub\/"},"modified":"2023-01-12T12:24:34","modified_gmt":"2023-01-12T11:24:34","slug":"yoga-im-urlaub","status":"publish","type":"post","link":"https:\/\/www.berg-freunde.at\/blog\/yoga-im-urlaub\/","title":{"rendered":"Yoga am Strand"},"content":{"rendered":"\n<div class=\"wp-block-image is-style-default\"><figure class=\"alignright size-full is-resized\"><a href=\"https:\/\/www.bergfreunde.de\/blog\/wp-content\/uploads\/2022\/05\/YogaAmStrand3.jpg\"><img fetchpriority=\"high\" decoding=\"async\" src=\"https:\/\/www.bergfreunde.de\/blog\/wp-content\/uploads\/2022\/05\/YogaAmStrand3.jpg\" alt=\"Yoga am Strand\" class=\"wp-image-48653\" width=\"300\" height=\"400\" srcset=\"https:\/\/www.berg-freunde.at\/blog\/wp-content\/uploads\/2022\/05\/YogaAmStrand3.jpg 750w, https:\/\/www.berg-freunde.at\/blog\/wp-content\/uploads\/2022\/05\/YogaAmStrand3-225x300.jpg 225w\" sizes=\"(max-width: 300px) 100vw, 300px\" \/><\/a><figcaption>Yoga kann Achtsamkeit, Gesundheit und Selbstbewusstsein f\u00f6rdern. <\/figcaption><\/figure><\/div>\n\n\n\n<p>Das Praktizieren von Yoga ist nicht mehr nur eine Sportart &#8211; <strong>Yoga ist ein Lifestyle<\/strong>. Die Ausf\u00fchrung von Asanas, die Abfolge bestimmter Bewegungsabl\u00e4ufe, wirkt ganzheitlich. Yoga ist nicht nur gut f\u00fcr die Fitness des K\u00f6rpers, sondern zudem f\u00fcr den Geist. Es gilt als Verbindung zwischen der Seele und dem K\u00f6rper.<\/p>\n\n\n\n<p>Die meditative Sportart wird heutzutage von vielen Menschen praktiziert. Dabei spielt weder das Alter noch das Geschlecht oder der gesellschaftliche Standpunkt eine Rolle.&nbsp;<\/p>\n\n\n\n<p>Yoga gilt als <strong>Zentrum der modernen Achtsamkeitsentwicklung<\/strong>. Die positiven Aspekte des Yogas sind grenzenlos. Es geht bei der Aus\u00fcbung haupts\u00e4chlich darum, <strong>K\u00f6rper und Geist in Gleichklang<\/strong> zu bringen. Inzwischen gibt es fast \u00fcberall in der Welt Yogastudios.<\/p>\n\n\n\n<p>Auch im Urlaub ist Yoga f\u00fcr die meisten Menschen ein fester Bestandteil. Am Meer herrscht eine ganz besondere Atmosph\u00e4re. Die Sonne und die W\u00e4rme laden f\u00f6rmlich dazu ein, unter freiem Himmel aktiv zu werden. Hast Du schon mal daran gedacht, Yoga am Strand zu praktizieren? Im Folgenden kannst Du mehr dazu lesen, warum Yoga so gut f\u00fcr den K\u00f6rper ist, warum es sich lohnt Asanas am Strand zu machen und welche Matte sich daf\u00fcr am besten eignet.&nbsp;<\/p>\n\n\n\n<h2 class=\"wp-block-heading\" id=\"h-warum-ist-yoga-gut-fur-den-korper\">Warum ist Yoga gut f\u00fcr den K\u00f6rper?<strong><\/strong><\/h2>\n\n\n\n<p>Yoga <strong>st\u00e4rkt die Muskulatur<\/strong>, sorgt f\u00fcr Stressausgleich und h\u00e4lt obendrein fit. Es ist deshalb kein Wunder, dass das Interesse an Yoga stetig steigt.&nbsp;<\/p>\n\n\n\n<div class=\"wp-block-image is-style-default\"><figure class=\"alignleft size-full is-resized\"><a href=\"https:\/\/www.bergfreunde.de\/blog\/wp-content\/uploads\/2022\/05\/pexels-kindel-media-7938560.jpg\"><img decoding=\"async\" src=\"https:\/\/www.bergfreunde.de\/blog\/wp-content\/uploads\/2022\/05\/pexels-kindel-media-7938560.jpg\" alt=\"Yoga am Strand entspannt\" class=\"wp-image-48723\" width=\"300\" height=\"400\" srcset=\"https:\/\/www.berg-freunde.at\/blog\/wp-content\/uploads\/2022\/05\/pexels-kindel-media-7938560.jpg 600w, https:\/\/www.berg-freunde.at\/blog\/wp-content\/uploads\/2022\/05\/pexels-kindel-media-7938560-225x300.jpg 225w\" sizes=\"(max-width: 300px) 100vw, 300px\" \/><\/a><figcaption>Yoga st\u00e4rkt die Muskulatur, l\u00f6st Verspannungen und hilft dem Stressabbau &#8211; alles was man im Urlaub braucht.<\/figcaption><\/figure><\/div>\n\n\n\n<p>Die Muskulatur wird durch die Aus\u00fcbung von Yoga gest\u00e4rkt und gedehnt. Durch die Vielfalt der einzelnen \u00dcbungen werden viele <strong>unterschiedliche Muskelgruppen gleichzeitig beansprucht<\/strong>. Durch die passiven Dehnungen k\u00f6nnen sich <strong>Verspannungen im K\u00f6rper l\u00f6sen<\/strong>. Wer regelm\u00e4\u00dfig Yoga praktiziert, wird auf Dauer au\u00dferdem beweglicher.&nbsp;<\/p>\n\n\n\n<p>Menschen, die Yoga in ihr Leben integriert haben, sind meist entspannter. Die Bewegungsabl\u00e4ufe sorgen f\u00fcr <strong>gezielten Stressabbau<\/strong>. Grund hierf\u00fcr ist, dass der Fokus beim Yoga auf der Atmung und dem K\u00f6rper liegt. Dadurch werden Sorgen aus dem Alltag ganz unbewusst ausgeblendet.<\/p>\n\n\n\n<p>Wenn Du regelm\u00e4\u00dfig Yoga praktizierst, kannst Du in stressigen Situationen im Alltag von Deiner Yogapraxis profitieren. Die Atemtechniken und das Bewusstsein f\u00fcr den K\u00f6rper und die Seele f\u00fchren zu innerer Ruhe.&nbsp;<\/p>\n\n\n\n<p>Wusstest Du, dass Yoga das Selbstbewusstsein st\u00e4rkt? Durch die bewusste Wahrnehmung des K\u00f6rpers wird das <strong>K\u00f6rpergef\u00fchl verbessert<\/strong>. Dies wirkt sich positiv auf das Selbstbewusstsein aus. Die im Yoga gelernten Atemtechniken f\u00fchren au\u00dferdem zu einer positiven Grundeinstellung im Leben.&nbsp;<\/p>\n\n\n\n<p>Durch die Atmung und die ganzheitliche Entspannung wird der <strong>Schlaf verbessert<\/strong>. Yoga hilft dabei, gezielt Stress abzubauen. Stress ist meist Grund f\u00fcr Einschlafprobleme. Im Umkehrschluss k\u00f6nnen Einschlafprobleme durch die regelm\u00e4\u00dfige Praxis von Yoga reduziert werden. Die Atem\u00fcbungen aus dem Yoga st\u00e4rken das Immun- und Nervensystem. Der Blutdruck wird gesenkt, was einen ganzheitlichen, positiven Einfluss auf die Gesundheit hat.&nbsp;<\/p>\n\n\n\n<p>Wusstest Du, dass Yoga au\u00dferdem zur <strong>Regulierung des Hormonhaushalts<\/strong> beitragen kann? Die hormonelle Ausgeglichenheit hat massive Auswirkungen auf den K\u00f6rper, aber auch auf die Psyche. Durch die Aus\u00fcbung w\u00e4hrend des Yogas wird das vegetative Nervensystem entlastet. Die tr\u00e4gt dazu bei, dass der Hormonhaushalt auf ganz nat\u00fcrliche Art und Weise reguliert wird.&nbsp;<\/p>\n\n\n\n<h2 class=\"wp-block-heading\">Welche Vorteile hat Yoga im Urlaub?<strong><\/strong><\/h2>\n\n\n\n<p>Yoga verbindet K\u00f6rper und Geist und st\u00e4rkt zudem das Bewusstsein f\u00fcr den K\u00f6rper und die Umwelt. Es hilft dabei, die Umgebung bewusster wahrzunehmen. Durch die Aus\u00fcbung von Yoga kannst Du das bereiste <strong>Land und die Menschen besser wahrnehmen<\/strong> und kennenlernen.&nbsp;<\/p>\n\n\n\n<p>Wer regelm\u00e4\u00dfig Yoga praktiziert, wird automatisch empathischer und<strong> offener f\u00fcr seine Umgebung<\/strong>. Dadurch kann ein Urlaubsort auf eine ganz besondere Art und Weise erlebt werden. Menschen, die regelm\u00e4\u00dfig Yoga aus\u00fcben, wirken auf andere Menschen oftmals <strong>entspannter und gelassener<\/strong>. Das wiederum wirkt anziehend auf viele Menschen.&nbsp;<\/p>\n\n\n\n<p>Das Praktizieren von Yoga im Urlaub hilft dabei, <strong>Erlebtes und neue Eindr\u00fccke zu verarbeiten und zu reflektieren<\/strong>. Durch die Yogalehre kannst Du besonders positive Momente eventuell sogar nochmals durchleben. Der meditative Aspekt des Yogas ist hierbei ausschlaggebend. Yoga in der Natur kann Dir au\u00dferdem dabei helfen, Entscheidungen zu treffen. Wer Yoga im Urlaub oder am Strand praktiziert, kehrt entspannter zur\u00fcck in den Alltag und bereichert das allt\u00e4gliche Leben Zuhause.&nbsp;<\/p>\n\n\n\n<h2 class=\"wp-block-heading\">Zu welcher Zeit macht man am besten Yoga am Strand?<strong><\/strong><\/h2>\n\n\n\n<div class=\"wp-block-image is-style-default\"><figure class=\"alignright size-full is-resized\"><a href=\"https:\/\/www.bergfreunde.de\/blog\/wp-content\/uploads\/2022\/05\/YogaAmStrand1.jpg\"><img decoding=\"async\" src=\"https:\/\/www.bergfreunde.de\/blog\/wp-content\/uploads\/2022\/05\/YogaAmStrand1.jpg\" alt=\"Yoga am Strand bei Sonnenaufgang\" class=\"wp-image-48666\" width=\"300\" height=\"400\" srcset=\"https:\/\/www.berg-freunde.at\/blog\/wp-content\/uploads\/2022\/05\/YogaAmStrand1.jpg 750w, https:\/\/www.berg-freunde.at\/blog\/wp-content\/uploads\/2022\/05\/YogaAmStrand1-225x300.jpg 225w\" sizes=\"(max-width: 300px) 100vw, 300px\" \/><\/a><figcaption>Yoga bei Sonnenaufgang hilft positiv und mit Energie in den Tag zu starten.<\/figcaption><\/figure><\/div>\n\n\n\n<p>Yoga am Morgen vertreibt Kummer und Sorgen. Hast Du schon mal einen Sonnenaufgang am Strand erlebt? Wenn nicht, solltest Du diese Erfahrung auf jeden Fall nachholen! Der <strong>Sonnenaufgang am Meer<\/strong> ist nicht nur wahnsinnig sch\u00f6n, sondern er bringt eine ganz besondere Stimmung mit sich. Der Sonnenaufgang ist wie gemacht ist, um mit der aufsteigenden Sonne Yoga zu praktizieren.&nbsp;<\/p>\n\n\n\n<p>Fr\u00fch aufzustehen, um sportlich aktiv zu werden hat den Vorteil, dass der K\u00f6rper bereits am Morgen mit Energie versorgt wird. Yoga am Morgen sorgt zudem daf\u00fcr, dass der K\u00f6rper den ganzen Tag \u00fcber mit Ausdauer und Kraft versorgt wird. Im Urlaub steht Entspannung an erster Stelle. Yoga am Morgen sorgt f\u00fcr ein <strong>Gef\u00fchl der Entspannung<\/strong>.&nbsp;<\/p>\n\n\n\n<p>Suche Dir einen Platz am Meer und rolle Deine Yoga-Matte aus. Genie\u00dfe das ruhige Rauschen des Wassers und starte Deinen Tag, indem Du auf der Matte zu Dir und Deinem K\u00f6rper findest.&nbsp;<\/p>\n\n\n\n<p>In vielen Urlaubsorten werden inzwischen sogar <strong>Yoga-Stunden am Strand<\/strong> angeboten. Das Rauschen des Meeres, die Verbundenheit mit der Natur und die Stille am Morgen wirken nicht nur meditativ, sondern hinterlassen ein besonders positives Gef\u00fchl.&nbsp;<\/p>\n\n\n\n<p>Grunds\u00e4tzlich kannst Du aber nat\u00fcrlich zu jeder Zeit am Strand Yoga machen. Beachte dabei allerdings, dass die <strong>Sonne zu den Mittagsstunden am intensivsten<\/strong> ist. In der Zeit ist die Gefahr, dass Du Dir einen <strong>Sonnenbrand <\/strong>einf\u00e4ngst, am gr\u00f6\u00dften. Vermeide deshalb die Mittagszeit.<\/p>\n\n\n\n<h2 class=\"wp-block-heading\">Welche Matte eignet sich f\u00fcr Sandstrand?<strong><\/strong><\/h2>\n\n\n\n<p>Die <a href=\"https:\/\/www.bergfreunde.de\/yoga-gymnastikmatten\/\">passende Yoga-Matte<\/a> zu finden, ist f\u00fcr viele Yogis eine echte Herausforderung. Sie sollte <strong>rutschfest <\/strong>sein, die Yoga Praxis auch in allen anderen Bereichen optimal unterst\u00fctzen.&nbsp;&nbsp;<\/p>\n\n\n\n<p>Die Auswahl an Yoga-Matten ist grenzenlos. Sie unterscheiden sich nicht nur in <strong>Farbe und Material<\/strong>, sondern auch in der <strong>L\u00e4nge, Breite und Dicke<\/strong>. Die Entscheidung f\u00fcr die passende Matte h\u00e4ngt deshalb ganz von Deiner pers\u00f6nlichen Pr\u00e4ferenz ab.&nbsp;<\/p>\n\n\n\n<p>Eine Yoga-Matte f\u00fcr den Sandstrand sollte aber in jedem Fall in der <strong>Waschmaschine waschbar<\/strong> sein. Viele Hersteller bieten inzwischen spezielle <strong>Reise-Yoga-Matten<\/strong> an. Sie sind nicht nur leicht, sondern auch einfach zu transportieren, da sie klein zusammen gefaltet werden k\u00f6nnen. Im Reisegep\u00e4ck nehmen sie demnach kaum Platz weg. Nach dem Urlaub kannst Du die Matte getrost in die Waschmaschine werfen.&nbsp;<\/p>\n\n\n\n<p>Im Gegensatz zu einem festen Untergrund im Yoga-Studio ist Sand angenehm weich. Selbst wenn Du Dich nicht f\u00fcr die Reisevariante entscheidest, kannst Du zu einer <strong>d\u00fcnneren Matte<\/strong> greifen, da diese in Sachen D\u00e4mpfung deutlich weniger leisten muss als auf dem harten Studioboden.&nbsp;<\/p>\n\n\n\n<h2 class=\"wp-block-heading\">Was muss bei Yoga in der Natur beachtet werden?<strong><\/strong><\/h2>\n\n\n\n<p>Wenn Du Dich daf\u00fcr entscheidest Yoga in der Natur zu machen, gibt es ein paar Dinge, die Du beachten solltest.&nbsp;<\/p>\n\n\n\n<h3 class=\"wp-block-heading\">Die passende Temperatur<strong><\/strong><\/h3>\n\n\n\n<p>Die ideale Temperatur, um Yoga auszu\u00fcben, liegt zwischen <strong>19 und 22 \u00b0C<\/strong>. Je, nachdem in welchem Land Du Dich befindest, musst Du auf die Morgen- oder Abendstunden ausweichen. Selbst wenn Du beim Yoga warm wirst, kann es sein, dass Du danach frierst. Packe Dir f\u00fcr die Entspannungsphase deshalb unbedingt warme Kleidung oder eine Decke ein.&nbsp;<\/p>\n\n\n\n<h3 class=\"wp-block-heading\">Sonnenschutz ist ein Muss<strong><\/strong><\/h3>\n\n\n\n<p>Wer Sport in der Natur macht, muss sich \u00fcber die Sonnenstrahlung bewusst sein. Auch in den fr\u00fchen Morgenstunden oder am sp\u00e4ten Nachmittag kann die Sonneneinstrahlung noch so hoch sein, dass Du Dich verbrennst, wenn Du nicht aufpasst.&nbsp;<\/p>\n\n\n\n<p>W\u00e4hrend der Yoga Praxis ist es normal, dass Du in einen Entspannungs- oder Konzentrationszustand verf\u00e4llst. Du kannst deshalb leichter die <strong>Zeit vergessen<\/strong>. Sorge deshalb vor und creme Dich vor der Yogastunde mit ausreichend Sonnenschutzfaktor ein.&nbsp;<\/p>\n\n\n\n<h3 class=\"wp-block-heading\">Der perfekte Platz<strong><\/strong><\/h3>\n\n\n\n<p>Die meisten Yoga\u00fcbungen erfordern <strong>Gleichgewicht<\/strong>. Beachte das in der Auswahl des Platzes, bevor Du mit der Praxis beginnst. Am besten suchst Du Dir einen ebenen Bereich, der im Idealfall zudem <strong>etwas Schatten<\/strong> bietet.&nbsp;<\/p>\n\n\n\n<p>Bei Yoga am Strand wird es schwer sein, einen ebenen Platz zu finden. Aber keine Sorge: der weiche Sand sch\u00fctzt Dich, solltest Du doch mal die Balance verlieren.&nbsp;<\/p>\n\n\n\n<p>Die Konzentration spielt im Yoga eine wichtige Rolle. Suche Dir deshalb einen <strong>ruhigen Platz ohne viele Menschen<\/strong> und Tumult. Selbst wenn Du bereits ein erfahrener Yogi bist, kann es dennoch schwer sein sich von spielenden Kindern oder jubelnden Erwachsenden nicht ablenken zu lassen.&nbsp;<\/p>\n\n\n\n<div class=\"wp-block-image is-style-default\"><figure class=\"alignright size-full is-resized\"><a href=\"https:\/\/www.bergfreunde.de\/blog\/wp-content\/uploads\/2022\/05\/j-balla-photography-hS2arCViT1w-unsplash.jpg\"><img loading=\"lazy\" decoding=\"async\" src=\"https:\/\/www.bergfreunde.de\/blog\/wp-content\/uploads\/2022\/05\/j-balla-photography-hS2arCViT1w-unsplash.jpg\" alt=\"Yoga-Figuren sind h\u00e4ufig kopf\u00fcber\" class=\"wp-image-48727\" width=\"300\" height=\"400\" srcset=\"https:\/\/www.berg-freunde.at\/blog\/wp-content\/uploads\/2022\/05\/j-balla-photography-hS2arCViT1w-unsplash.jpg 600w, https:\/\/www.berg-freunde.at\/blog\/wp-content\/uploads\/2022\/05\/j-balla-photography-hS2arCViT1w-unsplash-225x300.jpg 225w\" sizes=\"(max-width: 300px) 100vw, 300px\" \/><\/a><figcaption>Vielen Yoga-Figuren wird ein voller Magen zum Verh\u00e4ngnis.<\/figcaption><\/figure><\/div>\n\n\n\n<h2 class=\"wp-block-heading\">Mahlzeiten und Yoga<strong><\/strong><\/h2>\n\n\n\n<p>Vermeide es vor der Yogastunde zu essen. Falls Du dennoch etwas essen musst, damit Dein Kreislauf in Schwung kommt, greife zu einer <strong>leichten Mahlzeit<\/strong>. In vielen Yoga-\u00dcbungen bist Du kopf\u00fcber. Es kann unangenehm sein, wenn Du davor zu viel oder zu deftig gegessen hast.&nbsp;<\/p>\n\n\n\n<h2 class=\"wp-block-heading\">Die Verbindung zur Natur<strong><\/strong><\/h2>\n\n\n\n<p>Die Yogalehre besagt, dass das h\u00f6chste Ziel der Yogapraxis die <strong>Verbindung zwischen K\u00f6rper und Geist mit dem Universum<\/strong> ist. Wer Yoga in der Natur oder am Strand macht, kann dieses Ziel leichter erreichen. <\/p>\n\n\n\n<p>Das Rauschen der Wellen oder Vogelgezwitscher wird Dich diese Verbindung schnell sp\u00fcren lassen. Im <strong>Einklang mit der Natur<\/strong> zu sein, wirkt sich entspannend auf Dein Gem\u00fct und Deinen K\u00f6rper aus.&nbsp;<\/p>\n\n\n\n<p>Die neue Umgebung kann ungewohnt sein. Du wirst schnell feststellen, dass Du in der Natur deutlich empf\u00e4nglicher f\u00fcr Umgebungsger\u00e4usche bist als Du es im Yoga-Studio bist. Lasse Dich auf die Umgebung ein und versuche Umgebungsger\u00e4usche auszublenden. Konzentriere Dich etwa ausschlie\u00dflich auf das Rauschen der Wellen oder den endlosen Horizont. <\/p>\n\n\n\n<p>Im Gegensatz zu einem Kurs in einem Studio musst Du in der Natur einfach nur Deinen <strong>Sinnen freien Lauf lassen<\/strong>. Tauche in Deine Umgebung ein und genie\u00dfe die <strong>Freiheit <\/strong>und die <strong>Entspannung<\/strong>.&nbsp;<\/p>\n\n\n\n<div class=\"wp-block-buttons is-layout-flex wp-block-buttons-is-layout-flex\">\n<div class=\"wp-block-button\"><a class=\"wp-block-button__link\" href=\"https:\/\/www.bergfreunde.de\/fitness\/\">Alles was du zum Yoga brauchst gibt&#8217;s hier &gt;<\/a><\/div>\n<\/div>\n","protected":false},"excerpt":{"rendered":"<p>Das Praktizieren von Yoga ist nicht mehr nur eine Sportart &#8211; Yoga ist ein Lifestyle. Die Ausf\u00fchrung von Asanas, die Abfolge bestimmter Bewegungsabl\u00e4ufe, wirkt ganzheitlich. Yoga ist nicht nur gut f\u00fcr die Fitness des K\u00f6rpers, sondern zudem f\u00fcr den Geist. Es gilt als Verbindung zwischen der Seele und dem K\u00f6rper. Die meditative Sportart wird heutzutage [&hellip;]<\/p>\n","protected":false},"author":76,"featured_media":65868,"comment_status":"open","ping_status":"open","sticky":false,"template":"","format":"standard","meta":{"_acf_changed":false,"footnotes":""},"categories":[301],"tags":[260,261],"post_folder":[],"class_list":["post-65867","post","type-post","status-publish","format-standard","has-post-thumbnail","hentry","category-training-gesundheit","tag-camping-reisen","tag-fitness-yoga"],"acf":[],"yoast_head":"<!-- This site is optimized with the Yoast SEO Premium plugin v27.4 (Yoast SEO v27.4) - https:\/\/yoast.com\/product\/yoast-seo-premium-wordpress\/ -->\n<title>Yoga am Strand | Bergfreunde<\/title>\n<meta name=\"description\" content=\"Ziel von Yoga ist der Einklang von K\u00f6rper, Geist und Umwelt. Wo findet man besser innere Ruhe im Einklang mit der Natur als im Strandurlaub?\" \/>\n<meta name=\"robots\" content=\"index, follow, max-snippet:-1, max-image-preview:large, max-video-preview:-1\" \/>\n<link rel=\"canonical\" href=\"https:\/\/www.berg-freunde.at\/blog\/yoga-im-urlaub\/\" \/>\n<meta property=\"og:locale\" content=\"de_DE\" \/>\n<meta property=\"og:type\" content=\"article\" \/>\n<meta property=\"og:title\" content=\"Yoga am Strand\" \/>\n<meta property=\"og:description\" content=\"Ziel von Yoga ist der Einklang von K\u00f6rper, Geist und Umwelt. Wo findet man besser innere Ruhe im Einklang mit der Natur als im Strandurlaub?\" \/>\n<meta property=\"og:url\" content=\"https:\/\/www.berg-freunde.at\/blog\/yoga-im-urlaub\/\" \/>\n<meta property=\"og:site_name\" content=\"Bergfreunde\" \/>\n<meta property=\"article:publisher\" content=\"https:\/\/www.facebook.com\/bergfreunde\" \/>\n<meta property=\"article:published_time\" content=\"2022-05-24T13:00:00+00:00\" \/>\n<meta property=\"article:modified_time\" content=\"2023-01-12T11:24:34+00:00\" \/>\n<meta property=\"og:image\" content=\"https:\/\/www.berg-freunde.at\/blog\/wp-content\/uploads\/2022\/05\/YogaAmStrand2.jpg\" \/>\n\t<meta property=\"og:image:width\" content=\"1440\" \/>\n\t<meta property=\"og:image:height\" content=\"590\" \/>\n\t<meta property=\"og:image:type\" content=\"image\/jpeg\" \/>\n<meta name=\"author\" content=\"Daniela\" \/>\n<meta name=\"twitter:card\" content=\"summary_large_image\" \/>\n<meta name=\"twitter:label1\" content=\"Verfasst von\" \/>\n\t<meta name=\"twitter:data1\" content=\"Daniela\" \/>\n\t<meta name=\"twitter:label2\" content=\"Gesch\u00e4tzte Lesezeit\" \/>\n\t<meta name=\"twitter:data2\" content=\"9 Minuten\" \/>\n<script type=\"application\/ld+json\" class=\"yoast-schema-graph\">{\"@context\":\"https:\\\/\\\/schema.org\",\"@graph\":[{\"@type\":[\"Article\",\"BlogPosting\"],\"@id\":\"https:\\\/\\\/www.berg-freunde.at\\\/blog\\\/yoga-im-urlaub\\\/#article\",\"isPartOf\":{\"@id\":\"https:\\\/\\\/www.berg-freunde.at\\\/blog\\\/yoga-im-urlaub\\\/\"},\"author\":{\"name\":\"Daniela\",\"@id\":\"https:\\\/\\\/www.berg-freunde.at\\\/blog\\\/#\\\/schema\\\/person\\\/4b16851d00252946205b75561e68eca0\"},\"headline\":\"Yoga am Strand\",\"datePublished\":\"2022-05-24T13:00:00+00:00\",\"dateModified\":\"2023-01-12T11:24:34+00:00\",\"mainEntityOfPage\":{\"@id\":\"https:\\\/\\\/www.berg-freunde.at\\\/blog\\\/yoga-im-urlaub\\\/\"},\"wordCount\":1710,\"commentCount\":0,\"publisher\":{\"@id\":\"https:\\\/\\\/www.berg-freunde.at\\\/blog\\\/#organization\"},\"image\":{\"@id\":\"https:\\\/\\\/www.berg-freunde.at\\\/blog\\\/yoga-im-urlaub\\\/#primaryimage\"},\"thumbnailUrl\":\"https:\\\/\\\/www.berg-freunde.at\\\/blog\\\/wp-content\\\/uploads\\\/2022\\\/05\\\/YogaAmStrand2.jpg\",\"keywords\":[\"Camping &amp; Reisen\",\"Fitness &amp; Yoga\"],\"articleSection\":[\"Training &amp; Gesundheit\"],\"inLanguage\":\"de-AT\",\"potentialAction\":[{\"@type\":\"CommentAction\",\"name\":\"Comment\",\"target\":[\"https:\\\/\\\/www.berg-freunde.at\\\/blog\\\/yoga-im-urlaub\\\/#respond\"]}]},{\"@type\":\"WebPage\",\"@id\":\"https:\\\/\\\/www.berg-freunde.at\\\/blog\\\/yoga-im-urlaub\\\/\",\"url\":\"https:\\\/\\\/www.berg-freunde.at\\\/blog\\\/yoga-im-urlaub\\\/\",\"name\":\"Yoga am Strand | Bergfreunde\",\"isPartOf\":{\"@id\":\"https:\\\/\\\/www.berg-freunde.at\\\/blog\\\/#website\"},\"primaryImageOfPage\":{\"@id\":\"https:\\\/\\\/www.berg-freunde.at\\\/blog\\\/yoga-im-urlaub\\\/#primaryimage\"},\"image\":{\"@id\":\"https:\\\/\\\/www.berg-freunde.at\\\/blog\\\/yoga-im-urlaub\\\/#primaryimage\"},\"thumbnailUrl\":\"https:\\\/\\\/www.berg-freunde.at\\\/blog\\\/wp-content\\\/uploads\\\/2022\\\/05\\\/YogaAmStrand2.jpg\",\"datePublished\":\"2022-05-24T13:00:00+00:00\",\"dateModified\":\"2023-01-12T11:24:34+00:00\",\"description\":\"Ziel von Yoga ist der Einklang von K\u00f6rper, Geist und Umwelt. Wo findet man besser innere Ruhe im Einklang mit der Natur als im Strandurlaub?\",\"breadcrumb\":{\"@id\":\"https:\\\/\\\/www.berg-freunde.at\\\/blog\\\/yoga-im-urlaub\\\/#breadcrumb\"},\"inLanguage\":\"de-AT\",\"potentialAction\":[{\"@type\":\"ReadAction\",\"target\":[\"https:\\\/\\\/www.berg-freunde.at\\\/blog\\\/yoga-im-urlaub\\\/\"]}]},{\"@type\":\"ImageObject\",\"inLanguage\":\"de-AT\",\"@id\":\"https:\\\/\\\/www.berg-freunde.at\\\/blog\\\/yoga-im-urlaub\\\/#primaryimage\",\"url\":\"https:\\\/\\\/www.berg-freunde.at\\\/blog\\\/wp-content\\\/uploads\\\/2022\\\/05\\\/YogaAmStrand2.jpg\",\"contentUrl\":\"https:\\\/\\\/www.berg-freunde.at\\\/blog\\\/wp-content\\\/uploads\\\/2022\\\/05\\\/YogaAmStrand2.jpg\",\"width\":1440,\"height\":590},{\"@type\":\"BreadcrumbList\",\"@id\":\"https:\\\/\\\/www.berg-freunde.at\\\/blog\\\/yoga-im-urlaub\\\/#breadcrumb\",\"itemListElement\":[{\"@type\":\"ListItem\",\"position\":1,\"name\":\"Blog\",\"item\":\"https:\\\/\\\/www.berg-freunde.at\\\/blog\\\/\"},{\"@type\":\"ListItem\",\"position\":2,\"name\":\"Know-How\",\"item\":\"https:\\\/\\\/www.berg-freunde.at\\\/blog\\\/category\\\/know-how\\\/\"},{\"@type\":\"ListItem\",\"position\":3,\"name\":\"Training &amp; Gesundheit\",\"item\":\"https:\\\/\\\/www.berg-freunde.at\\\/blog\\\/category\\\/know-how\\\/training-gesundheit\\\/\"},{\"@type\":\"ListItem\",\"position\":4,\"name\":\"Yoga am Strand\"}]},{\"@type\":\"WebSite\",\"@id\":\"https:\\\/\\\/www.berg-freunde.at\\\/blog\\\/#website\",\"url\":\"https:\\\/\\\/www.berg-freunde.at\\\/blog\\\/\",\"name\":\"Bergfreunde\",\"description\":\"Blog\",\"publisher\":{\"@id\":\"https:\\\/\\\/www.berg-freunde.at\\\/blog\\\/#organization\"},\"potentialAction\":[{\"@type\":\"SearchAction\",\"target\":{\"@type\":\"EntryPoint\",\"urlTemplate\":\"https:\\\/\\\/www.berg-freunde.at\\\/blog\\\/?s={search_term_string}\"},\"query-input\":{\"@type\":\"PropertyValueSpecification\",\"valueRequired\":true,\"valueName\":\"search_term_string\"}}],\"inLanguage\":\"de-AT\"},{\"@type\":\"Organization\",\"@id\":\"https:\\\/\\\/www.berg-freunde.at\\\/blog\\\/#organization\",\"name\":\"Bergfreunde\",\"url\":\"https:\\\/\\\/www.berg-freunde.at\\\/blog\\\/\",\"logo\":{\"@type\":\"ImageObject\",\"inLanguage\":\"de-AT\",\"@id\":\"https:\\\/\\\/www.berg-freunde.at\\\/blog\\\/#\\\/schema\\\/logo\\\/image\\\/\",\"url\":\"https:\\\/\\\/www.berg-freunde.at\\\/blog\\\/wp-content\\\/uploads\\\/2023\\\/12\\\/Bergfreunde_DE_rgb.svg\",\"contentUrl\":\"https:\\\/\\\/www.berg-freunde.at\\\/blog\\\/wp-content\\\/uploads\\\/2023\\\/12\\\/Bergfreunde_DE_rgb.svg\",\"caption\":\"Bergfreunde\"},\"image\":{\"@id\":\"https:\\\/\\\/www.berg-freunde.at\\\/blog\\\/#\\\/schema\\\/logo\\\/image\\\/\"},\"sameAs\":[\"https:\\\/\\\/www.facebook.com\\\/bergfreunde\",\"https:\\\/\\\/www.instagram.com\\\/bergfreundede\\\/\"]},{\"@type\":\"Person\",\"@id\":\"https:\\\/\\\/www.berg-freunde.at\\\/blog\\\/#\\\/schema\\\/person\\\/4b16851d00252946205b75561e68eca0\",\"name\":\"Daniela\",\"url\":\"https:\\\/\\\/www.berg-freunde.at\\\/blog\\\/about\\\/daniela-mischon-gross\\\/\"}]}<\/script>\n<!-- \/ Yoast SEO Premium plugin. -->","yoast_head_json":{"title":"Yoga am Strand | Bergfreunde","description":"Ziel von Yoga ist der Einklang von K\u00f6rper, Geist und Umwelt. Wo findet man besser innere Ruhe im Einklang mit der Natur als im Strandurlaub?","robots":{"index":"index","follow":"follow","max-snippet":"max-snippet:-1","max-image-preview":"max-image-preview:large","max-video-preview":"max-video-preview:-1"},"canonical":"https:\/\/www.berg-freunde.at\/blog\/yoga-im-urlaub\/","og_locale":"de_DE","og_type":"article","og_title":"Yoga am Strand","og_description":"Ziel von Yoga ist der Einklang von K\u00f6rper, Geist und Umwelt. Wo findet man besser innere Ruhe im Einklang mit der Natur als im Strandurlaub?","og_url":"https:\/\/www.berg-freunde.at\/blog\/yoga-im-urlaub\/","og_site_name":"Bergfreunde","article_publisher":"https:\/\/www.facebook.com\/bergfreunde","article_published_time":"2022-05-24T13:00:00+00:00","article_modified_time":"2023-01-12T11:24:34+00:00","og_image":[{"width":1440,"height":590,"url":"https:\/\/www.berg-freunde.at\/blog\/wp-content\/uploads\/2022\/05\/YogaAmStrand2.jpg","type":"image\/jpeg"}],"author":"Daniela","twitter_card":"summary_large_image","twitter_misc":{"Verfasst von":"Daniela","Gesch\u00e4tzte Lesezeit":"9 Minuten"},"schema":{"@context":"https:\/\/schema.org","@graph":[{"@type":["Article","BlogPosting"],"@id":"https:\/\/www.berg-freunde.at\/blog\/yoga-im-urlaub\/#article","isPartOf":{"@id":"https:\/\/www.berg-freunde.at\/blog\/yoga-im-urlaub\/"},"author":{"name":"Daniela","@id":"https:\/\/www.berg-freunde.at\/blog\/#\/schema\/person\/4b16851d00252946205b75561e68eca0"},"headline":"Yoga am Strand","datePublished":"2022-05-24T13:00:00+00:00","dateModified":"2023-01-12T11:24:34+00:00","mainEntityOfPage":{"@id":"https:\/\/www.berg-freunde.at\/blog\/yoga-im-urlaub\/"},"wordCount":1710,"commentCount":0,"publisher":{"@id":"https:\/\/www.berg-freunde.at\/blog\/#organization"},"image":{"@id":"https:\/\/www.berg-freunde.at\/blog\/yoga-im-urlaub\/#primaryimage"},"thumbnailUrl":"https:\/\/www.berg-freunde.at\/blog\/wp-content\/uploads\/2022\/05\/YogaAmStrand2.jpg","keywords":["Camping &amp; Reisen","Fitness &amp; Yoga"],"articleSection":["Training &amp; Gesundheit"],"inLanguage":"de-AT","potentialAction":[{"@type":"CommentAction","name":"Comment","target":["https:\/\/www.berg-freunde.at\/blog\/yoga-im-urlaub\/#respond"]}]},{"@type":"WebPage","@id":"https:\/\/www.berg-freunde.at\/blog\/yoga-im-urlaub\/","url":"https:\/\/www.berg-freunde.at\/blog\/yoga-im-urlaub\/","name":"Yoga am Strand | Bergfreunde","isPartOf":{"@id":"https:\/\/www.berg-freunde.at\/blog\/#website"},"primaryImageOfPage":{"@id":"https:\/\/www.berg-freunde.at\/blog\/yoga-im-urlaub\/#primaryimage"},"image":{"@id":"https:\/\/www.berg-freunde.at\/blog\/yoga-im-urlaub\/#primaryimage"},"thumbnailUrl":"https:\/\/www.berg-freunde.at\/blog\/wp-content\/uploads\/2022\/05\/YogaAmStrand2.jpg","datePublished":"2022-05-24T13:00:00+00:00","dateModified":"2023-01-12T11:24:34+00:00","description":"Ziel von Yoga ist der Einklang von K\u00f6rper, Geist und Umwelt. Wo findet man besser innere Ruhe im Einklang mit der Natur als im Strandurlaub?","breadcrumb":{"@id":"https:\/\/www.berg-freunde.at\/blog\/yoga-im-urlaub\/#breadcrumb"},"inLanguage":"de-AT","potentialAction":[{"@type":"ReadAction","target":["https:\/\/www.berg-freunde.at\/blog\/yoga-im-urlaub\/"]}]},{"@type":"ImageObject","inLanguage":"de-AT","@id":"https:\/\/www.berg-freunde.at\/blog\/yoga-im-urlaub\/#primaryimage","url":"https:\/\/www.berg-freunde.at\/blog\/wp-content\/uploads\/2022\/05\/YogaAmStrand2.jpg","contentUrl":"https:\/\/www.berg-freunde.at\/blog\/wp-content\/uploads\/2022\/05\/YogaAmStrand2.jpg","width":1440,"height":590},{"@type":"BreadcrumbList","@id":"https:\/\/www.berg-freunde.at\/blog\/yoga-im-urlaub\/#breadcrumb","itemListElement":[{"@type":"ListItem","position":1,"name":"Blog","item":"https:\/\/www.berg-freunde.at\/blog\/"},{"@type":"ListItem","position":2,"name":"Know-How","item":"https:\/\/www.berg-freunde.at\/blog\/category\/know-how\/"},{"@type":"ListItem","position":3,"name":"Training &amp; Gesundheit","item":"https:\/\/www.berg-freunde.at\/blog\/category\/know-how\/training-gesundheit\/"},{"@type":"ListItem","position":4,"name":"Yoga am Strand"}]},{"@type":"WebSite","@id":"https:\/\/www.berg-freunde.at\/blog\/#website","url":"https:\/\/www.berg-freunde.at\/blog\/","name":"Bergfreunde","description":"Blog","publisher":{"@id":"https:\/\/www.berg-freunde.at\/blog\/#organization"},"potentialAction":[{"@type":"SearchAction","target":{"@type":"EntryPoint","urlTemplate":"https:\/\/www.berg-freunde.at\/blog\/?s={search_term_string}"},"query-input":{"@type":"PropertyValueSpecification","valueRequired":true,"valueName":"search_term_string"}}],"inLanguage":"de-AT"},{"@type":"Organization","@id":"https:\/\/www.berg-freunde.at\/blog\/#organization","name":"Bergfreunde","url":"https:\/\/www.berg-freunde.at\/blog\/","logo":{"@type":"ImageObject","inLanguage":"de-AT","@id":"https:\/\/www.berg-freunde.at\/blog\/#\/schema\/logo\/image\/","url":"https:\/\/www.berg-freunde.at\/blog\/wp-content\/uploads\/2023\/12\/Bergfreunde_DE_rgb.svg","contentUrl":"https:\/\/www.berg-freunde.at\/blog\/wp-content\/uploads\/2023\/12\/Bergfreunde_DE_rgb.svg","caption":"Bergfreunde"},"image":{"@id":"https:\/\/www.berg-freunde.at\/blog\/#\/schema\/logo\/image\/"},"sameAs":["https:\/\/www.facebook.com\/bergfreunde","https:\/\/www.instagram.com\/bergfreundede\/"]},{"@type":"Person","@id":"https:\/\/www.berg-freunde.at\/blog\/#\/schema\/person\/4b16851d00252946205b75561e68eca0","name":"Daniela","url":"https:\/\/www.berg-freunde.at\/blog\/about\/daniela-mischon-gross\/"}]}},"_links":{"self":[{"href":"https:\/\/www.berg-freunde.at\/blog\/wp-json\/wp\/v2\/posts\/65867","targetHints":{"allow":["GET"]}}],"collection":[{"href":"https:\/\/www.berg-freunde.at\/blog\/wp-json\/wp\/v2\/posts"}],"about":[{"href":"https:\/\/www.berg-freunde.at\/blog\/wp-json\/wp\/v2\/types\/post"}],"author":[{"embeddable":true,"href":"https:\/\/www.berg-freunde.at\/blog\/wp-json\/wp\/v2\/users\/76"}],"replies":[{"embeddable":true,"href":"https:\/\/www.berg-freunde.at\/blog\/wp-json\/wp\/v2\/comments?post=65867"}],"version-history":[{"count":0,"href":"https:\/\/www.berg-freunde.at\/blog\/wp-json\/wp\/v2\/posts\/65867\/revisions"}],"wp:featuredmedia":[{"embeddable":true,"href":"https:\/\/www.berg-freunde.at\/blog\/wp-json\/wp\/v2\/media\/65868"}],"wp:attachment":[{"href":"https:\/\/www.berg-freunde.at\/blog\/wp-json\/wp\/v2\/media?parent=65867"}],"wp:term":[{"taxonomy":"category","embeddable":true,"href":"https:\/\/www.berg-freunde.at\/blog\/wp-json\/wp\/v2\/categories?post=65867"},{"taxonomy":"post_tag","embeddable":true,"href":"https:\/\/www.berg-freunde.at\/blog\/wp-json\/wp\/v2\/tags?post=65867"},{"taxonomy":"post_folder","embeddable":true,"href":"https:\/\/www.berg-freunde.at\/blog\/wp-json\/wp\/v2\/post_folder?post=65867"}],"curies":[{"name":"wp","href":"https:\/\/api.w.org\/{rel}","templated":true}]}}