{"id":64829,"date":"2022-08-23T13:02:00","date_gmt":"2022-08-23T11:02:00","guid":{"rendered":"https:\/\/www.bergfreunde.de\/blog\/packliste-fahrrad-weltreise\/"},"modified":"2025-10-09T10:59:57","modified_gmt":"2025-10-09T08:59:57","slug":"packliste-fahrrad-weltreise","status":"publish","type":"post","link":"https:\/\/www.berg-freunde.at\/blog\/packliste-fahrrad-weltreise\/","title":{"rendered":"Packliste: Fahrrad Weltreise"},"content":{"rendered":"\n<p>Es gibt im Internet unz\u00e4hlige Packlisten f\u00fcr ausgedehnte Radtouren. Diese eignen sich mehr oder weniger gut, um sich beim Packen f\u00fcr eine Weltreise mit dem Fahrrad daran zu orientieren. Wir haben f\u00fcr euch eine Packliste erstellt, um jedoch mit m\u00f6glichst wenig Ausr\u00fcstung auf m\u00f6glichst viele Gegebenheiten vorbereitet zu sein. Wenn man mehrere Monate durch verschiedene L\u00e4nder reist, kommt man fr\u00fcher oder sp\u00e4ter sowohl in kalte, als auch in hei\u00dfe Gebiete. Unsere Liste soll euch f\u00fcr beide Extreme bestens ausr\u00fcsten.<\/p>\n\n\n\n<div class=\"wp-block-buttons is-layout-flex wp-block-buttons-is-layout-flex\">\n<div class=\"wp-block-button\"><a class=\"wp-block-button__link wp-element-button\" href=\"https:\/\/www.bergfreunde.de\/blog\/wp-content\/uploads\/2016\/08\/Packliste_Weltreise_Fahrrad.pdf\">Zur PDF Druckversion der Packliste f\u00fcr die Packliste Fahrrad Weltreise<\/a><\/div>\n<\/div>\n\n\n\n<h2 class=\"wp-block-heading\" id=\"h-bekleidung\"><strong>Bekleidung<\/strong><\/h2>\n\n\n\n<ul class=\"wp-block-list\">\n<li><label for=\"0 1 \"><a href=\"https:\/\/www.bergfreunde.de\/funktionsshirts\/\" target=\"_blank\" rel=\"noreferrer noopener\">Funktionsshirt <\/a>(1 x lang, 2 x kurz) <\/label><\/li>\n\n\n\n<li><label for=\"0 2 \"><a href=\"https:\/\/www.bergfreunde.de\/unterhosen\/\" target=\"_blank\" rel=\"noopener\">Unterhose<\/a> (1x lang, 2x kurz) <\/label><\/li>\n\n\n\n<li><label for=\"0 3 \"><a href=\"https:\/\/www.bergfreunde.de\/multifunktionssocken\/\" target=\"_blank\" rel=\"noopener\">Funktionssocken<\/a> (2x) <\/label><\/li>\n\n\n\n<li><label for=\"0 4 \">2 Paar Schuhe (<a href=\"https:\/\/www.bergfreunde.de\/fahrradschuhe\/\" target=\"_blank\" rel=\"noopener\">Radschuhe<\/a>, <a href=\"https:\/\/www.bergfreunde.de\/sandalen\/\" target=\"_blank\" rel=\"noopener\">Sandalen<\/a>) <\/label><\/li>\n\n\n\n<li><label for=\"0 5 \"><a href=\"https:\/\/www.bergfreunde.de\/fleecejacken\/\" target=\"_blank\" rel=\"noopener\">Fleecejacke<\/a> (warm und winddicht) <\/label><\/li>\n\n\n\n<li><label for=\"0 6 \"><a href=\"https:\/\/www.bergfreunde.de\/regenjacken\/\" target=\"_blank\" rel=\"noopener\">Hardshelljacke<\/a> &amp; <a href=\"https:\/\/www.bergfreunde.de\/regenhosen\/\" target=\"_blank\" rel=\"noopener\">-hose<\/a><\/label><\/li>\n\n\n\n<li><label for=\"0 7 \"><a href=\"https:\/\/www.bergfreunde.de\/radhosen\/\" target=\"_blank\" rel=\"noopener\">Radhose<\/a> (2x) <\/label><\/li>\n\n\n\n<li><label for=\"0 8 \"><a href=\"https:\/\/www.bergfreunde.de\/zip-off-hosen\/\" target=\"_blank\" rel=\"noopener\">Lange Hose (Zip Off)<\/a> <\/label><\/li>\n\n\n\n<li><label for=\"0 9 \"><a href=\"https:\/\/www.bergfreunde.de\/muetzen\/\" target=\"_blank\" rel=\"noopener\">M\u00fctze <\/a>(warme M\u00fctze und <a href=\"https:\/\/www.bergfreunde.de\/caps\/\" target=\"_blank\" rel=\"noopener\">Cap<\/a> f\u00fcr Sonnenschutz) <\/label><\/li>\n\n\n\n<li><label for=\" 10 \"><a href=\"https:\/\/www.bergfreunde.de\/handschuhe\/\" target=\"_blank\" rel=\"noopener\">Handschuhe <\/a>(warme Handschuhe und <a href=\"https:\/\/www.bergfreunde.de\/handschuhe\/einsatzbereich--bike\/\" target=\"_blank\" rel=\"noopener\">Radhandschuhe<\/a>) <\/label><\/li>\n\n\n\n<li><label for=\" 11 \"><a href=\"https:\/\/www.bergfreunde.de\/fahrradhelme\/\" target=\"_blank\" rel=\"noopener\">Radhelm<\/a> <\/label><\/li>\n<\/ul>\n\n\n\n<h2 class=\"wp-block-heading\" id=\"h-ubernachtung\"><strong>\u00dcbernachtung<\/strong><\/h2>\n\n\n\n<ul class=\"wp-block-list\">\n<li><label for=\" 13 \"><a href=\"https:\/\/www.bergfreunde.de\/zelte\/\" target=\"_blank\" rel=\"noopener\">Zelt<\/a> <\/label><\/li>\n\n\n\n<li><label for=\" 14 \"><a href=\"https:\/\/www.bergfreunde.de\/schlafsaecke\/\" target=\"_blank\" rel=\"noopener\">Schlafsack mit Inlet<\/a> <\/label><\/li>\n\n\n\n<li><label for=\" 15 \"><a href=\"https:\/\/www.bergfreunde.de\/isomatten\/\" target=\"_blank\" rel=\"noopener\">Isomatte<\/a> <\/label><\/li>\n<\/ul>\n\n\n\n<h2 class=\"wp-block-heading\" id=\"h-essen-und-kochen\"><strong>Essen und Kochen<\/strong><\/h2>\n\n\n\n<ul class=\"wp-block-list\">\n<li><label for=\" 17 \"><a href=\"https:\/\/www.bergfreunde.de\/benzinkocher-mehrstoffkocher\/\" target=\"_blank\" rel=\"noreferrer noopener\">Mehrstoffkocher<\/a> <\/label><\/li>\n\n\n\n<li><label for=\" 18 \">Brennstoff <\/label><\/li>\n\n\n\n<li><label for=\" 19 \">Feuerzeug\/Streichh\u00f6lzer <\/label><\/li>\n\n\n\n<li><label for=\" 20 \"><a href=\"https:\/\/www.bergfreunde.de\/toepfe\/\" target=\"_blank\" rel=\"noopener\">T\u00f6pfe<\/a> <\/label><\/li>\n\n\n\n<li><label for=\" 21 \"><a href=\"https:\/\/www.bergfreunde.de\/teller-schuesseln\/\">Teller<\/a>, Sch\u00fcssel, <a href=\"https:\/\/www.bergfreunde.de\/becher-tassen\/\">Becher<\/a>, <a href=\"https:\/\/www.bergfreunde.de\/besteck-kuechenhelfer\/\">Besteck<\/a>, Schneidemesser, Schneidebrett <\/label><\/li>\n\n\n\n<li><label for=\" 22 \"><a href=\"https:\/\/www.bergfreunde.de\/wasseraufbereitung\/\" target=\"_blank\" rel=\"noopener\">Wasseraufbereitung <\/a>(Filter, Tabletten, Steripen) <\/label><\/li>\n\n\n\n<li><label for=\" 23 \">M\u00fcllbeutel <\/label><\/li>\n\n\n\n<li><label for=\" 24 \">Fest verschlie\u00dfbare <a href=\"https:\/\/www.bergfreunde.de\/essensaufbewahrung\/\">Vorratsdosen<\/a> zum Ausbewahren von Speisen, Gew\u00fcrzen, Tee und Kaffee <\/label><\/li>\n\n\n\n<li><label for=\" 25 \">Geschirrtuch <\/label><\/li>\n\n\n\n<li><label for=\" 26 \">Schwamm und Sp\u00fclmittel <\/label><\/li>\n\n\n\n<li><label for=\" 27 \">Gew\u00fcrze (Salz, Pfeffer, Zucker, Br\u00fche, \u2026) <\/label><\/li>\n<\/ul>\n\n\n\n<h2 class=\"wp-block-heading\" id=\"h-gesundheit-und-hygiene\"><strong>Gesundheit und Hygiene<\/strong><\/h2>\n\n\n\n<ul class=\"wp-block-list\">\n<li><label for=\" 29 \"><a href=\"https:\/\/www.bergfreunde.de\/erste-hilfe\/\" target=\"_blank\" rel=\"noopener\">Erste Hilfe Set<\/a> <\/label><\/li>\n\n\n\n<li><label for=\" 30 \">Medikamente (gegen Schmerz und Durchfall\/\u00dcbelkeit) <\/label><\/li>\n\n\n\n<li><label for=\" 31 \">Klopapier <\/label><\/li>\n\n\n\n<li><label for=\" 32 \">Kleine Schaufel (f\u00fcrs t\u00e4gliche Gesch\u00e4ft) <\/label><\/li>\n\n\n\n<li><label for=\" 33 \">Waschmittel (biologisch abbaubar) <\/label><\/li>\n\n\n\n<li><label for=\" 34 \">Shampoo und Seife (biologisch abbaubar) <\/label><\/li>\n\n\n\n<li><label for=\" 35 \">Kleines <a href=\"https:\/\/www.bergfreunde.de\/mikrofaserhandtuecher\/\" target=\"_blank\" rel=\"noopener\">Handtuch<\/a> <\/label><\/li>\n\n\n\n<li><label for=\" 36 \">Zahnb\u00fcrste und Zahnpasta <\/label><\/li>\n\n\n\n<li><label for=\" 37 \">Wundsalbe oder \u2013spray f\u00fcr Sch\u00fcrfwunden <\/label><\/li>\n\n\n\n<li><label for=\" 38 \">Insektenschutz <\/label><\/li>\n\n\n\n<li><label for=\" 39 \"><a href=\"https:\/\/www.bergfreunde.de\/p\/sonnencreme\/\" target=\"_blank\" rel=\"noopener\">Sonnenschutz<\/a> <\/label><\/li>\n\n\n\n<li><label for=\" 40 \">Ggf. Kamm\/B\u00fcrste <\/label><\/li>\n\n\n\n<li><label for=\" 76\">Ggf. Verh\u00fctungsmittel \/ Kondome<\/label><\/li>\n<\/ul>\n\n\n\n<h2 class=\"wp-block-heading\" id=\"h-karten-und-buroartikel\"><strong>Karten und B\u00fcroartikel<\/strong><\/h2>\n\n\n\n<ul class=\"wp-block-list\">\n<li><label for=\" 75 \">Karten <\/label><\/li>\n\n\n\n<li><label for=\" 43 \">Eventuell Reisef\u00fchrer <\/label><\/li>\n\n\n\n<li><label for=\" 44 \">Notizbuch (Adressen f\u00fcr Postkarten, Telefonnummern von Versicherung, Bank, Kartensperrung etc.) <\/label><\/li>\n\n\n\n<li><label for=\" 45 \">Reisepass, Krankenkarte <\/label><\/li>\n\n\n\n<li><label for=\" 46 \">Bargeld <\/label><\/li>\n\n\n\n<li><label for=\" 47 \">Kreditkarte <\/label><\/li>\n\n\n\n<li><label for=\" 48 \">Ggf. Nachweis Auslandskrankenversicherung <\/label><\/li>\n\n\n\n<li><label for=\" 49 \">Stifte <\/label><\/li>\n<\/ul>\n\n\n\n<h2 class=\"wp-block-heading\" id=\"h-elektronik\"><strong>Elektronik<\/strong><\/h2>\n\n\n\n<ul class=\"wp-block-list\">\n<li><label for=\" 51 \">Kamera und Speicherkarten <\/label><\/li>\n\n\n\n<li><label for=\" 52 \"><a href=\"https:\/\/www.bergfreunde.de\/gps-geraete\/\" target=\"_blank\" rel=\"noopener\">GPS-Ger\u00e4t<\/a><\/label><\/li>\n\n\n\n<li><label for=\" 54 \"><a href=\"https:\/\/www.bergfreunde.de\/fahrradcomputer\/\" target=\"_blank\" rel=\"noopener\">Fahrradcomputer<\/a><\/label><\/li>\n\n\n\n<li><label for=\" 55 \"><a href=\"https:\/\/www.bergfreunde.de\/stirnlampen\/\" target=\"_blank\" rel=\"noopener\">Stirnlampe<\/a><\/label><\/li>\n\n\n\n<li><label for=\" 56 \">Mobiltelefon <\/label><\/li>\n\n\n\n<li><label for=\" 57 \">Ladekabel <\/label><\/li>\n\n\n\n<li><label for=\" 58 \">Ggf. Laptop <\/label><\/li>\n<\/ul>\n\n\n\n<h2 class=\"wp-block-heading\" id=\"h-fahrrad-und-reparatur\"><strong>Fahrrad und Reparatur<\/strong><\/h2>\n\n\n\n<ul class=\"wp-block-list\">\n<li><label for=\" 60 \"><a href=\"https:\/\/www.bergfreunde.de\/fahrradschloesser\/\" target=\"_blank\" rel=\"noopener\">Fahrradschloss<\/a><\/label><\/li>\n\n\n\n<li><label for=\" 61 \"><a href=\"https:\/\/www.bergfreunde.de\/trinkflaschen\/\" target=\"_blank\" rel=\"noopener\">Trinkflaschen<\/a><\/label><\/li>\n\n\n\n<li><label for=\" 62 \"><a href=\"https:\/\/www.bergfreunde.de\/gepaecktraegertaschen\/\" target=\"_blank\" rel=\"noreferrer noopener\">Packtaschen <\/a>(2x hinten, 2x vorne, Lenkertasche) <\/label><\/li>\n\n\n\n<li><label for=\" 63 \"><a href=\"https:\/\/www.bergfreunde.de\/packsaecke\/\" target=\"_blank\" rel=\"noopener\">Rackbag <\/a>(mit Schultertr\u00e4gern zum Einkaufen etc. und Spanngurte zum Festmachen auf dem hinteren Gep\u00e4cktr\u00e4ger) <\/label><\/li>\n\n\n\n<li><label for=\" 64 \"><a href=\"https:\/\/www.bergfreunde.de\/fahrradwerkzeuge\/\" target=\"_blank\" rel=\"noopener\">Flickzeug und Reifenheber<\/a> <\/label><\/li>\n\n\n\n<li><label for=\" 65 \"><a href=\"https:\/\/www.bergfreunde.de\/multi-tools\/\" target=\"_blank\" rel=\"noopener\">Multitool<\/a> <\/label><\/li>\n\n\n\n<li><label for=\" 66 \"><a href=\"https:\/\/www.bergfreunde.de\/fahrradpumpen\/\" target=\"_blank\" rel=\"noopener\">Luftpumpe <\/a>(auf passende Ventile achten) <\/label><\/li>\n\n\n\n<li><label for=\" 67 \"><a href=\"https:\/\/www.bergfreunde.de\/fahrradschlaeuche\/\" target=\"_blank\" rel=\"noopener\">Ersatzschlauch<\/a>, ggf. auch Ersatzmantel <\/label><\/li>\n\n\n\n<li><label for=\" 75\">Panzertape<\/label><\/li>\n\n\n\n<li><label for=\" 68 \">Gewebeband und Kabelbinder <\/label><\/li>\n\n\n\n<li><label for=\" 69 \"><a href=\"https:\/\/www.bergfreunde.de\/fahrradbremsen\/\" target=\"_blank\" rel=\"noopener\">Bremsbel\u00e4ge<\/a> zum Wechseln <\/label><\/li>\n\n\n\n<li><label for=\" 70 \">Ersatzkette und Kettenwerkzeug <\/label><\/li>\n\n\n\n<li><label for=\" 71 \">Ketten\u00f6l <\/label><\/li>\n\n\n\n<li><label for=\" 72 \">Lappen <\/label><\/li>\n\n\n\n<li><label for=\" 73 \">Werkzeug und Ersatzteile <\/label><\/li>\n<\/ul>\n\n\n\n<h2 class=\"wp-block-heading\" id=\"h-bemerkungen\">Bemerkungen:<\/h2>\n\n\n\n<h3 class=\"wp-block-heading\">Reparaturen<\/h3>\n\n\n\n<p>Bei <strong>Werkzeug<\/strong> und <strong>Ersatzteilen<\/strong> sollte man darauf achten, dass man nur Dinge auf die Fahrrad Weltreise mitnimmt, die Sinn machen. Grunds\u00e4tzlich kann man an einem Fahrrad die meisten Teile reparieren, sollten sie mal kaputt gehen. Allerdings nur, wenn man sich auch damit auskennt. Es macht keinen Sinn, Ersatzspeichen mitzunehmen, wenn man nicht wei\u00df, wie man sie einbaut. Entweder informiert man sich also vorher, oder man l\u00e4sst das Zeug gleich zu Hause.<\/p>\n\n\n\n<p>Sollte ein Teil kaputt gehen und man kann es nicht reparieren, so besteht in den allermeisten F\u00e4llen die M\u00f6glichkeit, sich mit dem Fahrrad in einen Bus zu setzen und in die n\u00e4chste gr\u00f6\u00dfere Stadt zu fahren um es dort reparieren zu lassen.<\/p>\n\n\n\n<h3 class=\"wp-block-heading\">Bekleidung<\/h3>\n\n\n\n<p>Bei der Bekleidung sollte man jedoch auch auf einige Dinge achten. Bei einer Radtour ist man im Gegensatz zu den meisten Trekking- oder Hochgebirgstouren gr\u00f6\u00dftenteils in <strong>bewohnten Regionen<\/strong> unterwegs. Man bekommt heutzutage schnell den Eindruck, dass die meisten Menschen nur noch mit <strong>Radtrikots<\/strong> Radtouren machen. Diese sind sicherlich praktisch, mit ihren <strong>leicht erreichbaren Taschen<\/strong> sowie extrem <strong>atmungsaktiven Materialien<\/strong>. Jedoch sind Radreisende f\u00fcr die meisten Menschen der (nichteurop\u00e4ischen) Welt immer noch eine Seltenheit und wenn diese seltenen Gesch\u00f6pfe dann auch noch die buntesten Kleidungsst\u00fccke tragen, die sie je gesehen haben, k\u00f6nnte das zu einiger Verwirrung f\u00fchren. Es ist aber auch ein wirklich seltsames Gef\u00fchl, mit einem <strong>bunten Radtrikot<\/strong> in einer <strong>kirgisischen Jurte<\/strong> zu sitzen. Und es bleibt meist ein einmaliges Gef\u00fchl, weil man sehr schnell zu \u201enormaler\u201c Kleidung \u00fcbergeht.<\/p>\n\n\n\n<p>Ebenso ist wichtig, dass kurze Hosen in vielen L\u00e4ndern als Unterw\u00e4sche angesehen werden. Man sollte sich also vorher \u00fcber die <strong>Regeln der Bekleidung<\/strong> informieren und im Zweifel immer eine lange Hose dabei haben.<\/p>\n\n\n\n<h3 class=\"wp-block-heading\">Zelt &amp; Packtaschen<\/h3>\n\n\n\n<p>Das <strong><a href=\"https:\/\/www.berg-freunde.at\/zelte\/\">Zelt<\/a><\/strong> sollte zudem m\u00f6glichst<strong> viel Platz<\/strong> bieten. An <strong>Pausen- oder Regentagen<\/strong> verbringt man sehr viel Zeit darin, und dann ist man froh \u00fcber jeden Zentimeter. Vor allem ist es sehr angenehm (und praktisch beim Packen), wenn man <strong>aufrecht<\/strong> im Zelt sitzen kann.<\/p>\n\n\n\n<p>Die Dinge in den Packtaschen werden beim Radeln jedoch st\u00e4ndig <strong>durchgesch\u00fcttelt<\/strong>. Vieles davon ben\u00f6tigt man aber nicht jeden Tag. Es ist deswegen sehr wichtig, dass alle Tuben, Dosen und sonstige Aufbewahrungsbeh\u00e4lter <strong>dicht<\/strong> <strong>schlie\u00dfen<\/strong> und nicht von allein aufgehen k\u00f6nnen. Hierf\u00fcr gibt es jedoch im Outdoorbereich Hersteller, die extra solche Verpackungen herstellen. F\u00fcr die Kleidung empfiehlt es sich aber, diese nochmals in<strong> wasserdichten Packs\u00e4cken<\/strong> zu verstauen. Und zwar einen Packsack f\u00fcr frische W\u00e4sche und einen f\u00fcr gebrauchte.<\/p>\n\n\n\n<p>Legt man seine <a href=\"https:\/\/www.berg-freunde.at\/fleecejacken\/\">Fleecejacke<\/a> nachts \u00fcber einen dieser Packs\u00e4cke, dann hat man gleich ein perfektes <strong>Kopfkissen<\/strong>.<\/p>\n","protected":false},"excerpt":{"rendered":"<p>Es gibt im Internet unz\u00e4hlige Packlisten f\u00fcr ausgedehnte Radtouren. Diese eignen sich mehr oder weniger gut, um sich beim Packen f\u00fcr eine Weltreise mit dem Fahrrad daran zu orientieren. Wir haben f\u00fcr euch eine Packliste erstellt, um jedoch mit m\u00f6glichst wenig Ausr\u00fcstung auf m\u00f6glichst viele Gegebenheiten vorbereitet zu sein. Wenn man mehrere Monate durch verschiedene [&hellip;]<\/p>\n","protected":false},"author":52,"featured_media":64831,"comment_status":"open","ping_status":"closed","sticky":false,"template":"","format":"standard","meta":{"_acf_changed":false,"footnotes":""},"categories":[292],"tags":[259],"post_folder":[],"class_list":["post-64829","post","type-post","status-publish","format-standard","has-post-thumbnail","hentry","category-packlisten","tag-bike"],"acf":[],"yoast_head":"<!-- This site is optimized with the Yoast SEO Premium plugin v27.4 (Yoast SEO v27.4) - https:\/\/yoast.com\/product\/yoast-seo-premium-wordpress\/ -->\n<title>Packliste Fahrrad Weltreise | Checkliste zum Abhaken<\/title>\n<meta name=\"description\" content=\"Mit dem Rad um die Welt: Was geh\u00f6rt bei einer Fahrrad Weltreise alles mit? Wir sagen&#039;s euch - mit Checkliste zum Abhaken und Downloaden!\" \/>\n<meta name=\"robots\" content=\"index, follow, max-snippet:-1, max-image-preview:large, max-video-preview:-1\" \/>\n<link rel=\"canonical\" href=\"https:\/\/www.berg-freunde.at\/blog\/packliste-fahrrad-weltreise\/\" \/>\n<meta property=\"og:locale\" content=\"de_DE\" \/>\n<meta property=\"og:type\" content=\"article\" \/>\n<meta property=\"og:title\" content=\"Packliste: Fahrrad Weltreise\" \/>\n<meta property=\"og:description\" content=\"Mit dem Rad um die Welt: Was geh\u00f6rt bei einer Fahrrad Weltreise alles mit? Wir sagen&#039;s euch - mit Checkliste zum Abhaken und Downloaden!\" \/>\n<meta property=\"og:url\" content=\"https:\/\/www.berg-freunde.at\/blog\/packliste-fahrrad-weltreise\/\" \/>\n<meta property=\"og:site_name\" content=\"Bergfreunde\" \/>\n<meta property=\"article:publisher\" content=\"https:\/\/www.facebook.com\/bergfreunde\" \/>\n<meta property=\"article:published_time\" content=\"2022-08-23T11:02:00+00:00\" \/>\n<meta property=\"article:modified_time\" content=\"2025-10-09T08:59:57+00:00\" \/>\n<meta property=\"og:image\" content=\"https:\/\/www.berg-freunde.at\/blog\/wp-content\/uploads\/2022\/08\/shutterstock_466168181.jpg\" \/>\n\t<meta property=\"og:image:width\" content=\"1440\" \/>\n\t<meta property=\"og:image:height\" content=\"960\" \/>\n\t<meta property=\"og:image:type\" content=\"image\/jpeg\" \/>\n<meta name=\"author\" content=\"Johannes\" \/>\n<meta name=\"twitter:card\" content=\"summary_large_image\" \/>\n<meta name=\"twitter:label1\" content=\"Verfasst von\" \/>\n\t<meta name=\"twitter:data1\" content=\"Johannes\" \/>\n\t<meta name=\"twitter:label2\" content=\"Gesch\u00e4tzte Lesezeit\" \/>\n\t<meta name=\"twitter:data2\" content=\"5 Minuten\" \/>\n<script type=\"application\/ld+json\" class=\"yoast-schema-graph\">{\"@context\":\"https:\\\/\\\/schema.org\",\"@graph\":[{\"@type\":[\"Article\",\"BlogPosting\"],\"@id\":\"https:\\\/\\\/www.berg-freunde.at\\\/blog\\\/packliste-fahrrad-weltreise\\\/#article\",\"isPartOf\":{\"@id\":\"https:\\\/\\\/www.berg-freunde.at\\\/blog\\\/packliste-fahrrad-weltreise\\\/\"},\"author\":{\"name\":\"Johannes\",\"@id\":\"https:\\\/\\\/www.berg-freunde.at\\\/blog\\\/#\\\/schema\\\/person\\\/f14d9152a3cdc2b27aab515c1b0a8bc4\"},\"headline\":\"Packliste: Fahrrad Weltreise\",\"datePublished\":\"2022-08-23T11:02:00+00:00\",\"dateModified\":\"2025-10-09T08:59:57+00:00\",\"mainEntityOfPage\":{\"@id\":\"https:\\\/\\\/www.berg-freunde.at\\\/blog\\\/packliste-fahrrad-weltreise\\\/\"},\"wordCount\":801,\"commentCount\":0,\"publisher\":{\"@id\":\"https:\\\/\\\/www.berg-freunde.at\\\/blog\\\/#organization\"},\"image\":{\"@id\":\"https:\\\/\\\/www.berg-freunde.at\\\/blog\\\/packliste-fahrrad-weltreise\\\/#primaryimage\"},\"thumbnailUrl\":\"https:\\\/\\\/www.berg-freunde.at\\\/blog\\\/wp-content\\\/uploads\\\/2022\\\/08\\\/shutterstock_466168181.jpg\",\"keywords\":[\"Bike\"],\"articleSection\":[\"Packlisten\"],\"inLanguage\":\"de-AT\",\"potentialAction\":[{\"@type\":\"CommentAction\",\"name\":\"Comment\",\"target\":[\"https:\\\/\\\/www.berg-freunde.at\\\/blog\\\/packliste-fahrrad-weltreise\\\/#respond\"]}]},{\"@type\":\"WebPage\",\"@id\":\"https:\\\/\\\/www.berg-freunde.at\\\/blog\\\/packliste-fahrrad-weltreise\\\/\",\"url\":\"https:\\\/\\\/www.berg-freunde.at\\\/blog\\\/packliste-fahrrad-weltreise\\\/\",\"name\":\"Packliste Fahrrad Weltreise | Checkliste zum Abhaken\",\"isPartOf\":{\"@id\":\"https:\\\/\\\/www.berg-freunde.at\\\/blog\\\/#website\"},\"primaryImageOfPage\":{\"@id\":\"https:\\\/\\\/www.berg-freunde.at\\\/blog\\\/packliste-fahrrad-weltreise\\\/#primaryimage\"},\"image\":{\"@id\":\"https:\\\/\\\/www.berg-freunde.at\\\/blog\\\/packliste-fahrrad-weltreise\\\/#primaryimage\"},\"thumbnailUrl\":\"https:\\\/\\\/www.berg-freunde.at\\\/blog\\\/wp-content\\\/uploads\\\/2022\\\/08\\\/shutterstock_466168181.jpg\",\"datePublished\":\"2022-08-23T11:02:00+00:00\",\"dateModified\":\"2025-10-09T08:59:57+00:00\",\"description\":\"Mit dem Rad um die Welt: Was geh\u00f6rt bei einer Fahrrad Weltreise alles mit? Wir sagen's euch - mit Checkliste zum Abhaken und Downloaden!\",\"breadcrumb\":{\"@id\":\"https:\\\/\\\/www.berg-freunde.at\\\/blog\\\/packliste-fahrrad-weltreise\\\/#breadcrumb\"},\"inLanguage\":\"de-AT\",\"potentialAction\":[{\"@type\":\"ReadAction\",\"target\":[\"https:\\\/\\\/www.berg-freunde.at\\\/blog\\\/packliste-fahrrad-weltreise\\\/\"]}]},{\"@type\":\"ImageObject\",\"inLanguage\":\"de-AT\",\"@id\":\"https:\\\/\\\/www.berg-freunde.at\\\/blog\\\/packliste-fahrrad-weltreise\\\/#primaryimage\",\"url\":\"https:\\\/\\\/www.berg-freunde.at\\\/blog\\\/wp-content\\\/uploads\\\/2022\\\/08\\\/shutterstock_466168181.jpg\",\"contentUrl\":\"https:\\\/\\\/www.berg-freunde.at\\\/blog\\\/wp-content\\\/uploads\\\/2022\\\/08\\\/shutterstock_466168181.jpg\",\"width\":1440,\"height\":960,\"caption\":\"Fahrrad Weltreise\"},{\"@type\":\"BreadcrumbList\",\"@id\":\"https:\\\/\\\/www.berg-freunde.at\\\/blog\\\/packliste-fahrrad-weltreise\\\/#breadcrumb\",\"itemListElement\":[{\"@type\":\"ListItem\",\"position\":1,\"name\":\"Blog\",\"item\":\"https:\\\/\\\/www.berg-freunde.at\\\/blog\\\/\"},{\"@type\":\"ListItem\",\"position\":2,\"name\":\"Beratung\",\"item\":\"https:\\\/\\\/www.berg-freunde.at\\\/blog\\\/category\\\/beratung\\\/\"},{\"@type\":\"ListItem\",\"position\":3,\"name\":\"Packlisten\",\"item\":\"https:\\\/\\\/www.berg-freunde.at\\\/blog\\\/category\\\/beratung\\\/packlisten\\\/\"},{\"@type\":\"ListItem\",\"position\":4,\"name\":\"Packliste: Fahrrad Weltreise\"}]},{\"@type\":\"WebSite\",\"@id\":\"https:\\\/\\\/www.berg-freunde.at\\\/blog\\\/#website\",\"url\":\"https:\\\/\\\/www.berg-freunde.at\\\/blog\\\/\",\"name\":\"Bergfreunde\",\"description\":\"Blog\",\"publisher\":{\"@id\":\"https:\\\/\\\/www.berg-freunde.at\\\/blog\\\/#organization\"},\"potentialAction\":[{\"@type\":\"SearchAction\",\"target\":{\"@type\":\"EntryPoint\",\"urlTemplate\":\"https:\\\/\\\/www.berg-freunde.at\\\/blog\\\/?s={search_term_string}\"},\"query-input\":{\"@type\":\"PropertyValueSpecification\",\"valueRequired\":true,\"valueName\":\"search_term_string\"}}],\"inLanguage\":\"de-AT\"},{\"@type\":\"Organization\",\"@id\":\"https:\\\/\\\/www.berg-freunde.at\\\/blog\\\/#organization\",\"name\":\"Bergfreunde\",\"url\":\"https:\\\/\\\/www.berg-freunde.at\\\/blog\\\/\",\"logo\":{\"@type\":\"ImageObject\",\"inLanguage\":\"de-AT\",\"@id\":\"https:\\\/\\\/www.berg-freunde.at\\\/blog\\\/#\\\/schema\\\/logo\\\/image\\\/\",\"url\":\"https:\\\/\\\/www.berg-freunde.at\\\/blog\\\/wp-content\\\/uploads\\\/2023\\\/12\\\/Bergfreunde_DE_rgb.svg\",\"contentUrl\":\"https:\\\/\\\/www.berg-freunde.at\\\/blog\\\/wp-content\\\/uploads\\\/2023\\\/12\\\/Bergfreunde_DE_rgb.svg\",\"caption\":\"Bergfreunde\"},\"image\":{\"@id\":\"https:\\\/\\\/www.berg-freunde.at\\\/blog\\\/#\\\/schema\\\/logo\\\/image\\\/\"},\"sameAs\":[\"https:\\\/\\\/www.facebook.com\\\/bergfreunde\",\"https:\\\/\\\/www.instagram.com\\\/bergfreundede\\\/\"]},{\"@type\":\"Person\",\"@id\":\"https:\\\/\\\/www.berg-freunde.at\\\/blog\\\/#\\\/schema\\\/person\\\/f14d9152a3cdc2b27aab515c1b0a8bc4\",\"name\":\"Johannes\",\"url\":\"https:\\\/\\\/www.berg-freunde.at\\\/blog\\\/about\\\/johannes-gersch\\\/\"}]}<\/script>\n<!-- \/ Yoast SEO Premium plugin. -->","yoast_head_json":{"title":"Packliste Fahrrad Weltreise | Checkliste zum Abhaken","description":"Mit dem Rad um die Welt: Was geh\u00f6rt bei einer Fahrrad Weltreise alles mit? Wir sagen's euch - mit Checkliste zum Abhaken und Downloaden!","robots":{"index":"index","follow":"follow","max-snippet":"max-snippet:-1","max-image-preview":"max-image-preview:large","max-video-preview":"max-video-preview:-1"},"canonical":"https:\/\/www.berg-freunde.at\/blog\/packliste-fahrrad-weltreise\/","og_locale":"de_DE","og_type":"article","og_title":"Packliste: Fahrrad Weltreise","og_description":"Mit dem Rad um die Welt: Was geh\u00f6rt bei einer Fahrrad Weltreise alles mit? Wir sagen's euch - mit Checkliste zum Abhaken und Downloaden!","og_url":"https:\/\/www.berg-freunde.at\/blog\/packliste-fahrrad-weltreise\/","og_site_name":"Bergfreunde","article_publisher":"https:\/\/www.facebook.com\/bergfreunde","article_published_time":"2022-08-23T11:02:00+00:00","article_modified_time":"2025-10-09T08:59:57+00:00","og_image":[{"width":1440,"height":960,"url":"https:\/\/www.berg-freunde.at\/blog\/wp-content\/uploads\/2022\/08\/shutterstock_466168181.jpg","type":"image\/jpeg"}],"author":"Johannes","twitter_card":"summary_large_image","twitter_misc":{"Verfasst von":"Johannes","Gesch\u00e4tzte Lesezeit":"5 Minuten"},"schema":{"@context":"https:\/\/schema.org","@graph":[{"@type":["Article","BlogPosting"],"@id":"https:\/\/www.berg-freunde.at\/blog\/packliste-fahrrad-weltreise\/#article","isPartOf":{"@id":"https:\/\/www.berg-freunde.at\/blog\/packliste-fahrrad-weltreise\/"},"author":{"name":"Johannes","@id":"https:\/\/www.berg-freunde.at\/blog\/#\/schema\/person\/f14d9152a3cdc2b27aab515c1b0a8bc4"},"headline":"Packliste: Fahrrad Weltreise","datePublished":"2022-08-23T11:02:00+00:00","dateModified":"2025-10-09T08:59:57+00:00","mainEntityOfPage":{"@id":"https:\/\/www.berg-freunde.at\/blog\/packliste-fahrrad-weltreise\/"},"wordCount":801,"commentCount":0,"publisher":{"@id":"https:\/\/www.berg-freunde.at\/blog\/#organization"},"image":{"@id":"https:\/\/www.berg-freunde.at\/blog\/packliste-fahrrad-weltreise\/#primaryimage"},"thumbnailUrl":"https:\/\/www.berg-freunde.at\/blog\/wp-content\/uploads\/2022\/08\/shutterstock_466168181.jpg","keywords":["Bike"],"articleSection":["Packlisten"],"inLanguage":"de-AT","potentialAction":[{"@type":"CommentAction","name":"Comment","target":["https:\/\/www.berg-freunde.at\/blog\/packliste-fahrrad-weltreise\/#respond"]}]},{"@type":"WebPage","@id":"https:\/\/www.berg-freunde.at\/blog\/packliste-fahrrad-weltreise\/","url":"https:\/\/www.berg-freunde.at\/blog\/packliste-fahrrad-weltreise\/","name":"Packliste Fahrrad Weltreise | Checkliste zum Abhaken","isPartOf":{"@id":"https:\/\/www.berg-freunde.at\/blog\/#website"},"primaryImageOfPage":{"@id":"https:\/\/www.berg-freunde.at\/blog\/packliste-fahrrad-weltreise\/#primaryimage"},"image":{"@id":"https:\/\/www.berg-freunde.at\/blog\/packliste-fahrrad-weltreise\/#primaryimage"},"thumbnailUrl":"https:\/\/www.berg-freunde.at\/blog\/wp-content\/uploads\/2022\/08\/shutterstock_466168181.jpg","datePublished":"2022-08-23T11:02:00+00:00","dateModified":"2025-10-09T08:59:57+00:00","description":"Mit dem Rad um die Welt: Was geh\u00f6rt bei einer Fahrrad Weltreise alles mit? Wir sagen's euch - mit Checkliste zum Abhaken und Downloaden!","breadcrumb":{"@id":"https:\/\/www.berg-freunde.at\/blog\/packliste-fahrrad-weltreise\/#breadcrumb"},"inLanguage":"de-AT","potentialAction":[{"@type":"ReadAction","target":["https:\/\/www.berg-freunde.at\/blog\/packliste-fahrrad-weltreise\/"]}]},{"@type":"ImageObject","inLanguage":"de-AT","@id":"https:\/\/www.berg-freunde.at\/blog\/packliste-fahrrad-weltreise\/#primaryimage","url":"https:\/\/www.berg-freunde.at\/blog\/wp-content\/uploads\/2022\/08\/shutterstock_466168181.jpg","contentUrl":"https:\/\/www.berg-freunde.at\/blog\/wp-content\/uploads\/2022\/08\/shutterstock_466168181.jpg","width":1440,"height":960,"caption":"Fahrrad Weltreise"},{"@type":"BreadcrumbList","@id":"https:\/\/www.berg-freunde.at\/blog\/packliste-fahrrad-weltreise\/#breadcrumb","itemListElement":[{"@type":"ListItem","position":1,"name":"Blog","item":"https:\/\/www.berg-freunde.at\/blog\/"},{"@type":"ListItem","position":2,"name":"Beratung","item":"https:\/\/www.berg-freunde.at\/blog\/category\/beratung\/"},{"@type":"ListItem","position":3,"name":"Packlisten","item":"https:\/\/www.berg-freunde.at\/blog\/category\/beratung\/packlisten\/"},{"@type":"ListItem","position":4,"name":"Packliste: Fahrrad Weltreise"}]},{"@type":"WebSite","@id":"https:\/\/www.berg-freunde.at\/blog\/#website","url":"https:\/\/www.berg-freunde.at\/blog\/","name":"Bergfreunde","description":"Blog","publisher":{"@id":"https:\/\/www.berg-freunde.at\/blog\/#organization"},"potentialAction":[{"@type":"SearchAction","target":{"@type":"EntryPoint","urlTemplate":"https:\/\/www.berg-freunde.at\/blog\/?s={search_term_string}"},"query-input":{"@type":"PropertyValueSpecification","valueRequired":true,"valueName":"search_term_string"}}],"inLanguage":"de-AT"},{"@type":"Organization","@id":"https:\/\/www.berg-freunde.at\/blog\/#organization","name":"Bergfreunde","url":"https:\/\/www.berg-freunde.at\/blog\/","logo":{"@type":"ImageObject","inLanguage":"de-AT","@id":"https:\/\/www.berg-freunde.at\/blog\/#\/schema\/logo\/image\/","url":"https:\/\/www.berg-freunde.at\/blog\/wp-content\/uploads\/2023\/12\/Bergfreunde_DE_rgb.svg","contentUrl":"https:\/\/www.berg-freunde.at\/blog\/wp-content\/uploads\/2023\/12\/Bergfreunde_DE_rgb.svg","caption":"Bergfreunde"},"image":{"@id":"https:\/\/www.berg-freunde.at\/blog\/#\/schema\/logo\/image\/"},"sameAs":["https:\/\/www.facebook.com\/bergfreunde","https:\/\/www.instagram.com\/bergfreundede\/"]},{"@type":"Person","@id":"https:\/\/www.berg-freunde.at\/blog\/#\/schema\/person\/f14d9152a3cdc2b27aab515c1b0a8bc4","name":"Johannes","url":"https:\/\/www.berg-freunde.at\/blog\/about\/johannes-gersch\/"}]}},"_links":{"self":[{"href":"https:\/\/www.berg-freunde.at\/blog\/wp-json\/wp\/v2\/posts\/64829","targetHints":{"allow":["GET"]}}],"collection":[{"href":"https:\/\/www.berg-freunde.at\/blog\/wp-json\/wp\/v2\/posts"}],"about":[{"href":"https:\/\/www.berg-freunde.at\/blog\/wp-json\/wp\/v2\/types\/post"}],"author":[{"embeddable":true,"href":"https:\/\/www.berg-freunde.at\/blog\/wp-json\/wp\/v2\/users\/52"}],"replies":[{"embeddable":true,"href":"https:\/\/www.berg-freunde.at\/blog\/wp-json\/wp\/v2\/comments?post=64829"}],"version-history":[{"count":1,"href":"https:\/\/www.berg-freunde.at\/blog\/wp-json\/wp\/v2\/posts\/64829\/revisions"}],"predecessor-version":[{"id":127194,"href":"https:\/\/www.berg-freunde.at\/blog\/wp-json\/wp\/v2\/posts\/64829\/revisions\/127194"}],"wp:featuredmedia":[{"embeddable":true,"href":"https:\/\/www.berg-freunde.at\/blog\/wp-json\/wp\/v2\/media\/64831"}],"wp:attachment":[{"href":"https:\/\/www.berg-freunde.at\/blog\/wp-json\/wp\/v2\/media?parent=64829"}],"wp:term":[{"taxonomy":"category","embeddable":true,"href":"https:\/\/www.berg-freunde.at\/blog\/wp-json\/wp\/v2\/categories?post=64829"},{"taxonomy":"post_tag","embeddable":true,"href":"https:\/\/www.berg-freunde.at\/blog\/wp-json\/wp\/v2\/tags?post=64829"},{"taxonomy":"post_folder","embeddable":true,"href":"https:\/\/www.berg-freunde.at\/blog\/wp-json\/wp\/v2\/post_folder?post=64829"}],"curies":[{"name":"wp","href":"https:\/\/api.w.org\/{rel}","templated":true}]}}