{"id":133005,"date":"2026-04-28T14:32:28","date_gmt":"2026-04-28T12:32:28","guid":{"rendered":"https:\/\/www.bergfreunde.de\/blog\/?p=133005"},"modified":"2026-04-28T14:32:28","modified_gmt":"2026-04-28T12:32:28","slug":"dometic-recon-kuehlboxen","status":"publish","type":"post","link":"https:\/\/www.berg-freunde.at\/blog\/dometic-recon-kuehlboxen\/","title":{"rendered":"Dometic Recon K\u00fchlboxen \u2013 ein modulares System f\u00fcr unterwegs"},"content":{"rendered":"\n<p>Die Recon\u2011Serie von Dometic ist als <strong>passives K\u00fchlsystem<\/strong> f\u00fcr mobile Outdoor\u2011Setups gedacht. Das Sortiment umfasst sowohl Hardside- als auch Softside-K\u00fchler, die in Gr\u00f6\u00dfe und Form so gestaltet sind, dass Du sie stapeln kannst. Die Serie richtet sich an alle, die ihre Ausr\u00fcstung \u00fcberwiegend im Fahrzeug, sei es im Wohnmobil, im Laderaum oder unter der Sitzbank transportieren und Wert auf Ordnung, Zugriff und eine klare Struktur legen. Statt auf Elektronik setzt Dometic bei Recon konsequent auf K\u00fchlboxen, die mit Eis oder K\u00fchlelementen betrieben werden und ohne Strom auskommen.<\/p>\n\n\n\n<h2 class=\"wp-block-heading\" id=\"h-konstruktion-und-kuhlleistung\"><strong>Konstruktion und K\u00fchlleistung<\/strong><\/h2>\n\n\n\n<p>Die Hardside\u2011Modelle der Recon\u2011Serie bestehen aus einer <strong>spritzgegossenen Kunststoffschale<\/strong>. Diese Bauweise erm\u00f6glicht eine kantige, rechteckige Form, die sich gut im Fahrzeug verstauen l\u00e4sst und gleichzeitig Gewicht spart. Die Wandst\u00e4rke liegt bei rund <strong>5<\/strong><strong>\u202fcm Hochleistungsisolierung<\/strong> und ist f\u00fcr mehrt\u00e4gige K\u00fchlung ausgelegt \u2013 abh\u00e4ngig von Bef\u00fcllung, Eisanteil und Au\u00dfentemperatur.<\/p>\n\n\n\n<figure class=\"wp-block-embed is-type-video is-provider-youtube wp-block-embed-youtube wp-embed-aspect-16-9 wp-has-aspect-ratio\"><div class=\"wp-block-embed__wrapper\">\n<iframe title=\"DOMETIC | Recon Cooler System \u2013 Stackable Hard &amp; Soft Coolers\" width=\"800\" height=\"450\" src=\"https:\/\/www.youtube.com\/embed\/nHPbs3kVqrU?feature=oembed\" frameborder=\"0\" allow=\"accelerometer; autoplay; clipboard-write; encrypted-media; gyroscope; picture-in-picture; web-share\" referrerpolicy=\"strict-origin-when-cross-origin\" allowfullscreen><\/iframe>\n<\/div><\/figure>\n\n\n\n<p>Neben den Hartschalenmodellen umfasst die Recon-Serie auch <strong>Softside\u2011K\u00fchlboxen<\/strong>. Sie sind leichter, haben eine robuste, stabile Basis sowie flexible Seitenw\u00e4nde. Damit eignen sie sich f\u00fcr k\u00fcrzere Eins\u00e4tze wie Tagesausfl\u00fcge oder als zus\u00e4tzliche K\u00fchlm\u00f6glichkeit im Fahrzeug. Ihre 25 mm FrostCore-Isolierung sorgt f\u00fcr anhaltende K\u00fchlung. Die Softside\u2011Modelle sind Teil des gleichen Systems und lassen sich im Fahrzeug auf die Hardside-Boxen stapeln.<\/p>\n\n\n\n<h2 class=\"wp-block-heading\" id=\"h-alltagstaugliche-details-und-systemlogik\"><strong>Alltagstaugliche Details und Systemlogik<\/strong><\/h2>\n\n\n\n<p>Ein zentrales Merkmal der Recon\u2011K\u00fchlboxen ist der <strong>beidseitig zu \u00f6ffnende und vollst\u00e4ndig abnehmbare Deckel<\/strong>. Das erleichtert den Zugang, wenn die Box im Kofferraum oder im Heck eines Vans steht. Rutschfeste F\u00fc\u00dfe greifen formschl\u00fcssig in den Deckel der darunterliegenden Box, sodass mehrere Modelle sicher gestapelt werden k\u00f6nnen. Die K\u00fchlboxen sind von Beginn an als Teil eines Systems gedacht, das sich je nach Tour und Bedarf anpassen l\u00e4sst.<\/p>\n\n\n\n<p>Hardside-Boxen besitzen einen isolierten Ablaufstopfen, mit dem Fl\u00fcssigkeit einfach aus dem Inneren abgelassen werden kann. Dank der Rillen in der Innenwand kann die Box mithilfe geeigneter Trennw\u00e4nde flexibel in verschiedene F\u00e4cher unterteilt werden. Die robusten Metallverschl\u00fcsse sind zus\u00e4tzlich als Flaschen\u00f6ffner nutzbar.<\/p>\n\n\n\n<p>Softside-Boxen haben praktische, flexible Tragegriffe und einen abnehmbaren Gurt, mit dem Du die Tasche \u00fcber die Schulter h\u00e4ngen kannst. Besonders praktisch sind die kleinen Schlaufen auf der Au\u00dfenseite, an denen sich Ausr\u00fcstungsgegenst\u00e4nde befestigen lassen, die keiner K\u00fchlung bed\u00fcrfen.<\/p>\n\n\n\n<figure class=\"wp-block-embed is-type-video is-provider-youtube wp-block-embed-youtube wp-embed-aspect-16-9 wp-has-aspect-ratio\"><div class=\"wp-block-embed__wrapper\">\n<iframe title=\"The Dometic Design Team Introduces the Recon Cooler System\" width=\"800\" height=\"450\" src=\"https:\/\/www.youtube.com\/embed\/ql-SNMRFJhI?feature=oembed\" frameborder=\"0\" allow=\"accelerometer; autoplay; clipboard-write; encrypted-media; gyroscope; picture-in-picture; web-share\" referrerpolicy=\"strict-origin-when-cross-origin\" allowfullscreen><\/iframe>\n<\/div><\/figure>\n\n\n\n<h2 class=\"wp-block-heading\" id=\"h-grossen-und-typische-einsatzszenarien\"><strong>Gr\u00f6\u00dfen und typische Einsatzszenarien<\/strong><\/h2>\n\n\n\n<p>Alle Recon\u2011K\u00fchlboxen sind in verschiedenen Gr\u00f6\u00dfen erh\u00e4ltlich:<\/p>\n\n\n\n<p><a href=\"https:\/\/www.bergfreunde.de\/dometic-recon-hardside-small-kuehlbox\/\"><strong>Recon Hardside Small<\/strong><\/a><strong> \u2013 ca. 16<\/strong><strong>\u202fLiter<\/strong><br>Geeignet f\u00fcr kurze Ausfl\u00fcge, Tagestrips oder als Zusatzk\u00fchlbox im Fahrzeug. Passt gut in den Fu\u00dfraum oder hinter den Sitz und ist ideal f\u00fcr Getr\u00e4nke, Snacks oder als mobile Wasserk\u00fchlbox mit passendem Zubeh\u00f6r.<\/p>\n\n\n\n\n\n<p><a href=\"https:\/\/www.bergfreunde.de\/dometic-recon-hardside-medium-kuehlbox\/\"><strong>Recon Hardside Medium<\/strong><\/a><strong> \u2013 ca. 41<\/strong><strong>\u202fLiter<\/strong><br>Eine ausgewogene Gr\u00f6\u00dfe f\u00fcr Wochenendausfl\u00fcge, Camping oder l\u00e4ngere Tage unterwegs. Bietet ausreichend Platz f\u00fcr Verpflegung mehrerer Personen und eignet sich gut als zentrale K\u00fchlbox im Kofferraum oder Van.<\/p>\n\n\n\n\n\n<p><a href=\"https:\/\/www.bergfreunde.de\/dometic-recon-hardside-large-kuehlbox\/\"><strong>Recon Hardside Large<\/strong><\/a><strong> \u2013 ca. <\/strong><strong>69<\/strong><strong>\u202f<\/strong><strong>Liter<\/strong><\/p>\n\n\n\n<p>Perfekt f\u00fcr lange Reisen, Basecamps oder Gruppen. &nbsp;Viel Volumen f\u00fcr frische Lebensmittel und Getr\u00e4nke \u00fcber mehrere Tage und ideal als Hauptk\u00fchlbox innerhalb eines gestapelten Recon\u2011Systems.<\/p>\n\n\n\n\n\n<p><a href=\"https:\/\/www.bergfreunde.de\/dometic-recon-softside-zl-small-kuehltasche\/\"><strong>Recon Softside ZL Small<\/strong><\/a><strong> \u2013 ca. 12<\/strong><strong>\u202fLiter<\/strong><br>Ideal f\u00fcr kurze Ausfl\u00fcge wie Spazierg\u00e4nge, kurze Wanderungen oder den Arbeitsweg. Bietet Platz f\u00fcr Getr\u00e4nke und Snacks f\u00fcr ein bis zwei Personen und l\u00e4sst sich gut im Auto, auf dem Beifahrersitz oder in einem gr\u00f6\u00dferen Rucksack transportieren.<\/p>\n\n\n\n\n\n<p><a href=\"https:\/\/www.bergfreunde.de\/dometic-recon-softside-zl-medium-kuehltasche\/\"><strong>Recon Softside ZL Medium<\/strong><\/a><strong> \u2013 ca. 17<\/strong><strong>\u202fLiter<\/strong><br>Sinnvoll f\u00fcr Tagesausfl\u00fcge, Strandtage oder l\u00e4ngere Autofahrten. Fasst Proviant f\u00fcr zwei bis drei Personen und eignet sich gut als flexibel zug\u00e4ngliche K\u00fchlbox im Kofferraum oder Van.<\/p>\n\n\n\n\n\n<p><a href=\"https:\/\/www.bergfreunde.de\/dometic-recon-softside-zl-large-kuehltasche\/\"><strong>Recon Softside ZL Large<\/strong><\/a><strong> \u2013 ca. 21<\/strong><strong>\u202fLiter<\/strong><br>Ausgelegt f\u00fcr Wochenendtrips, Camping oder l\u00e4ngere Outdoor\u2011Tage. Bietet ausreichend Volumen f\u00fcr mehrere Mahlzeiten und Getr\u00e4nke und erg\u00e4nzt gr\u00f6\u00dfere Recon\u2011Hardside\u2011Boxen als leicht zug\u00e4ngliche Zusatzk\u00fchlung.<\/p>\n\n\n\n\n\n<h2 class=\"wp-block-heading\" id=\"h-zubehor-fur-funktionale-erweiterung\"><strong>Zubeh\u00f6r f\u00fcr funktionale Erweiterung<\/strong><\/h2>\n\n\n\n<p>Dometic erg\u00e4nzt die Recon\u2011Serie um Zubeh\u00f6r, das klar auf praktische Nutzung ausgelegt ist. Alle Zubeh\u00f6rteile folgen dem gleichen Ansatz: funktional, modular, ohne die Grundidee der K\u00fchlbox zu ver\u00e4ndern.<\/p>\n\n\n\n<ul class=\"wp-block-list\">\n<li>Der <a href=\"https:\/\/www.bergfreunde.de\/dometic-recon-360-faucet-kuehlbox-zubehoer\/\"><strong>Recon 360 Faucet<\/strong><\/a> ist ein tragbarer, akkubetriebener Wasserhahn, der speziell f\u00fcr die Recon\u2011Hardside\u2011K\u00fchlboxen entwickelt wurde und diese in einen mobilen Wasserspender verwandelt.<\/li>\n<\/ul>\n\n\n<div class=\"wp-block-image\">\n<figure class=\"aligncenter size-full\"><a href=\"https:\/\/www.bergfreunde.de\/blog\/wp-content\/uploads\/2026\/04\/Dometic-Recon-Kuehlboxen_Wasserhahn_bearbeitet.jpg\"><img fetchpriority=\"high\" decoding=\"async\" width=\"1334\" height=\"1001\" src=\"https:\/\/www.bergfreunde.de\/blog\/wp-content\/uploads\/2026\/04\/Dometic-Recon-Kuehlboxen_Wasserhahn_bearbeitet.jpg\" alt=\"Recon 360 Faucet\" class=\"wp-image-133078\" srcset=\"https:\/\/www.berg-freunde.at\/blog\/wp-content\/uploads\/2026\/04\/Dometic-Recon-Kuehlboxen_Wasserhahn_bearbeitet.jpg 1334w, https:\/\/www.berg-freunde.at\/blog\/wp-content\/uploads\/2026\/04\/Dometic-Recon-Kuehlboxen_Wasserhahn_bearbeitet-300x225.jpg 300w, https:\/\/www.berg-freunde.at\/blog\/wp-content\/uploads\/2026\/04\/Dometic-Recon-Kuehlboxen_Wasserhahn_bearbeitet-768x576.jpg 768w\" sizes=\"(max-width: 1334px) 100vw, 1334px\" \/><\/a><figcaption class=\"wp-element-caption\">Mit dem Recon 360 Faucet verwandelt sich deine Hardside-K\u00fchlbox in einen mobilen Wasserspender.<\/figcaption><\/figure>\n<\/div>\n\n\n<ul class=\"wp-block-list\">\n<li>Die <a href=\"https:\/\/www.bergfreunde.de\/dometic-recon-divider-kuehlbox-zubehoer\/\"><strong>Recon Trennwand<\/strong><\/a> unterteilt den Innenraum der mittleren und gro\u00dfen Hardside-K\u00fchlboxen und ist zus\u00e4tzlich als Schneidebrett einsetzbar.<\/li>\n\n\n\n<li><strong>Ice Blocks<\/strong> dienen als formstabile K\u00fchlelemente und sind auf die Innenma\u00dfe der Boxen abgestimmt.<\/li>\n\n\n\n<li>Der <a href=\"https:\/\/www.bergfreunde.de\/dometic-recon-drop-in-basket-kuehlbox-zubehoer\/\"><strong>Recon Drop\u2011In Basket<\/strong><\/a> h\u00e4lt empfindliche oder h\u00e4ufig ben\u00f6tigte Inhalte oben in Deiner Hardside-Box.<\/li>\n\n\n\n<li>Der <a href=\"https:\/\/www.bergfreunde.de\/dometic-recon-drink-holder-kuehlbox-zubehoer\/\"><strong>Recon Drink Holder<\/strong><\/a> wird au\u00dfen an der Hardside-Box befestigt und dient als Halter f\u00fcr zwei Becher oder Flaschen.<\/li>\n\n\n\n<li>Die <a href=\"https:\/\/www.bergfreunde.de\/dometic-recon-tote-umhaengetasche\/\"><strong>Recon Tote<\/strong><\/a> erg\u00e4nzt das System als weiche Transportl\u00f6sung f\u00fcr loses Gep\u00e4ck oder Eink\u00e4ufe. Sie passt in alle Hardside-Boxen<\/li>\n<\/ul>\n\n\n\n<h2 class=\"wp-block-heading\" id=\"h-fazit\"><strong>Fazit<\/strong><\/h2>\n\n\n\n<p>Die Dometic Recon\u2011Serie richtet sich an alle, die <strong>passive K\u00fchlung<\/strong>, funktionale Details und eine durchdachte Systemlogik bevorzugen. Ihre St\u00e4rken spielt Recon dort aus, wo Struktur, Zugriff und Transport im Vordergrund stehen: beim Reisen mit Auto, Van oder im organisierten Basecamp.<\/p>\n","protected":false},"excerpt":{"rendered":"<p>Die Recon\u2011Serie von Dometic ist als passives K\u00fchlsystem f\u00fcr mobile Outdoor\u2011Setups gedacht. Das Sortiment umfasst sowohl Hardside- als auch Softside-K\u00fchler, die in Gr\u00f6\u00dfe und Form so gestaltet sind, dass Du sie stapeln kannst. Die Serie richtet sich an alle, die ihre Ausr\u00fcstung \u00fcberwiegend im Fahrzeug, sei es im Wohnmobil, im Laderaum oder unter der Sitzbank [&hellip;]<\/p>\n","protected":false},"author":105,"featured_media":133050,"comment_status":"open","ping_status":"closed","sticky":false,"template":"","format":"standard","meta":{"_acf_changed":false,"footnotes":""},"categories":[279,1],"tags":[260],"post_folder":[],"class_list":["post-133005","post","type-post","status-publish","format-standard","has-post-thumbnail","hentry","category-hersteller-marken","category-unkategorisiert","tag-camping-reisen"],"acf":[],"yoast_head":"<!-- This site is optimized with the Yoast SEO Premium plugin v27.4 (Yoast SEO v27.4) - https:\/\/yoast.com\/product\/yoast-seo-premium-wordpress\/ -->\n<title>Dometic Recon K\u00fchlboxen - \u00dcbersicht | Bergfreunde Basislager<\/title>\n<meta name=\"description\" content=\"Welche K\u00fchlsysteme hat Dometic Recon im Sortiment? \u27a4 Worin unterscheiden sie sich? Gibts es Erweiterungszubeh\u00f6r? \u27a4 Erfahre es hier!\" \/>\n<meta name=\"robots\" content=\"index, follow, max-snippet:-1, max-image-preview:large, max-video-preview:-1\" \/>\n<link rel=\"canonical\" href=\"https:\/\/www.berg-freunde.at\/blog\/dometic-recon-kuehlboxen\/\" \/>\n<meta property=\"og:locale\" content=\"de_DE\" \/>\n<meta property=\"og:type\" content=\"article\" \/>\n<meta property=\"og:title\" content=\"Dometic Recon K\u00fchlboxen \u2013 ein modulares System f\u00fcr unterwegs\" \/>\n<meta property=\"og:description\" content=\"Welche K\u00fchlsysteme hat Dometic Recon im Sortiment? \u27a4 Worin unterscheiden sie sich? Gibts es Erweiterungszubeh\u00f6r? \u27a4 Erfahre es hier!\" \/>\n<meta property=\"og:url\" content=\"https:\/\/www.berg-freunde.at\/blog\/dometic-recon-kuehlboxen\/\" \/>\n<meta property=\"og:site_name\" content=\"Bergfreunde\" \/>\n<meta property=\"article:publisher\" content=\"https:\/\/www.facebook.com\/bergfreunde\" \/>\n<meta property=\"article:published_time\" content=\"2026-04-28T12:32:28+00:00\" \/>\n<meta property=\"og:image\" content=\"https:\/\/www.berg-freunde.at\/blog\/wp-content\/uploads\/2026\/04\/28042026_Dometic-Recon-Kuehlboxen_bearbeitet.jpg\" \/>\n\t<meta property=\"og:image:width\" content=\"1920\" \/>\n\t<meta property=\"og:image:height\" content=\"1080\" \/>\n\t<meta property=\"og:image:type\" content=\"image\/jpeg\" \/>\n<meta name=\"author\" content=\"Janika\" \/>\n<meta name=\"twitter:card\" content=\"summary_large_image\" \/>\n<meta name=\"twitter:label1\" content=\"Verfasst von\" \/>\n\t<meta name=\"twitter:data1\" content=\"Janika\" \/>\n\t<meta name=\"twitter:label2\" content=\"Gesch\u00e4tzte Lesezeit\" \/>\n\t<meta name=\"twitter:data2\" content=\"4 Minuten\" \/>\n<script type=\"application\/ld+json\" class=\"yoast-schema-graph\">{\"@context\":\"https:\\\/\\\/schema.org\",\"@graph\":[{\"@type\":[\"Article\",\"BlogPosting\"],\"@id\":\"https:\\\/\\\/www.berg-freunde.at\\\/blog\\\/dometic-recon-kuehlboxen\\\/#article\",\"isPartOf\":{\"@id\":\"https:\\\/\\\/www.berg-freunde.at\\\/blog\\\/dometic-recon-kuehlboxen\\\/\"},\"author\":{\"name\":\"Janika\",\"@id\":\"https:\\\/\\\/www.berg-freunde.at\\\/blog\\\/#\\\/schema\\\/person\\\/df2a8e427af33ff049b55d9efdada291\"},\"headline\":\"Dometic Recon K\u00fchlboxen \u2013 ein modulares System f\u00fcr unterwegs\",\"datePublished\":\"2026-04-28T12:32:28+00:00\",\"mainEntityOfPage\":{\"@id\":\"https:\\\/\\\/www.berg-freunde.at\\\/blog\\\/dometic-recon-kuehlboxen\\\/\"},\"wordCount\":908,\"commentCount\":0,\"publisher\":{\"@id\":\"https:\\\/\\\/www.berg-freunde.at\\\/blog\\\/#organization\"},\"image\":{\"@id\":\"https:\\\/\\\/www.berg-freunde.at\\\/blog\\\/dometic-recon-kuehlboxen\\\/#primaryimage\"},\"thumbnailUrl\":\"https:\\\/\\\/www.berg-freunde.at\\\/blog\\\/wp-content\\\/uploads\\\/2026\\\/04\\\/28042026_Dometic-Recon-Kuehlboxen_bearbeitet.jpg\",\"keywords\":[\"Camping &amp; Reisen\"],\"articleSection\":[\"Hersteller &amp; Marken\",\"Unkategorisiert\"],\"inLanguage\":\"de-AT\",\"potentialAction\":[{\"@type\":\"CommentAction\",\"name\":\"Comment\",\"target\":[\"https:\\\/\\\/www.berg-freunde.at\\\/blog\\\/dometic-recon-kuehlboxen\\\/#respond\"]}]},{\"@type\":\"WebPage\",\"@id\":\"https:\\\/\\\/www.berg-freunde.at\\\/blog\\\/dometic-recon-kuehlboxen\\\/\",\"url\":\"https:\\\/\\\/www.berg-freunde.at\\\/blog\\\/dometic-recon-kuehlboxen\\\/\",\"name\":\"Dometic Recon K\u00fchlboxen - \u00dcbersicht | Bergfreunde Basislager\",\"isPartOf\":{\"@id\":\"https:\\\/\\\/www.berg-freunde.at\\\/blog\\\/#website\"},\"primaryImageOfPage\":{\"@id\":\"https:\\\/\\\/www.berg-freunde.at\\\/blog\\\/dometic-recon-kuehlboxen\\\/#primaryimage\"},\"image\":{\"@id\":\"https:\\\/\\\/www.berg-freunde.at\\\/blog\\\/dometic-recon-kuehlboxen\\\/#primaryimage\"},\"thumbnailUrl\":\"https:\\\/\\\/www.berg-freunde.at\\\/blog\\\/wp-content\\\/uploads\\\/2026\\\/04\\\/28042026_Dometic-Recon-Kuehlboxen_bearbeitet.jpg\",\"datePublished\":\"2026-04-28T12:32:28+00:00\",\"description\":\"Welche K\u00fchlsysteme hat Dometic Recon im Sortiment? \u27a4 Worin unterscheiden sie sich? Gibts es Erweiterungszubeh\u00f6r? \u27a4 Erfahre es hier!\",\"breadcrumb\":{\"@id\":\"https:\\\/\\\/www.berg-freunde.at\\\/blog\\\/dometic-recon-kuehlboxen\\\/#breadcrumb\"},\"inLanguage\":\"de-AT\",\"potentialAction\":[{\"@type\":\"ReadAction\",\"target\":[\"https:\\\/\\\/www.berg-freunde.at\\\/blog\\\/dometic-recon-kuehlboxen\\\/\"]}]},{\"@type\":\"ImageObject\",\"inLanguage\":\"de-AT\",\"@id\":\"https:\\\/\\\/www.berg-freunde.at\\\/blog\\\/dometic-recon-kuehlboxen\\\/#primaryimage\",\"url\":\"https:\\\/\\\/www.berg-freunde.at\\\/blog\\\/wp-content\\\/uploads\\\/2026\\\/04\\\/28042026_Dometic-Recon-Kuehlboxen_bearbeitet.jpg\",\"contentUrl\":\"https:\\\/\\\/www.berg-freunde.at\\\/blog\\\/wp-content\\\/uploads\\\/2026\\\/04\\\/28042026_Dometic-Recon-Kuehlboxen_bearbeitet.jpg\",\"width\":1920,\"height\":1080,\"caption\":\"??????????????????????????????????????????????????????????????????????????????????\"},{\"@type\":\"BreadcrumbList\",\"@id\":\"https:\\\/\\\/www.berg-freunde.at\\\/blog\\\/dometic-recon-kuehlboxen\\\/#breadcrumb\",\"itemListElement\":[{\"@type\":\"ListItem\",\"position\":1,\"name\":\"Blog\",\"item\":\"https:\\\/\\\/www.berg-freunde.at\\\/blog\\\/\"},{\"@type\":\"ListItem\",\"position\":2,\"name\":\"Beratung\",\"item\":\"https:\\\/\\\/www.berg-freunde.at\\\/blog\\\/category\\\/beratung\\\/\"},{\"@type\":\"ListItem\",\"position\":3,\"name\":\"Hersteller &amp; Marken\",\"item\":\"https:\\\/\\\/www.berg-freunde.at\\\/blog\\\/category\\\/beratung\\\/hersteller-marken\\\/\"},{\"@type\":\"ListItem\",\"position\":4,\"name\":\"Dometic Recon K\u00fchlboxen \u2013 ein modulares System f\u00fcr unterwegs\"}]},{\"@type\":\"WebSite\",\"@id\":\"https:\\\/\\\/www.berg-freunde.at\\\/blog\\\/#website\",\"url\":\"https:\\\/\\\/www.berg-freunde.at\\\/blog\\\/\",\"name\":\"Bergfreunde\",\"description\":\"Blog\",\"publisher\":{\"@id\":\"https:\\\/\\\/www.berg-freunde.at\\\/blog\\\/#organization\"},\"potentialAction\":[{\"@type\":\"SearchAction\",\"target\":{\"@type\":\"EntryPoint\",\"urlTemplate\":\"https:\\\/\\\/www.berg-freunde.at\\\/blog\\\/?s={search_term_string}\"},\"query-input\":{\"@type\":\"PropertyValueSpecification\",\"valueRequired\":true,\"valueName\":\"search_term_string\"}}],\"inLanguage\":\"de-AT\"},{\"@type\":\"Organization\",\"@id\":\"https:\\\/\\\/www.berg-freunde.at\\\/blog\\\/#organization\",\"name\":\"Bergfreunde\",\"url\":\"https:\\\/\\\/www.berg-freunde.at\\\/blog\\\/\",\"logo\":{\"@type\":\"ImageObject\",\"inLanguage\":\"de-AT\",\"@id\":\"https:\\\/\\\/www.berg-freunde.at\\\/blog\\\/#\\\/schema\\\/logo\\\/image\\\/\",\"url\":\"https:\\\/\\\/www.berg-freunde.at\\\/blog\\\/wp-content\\\/uploads\\\/2023\\\/12\\\/Bergfreunde_DE_rgb.svg\",\"contentUrl\":\"https:\\\/\\\/www.berg-freunde.at\\\/blog\\\/wp-content\\\/uploads\\\/2023\\\/12\\\/Bergfreunde_DE_rgb.svg\",\"caption\":\"Bergfreunde\"},\"image\":{\"@id\":\"https:\\\/\\\/www.berg-freunde.at\\\/blog\\\/#\\\/schema\\\/logo\\\/image\\\/\"},\"sameAs\":[\"https:\\\/\\\/www.facebook.com\\\/bergfreunde\",\"https:\\\/\\\/www.instagram.com\\\/bergfreundede\\\/\"]},{\"@type\":\"Person\",\"@id\":\"https:\\\/\\\/www.berg-freunde.at\\\/blog\\\/#\\\/schema\\\/person\\\/df2a8e427af33ff049b55d9efdada291\",\"name\":\"Janika\",\"url\":\"https:\\\/\\\/www.berg-freunde.at\\\/blog\\\/about\\\/janika-witthoeft\\\/\"}]}<\/script>\n<!-- \/ Yoast SEO Premium plugin. -->","yoast_head_json":{"title":"Dometic Recon K\u00fchlboxen - \u00dcbersicht | Bergfreunde Basislager","description":"Welche K\u00fchlsysteme hat Dometic Recon im Sortiment? \u27a4 Worin unterscheiden sie sich? Gibts es Erweiterungszubeh\u00f6r? \u27a4 Erfahre es hier!","robots":{"index":"index","follow":"follow","max-snippet":"max-snippet:-1","max-image-preview":"max-image-preview:large","max-video-preview":"max-video-preview:-1"},"canonical":"https:\/\/www.berg-freunde.at\/blog\/dometic-recon-kuehlboxen\/","og_locale":"de_DE","og_type":"article","og_title":"Dometic Recon K\u00fchlboxen \u2013 ein modulares System f\u00fcr unterwegs","og_description":"Welche K\u00fchlsysteme hat Dometic Recon im Sortiment? \u27a4 Worin unterscheiden sie sich? Gibts es Erweiterungszubeh\u00f6r? \u27a4 Erfahre es hier!","og_url":"https:\/\/www.berg-freunde.at\/blog\/dometic-recon-kuehlboxen\/","og_site_name":"Bergfreunde","article_publisher":"https:\/\/www.facebook.com\/bergfreunde","article_published_time":"2026-04-28T12:32:28+00:00","og_image":[{"width":1920,"height":1080,"url":"https:\/\/www.berg-freunde.at\/blog\/wp-content\/uploads\/2026\/04\/28042026_Dometic-Recon-Kuehlboxen_bearbeitet.jpg","type":"image\/jpeg"}],"author":"Janika","twitter_card":"summary_large_image","twitter_misc":{"Verfasst von":"Janika","Gesch\u00e4tzte Lesezeit":"4 Minuten"},"schema":{"@context":"https:\/\/schema.org","@graph":[{"@type":["Article","BlogPosting"],"@id":"https:\/\/www.berg-freunde.at\/blog\/dometic-recon-kuehlboxen\/#article","isPartOf":{"@id":"https:\/\/www.berg-freunde.at\/blog\/dometic-recon-kuehlboxen\/"},"author":{"name":"Janika","@id":"https:\/\/www.berg-freunde.at\/blog\/#\/schema\/person\/df2a8e427af33ff049b55d9efdada291"},"headline":"Dometic Recon K\u00fchlboxen \u2013 ein modulares System f\u00fcr unterwegs","datePublished":"2026-04-28T12:32:28+00:00","mainEntityOfPage":{"@id":"https:\/\/www.berg-freunde.at\/blog\/dometic-recon-kuehlboxen\/"},"wordCount":908,"commentCount":0,"publisher":{"@id":"https:\/\/www.berg-freunde.at\/blog\/#organization"},"image":{"@id":"https:\/\/www.berg-freunde.at\/blog\/dometic-recon-kuehlboxen\/#primaryimage"},"thumbnailUrl":"https:\/\/www.berg-freunde.at\/blog\/wp-content\/uploads\/2026\/04\/28042026_Dometic-Recon-Kuehlboxen_bearbeitet.jpg","keywords":["Camping &amp; Reisen"],"articleSection":["Hersteller &amp; Marken","Unkategorisiert"],"inLanguage":"de-AT","potentialAction":[{"@type":"CommentAction","name":"Comment","target":["https:\/\/www.berg-freunde.at\/blog\/dometic-recon-kuehlboxen\/#respond"]}]},{"@type":"WebPage","@id":"https:\/\/www.berg-freunde.at\/blog\/dometic-recon-kuehlboxen\/","url":"https:\/\/www.berg-freunde.at\/blog\/dometic-recon-kuehlboxen\/","name":"Dometic Recon K\u00fchlboxen - \u00dcbersicht | Bergfreunde Basislager","isPartOf":{"@id":"https:\/\/www.berg-freunde.at\/blog\/#website"},"primaryImageOfPage":{"@id":"https:\/\/www.berg-freunde.at\/blog\/dometic-recon-kuehlboxen\/#primaryimage"},"image":{"@id":"https:\/\/www.berg-freunde.at\/blog\/dometic-recon-kuehlboxen\/#primaryimage"},"thumbnailUrl":"https:\/\/www.berg-freunde.at\/blog\/wp-content\/uploads\/2026\/04\/28042026_Dometic-Recon-Kuehlboxen_bearbeitet.jpg","datePublished":"2026-04-28T12:32:28+00:00","description":"Welche K\u00fchlsysteme hat Dometic Recon im Sortiment? \u27a4 Worin unterscheiden sie sich? Gibts es Erweiterungszubeh\u00f6r? \u27a4 Erfahre es hier!","breadcrumb":{"@id":"https:\/\/www.berg-freunde.at\/blog\/dometic-recon-kuehlboxen\/#breadcrumb"},"inLanguage":"de-AT","potentialAction":[{"@type":"ReadAction","target":["https:\/\/www.berg-freunde.at\/blog\/dometic-recon-kuehlboxen\/"]}]},{"@type":"ImageObject","inLanguage":"de-AT","@id":"https:\/\/www.berg-freunde.at\/blog\/dometic-recon-kuehlboxen\/#primaryimage","url":"https:\/\/www.berg-freunde.at\/blog\/wp-content\/uploads\/2026\/04\/28042026_Dometic-Recon-Kuehlboxen_bearbeitet.jpg","contentUrl":"https:\/\/www.berg-freunde.at\/blog\/wp-content\/uploads\/2026\/04\/28042026_Dometic-Recon-Kuehlboxen_bearbeitet.jpg","width":1920,"height":1080,"caption":"??????????????????????????????????????????????????????????????????????????????????"},{"@type":"BreadcrumbList","@id":"https:\/\/www.berg-freunde.at\/blog\/dometic-recon-kuehlboxen\/#breadcrumb","itemListElement":[{"@type":"ListItem","position":1,"name":"Blog","item":"https:\/\/www.berg-freunde.at\/blog\/"},{"@type":"ListItem","position":2,"name":"Beratung","item":"https:\/\/www.berg-freunde.at\/blog\/category\/beratung\/"},{"@type":"ListItem","position":3,"name":"Hersteller &amp; Marken","item":"https:\/\/www.berg-freunde.at\/blog\/category\/beratung\/hersteller-marken\/"},{"@type":"ListItem","position":4,"name":"Dometic Recon K\u00fchlboxen \u2013 ein modulares System f\u00fcr unterwegs"}]},{"@type":"WebSite","@id":"https:\/\/www.berg-freunde.at\/blog\/#website","url":"https:\/\/www.berg-freunde.at\/blog\/","name":"Bergfreunde","description":"Blog","publisher":{"@id":"https:\/\/www.berg-freunde.at\/blog\/#organization"},"potentialAction":[{"@type":"SearchAction","target":{"@type":"EntryPoint","urlTemplate":"https:\/\/www.berg-freunde.at\/blog\/?s={search_term_string}"},"query-input":{"@type":"PropertyValueSpecification","valueRequired":true,"valueName":"search_term_string"}}],"inLanguage":"de-AT"},{"@type":"Organization","@id":"https:\/\/www.berg-freunde.at\/blog\/#organization","name":"Bergfreunde","url":"https:\/\/www.berg-freunde.at\/blog\/","logo":{"@type":"ImageObject","inLanguage":"de-AT","@id":"https:\/\/www.berg-freunde.at\/blog\/#\/schema\/logo\/image\/","url":"https:\/\/www.berg-freunde.at\/blog\/wp-content\/uploads\/2023\/12\/Bergfreunde_DE_rgb.svg","contentUrl":"https:\/\/www.berg-freunde.at\/blog\/wp-content\/uploads\/2023\/12\/Bergfreunde_DE_rgb.svg","caption":"Bergfreunde"},"image":{"@id":"https:\/\/www.berg-freunde.at\/blog\/#\/schema\/logo\/image\/"},"sameAs":["https:\/\/www.facebook.com\/bergfreunde","https:\/\/www.instagram.com\/bergfreundede\/"]},{"@type":"Person","@id":"https:\/\/www.berg-freunde.at\/blog\/#\/schema\/person\/df2a8e427af33ff049b55d9efdada291","name":"Janika","url":"https:\/\/www.berg-freunde.at\/blog\/about\/janika-witthoeft\/"}]}},"_links":{"self":[{"href":"https:\/\/www.berg-freunde.at\/blog\/wp-json\/wp\/v2\/posts\/133005","targetHints":{"allow":["GET"]}}],"collection":[{"href":"https:\/\/www.berg-freunde.at\/blog\/wp-json\/wp\/v2\/posts"}],"about":[{"href":"https:\/\/www.berg-freunde.at\/blog\/wp-json\/wp\/v2\/types\/post"}],"author":[{"embeddable":true,"href":"https:\/\/www.berg-freunde.at\/blog\/wp-json\/wp\/v2\/users\/105"}],"replies":[{"embeddable":true,"href":"https:\/\/www.berg-freunde.at\/blog\/wp-json\/wp\/v2\/comments?post=133005"}],"version-history":[{"count":1,"href":"https:\/\/www.berg-freunde.at\/blog\/wp-json\/wp\/v2\/posts\/133005\/revisions"}],"predecessor-version":[{"id":133231,"href":"https:\/\/www.berg-freunde.at\/blog\/wp-json\/wp\/v2\/posts\/133005\/revisions\/133231"}],"wp:featuredmedia":[{"embeddable":true,"href":"https:\/\/www.berg-freunde.at\/blog\/wp-json\/wp\/v2\/media\/133050"}],"wp:attachment":[{"href":"https:\/\/www.berg-freunde.at\/blog\/wp-json\/wp\/v2\/media?parent=133005"}],"wp:term":[{"taxonomy":"category","embeddable":true,"href":"https:\/\/www.berg-freunde.at\/blog\/wp-json\/wp\/v2\/categories?post=133005"},{"taxonomy":"post_tag","embeddable":true,"href":"https:\/\/www.berg-freunde.at\/blog\/wp-json\/wp\/v2\/tags?post=133005"},{"taxonomy":"post_folder","embeddable":true,"href":"https:\/\/www.berg-freunde.at\/blog\/wp-json\/wp\/v2\/post_folder?post=133005"}],"curies":[{"name":"wp","href":"https:\/\/api.w.org\/{rel}","templated":true}]}}