{"id":125129,"date":"2025-08-15T16:27:54","date_gmt":"2025-08-15T14:27:54","guid":{"rendered":"https:\/\/www.bergfreunde.de\/blog\/?p=125129"},"modified":"2025-10-29T11:49:47","modified_gmt":"2025-10-29T10:49:47","slug":"leichte-wanderungen-allgaeu","status":"publish","type":"post","link":"https:\/\/www.berg-freunde.at\/blog\/leichte-wanderungen-allgaeu\/","title":{"rendered":"Leichte Wanderungen im Allg\u00e4u &#8211; 8 entspannte Touren f\u00fcr Anf\u00e4nger und Genie\u00dfer"},"content":{"rendered":"\n<p>Das Allg\u00e4u begeistert mit seiner landschaftlichen Vielfalt und ist aus ganz Deutschland schnell erreichbar. Ideal f\u00fcr alle, die ohne gro\u00dfe Anstrengung Natur und Berge erleben m\u00f6chten. In diesem Artikel stelle ich dir acht Spazierg\u00e4nge und leichte Wanderungen im Allg\u00e4u vor. Sie eignen sich besonders f\u00fcr <strong>Anf\u00e4nger, Familien und alle, die es gem\u00fctlich angehen wollen<\/strong>.<\/p>\n\n\n\n<p>Die Touren sind gut machbar, erfordern keine alpine Erfahrung und f\u00fchren durch traumhafte Landschaften. Sie reichen vom sanften Alpenvorland mit seinen Kulturlandschaften und Fernsichten bis zu Wegen in den Voralpen. Die Auswahl deckt die gesamte Region ab und ist nach den Unterregionen und Naturr\u00e4umen des Allg\u00e4us gegliedert. Bei einigen Touren kommen auch Bergbahnen zum Einsatz, sodass du die gr\u00f6\u00dferen Berge der Hauptk\u00e4mme aus n\u00e4chster N\u00e4he erleben kannst, ohne viele H\u00f6henmeter zu bew\u00e4ltigen.<\/p>\n\n\n\n<p><strong>Wandertipp:<\/strong> Auch bei leichten Wanderungen ist die richtige Ausr\u00fcstung wichtig. Feste Schuhe, wetterangepasste Kleidung und eine sorgf\u00e4ltige Tourenplanung geh\u00f6ren immer dazu. Eine praktische <a href=\"https:\/\/www.berg-freunde.at\/blog\/packliste-wandern-tagestour\/\">Packliste f\u00fcr Tagestouren<\/a> findest du auch in unserem Blog.<\/p>\n\n\n<div class=\"wp-block-image\">\n<figure class=\"aligncenter size-full\"><a href=\"https:\/\/www.bergfreunde.de\/blog\/wp-content\/uploads\/2025\/08\/Allgaeuer-Hauptkamm.jpg\"><img fetchpriority=\"high\" decoding=\"async\" width=\"2048\" height=\"1536\" src=\"https:\/\/www.bergfreunde.de\/blog\/wp-content\/uploads\/2025\/08\/Allgaeuer-Hauptkamm.jpg\" alt=\"Berglandschaft des Allg\u00e4uer Hauptkamm mit aufgehender Sonne\" class=\"wp-image-125134\" srcset=\"https:\/\/www.berg-freunde.at\/blog\/wp-content\/uploads\/2025\/08\/Allgaeuer-Hauptkamm.jpg 2048w, https:\/\/www.berg-freunde.at\/blog\/wp-content\/uploads\/2025\/08\/Allgaeuer-Hauptkamm-300x225.jpg 300w, https:\/\/www.berg-freunde.at\/blog\/wp-content\/uploads\/2025\/08\/Allgaeuer-Hauptkamm-1500x1125.jpg 1500w, https:\/\/www.berg-freunde.at\/blog\/wp-content\/uploads\/2025\/08\/Allgaeuer-Hauptkamm-768x576.jpg 768w, https:\/\/www.berg-freunde.at\/blog\/wp-content\/uploads\/2025\/08\/Allgaeuer-Hauptkamm-1536x1152.jpg 1536w\" sizes=\"(max-width: 2048px) 100vw, 2048px\" \/><\/a><figcaption class=\"wp-element-caption\">Ein Blick auf den Allg\u00e4uer Hauptkamm<\/figcaption><\/figure>\n<\/div>\n\n\n<h2 class=\"wp-block-heading\" id=\"h-kleine-wanderungen-im-westlichen-allgau-rund-um-die-nagelfluhkette-und-kleinwalsertal\">Kleine Wanderungen im westlichen Allg\u00e4u &#8211; rund um die Nagelfluhkette und Kleinwalsertal<\/h2>\n\n\n\n<p>Das westliche Allg\u00e4u zwischen Vorland und Bregenzer Wald bietet mit seinen eher sanften Erhebungen besonders viele entspannte Tourenm\u00f6glichkeiten. Die zahlreichen Almen und Lichtungen bieten tolle Aussichten in die Umgebung<strong> <\/strong>und die dahinter liegenden h\u00f6heren Bergketten im S\u00fcden. Das <strong>einzigartige Nagelfluh-Gestein<\/strong> der gleichnamigen Bergkette pr\u00e4gt das Landschaftsbild durch seine unverwechselbaren Gipfelgestalten und Felsformationen.<\/p>\n\n\n<div class=\"wp-block-image\">\n<figure class=\"aligncenter size-full\"><a href=\"https:\/\/www.bergfreunde.de\/blog\/wp-content\/uploads\/2025\/08\/Gras-und-Berge-im-Kleinwalstertal-2_11zon.jpg\"><img decoding=\"async\" width=\"1179\" height=\"884\" src=\"https:\/\/www.bergfreunde.de\/blog\/wp-content\/uploads\/2025\/08\/Gras-und-Berge-im-Kleinwalstertal-2_11zon-edited.jpg\" alt=\"Vier Wanderer auf einem Grasfeld, im Hintergrund die Berge des Kleinwalstertal\" class=\"wp-image-125191\" srcset=\"https:\/\/www.berg-freunde.at\/blog\/wp-content\/uploads\/2025\/08\/Gras-und-Berge-im-Kleinwalstertal-2_11zon-edited.jpg 1179w, https:\/\/www.berg-freunde.at\/blog\/wp-content\/uploads\/2025\/08\/Gras-und-Berge-im-Kleinwalstertal-2_11zon-edited-300x225.jpg 300w, https:\/\/www.berg-freunde.at\/blog\/wp-content\/uploads\/2025\/08\/Gras-und-Berge-im-Kleinwalstertal-2_11zon-edited-768x576.jpg 768w\" sizes=\"(max-width: 1179px) 100vw, 1179px\" \/><\/a><figcaption class=\"wp-element-caption\">Spektakul\u00e4re Aussicht auf die Berge im Kleinwalstertal<\/figcaption><\/figure>\n<\/div>\n\n\n<h3 class=\"wp-block-heading\" id=\"h-tour-1-rundwanderung-auf-dem-hauchenberg-mit-panoramablick-vom-alpkonigblick\">Tour <strong>1. Rundwanderung auf dem Hauchenberg mit Panoramablick vom Alpk\u00f6nigblick <\/strong><\/h3>\n\n\n\n<p>Nordwestlich von Immenstadt befindet sich der sanfte Nagelfluh-H\u00f6henr\u00fccken des<strong> Hauchenbergs<\/strong>, Teil der Nagelfluhkette. Auf dessen Gipfel steht der etwa 20 Meter hohe <strong>Aussichtsturm Alpk\u00f6nigblick<\/strong>, gebaut aus heimischer Wei\u00dftanne. Bei klarem Wetter bietet er ein beeindruckendes Panorama \u00fcber das Allg\u00e4uer Unterland, die Alpen, den Bodensee und sogar bis zur Zugspitze.<\/p>\n\n\n\n<p><strong>Start- und Zielpunkt<\/strong> der kleinen Rundwanderung ist der <strong>Weiler Diepholz<\/strong> auf etwa 1000 Meter h\u00f6he, gut erreichbar von Kempten oder Immenstadt. Parkm\u00f6glichkeiten gibt es bei der Kirche St. Blasius.Von dort f\u00fchrt ein ausgeschilderter Weg durch eine idyllische Almlandschaft zur Gabelung Hauchenberg und <a href=\"https:\/\/klings-huette.de\/\"><strong>Klings H\u00fctte<\/strong><\/a>. Die H\u00fctte liegt etwas unterhalb des Aussichtsturms und bietet von Mai bis Oktober, an Wochenenden und Feiertagen eine urige Brotzeit. Je nach Einkehrwunsch kann die Runde im oder gegen den Uhrzeigersinn gegangen werden. Dank der s\u00fcdlichen Hanglage und der moderaten H\u00f6he ist die Tour <strong>auch als Fr\u00fchlingswanderung geeignet<\/strong>.<\/p>\n\n\n\n<p><strong>Weitere Tourdaten:<\/strong><\/p>\n\n\n\n<ul class=\"wp-block-list\">\n<li><strong>Strecke: <\/strong>4,6 km<\/li>\n\n\n\n<li><strong>Dauer:<\/strong> ca. 1:15 h<\/li>\n\n\n\n<li><strong>Aufstieg:<\/strong> 202 hm<\/li>\n\n\n\n<li><strong>Abstieg:<\/strong> 209 hm<\/li>\n\n\n\n<li><strong>H\u00f6chster Punkt:<\/strong> 1228 m<\/li>\n\n\n\n<li><strong>Tiefster Punkt:<\/strong> 1019 m<\/li>\n<\/ul>\n\n\n\n<p>Eine <a href=\"https:\/\/www.outdooractive.com\/de\/route\/wanderung\/allgaeu\/alpkoenigblick-der-aussichtsturm-auf-dem-hauchenberg-allgaeuer\/1498456\/\">detaillierte Wegbeschreibung<\/a> findest du auf Outdooractive.<\/p>\n\n\n\n<h3 class=\"wp-block-heading\" id=\"h-tour-2-wanderung-zur-alpe-obere-kalle-mit-abfahrt-auf-dem-alpsee-coaster\">Tour <strong>2. Wanderung zur Alpe Obere Kalle mit Abfahrt auf dem Alpsee Coaster<\/strong><\/h3>\n\n\n\n<p>Diese kurze und abwechslungsreiche Tour l\u00e4sst sich gut mit einem Badetag am Gro\u00dfen Alpsee verbinden. Auch als Erg\u00e4nzung zur Wanderung zum Alpk\u00f6nigblick auf dem Hauchenberg eignet sie sich hervorragend. Der Weg beginnt oberhalb des Gro\u00dfen Alpsees an der <strong>Bergstation der Sesselbahn B\u00e4renfalle<\/strong> und f\u00fchrt in einem gem\u00fctlichen Spaziergang \u00fcber gr\u00fcne Almwiesen zur<a href=\"https:\/\/www.obere-kalle.de\/\"> Alpe Obere Kalle<\/a>, einer traditionellen Almh\u00fctte auf etwa 1200 Metern H\u00f6he.<\/p>\n\n\n\n<p><strong>Tipp: <\/strong>Wer m\u00f6chte, kann den R\u00fcckweg mit einer rasanten Fahrt auf dem <a href=\"https:\/\/www.alpsee-bergwelt.de\/\">Alpsee Coaster<\/a> antreten, der l\u00e4ngsten Ganzjahres-Rodelbahn Deutschlands. Das Ticket daf\u00fcr gibt es unabh\u00e4ngig von der Sesselbahn direkt am Eingang.<\/p>\n\n\n\n<p>Die einfache Wanderung l\u00e4sst sich flexibel gestalten. Sportlichere Wanderer k\u00f6nnen bereits <strong>an der Talstation an der B308 starten <\/strong>und \u00fcber eine gut ausgebaute <strong>Forststra\u00dfe<\/strong> mit m\u00e4\u00dfig steilen Kehren zur Bergstation aufsteigen. Alternativ kann man ab der Alpe Obere Kalle den weiterhin leichten Weg zur <strong>Eckhalde<\/strong> w\u00e4hlen und dort den Ausblick auf die Immenst\u00e4dter Bergwelt genie\u00dfen.<\/p>\n\n\n\n<p><strong>Tourdaten:<\/strong><\/p>\n\n\n\n<ul class=\"wp-block-list\">\n<li><strong>Start- und Zielpunkt:<\/strong> Tal- oder Bergstation der Alpsee-Sesselbahn<\/li>\n\n\n\n<li><strong>Strecke: <\/strong>11,3 km<\/li>\n\n\n\n<li><strong>Dauer:<\/strong> ca. 0:40 h<\/li>\n\n\n\n<li><strong>Aufstieg:<\/strong> 100 hm<\/li>\n\n\n\n<li><strong>Abstieg: <\/strong>100 hm<\/li>\n\n\n\n<li><strong>H\u00f6chster Punkt:<\/strong> 1210 m<\/li>\n\n\n\n<li><strong>Tiefster Punkt:<\/strong> 1110 m<\/li>\n<\/ul>\n\n\n\n<p><strong>Beschreibung<\/strong> dieser und weiterer einfacher Wanderungen im Allg\u00e4u auf der <a href=\"https:\/\/www.alpsee-bergwelt.de\/erleben\/wandern\">Homepage der Alpsee-Bergwelt<\/a><\/p>\n\n\n\n<h3 class=\"wp-block-heading\" id=\"h-tour-3-genusswanderung-am-gottesackerplateau-beim-hohen-ifen\"><strong>Tour 3: Genusswanderung am Gottesackerplateau beim Hohen Ifen<\/strong><\/h3>\n\n\n\n<p>Der <strong>Hohe Ifen mit seinem markanten Hochplateau <\/strong>ist ideal f\u00fcr alle, die ohne gro\u00dfe Anstrengung in echter Hochgebirgsumgebung unterwegs sein m\u00f6chten. Dank der <strong><a href=\"https:\/\/www.ok-bergbahnen.com\/oeffnungszeiten\/\">Ifenbahn<\/a><\/strong> erreicht man das <strong>Gottesackerplateau <\/strong>bequem und kann dort das Gef\u00fchl einer H\u00f6henwanderung im Allg\u00e4u mit der Leichtigkeit eines Spaziergangs verbinden. Die ausgewiesenen Routen an der Mittelstation sind kurz und gut begehbar.<\/p>\n\n\n\n<p><strong>Wandertipp f\u00fcr den Sommer:<\/strong> Eine sch\u00f6ne Variante ist der Abstieg<strong> <\/strong>von der <strong>Mittelstation <\/strong>\u00fcber den <strong>Forstweg<\/strong> zur\u00fcck zur <strong>Talstation in Hirschegg<\/strong>. Der Weg ist leicht und f\u00fchrt \u00fcber rund 300 H\u00f6henmeter bergab.<\/p>\n\n\n\n<p><strong>Wichtig:<\/strong> Die<strong> Bergstation der Ifenbahn <\/strong>ist nur im Winter in Betrieb. Auch dann lohnt sich ein Besuch, denn auf dem Plateau sind mehrere <strong>Rundkurse als Wanderloipen<\/strong> pr\u00e4pariert. Sie k\u00f6nnen mit normalen <a href=\"https:\/\/www.berg-freunde.at\/bergschuhe\/\">Bergschuhen<\/a> begangen werden \u2013 ganz ohne <a href=\"https:\/\/www.berg-freunde.at\/schneeschuhe\/\">Schneeschuhe<\/a> oder spezielle Ausr\u00fcstung.<\/p>\n\n\n\n<p><strong>Tourdaten<\/strong>:<\/p>\n\n\n\n<ul class=\"wp-block-list\">\n<li><strong>Strecke:<\/strong> 2,7 km (Sommerroute von der Mittelstation ins Tal)<\/li>\n\n\n\n<li><strong>Dauer:<\/strong> ca. 1 h<\/li>\n\n\n\n<li><strong>Aufstieg:<\/strong> &#8211;<\/li>\n\n\n\n<li><strong>Abstieg:<\/strong> 300 hm<\/li>\n\n\n\n<li><strong>H\u00f6chster Punkt:<\/strong> 1582 m<\/li>\n\n\n\n<li><strong>Tiefster Punkt:<\/strong> 1282 m<\/li>\n\n\n\n<li><strong>Start- und Zielpunkt:<\/strong> Talstation der Ifenbahn, Hirschegg, Kleinwalstertal<\/li>\n<\/ul>\n\n\n\n<p><strong>Detaillierte Beschreibung<\/strong> <strong>der leichten H\u00f6henwanderung<\/strong> mit GPX-Track zum Download auf der <a href=\"https:\/\/www.ok-bergbahnen.com\/aktiv-sport\/wandern\/aktiv-sport-wandern-wandern-vorarlberg\/wandern-ifen\/weg-1-von-ifenhuette-zur-talstation-ueber-die-forststrasse.html\">Homepage der Oberstdorf-Kleinwalsertal-Bergbahnen<\/a><\/p>\n\n\n<div class=\"wp-block-image\">\n<figure class=\"aligncenter size-full\"><a href=\"https:\/\/www.bergfreunde.de\/blog\/wp-content\/uploads\/2025\/08\/Ifen-mit-Gottesacker-rechts_11zon.jpg\"><img decoding=\"async\" width=\"2241\" height=\"1680\" src=\"https:\/\/www.bergfreunde.de\/blog\/wp-content\/uploads\/2025\/08\/Ifen-mit-Gottesacker-rechts_11zon-edited.jpg\" alt=\"Hoher Ifen mit flachem Gipfel links, rechts der Gottesacker unter blauem Himmel\" class=\"wp-image-125197\" srcset=\"https:\/\/www.berg-freunde.at\/blog\/wp-content\/uploads\/2025\/08\/Ifen-mit-Gottesacker-rechts_11zon-edited.jpg 2241w, https:\/\/www.berg-freunde.at\/blog\/wp-content\/uploads\/2025\/08\/Ifen-mit-Gottesacker-rechts_11zon-edited-300x225.jpg 300w, https:\/\/www.berg-freunde.at\/blog\/wp-content\/uploads\/2025\/08\/Ifen-mit-Gottesacker-rechts_11zon-edited-1500x1124.jpg 1500w, https:\/\/www.berg-freunde.at\/blog\/wp-content\/uploads\/2025\/08\/Ifen-mit-Gottesacker-rechts_11zon-edited-768x576.jpg 768w, https:\/\/www.berg-freunde.at\/blog\/wp-content\/uploads\/2025\/08\/Ifen-mit-Gottesacker-rechts_11zon-edited-1536x1151.jpg 1536w, https:\/\/www.berg-freunde.at\/blog\/wp-content\/uploads\/2025\/08\/Ifen-mit-Gottesacker-rechts_11zon-edited-2048x1535.jpg 2048w\" sizes=\"(max-width: 2241px) 100vw, 2241px\" \/><\/a><figcaption class=\"wp-element-caption\">Zwischen Felslabyrinthen und Gipfeltr\u00e4umen: Der Weg \u00fcber den Gottesacker ist nichts f\u00fcr Eilige<\/figcaption><\/figure>\n<\/div>\n\n<div class=\"wp-block-image\">\n<figure class=\"aligncenter size-full\"><a href=\"https:\/\/www.bergfreunde.de\/blog\/wp-content\/uploads\/2025\/08\/Gras-und-Berge-im-Kleinwalstertal_11zon.jpg\"><img loading=\"lazy\" decoding=\"async\" width=\"1892\" height=\"1420\" src=\"https:\/\/www.bergfreunde.de\/blog\/wp-content\/uploads\/2025\/08\/Gras-und-Berge-im-Kleinwalstertal_11zon-edited.jpg\" alt=\"Gr\u00fcne Wiesen im Kleinwalsertal mit Blick auf die umliegenden Berge der Allg\u00e4uer Alpen\" class=\"wp-image-125146\" srcset=\"https:\/\/www.berg-freunde.at\/blog\/wp-content\/uploads\/2025\/08\/Gras-und-Berge-im-Kleinwalstertal_11zon-edited.jpg 1892w, https:\/\/www.berg-freunde.at\/blog\/wp-content\/uploads\/2025\/08\/Gras-und-Berge-im-Kleinwalstertal_11zon-edited-300x225.jpg 300w, https:\/\/www.berg-freunde.at\/blog\/wp-content\/uploads\/2025\/08\/Gras-und-Berge-im-Kleinwalstertal_11zon-edited-1500x1126.jpg 1500w, https:\/\/www.berg-freunde.at\/blog\/wp-content\/uploads\/2025\/08\/Gras-und-Berge-im-Kleinwalstertal_11zon-edited-768x576.jpg 768w, https:\/\/www.berg-freunde.at\/blog\/wp-content\/uploads\/2025\/08\/Gras-und-Berge-im-Kleinwalstertal_11zon-edited-1536x1153.jpg 1536w\" sizes=\"(max-width: 1892px) 100vw, 1892px\" \/><\/a><figcaption class=\"wp-element-caption\">Wandern im Kleinwalsertal hei\u00dft: sich verlieren im Gr\u00fcn und wiederfinden im Ausblick<\/figcaption><\/figure>\n<\/div>\n\n\n<h2 class=\"wp-block-heading\" id=\"h-leichte-wanderungen-in-oberallgau-um-sonthofen-und-oberstdorf\">Leichte Wanderungen in Oberallg\u00e4u (um Sonthofen und Oberstdorf)<\/h2>\n\n\n\n<p>Im Oberallg\u00e4u habe ich einige besonders sch\u00f6ne und kleine Wanderungen entdeckt, die sich auch f\u00fcr gem\u00fctliche Nachmittage eignen. Die Wege rund um Sonthofen und Oberstdorf sind gut begehbar, landschaftlich reizvoll und bieten immer wieder beeindruckende Ausblicke. Drei dieser Touren stelle ich dir hier vor.<\/p>\n\n\n\n<h3 class=\"wp-block-heading\" id=\"h-tour-4-wanderung-zur-gaisalp-e-im-allgau-mit-blick-aufs-rubihorn\">Tour <strong>4: Wanderung zur Gaisalp<\/strong>e im Allg\u00e4u mit Blick aufs Rubihorn<\/h3>\n\n\n\n<p>Diese Wanderung ist etwas l\u00e4nger und je nach gew\u00e4hlter Variante fordernder als die bisherigen Vorschl\u00e4ge. Daf\u00fcr bietet sie viel Abwechslung und spannende Blicke hinauf zum <strong>Rubihorn<\/strong>, das trotz seiner eher <strong>bescheidenen H\u00f6he von 1957 Metern<\/strong> mit einer schroffen, 500 Meter hohen Nordwand beeindruckt.<\/p>\n\n\n\n<p>Die Tour kann entweder als entspannte Wald- und Wiesenwanderung oder als wildromantischer Tobelweg mit naturbelassenen Staustufen und Steintreppen gegangen werden. Auch eine Kombination beider Varianten ist m\u00f6glich. Besonders interessant f\u00fcr <strong>\u00e4ltere Kinder<\/strong> ist der Tobelweg im Aufstieg, w\u00e4hrend die Forststra\u00dfe im Abstieg auch <strong>f\u00fcr Kinderw\u00e4gen und Rollstuhlfahrer geeignet<\/strong> ist.<\/p>\n\n\n\n<p>Vom <strong>Parkplatz in Reichenbach<\/strong>, erreichbar \u00fcber die Landstra\u00dfe von Sonthofen, f\u00fchrt die<strong> Fahrstra\u00dfe <\/strong>in \u00f6stlicher Richtung etwa zehn Minuten bis zur Abzweigung des Tobelwegs.<\/p>\n\n\n\n<p><strong>Tourdaten im \u00dcberblick:<\/strong><\/p>\n\n\n\n<ul class=\"wp-block-list\">\n<li><strong>Start- und Zielpunkt:<\/strong> Wanderparkplatz Gaisalpe, Reichenbach im Illertal<\/li>\n\n\n\n<li><strong>Strecke:<\/strong> 4,2 km (bei Kombination beider Wege)<\/li>\n\n\n\n<li><strong>Dauer:<\/strong> ca. 1:45 h<\/li>\n\n\n\n<li><strong>Aufstieg:<\/strong> 290 hm<\/li>\n\n\n\n<li><strong>Abstieg:<\/strong> 290 hm<\/li>\n\n\n\n<li><strong>H\u00f6chster Punkt:<\/strong> 1150 m<\/li>\n\n\n\n<li><strong>Tiefster Punkt:<\/strong> 860 m<\/li>\n<\/ul>\n\n\n\n<p><strong>Detaillierte Infos<\/strong> zur H\u00fctte und Tour auf der <a href=\"https:\/\/www.gasthof-gaisalpe.de\/i-class-fa-fa-sun-o-aria-hidden-true-i-gaisalpe-im-sommer.php\">Homepage des Gasthofs Gaisalpe<\/a><\/p>\n\n\n\n<h3 class=\"wp-block-heading\" id=\"h-tour-5-hohenpanorama-beim-berghaus-schwaben\">Tour <strong>5: <strong>H\u00f6henpanorama beim Berghaus Schwaben<\/strong><\/strong><\/h3>\n\n\n\n<p>\u201eAuf 1520 Meter \u00fcber den Dingen stehen\u201c \u2013 so lautet das Motto des <a href=\"https:\/\/berghaus-schwaben.de\/\">Berghaus Schwaben<\/a>. Und tats\u00e4chlich geh\u00f6rt das Panorama zu den sch\u00f6nsten in dieser H\u00f6henlage. Die Wanderung dorthin ist kurz und angenehm, vermittelt aber dennoch das Gef\u00fchl einer H\u00f6henwanderung.<\/p>\n\n\n\n<p>Von der<strong> Bergstation der H\u00f6rnerbahn in Bolsterlang <\/strong>f\u00fchrt ein Spaziergang in etwa 30 bis 40 Minuten hin\u00fcber zum Gasthaus. Die Strecke ist leicht, aber durch die H\u00f6henlage besonders eindrucksvoll. Wer m\u00f6chte, kann zwischen mehreren Varianten w\u00e4hlen: Die einfachste f\u00fchrt vorbei an der<strong> Alpe Hinteregg<\/strong>, w\u00e4hrend der <strong>Sommerweg<\/strong> und der<strong> Pfad \u00fcber den H\u00f6rnergrat <\/strong>landschaftlich reizvoller, aber auch etwas steiler und schmaler sind.<\/p>\n\n\n\n<ul class=\"wp-block-list\">\n<li><strong>Strecke: <\/strong>3,6 km<\/li>\n\n\n\n<li><strong>Dauer:<\/strong> ca. 1:15 h<\/li>\n\n\n\n<li><strong>Aufstieg:<\/strong> 150 hm<\/li>\n\n\n\n<li><strong>Abstieg:<\/strong> 150 hm<\/li>\n\n\n\n<li><strong>H\u00f6chster Punkt:<\/strong> 1532 m<\/li>\n\n\n\n<li><strong>Tiefster Punkt:<\/strong> 1447 m<\/li>\n\n\n\n<li><strong>Start- und Zielpunkt:<\/strong> Talstation H\u00f6rnerbahn, Bolsterlang, Illertal<\/li>\n<\/ul>\n\n\n\n<p>Den <a href=\"https:\/\/www.outdooractive.com\/de\/route\/wanderung\/allgaeu\/berghaus-schwaben\/808461187\/\">Track zur einfachsten Variante<\/a> findest du auf Outdooractive, inklusive Beschreibung der Strecke und weiterer Optionen.<\/p>\n\n\n\n<h3 class=\"wp-block-heading\" id=\"h-tour-6-fellhorn-erlebnisweg\">Tour <strong>6: Fellhorn-Erlebnisweg<\/strong><\/h3>\n\n\n\n<p>Diese leichte Bergtour im Allg\u00e4u beginnt auf fast 2000 Metern H\u00f6he und bietet alpines Ambiente ganz ohne gro\u00dfe Anstrengung. Mit der<a href=\"https:\/\/www.ok-bergbahnen.com\/bergbahnen\/fellhornbahn\/\"> <strong>Fellhornbahn<\/strong><\/a> gelangt man bequem zur Bergstation und startet dort auf dem aussichtsreichen <strong>Fellhorn-Erlebnisweg<\/strong>. Die Route f\u00fchrt \u00fcber den luftigen, aber gut begehbaren <strong>S\u00fcdgrat zum Gundsattel<\/strong> und weiter zum <strong>Schlappoldsee<\/strong>. Der See liegt idyllisch inmitten der Bergwelt und bietet eine sch\u00f6ne Aussicht auf die umliegenden Gipfel.<\/p>\n\n\n\n<p>Direkt neben dem Schlappoldsee befindet sich die <strong>Mittelstation der Fellhornbahn<\/strong>, von der aus du entspannt ins Tal zur\u00fcckfahren kannst. Die Strecke ist einfach und eignet sich ideal f\u00fcr alle, die H\u00f6henluft genie\u00dfen m\u00f6chten, ohne eine anspruchsvolle Bergtour zu unternehmen.<\/p>\n\n\n\n<p><strong>Tourdaten:<\/strong><\/p>\n\n\n\n<ul class=\"wp-block-list\">\n<li><strong>Start- und Zielpunkt:<\/strong> Talstation Fellhornbahn, Faistenoy, Stillachtal<\/li>\n\n\n\n<li><strong>Strecke:<\/strong> 3,4 km<\/li>\n\n\n\n<li><strong>Dauer:<\/strong> ca. 1:30 h<\/li>\n\n\n\n<li><strong>Aufstieg:<\/strong> 57 hm<\/li>\n\n\n\n<li><strong>Abstieg:<\/strong> 300 hm<\/li>\n\n\n\n<li><strong>H\u00f6chster Punkt:<\/strong> 1965 m<\/li>\n\n\n\n<li><strong>Tiefster Punkt:<\/strong> 1709 m<\/li>\n<\/ul>\n\n\n\n<p><strong>Track dieser Tour <\/strong><a href=\"https:\/\/www.outdooractive.com\/de\/route\/wanderung\/allgaeu\/fellhorn-erlebnisweg-die-bergwelt-bei-oberstdorf-von-mittendrin-entdecken\/1399180\/\"><strong>auf Outdooractive<\/strong><\/a> (von der in Immenstadt ans\u00e4ssigen Outdooractive-Redaktion erstellt, die ihre Heimatberge bestens kennt).<\/p>\n\n\n\n<h2 class=\"wp-block-heading\" id=\"h-ostallgau-pfronten-fussen-tannheimer-berge\">Ostallg\u00e4u (Pfronten, F\u00fcssen, Tannheimer Berge)<\/h2>\n\n\n\n<p>Das Ostallg\u00e4u begeistert mit einer Mischung aus sanften T\u00e4lern, aussichtsreichen Almen und glasklaren Bergseen. Rund um Pfronten, F\u00fcssen und die Tannheimer Berge finden sich zahlreiche leichte Wanderungen, die sich ideal f\u00fcr entspannte Halbtagesausfl\u00fcge eignen. Zwei besonders sch\u00f6ne Touren stelle ich dir im Folgenden vor.<\/p>\n\n\n\n<h3 class=\"wp-block-heading\" id=\"h-tour-7-vilser-alm-leichte-wanderung-mit-einkehrmoglichkeit\"><strong>Tour 7:  Vilser Alm \u2013 leichte Wanderung mit Einkehrm\u00f6glichkeit<\/strong><\/h3>\n\n\n\n<p>Die <strong><a href=\"https:\/\/vilseralm.at\/\">Vilser Alm<\/a><\/strong> verbindet Bergromantik und Erholung mit verschiedenen M\u00f6glichkeiten zur sportlichen Bet\u00e4tigung. Hinzu kommt ein feines Angebot an Speis, Trank und \u00dcbernachtungsoptionen. Der Weg zur Alm ist nicht zu lang, durchgehend einfach und landschaftlich reizvoll.<\/p>\n\n\n\n<p>Die kleine Wandertour am Fu\u00df der Tannheimer Berge beginnt direkt an der Hauptstra\u00dfe von Pfronten nach Reutte und ist daher schnell erreichbar. Im Sommer ist die Almh\u00fctte <strong>an allen Tagen au\u00dfer montags ge\u00f6ffnet<\/strong>.<\/p>\n\n\n\n<p><strong>Alle Tourdaten im \u00dcberblick:<\/strong><\/p>\n\n\n\n<ul class=\"wp-block-list\">\n<li><strong>Start- und Zielpunkt:<\/strong> Parkplatz Vilsalm, etwa 1 km au\u00dferhalb von Vils am Eingang des Alptals<\/li>\n\n\n\n<li><strong>Strecke:<\/strong> 7 km<\/li>\n\n\n\n<li><strong>Dauer:<\/strong> ca. 2:30 h<\/li>\n\n\n\n<li><strong>Aufstieg:<\/strong> 360 hm<\/li>\n\n\n\n<li><strong>Abstieg: <\/strong>360 hm<\/li>\n\n\n\n<li><strong>H\u00f6chster Punkt:<\/strong> 1226 m<\/li>\n\n\n\n<li><strong>Tiefster Punkt:<\/strong> 867 m<\/li>\n<\/ul>\n\n\n\n<p><strong>Die <a href=\"https:\/\/www.outdooractive.com\/de\/route\/wanderung\/naturparkregion-reutte\/wanderung-zur-vilser-alm\/42753961\/#dmdtab=oax-tab3\">komplette Tour<\/a> ist auf Outdooractive verf\u00fcgbar. <\/strong><\/p>\n\n\n<div class=\"wp-block-image\">\n<figure class=\"aligncenter size-full\"><a href=\"https:\/\/www.bergfreunde.de\/blog\/wp-content\/uploads\/2025\/08\/Schwaltenweiher-hinten-Tannheimer-Berge_11zon.jpg\"><img loading=\"lazy\" decoding=\"async\" width=\"1920\" height=\"1439\" src=\"https:\/\/www.bergfreunde.de\/blog\/wp-content\/uploads\/2025\/08\/Schwaltenweiher-hinten-Tannheimer-Berge_11zon-edited.jpg\" alt=\"Schwaltenheimer See mit Tannheimer Berge im Hintergrund bei klarem Wetter\" class=\"wp-image-125179\" srcset=\"https:\/\/www.berg-freunde.at\/blog\/wp-content\/uploads\/2025\/08\/Schwaltenweiher-hinten-Tannheimer-Berge_11zon-edited.jpg 1920w, https:\/\/www.berg-freunde.at\/blog\/wp-content\/uploads\/2025\/08\/Schwaltenweiher-hinten-Tannheimer-Berge_11zon-edited-300x225.jpg 300w, https:\/\/www.berg-freunde.at\/blog\/wp-content\/uploads\/2025\/08\/Schwaltenweiher-hinten-Tannheimer-Berge_11zon-edited-1500x1124.jpg 1500w, https:\/\/www.berg-freunde.at\/blog\/wp-content\/uploads\/2025\/08\/Schwaltenweiher-hinten-Tannheimer-Berge_11zon-edited-768x576.jpg 768w, https:\/\/www.berg-freunde.at\/blog\/wp-content\/uploads\/2025\/08\/Schwaltenweiher-hinten-Tannheimer-Berge_11zon-edited-1536x1151.jpg 1536w, https:\/\/www.berg-freunde.at\/blog\/wp-content\/uploads\/2025\/08\/Schwaltenweiher-hinten-Tannheimer-Berge_11zon-edited-2048x1535.jpg 2048w\" sizes=\"(max-width: 1920px) 100vw, 1920px\" \/><\/a><figcaption class=\"wp-element-caption\">Der Schwaltenheimer See, der zur Ruhe einl\u00e4dt und dahinter: Die Tannheimer Berge<\/figcaption><\/figure>\n<\/div>\n\n\n<h3 class=\"wp-block-heading\" id=\"h-tour-8-vilsalpsee-umrundung-mit-option-vilsalpe\">Tour 8: <strong>Vilsalpsee-Umrundung mit Option Vilsalpe<\/strong><\/h3>\n\n\n\n<p>Die <strong>Tannheimer Alpen <\/strong>sind zwar fast schon exzessiv erschlossen und nicht besonders hoch, bieten aber dennoch \u00fcberraschend wilde Szenerien. So auch am <strong>Vilsalpsee<\/strong>, der mit seiner dramatischen Gebirgsumrahmung einen verzauberten Eindruck macht, obwohl er mit dem Auto erreichbar und alles andere als einsam ist.<\/p>\n\n\n\n<p>Die Umrundung des Sees ist ein erholsamer Genuss. Der bequem ausgebaute Weg kann allerdings stark frequentiert sein. Wer auf den <strong>kleinen Abstecher zur Vilsalpe<\/strong> verzichten m\u00f6chte, findet auch direkt am See und beim Parkplatz mehrere Einkehrm\u00f6glichkeiten.<\/p>\n\n\n\n<p><strong>Alle Tourdaten:<\/strong><\/p>\n\n\n\n<ul class=\"wp-block-list\">\n<li><strong>Start- und Zielpunkt:<\/strong> Wanderparkplatz Vilsalpsee, 4 km s\u00fcdlich von Tannheim im Vilsalptal (Anfahrt mit Bus ist zu empfehlen, weitere Infos dazu im Link unten)<\/li>\n\n\n\n<li><strong>Strecke:<\/strong> 4 km<\/li>\n\n\n\n<li><strong>Dauer:<\/strong> ca. 1 h<\/li>\n\n\n\n<li><strong>Aufstieg:<\/strong> 10 hm<\/li>\n\n\n\n<li><strong>Abstieg: <\/strong>10 hm<\/li>\n\n\n\n<li><strong>H\u00f6chster Punkt:<\/strong> 1175 m<\/li>\n\n\n\n<li><strong>Tiefster Punkt:<\/strong> 1165 m<\/li>\n<\/ul>\n\n\n\n<p><a href=\"https:\/\/www.outdooractive.com\/de\/route\/wanderung\/tannheimer-tal\/eine-rundfahrt-um-den-vilsalpsee\/53331242\/\"><strong>Track dieser Tour<\/strong> <strong>auf Outdooractive<\/strong><\/a><\/p>\n\n\n<div class=\"wp-block-image\">\n<figure class=\"aligncenter size-full\"><a href=\"https:\/\/www.bergfreunde.de\/blog\/wp-content\/uploads\/2025\/08\/unterwegs-in-den-Tannheimern_11zon.jpg\"><img loading=\"lazy\" decoding=\"async\" width=\"1930\" height=\"1448\" src=\"https:\/\/www.bergfreunde.de\/blog\/wp-content\/uploads\/2025\/08\/unterwegs-in-den-Tannheimern_11zon-edited.jpg\" alt=\"Alpenpanorama der Tannheimer Berge mit gr\u00fcnen Wiesen und felsigen Berggipfeln bei klarem Wetter\" class=\"wp-image-125185\" srcset=\"https:\/\/www.berg-freunde.at\/blog\/wp-content\/uploads\/2025\/08\/unterwegs-in-den-Tannheimern_11zon-edited.jpg 1930w, https:\/\/www.berg-freunde.at\/blog\/wp-content\/uploads\/2025\/08\/unterwegs-in-den-Tannheimern_11zon-edited-300x225.jpg 300w, https:\/\/www.berg-freunde.at\/blog\/wp-content\/uploads\/2025\/08\/unterwegs-in-den-Tannheimern_11zon-edited-1500x1125.jpg 1500w, https:\/\/www.berg-freunde.at\/blog\/wp-content\/uploads\/2025\/08\/unterwegs-in-den-Tannheimern_11zon-edited-768x576.jpg 768w, https:\/\/www.berg-freunde.at\/blog\/wp-content\/uploads\/2025\/08\/unterwegs-in-den-Tannheimern_11zon-edited-1536x1152.jpg 1536w\" sizes=\"(max-width: 1930px) 100vw, 1930px\" \/><\/a><figcaption class=\"wp-element-caption\">Unterwegs in den Tannheimer Berge<\/figcaption><\/figure>\n<\/div>\n\n\n<div class=\"wp-block-buttons is-layout-flex wp-block-buttons-is-layout-flex\">\n<div class=\"wp-block-button\"><a class=\"wp-block-button__link wp-element-button\" href=\"https:\/\/www.bergfreunde.de\/wanderfuehrer\/\">WANDERF\u00dcHRER ONLINE KAUFEN<\/a><\/div>\n<\/div>\n","protected":false},"excerpt":{"rendered":"<p>Das Allg\u00e4u begeistert mit seiner landschaftlichen Vielfalt und ist aus ganz Deutschland schnell erreichbar. Ideal f\u00fcr alle, die ohne gro\u00dfe Anstrengung Natur und Berge erleben m\u00f6chten. In diesem Artikel stelle ich dir acht Spazierg\u00e4nge und leichte Wanderungen im Allg\u00e4u vor. Sie eignen sich besonders f\u00fcr Anf\u00e4nger, Familien und alle, die es gem\u00fctlich angehen wollen. Die [&hellip;]<\/p>\n","protected":false},"author":17,"featured_media":125192,"comment_status":"open","ping_status":"closed","sticky":false,"template":"","format":"standard","meta":{"_acf_changed":false,"footnotes":""},"categories":[287],"tags":[265],"post_folder":[],"class_list":["post-125129","post","type-post","status-publish","format-standard","has-post-thumbnail","hentry","category-touren-reisetipps","tag-wandern-trekking"],"acf":[],"yoast_head":"<!-- This site is optimized with the Yoast SEO Premium plugin v27.4 (Yoast SEO v27.4) - https:\/\/yoast.com\/product\/yoast-seo-premium-wordpress\/ -->\n<title>8 leichte Wanderungen im Allg\u00e4u f\u00fcr Anf\u00e4nger und Genu\u00dfwanderer<\/title>\n<meta name=\"description\" content=\"Leichte Wanderungen im Allg\u00e4u \u27a4 Entdecke die sch\u00f6nsten Spazierg\u00e4nge, wie die Vilsalpsee-Rundweg und der Fellhorn-Erlebnisweg\" \/>\n<meta name=\"robots\" content=\"index, follow, max-snippet:-1, max-image-preview:large, max-video-preview:-1\" \/>\n<link rel=\"canonical\" href=\"https:\/\/www.berg-freunde.at\/blog\/leichte-wanderungen-allgaeu\/\" \/>\n<meta property=\"og:locale\" content=\"de_DE\" \/>\n<meta property=\"og:type\" content=\"article\" \/>\n<meta property=\"og:title\" content=\"Leichte Wanderungen im Allg\u00e4u - 8 entspannte Touren f\u00fcr Anf\u00e4nger und Genie\u00dfer\" \/>\n<meta property=\"og:description\" content=\"Leichte Wanderungen im Allg\u00e4u \u27a4 Entdecke die sch\u00f6nsten Spazierg\u00e4nge, wie die Vilsalpsee-Rundweg und der Fellhorn-Erlebnisweg\" \/>\n<meta property=\"og:url\" content=\"https:\/\/www.berg-freunde.at\/blog\/leichte-wanderungen-allgaeu\/\" \/>\n<meta property=\"og:site_name\" content=\"Bergfreunde\" \/>\n<meta property=\"article:publisher\" content=\"https:\/\/www.facebook.com\/bergfreunde\" \/>\n<meta property=\"article:published_time\" content=\"2025-08-15T14:27:54+00:00\" \/>\n<meta property=\"article:modified_time\" content=\"2025-10-29T10:49:47+00:00\" \/>\n<meta property=\"og:image\" content=\"https:\/\/www.berg-freunde.ch\/blog\/wp-content\/uploads\/2025\/08\/Gras-und-Berge-im-Kleinwalstertal-2_11zon-edited.jpg\" \/>\n\t<meta property=\"og:image:width\" content=\"1179\" \/>\n\t<meta property=\"og:image:height\" content=\"884\" \/>\n\t<meta property=\"og:image:type\" content=\"image\/jpeg\" \/>\n<meta name=\"author\" content=\"Stephan\" \/>\n<meta name=\"twitter:card\" content=\"summary_large_image\" \/>\n<meta name=\"twitter:label1\" content=\"Verfasst von\" \/>\n\t<meta name=\"twitter:data1\" content=\"Stephan\" \/>\n\t<meta name=\"twitter:label2\" content=\"Gesch\u00e4tzte Lesezeit\" \/>\n\t<meta name=\"twitter:data2\" content=\"9 Minuten\" \/>\n<script type=\"application\/ld+json\" class=\"yoast-schema-graph\">{\"@context\":\"https:\\\/\\\/schema.org\",\"@graph\":[{\"@type\":[\"Article\",\"BlogPosting\"],\"@id\":\"https:\\\/\\\/www.berg-freunde.at\\\/blog\\\/leichte-wanderungen-allgaeu\\\/#article\",\"isPartOf\":{\"@id\":\"https:\\\/\\\/www.berg-freunde.at\\\/blog\\\/leichte-wanderungen-allgaeu\\\/\"},\"author\":{\"name\":\"Stephan\",\"@id\":\"https:\\\/\\\/www.berg-freunde.at\\\/blog\\\/#\\\/schema\\\/person\\\/d9f59624107e7052598aef91acd26c6f\"},\"headline\":\"Leichte Wanderungen im Allg\u00e4u &#8211; 8 entspannte Touren f\u00fcr Anf\u00e4nger und Genie\u00dfer\",\"datePublished\":\"2025-08-15T14:27:54+00:00\",\"dateModified\":\"2025-10-29T10:49:47+00:00\",\"mainEntityOfPage\":{\"@id\":\"https:\\\/\\\/www.berg-freunde.at\\\/blog\\\/leichte-wanderungen-allgaeu\\\/\"},\"wordCount\":1809,\"commentCount\":0,\"publisher\":{\"@id\":\"https:\\\/\\\/www.berg-freunde.at\\\/blog\\\/#organization\"},\"image\":{\"@id\":\"https:\\\/\\\/www.berg-freunde.at\\\/blog\\\/leichte-wanderungen-allgaeu\\\/#primaryimage\"},\"thumbnailUrl\":\"https:\\\/\\\/www.berg-freunde.at\\\/blog\\\/wp-content\\\/uploads\\\/2025\\\/08\\\/Gras-und-Berge-im-Kleinwalstertal-2_11zon-edited.jpg\",\"keywords\":[\"Wandern &amp; Trekking\"],\"articleSection\":[\"Touren &amp; Reisetipps\"],\"inLanguage\":\"de-AT\",\"potentialAction\":[{\"@type\":\"CommentAction\",\"name\":\"Comment\",\"target\":[\"https:\\\/\\\/www.berg-freunde.at\\\/blog\\\/leichte-wanderungen-allgaeu\\\/#respond\"]}]},{\"@type\":\"WebPage\",\"@id\":\"https:\\\/\\\/www.berg-freunde.at\\\/blog\\\/leichte-wanderungen-allgaeu\\\/\",\"url\":\"https:\\\/\\\/www.berg-freunde.at\\\/blog\\\/leichte-wanderungen-allgaeu\\\/\",\"name\":\"8 leichte Wanderungen im Allg\u00e4u f\u00fcr Anf\u00e4nger und Genu\u00dfwanderer\",\"isPartOf\":{\"@id\":\"https:\\\/\\\/www.berg-freunde.at\\\/blog\\\/#website\"},\"primaryImageOfPage\":{\"@id\":\"https:\\\/\\\/www.berg-freunde.at\\\/blog\\\/leichte-wanderungen-allgaeu\\\/#primaryimage\"},\"image\":{\"@id\":\"https:\\\/\\\/www.berg-freunde.at\\\/blog\\\/leichte-wanderungen-allgaeu\\\/#primaryimage\"},\"thumbnailUrl\":\"https:\\\/\\\/www.berg-freunde.at\\\/blog\\\/wp-content\\\/uploads\\\/2025\\\/08\\\/Gras-und-Berge-im-Kleinwalstertal-2_11zon-edited.jpg\",\"datePublished\":\"2025-08-15T14:27:54+00:00\",\"dateModified\":\"2025-10-29T10:49:47+00:00\",\"description\":\"Leichte Wanderungen im Allg\u00e4u \u27a4 Entdecke die sch\u00f6nsten Spazierg\u00e4nge, wie die Vilsalpsee-Rundweg und der Fellhorn-Erlebnisweg\",\"breadcrumb\":{\"@id\":\"https:\\\/\\\/www.berg-freunde.at\\\/blog\\\/leichte-wanderungen-allgaeu\\\/#breadcrumb\"},\"inLanguage\":\"de-AT\",\"potentialAction\":[{\"@type\":\"ReadAction\",\"target\":[\"https:\\\/\\\/www.berg-freunde.at\\\/blog\\\/leichte-wanderungen-allgaeu\\\/\"]}]},{\"@type\":\"ImageObject\",\"inLanguage\":\"de-AT\",\"@id\":\"https:\\\/\\\/www.berg-freunde.at\\\/blog\\\/leichte-wanderungen-allgaeu\\\/#primaryimage\",\"url\":\"https:\\\/\\\/www.berg-freunde.at\\\/blog\\\/wp-content\\\/uploads\\\/2025\\\/08\\\/Gras-und-Berge-im-Kleinwalstertal-2_11zon-edited.jpg\",\"contentUrl\":\"https:\\\/\\\/www.berg-freunde.at\\\/blog\\\/wp-content\\\/uploads\\\/2025\\\/08\\\/Gras-und-Berge-im-Kleinwalstertal-2_11zon-edited.jpg\",\"width\":1179,\"height\":884,\"caption\":\"Vier Wanderer auf einem Feld, im Hintergrund die Berge des Kleinwalsertal\"},{\"@type\":\"BreadcrumbList\",\"@id\":\"https:\\\/\\\/www.berg-freunde.at\\\/blog\\\/leichte-wanderungen-allgaeu\\\/#breadcrumb\",\"itemListElement\":[{\"@type\":\"ListItem\",\"position\":1,\"name\":\"Blog\",\"item\":\"https:\\\/\\\/www.berg-freunde.at\\\/blog\\\/\"},{\"@type\":\"ListItem\",\"position\":2,\"name\":\"Touren &amp; Reisetipps\",\"item\":\"https:\\\/\\\/www.berg-freunde.at\\\/blog\\\/category\\\/touren-reisetipps\\\/\"},{\"@type\":\"ListItem\",\"position\":3,\"name\":\"Leichte Wanderungen im Allg\u00e4u &#8211; 8 entspannte Touren f\u00fcr Anf\u00e4nger und Genie\u00dfer\"}]},{\"@type\":\"WebSite\",\"@id\":\"https:\\\/\\\/www.berg-freunde.at\\\/blog\\\/#website\",\"url\":\"https:\\\/\\\/www.berg-freunde.at\\\/blog\\\/\",\"name\":\"Bergfreunde\",\"description\":\"Blog\",\"publisher\":{\"@id\":\"https:\\\/\\\/www.berg-freunde.at\\\/blog\\\/#organization\"},\"potentialAction\":[{\"@type\":\"SearchAction\",\"target\":{\"@type\":\"EntryPoint\",\"urlTemplate\":\"https:\\\/\\\/www.berg-freunde.at\\\/blog\\\/?s={search_term_string}\"},\"query-input\":{\"@type\":\"PropertyValueSpecification\",\"valueRequired\":true,\"valueName\":\"search_term_string\"}}],\"inLanguage\":\"de-AT\"},{\"@type\":\"Organization\",\"@id\":\"https:\\\/\\\/www.berg-freunde.at\\\/blog\\\/#organization\",\"name\":\"Bergfreunde\",\"url\":\"https:\\\/\\\/www.berg-freunde.at\\\/blog\\\/\",\"logo\":{\"@type\":\"ImageObject\",\"inLanguage\":\"de-AT\",\"@id\":\"https:\\\/\\\/www.berg-freunde.at\\\/blog\\\/#\\\/schema\\\/logo\\\/image\\\/\",\"url\":\"https:\\\/\\\/www.berg-freunde.at\\\/blog\\\/wp-content\\\/uploads\\\/2023\\\/12\\\/Bergfreunde_DE_rgb.svg\",\"contentUrl\":\"https:\\\/\\\/www.berg-freunde.at\\\/blog\\\/wp-content\\\/uploads\\\/2023\\\/12\\\/Bergfreunde_DE_rgb.svg\",\"caption\":\"Bergfreunde\"},\"image\":{\"@id\":\"https:\\\/\\\/www.berg-freunde.at\\\/blog\\\/#\\\/schema\\\/logo\\\/image\\\/\"},\"sameAs\":[\"https:\\\/\\\/www.facebook.com\\\/bergfreunde\",\"https:\\\/\\\/www.instagram.com\\\/bergfreundede\\\/\"]},{\"@type\":\"Person\",\"@id\":\"https:\\\/\\\/www.berg-freunde.at\\\/blog\\\/#\\\/schema\\\/person\\\/d9f59624107e7052598aef91acd26c6f\",\"name\":\"Stephan\",\"url\":\"https:\\\/\\\/www.berg-freunde.at\\\/blog\\\/about\\\/stephan-bernau\\\/\"}]}<\/script>\n<!-- \/ Yoast SEO Premium plugin. -->","yoast_head_json":{"title":"8 leichte Wanderungen im Allg\u00e4u f\u00fcr Anf\u00e4nger und Genu\u00dfwanderer","description":"Leichte Wanderungen im Allg\u00e4u \u27a4 Entdecke die sch\u00f6nsten Spazierg\u00e4nge, wie die Vilsalpsee-Rundweg und der Fellhorn-Erlebnisweg","robots":{"index":"index","follow":"follow","max-snippet":"max-snippet:-1","max-image-preview":"max-image-preview:large","max-video-preview":"max-video-preview:-1"},"canonical":"https:\/\/www.berg-freunde.at\/blog\/leichte-wanderungen-allgaeu\/","og_locale":"de_DE","og_type":"article","og_title":"Leichte Wanderungen im Allg\u00e4u - 8 entspannte Touren f\u00fcr Anf\u00e4nger und Genie\u00dfer","og_description":"Leichte Wanderungen im Allg\u00e4u \u27a4 Entdecke die sch\u00f6nsten Spazierg\u00e4nge, wie die Vilsalpsee-Rundweg und der Fellhorn-Erlebnisweg","og_url":"https:\/\/www.berg-freunde.at\/blog\/leichte-wanderungen-allgaeu\/","og_site_name":"Bergfreunde","article_publisher":"https:\/\/www.facebook.com\/bergfreunde","article_published_time":"2025-08-15T14:27:54+00:00","article_modified_time":"2025-10-29T10:49:47+00:00","og_image":[{"width":1179,"height":884,"url":"https:\/\/www.berg-freunde.ch\/blog\/wp-content\/uploads\/2025\/08\/Gras-und-Berge-im-Kleinwalstertal-2_11zon-edited.jpg","type":"image\/jpeg"}],"author":"Stephan","twitter_card":"summary_large_image","twitter_misc":{"Verfasst von":"Stephan","Gesch\u00e4tzte Lesezeit":"9 Minuten"},"schema":{"@context":"https:\/\/schema.org","@graph":[{"@type":["Article","BlogPosting"],"@id":"https:\/\/www.berg-freunde.at\/blog\/leichte-wanderungen-allgaeu\/#article","isPartOf":{"@id":"https:\/\/www.berg-freunde.at\/blog\/leichte-wanderungen-allgaeu\/"},"author":{"name":"Stephan","@id":"https:\/\/www.berg-freunde.at\/blog\/#\/schema\/person\/d9f59624107e7052598aef91acd26c6f"},"headline":"Leichte Wanderungen im Allg\u00e4u &#8211; 8 entspannte Touren f\u00fcr Anf\u00e4nger und Genie\u00dfer","datePublished":"2025-08-15T14:27:54+00:00","dateModified":"2025-10-29T10:49:47+00:00","mainEntityOfPage":{"@id":"https:\/\/www.berg-freunde.at\/blog\/leichte-wanderungen-allgaeu\/"},"wordCount":1809,"commentCount":0,"publisher":{"@id":"https:\/\/www.berg-freunde.at\/blog\/#organization"},"image":{"@id":"https:\/\/www.berg-freunde.at\/blog\/leichte-wanderungen-allgaeu\/#primaryimage"},"thumbnailUrl":"https:\/\/www.berg-freunde.at\/blog\/wp-content\/uploads\/2025\/08\/Gras-und-Berge-im-Kleinwalstertal-2_11zon-edited.jpg","keywords":["Wandern &amp; Trekking"],"articleSection":["Touren &amp; Reisetipps"],"inLanguage":"de-AT","potentialAction":[{"@type":"CommentAction","name":"Comment","target":["https:\/\/www.berg-freunde.at\/blog\/leichte-wanderungen-allgaeu\/#respond"]}]},{"@type":"WebPage","@id":"https:\/\/www.berg-freunde.at\/blog\/leichte-wanderungen-allgaeu\/","url":"https:\/\/www.berg-freunde.at\/blog\/leichte-wanderungen-allgaeu\/","name":"8 leichte Wanderungen im Allg\u00e4u f\u00fcr Anf\u00e4nger und Genu\u00dfwanderer","isPartOf":{"@id":"https:\/\/www.berg-freunde.at\/blog\/#website"},"primaryImageOfPage":{"@id":"https:\/\/www.berg-freunde.at\/blog\/leichte-wanderungen-allgaeu\/#primaryimage"},"image":{"@id":"https:\/\/www.berg-freunde.at\/blog\/leichte-wanderungen-allgaeu\/#primaryimage"},"thumbnailUrl":"https:\/\/www.berg-freunde.at\/blog\/wp-content\/uploads\/2025\/08\/Gras-und-Berge-im-Kleinwalstertal-2_11zon-edited.jpg","datePublished":"2025-08-15T14:27:54+00:00","dateModified":"2025-10-29T10:49:47+00:00","description":"Leichte Wanderungen im Allg\u00e4u \u27a4 Entdecke die sch\u00f6nsten Spazierg\u00e4nge, wie die Vilsalpsee-Rundweg und der Fellhorn-Erlebnisweg","breadcrumb":{"@id":"https:\/\/www.berg-freunde.at\/blog\/leichte-wanderungen-allgaeu\/#breadcrumb"},"inLanguage":"de-AT","potentialAction":[{"@type":"ReadAction","target":["https:\/\/www.berg-freunde.at\/blog\/leichte-wanderungen-allgaeu\/"]}]},{"@type":"ImageObject","inLanguage":"de-AT","@id":"https:\/\/www.berg-freunde.at\/blog\/leichte-wanderungen-allgaeu\/#primaryimage","url":"https:\/\/www.berg-freunde.at\/blog\/wp-content\/uploads\/2025\/08\/Gras-und-Berge-im-Kleinwalstertal-2_11zon-edited.jpg","contentUrl":"https:\/\/www.berg-freunde.at\/blog\/wp-content\/uploads\/2025\/08\/Gras-und-Berge-im-Kleinwalstertal-2_11zon-edited.jpg","width":1179,"height":884,"caption":"Vier Wanderer auf einem Feld, im Hintergrund die Berge des Kleinwalsertal"},{"@type":"BreadcrumbList","@id":"https:\/\/www.berg-freunde.at\/blog\/leichte-wanderungen-allgaeu\/#breadcrumb","itemListElement":[{"@type":"ListItem","position":1,"name":"Blog","item":"https:\/\/www.berg-freunde.at\/blog\/"},{"@type":"ListItem","position":2,"name":"Touren &amp; Reisetipps","item":"https:\/\/www.berg-freunde.at\/blog\/category\/touren-reisetipps\/"},{"@type":"ListItem","position":3,"name":"Leichte Wanderungen im Allg\u00e4u &#8211; 8 entspannte Touren f\u00fcr Anf\u00e4nger und Genie\u00dfer"}]},{"@type":"WebSite","@id":"https:\/\/www.berg-freunde.at\/blog\/#website","url":"https:\/\/www.berg-freunde.at\/blog\/","name":"Bergfreunde","description":"Blog","publisher":{"@id":"https:\/\/www.berg-freunde.at\/blog\/#organization"},"potentialAction":[{"@type":"SearchAction","target":{"@type":"EntryPoint","urlTemplate":"https:\/\/www.berg-freunde.at\/blog\/?s={search_term_string}"},"query-input":{"@type":"PropertyValueSpecification","valueRequired":true,"valueName":"search_term_string"}}],"inLanguage":"de-AT"},{"@type":"Organization","@id":"https:\/\/www.berg-freunde.at\/blog\/#organization","name":"Bergfreunde","url":"https:\/\/www.berg-freunde.at\/blog\/","logo":{"@type":"ImageObject","inLanguage":"de-AT","@id":"https:\/\/www.berg-freunde.at\/blog\/#\/schema\/logo\/image\/","url":"https:\/\/www.berg-freunde.at\/blog\/wp-content\/uploads\/2023\/12\/Bergfreunde_DE_rgb.svg","contentUrl":"https:\/\/www.berg-freunde.at\/blog\/wp-content\/uploads\/2023\/12\/Bergfreunde_DE_rgb.svg","caption":"Bergfreunde"},"image":{"@id":"https:\/\/www.berg-freunde.at\/blog\/#\/schema\/logo\/image\/"},"sameAs":["https:\/\/www.facebook.com\/bergfreunde","https:\/\/www.instagram.com\/bergfreundede\/"]},{"@type":"Person","@id":"https:\/\/www.berg-freunde.at\/blog\/#\/schema\/person\/d9f59624107e7052598aef91acd26c6f","name":"Stephan","url":"https:\/\/www.berg-freunde.at\/blog\/about\/stephan-bernau\/"}]}},"_links":{"self":[{"href":"https:\/\/www.berg-freunde.at\/blog\/wp-json\/wp\/v2\/posts\/125129","targetHints":{"allow":["GET"]}}],"collection":[{"href":"https:\/\/www.berg-freunde.at\/blog\/wp-json\/wp\/v2\/posts"}],"about":[{"href":"https:\/\/www.berg-freunde.at\/blog\/wp-json\/wp\/v2\/types\/post"}],"author":[{"embeddable":true,"href":"https:\/\/www.berg-freunde.at\/blog\/wp-json\/wp\/v2\/users\/17"}],"replies":[{"embeddable":true,"href":"https:\/\/www.berg-freunde.at\/blog\/wp-json\/wp\/v2\/comments?post=125129"}],"version-history":[{"count":5,"href":"https:\/\/www.berg-freunde.at\/blog\/wp-json\/wp\/v2\/posts\/125129\/revisions"}],"predecessor-version":[{"id":126998,"href":"https:\/\/www.berg-freunde.at\/blog\/wp-json\/wp\/v2\/posts\/125129\/revisions\/126998"}],"wp:featuredmedia":[{"embeddable":true,"href":"https:\/\/www.berg-freunde.at\/blog\/wp-json\/wp\/v2\/media\/125192"}],"wp:attachment":[{"href":"https:\/\/www.berg-freunde.at\/blog\/wp-json\/wp\/v2\/media?parent=125129"}],"wp:term":[{"taxonomy":"category","embeddable":true,"href":"https:\/\/www.berg-freunde.at\/blog\/wp-json\/wp\/v2\/categories?post=125129"},{"taxonomy":"post_tag","embeddable":true,"href":"https:\/\/www.berg-freunde.at\/blog\/wp-json\/wp\/v2\/tags?post=125129"},{"taxonomy":"post_folder","embeddable":true,"href":"https:\/\/www.berg-freunde.at\/blog\/wp-json\/wp\/v2\/post_folder?post=125129"}],"curies":[{"name":"wp","href":"https:\/\/api.w.org\/{rel}","templated":true}]}}