{"id":112984,"date":"2024-07-19T12:12:06","date_gmt":"2024-07-19T10:12:06","guid":{"rendered":"https:\/\/www.bergfreunde.de\/blog\/?p=112984"},"modified":"2024-09-25T14:50:00","modified_gmt":"2024-09-25T12:50:00","slug":"grat-raus-folge-35-risiko-und-freude","status":"publish","type":"post","link":"https:\/\/www.berg-freunde.at\/blog\/grat-raus-folge-35-risiko-und-freude\/","title":{"rendered":"GRAT RAUS FOLGE 35: Risiko und Freude \u2013 Neue Perspektiven im Alpinismus"},"content":{"rendered":"\n<h2 class=\"wp-block-heading\" id=\"h-die-podcast-folge\"><strong>Die Podcast Folge <\/strong><\/h2>\n\n\n\n<blockquote class=\"wp-block-quote has-text-align-center is-layout-flow wp-block-quote-is-layout-flow\">\n<p class=\"has-text-align-center\"><em>Mir ist die Qualit\u00e4t meiner Bergtouren wichtiger geworden als die Quantit\u00e4t<\/em>.<\/p>\n<cite><em>Anna Truntschnig<\/em><\/cite><\/blockquote>\n\n\n<div class=\"wp-block-image\">\n<figure class=\"alignright size-full is-resized\"><a href=\"https:\/\/www.bergfreunde.de\/blog\/wp-content\/uploads\/2024\/07\/Anna-Crop-Ben-Tibbets.jpg\"><img fetchpriority=\"high\" decoding=\"async\" width=\"686\" height=\"1005\" src=\"https:\/\/www.bergfreunde.de\/blog\/wp-content\/uploads\/2024\/07\/Anna-Crop-Ben-Tibbets.jpg\" alt=\"\" class=\"wp-image-112978\" style=\"width:250px\" srcset=\"https:\/\/www.berg-freunde.at\/blog\/wp-content\/uploads\/2024\/07\/Anna-Crop-Ben-Tibbets.jpg 686w, https:\/\/www.berg-freunde.at\/blog\/wp-content\/uploads\/2024\/07\/Anna-Crop-Ben-Tibbets-205x300.jpg 205w\" sizes=\"(max-width: 686px) 100vw, 686px\" \/><\/a><figcaption class=\"wp-element-caption\">Anna in ihrem Element. (Foto: Ben Tibbets)<\/figcaption><\/figure>\n<\/div>\n\n\n<p>In dieser Folge des GRAT RAUS Podcasts d\u00fcrfen wir Anna Truntschnig begr\u00fc\u00dfen, eine erfahrene Bergsteigerin und Alpinkletterin. Als ehemaliges Mitglied des Alpinkaders der Naturfreunde \u00d6sterreich hat Anna ihre Leidenschaft f\u00fcr den Bergsport \u00fcber viele Jahre vertieft. Ihre Sicht auf Freude und Risiko hat sich \u00fcber die Zeit als Bergsportlerin und durch die Erfahrungen, die sie am Berg gemacht hat, ver\u00e4ndert. Anna teilt mit uns, wie der Alpinismus ihr Leben beeinflusst und welche Lektionen sie aus ihren Abenteuern gezogen hat.<\/p>\n\n\n\n<p>Im Gespr\u00e4ch mit Anna tauchen wir ein in ihre Erlebnisse und Einsichten. Sie erz\u00e4hlt, wie sie urspr\u00fcnglich zum Alpinismus kam und welche Faszination die Berge auf sie aus\u00fcben. Wir erfahren, wie sich ihr Zugang zum Alpinismus im Laufe der Zeit gewandelt hat und welche neuen Priorit\u00e4ten sie bei der Planung und Durchf\u00fchrung ihrer Touren setzt. Anna erkl\u00e4rt, wie sie f\u00fcr sich die Balance zwischen Freude und Risiko neu definiert hat und welche Strategien ihr helfen, sicher am Berg unterwegs zu sein. Au\u00dferdem gibt sie Einblicke, was f\u00fcr sie die perfekte Bergtour ausmacht.<\/p>\n\n\n\n<p>Warum man auch auf Touren ohne erreichten Gipfel eine \u201eGaudi\u201c haben kann und warum es sich lohnen kann, mit der n\u00e4chsten Tour zu warten- all das erfahrt ihr in dieser neuen Folge!<\/p>\n\n\n\n<p>H\u00f6rt rein! Viel Spa\u00df!<\/p>\n\n\n\n<iframe style=\"border-radius:12px\" src=\"https:\/\/open.spotify.com\/embed\/episode\/3GVp3RfCXDYC0RAPfagF7d?utm_source=generator&#038;theme=0\" width=\"100%\" height=\"152\" frameBorder=\"0\" allowfullscreen=\"\" allow=\"autoplay; clipboard-write; encrypted-media; fullscreen; picture-in-picture\" loading=\"lazy\"><\/iframe>\n\n\n\n<p><\/p>\n\n\n\n<p><strong>GRAT RAUS gibt\u2019s bei <a href=\"https:\/\/open.spotify.com\/show\/10T7A6YVknGh3mEwQRCKZf\">Spotify<\/a>, <a href=\"https:\/\/podcasts.apple.com\/us\/podcast\/grat-raus-der-bergfreunde-outdoor-podcast\/id1598863985\">Apple Podcasts<\/a> und <a href=\"https:\/\/podcasts.google.com\/feed\/aHR0cHM6Ly9ncmF0LXJhdXMucG9kaWdlZS5pby9mZWVkL21wMw\">Google Podcasts<\/a>.<\/strong><\/p>\n\n\n\n<p><\/p>\n\n\n\n<h2 class=\"wp-block-heading\" id=\"h-weitere-podcast-folgen\"><strong>Weitere Podcast Folgen<\/strong><\/h2>\n\n\n\n<p>Alle weiteren Podcast-Folgen von GRAT RAUS findest Du <a href=\"https:\/\/www.berg-freunde.at\/blog\/category\/bergfreunde\/podcast\/\">hier<\/a>.<\/p>\n\n\n\n<h2 class=\"wp-block-heading\" id=\"h-die-bergfreunde-playlist\">Die Bergfreunde Playlist<\/h2>\n\n\n\n<p>Alle G\u00e4ste bei GRAT RAUS werden nach ihrem Lieblings Outdoor-Soundtrack gefragt. Die bunte Bergfreunde Playlist mit allen Songs findest Du <a href=\"https:\/\/open.spotify.com\/playlist\/5MjBYXv1SWBCAyxRwNgdOp\">hier<\/a>.<\/p>\n\n\n\n<h2 class=\"wp-block-heading\" id=\"h-du-hast-fragen\">Du hast Fragen?<\/h2>\n\n\n\n<p><span style=\"font-weight: 400;\">Du hast Fragen, Anmerkungen oder Themen-W\u00fcnsche f\u00fcr den Podcast? Dann gerne her damit! Schreib uns eine Mail an: <\/span><a href=\"mailto:podcast@bergfreunde.de\"><span style=\"font-weight: 400;\">podcast@bergfreunde.de<\/span><\/a>.<\/p>\n\n\n","protected":false},"excerpt":{"rendered":"<p>Die Podcast Folge Mir ist die Qualit\u00e4t meiner Bergtouren wichtiger geworden als die Quantit\u00e4t. Anna Truntschnig In dieser Folge des GRAT RAUS Podcasts d\u00fcrfen wir Anna Truntschnig begr\u00fc\u00dfen, eine erfahrene Bergsteigerin und Alpinkletterin. Als ehemaliges Mitglied des Alpinkaders der Naturfreunde \u00d6sterreich hat Anna ihre Leidenschaft f\u00fcr den Bergsport \u00fcber viele Jahre vertieft. Ihre Sicht auf [&hellip;]<\/p>\n","protected":false},"author":112,"featured_media":113017,"comment_status":"open","ping_status":"closed","sticky":false,"template":"","format":"standard","meta":{"_acf_changed":false,"footnotes":""},"categories":[285],"tags":[258,262],"post_folder":[],"class_list":["post-112984","post","type-post","status-publish","format-standard","has-post-thumbnail","hentry","category-podcast","tag-bergsteigen","tag-klettern-bouldern"],"acf":[],"yoast_head":"<!-- This site is optimized with the Yoast SEO Premium plugin v27.4 (Yoast SEO v27.4) - https:\/\/yoast.com\/product\/yoast-seo-premium-wordpress\/ -->\n<title>GRAT RAUS Folge 35: Risiko und Freude | Bergfreunde<\/title>\n<meta name=\"description\" content=\"Im Outdoor-Podcast GRAT RAUS spricht Anna Truntschnig \u00fcber ihre gewandelte Perspektive auf Risiko und Freude im Alpinismus.\" \/>\n<meta name=\"robots\" content=\"index, follow, max-snippet:-1, max-image-preview:large, max-video-preview:-1\" \/>\n<link rel=\"canonical\" href=\"https:\/\/www.berg-freunde.at\/blog\/grat-raus-folge-35-risiko-und-freude\/\" \/>\n<meta property=\"og:locale\" content=\"de_DE\" \/>\n<meta property=\"og:type\" content=\"article\" \/>\n<meta property=\"og:title\" content=\"GRAT RAUS FOLGE 35: Risiko und Freude \u2013 Neue Perspektiven im Alpinismus\" \/>\n<meta property=\"og:description\" content=\"Im Outdoor-Podcast GRAT RAUS spricht Anna Truntschnig \u00fcber ihre gewandelte Perspektive auf Risiko und Freude im Alpinismus.\" \/>\n<meta property=\"og:url\" content=\"https:\/\/www.berg-freunde.at\/blog\/grat-raus-folge-35-risiko-und-freude\/\" \/>\n<meta property=\"og:site_name\" content=\"Bergfreunde\" \/>\n<meta property=\"article:publisher\" content=\"https:\/\/www.facebook.com\/bergfreunde\" \/>\n<meta property=\"article:published_time\" content=\"2024-07-19T10:12:06+00:00\" \/>\n<meta property=\"article:modified_time\" content=\"2024-09-25T12:50:00+00:00\" \/>\n<meta property=\"og:image\" content=\"https:\/\/www.berg-freunde.at\/blog\/wp-content\/uploads\/2024\/07\/Podcast_Anna_Truntschnig_Blog_1440x590px_2.jpg\" \/>\n\t<meta property=\"og:image:width\" content=\"1440\" \/>\n\t<meta property=\"og:image:height\" content=\"590\" \/>\n\t<meta property=\"og:image:type\" content=\"image\/jpeg\" \/>\n<meta name=\"author\" content=\"Erik\" \/>\n<meta name=\"twitter:card\" content=\"summary_large_image\" \/>\n<meta name=\"twitter:label1\" content=\"Verfasst von\" \/>\n\t<meta name=\"twitter:data1\" content=\"Erik\" \/>\n\t<meta name=\"twitter:label2\" content=\"Gesch\u00e4tzte Lesezeit\" \/>\n\t<meta name=\"twitter:data2\" content=\"2 Minuten\" \/>\n<script type=\"application\/ld+json\" class=\"yoast-schema-graph\">{\"@context\":\"https:\\\/\\\/schema.org\",\"@graph\":[{\"@type\":[\"Article\",\"BlogPosting\"],\"@id\":\"https:\\\/\\\/www.berg-freunde.at\\\/blog\\\/grat-raus-folge-35-risiko-und-freude\\\/#article\",\"isPartOf\":{\"@id\":\"https:\\\/\\\/www.berg-freunde.at\\\/blog\\\/grat-raus-folge-35-risiko-und-freude\\\/\"},\"author\":{\"name\":\"Erik\",\"@id\":\"https:\\\/\\\/www.berg-freunde.at\\\/blog\\\/#\\\/schema\\\/person\\\/7d401297ffc689b8ef89af801f214341\"},\"headline\":\"GRAT RAUS FOLGE 35: Risiko und Freude \u2013 Neue Perspektiven im Alpinismus\",\"datePublished\":\"2024-07-19T10:12:06+00:00\",\"dateModified\":\"2024-09-25T12:50:00+00:00\",\"mainEntityOfPage\":{\"@id\":\"https:\\\/\\\/www.berg-freunde.at\\\/blog\\\/grat-raus-folge-35-risiko-und-freude\\\/\"},\"wordCount\":332,\"commentCount\":0,\"publisher\":{\"@id\":\"https:\\\/\\\/www.berg-freunde.at\\\/blog\\\/#organization\"},\"image\":{\"@id\":\"https:\\\/\\\/www.berg-freunde.at\\\/blog\\\/grat-raus-folge-35-risiko-und-freude\\\/#primaryimage\"},\"thumbnailUrl\":\"https:\\\/\\\/www.berg-freunde.at\\\/blog\\\/wp-content\\\/uploads\\\/2024\\\/07\\\/Podcast_Anna_Truntschnig_Blog_1440x590px_2.jpg\",\"keywords\":[\"Bergsteigen &amp; Hochtouren\",\"Klettern &amp; Bouldern\"],\"articleSection\":[\"Podcast\"],\"inLanguage\":\"de-AT\",\"potentialAction\":[{\"@type\":\"CommentAction\",\"name\":\"Comment\",\"target\":[\"https:\\\/\\\/www.berg-freunde.at\\\/blog\\\/grat-raus-folge-35-risiko-und-freude\\\/#respond\"]}]},{\"@type\":\"WebPage\",\"@id\":\"https:\\\/\\\/www.berg-freunde.at\\\/blog\\\/grat-raus-folge-35-risiko-und-freude\\\/\",\"url\":\"https:\\\/\\\/www.berg-freunde.at\\\/blog\\\/grat-raus-folge-35-risiko-und-freude\\\/\",\"name\":\"GRAT RAUS Folge 35: Risiko und Freude | Bergfreunde\",\"isPartOf\":{\"@id\":\"https:\\\/\\\/www.berg-freunde.at\\\/blog\\\/#website\"},\"primaryImageOfPage\":{\"@id\":\"https:\\\/\\\/www.berg-freunde.at\\\/blog\\\/grat-raus-folge-35-risiko-und-freude\\\/#primaryimage\"},\"image\":{\"@id\":\"https:\\\/\\\/www.berg-freunde.at\\\/blog\\\/grat-raus-folge-35-risiko-und-freude\\\/#primaryimage\"},\"thumbnailUrl\":\"https:\\\/\\\/www.berg-freunde.at\\\/blog\\\/wp-content\\\/uploads\\\/2024\\\/07\\\/Podcast_Anna_Truntschnig_Blog_1440x590px_2.jpg\",\"datePublished\":\"2024-07-19T10:12:06+00:00\",\"dateModified\":\"2024-09-25T12:50:00+00:00\",\"description\":\"Im Outdoor-Podcast GRAT RAUS spricht Anna Truntschnig \u00fcber ihre gewandelte Perspektive auf Risiko und Freude im Alpinismus.\",\"breadcrumb\":{\"@id\":\"https:\\\/\\\/www.berg-freunde.at\\\/blog\\\/grat-raus-folge-35-risiko-und-freude\\\/#breadcrumb\"},\"inLanguage\":\"de-AT\",\"potentialAction\":[{\"@type\":\"ReadAction\",\"target\":[\"https:\\\/\\\/www.berg-freunde.at\\\/blog\\\/grat-raus-folge-35-risiko-und-freude\\\/\"]}]},{\"@type\":\"ImageObject\",\"inLanguage\":\"de-AT\",\"@id\":\"https:\\\/\\\/www.berg-freunde.at\\\/blog\\\/grat-raus-folge-35-risiko-und-freude\\\/#primaryimage\",\"url\":\"https:\\\/\\\/www.berg-freunde.at\\\/blog\\\/wp-content\\\/uploads\\\/2024\\\/07\\\/Podcast_Anna_Truntschnig_Blog_1440x590px_2.jpg\",\"contentUrl\":\"https:\\\/\\\/www.berg-freunde.at\\\/blog\\\/wp-content\\\/uploads\\\/2024\\\/07\\\/Podcast_Anna_Truntschnig_Blog_1440x590px_2.jpg\",\"width\":1440,\"height\":590},{\"@type\":\"BreadcrumbList\",\"@id\":\"https:\\\/\\\/www.berg-freunde.at\\\/blog\\\/grat-raus-folge-35-risiko-und-freude\\\/#breadcrumb\",\"itemListElement\":[{\"@type\":\"ListItem\",\"position\":1,\"name\":\"Blog\",\"item\":\"https:\\\/\\\/www.berg-freunde.at\\\/blog\\\/\"},{\"@type\":\"ListItem\",\"position\":2,\"name\":\"Bergfreunde\",\"item\":\"https:\\\/\\\/www.berg-freunde.at\\\/blog\\\/category\\\/bergfreunde\\\/\"},{\"@type\":\"ListItem\",\"position\":3,\"name\":\"Podcast\",\"item\":\"https:\\\/\\\/www.berg-freunde.at\\\/blog\\\/category\\\/bergfreunde\\\/podcast\\\/\"},{\"@type\":\"ListItem\",\"position\":4,\"name\":\"GRAT RAUS FOLGE 35: Risiko und Freude \u2013 Neue Perspektiven im Alpinismus\"}]},{\"@type\":\"WebSite\",\"@id\":\"https:\\\/\\\/www.berg-freunde.at\\\/blog\\\/#website\",\"url\":\"https:\\\/\\\/www.berg-freunde.at\\\/blog\\\/\",\"name\":\"Bergfreunde\",\"description\":\"Blog\",\"publisher\":{\"@id\":\"https:\\\/\\\/www.berg-freunde.at\\\/blog\\\/#organization\"},\"potentialAction\":[{\"@type\":\"SearchAction\",\"target\":{\"@type\":\"EntryPoint\",\"urlTemplate\":\"https:\\\/\\\/www.berg-freunde.at\\\/blog\\\/?s={search_term_string}\"},\"query-input\":{\"@type\":\"PropertyValueSpecification\",\"valueRequired\":true,\"valueName\":\"search_term_string\"}}],\"inLanguage\":\"de-AT\"},{\"@type\":\"Organization\",\"@id\":\"https:\\\/\\\/www.berg-freunde.at\\\/blog\\\/#organization\",\"name\":\"Bergfreunde\",\"url\":\"https:\\\/\\\/www.berg-freunde.at\\\/blog\\\/\",\"logo\":{\"@type\":\"ImageObject\",\"inLanguage\":\"de-AT\",\"@id\":\"https:\\\/\\\/www.berg-freunde.at\\\/blog\\\/#\\\/schema\\\/logo\\\/image\\\/\",\"url\":\"https:\\\/\\\/www.berg-freunde.at\\\/blog\\\/wp-content\\\/uploads\\\/2023\\\/12\\\/Bergfreunde_DE_rgb.svg\",\"contentUrl\":\"https:\\\/\\\/www.berg-freunde.at\\\/blog\\\/wp-content\\\/uploads\\\/2023\\\/12\\\/Bergfreunde_DE_rgb.svg\",\"caption\":\"Bergfreunde\"},\"image\":{\"@id\":\"https:\\\/\\\/www.berg-freunde.at\\\/blog\\\/#\\\/schema\\\/logo\\\/image\\\/\"},\"sameAs\":[\"https:\\\/\\\/www.facebook.com\\\/bergfreunde\",\"https:\\\/\\\/www.instagram.com\\\/bergfreundede\\\/\"]},{\"@type\":\"Person\",\"@id\":\"https:\\\/\\\/www.berg-freunde.at\\\/blog\\\/#\\\/schema\\\/person\\\/7d401297ffc689b8ef89af801f214341\",\"name\":\"Erik\",\"url\":\"https:\\\/\\\/www.berg-freunde.at\\\/blog\\\/about\\\/erik\\\/\"}]}<\/script>\n<!-- \/ Yoast SEO Premium plugin. -->","yoast_head_json":{"title":"GRAT RAUS Folge 35: Risiko und Freude | Bergfreunde","description":"Im Outdoor-Podcast GRAT RAUS spricht Anna Truntschnig \u00fcber ihre gewandelte Perspektive auf Risiko und Freude im Alpinismus.","robots":{"index":"index","follow":"follow","max-snippet":"max-snippet:-1","max-image-preview":"max-image-preview:large","max-video-preview":"max-video-preview:-1"},"canonical":"https:\/\/www.berg-freunde.at\/blog\/grat-raus-folge-35-risiko-und-freude\/","og_locale":"de_DE","og_type":"article","og_title":"GRAT RAUS FOLGE 35: Risiko und Freude \u2013 Neue Perspektiven im Alpinismus","og_description":"Im Outdoor-Podcast GRAT RAUS spricht Anna Truntschnig \u00fcber ihre gewandelte Perspektive auf Risiko und Freude im Alpinismus.","og_url":"https:\/\/www.berg-freunde.at\/blog\/grat-raus-folge-35-risiko-und-freude\/","og_site_name":"Bergfreunde","article_publisher":"https:\/\/www.facebook.com\/bergfreunde","article_published_time":"2024-07-19T10:12:06+00:00","article_modified_time":"2024-09-25T12:50:00+00:00","og_image":[{"width":1440,"height":590,"url":"https:\/\/www.berg-freunde.at\/blog\/wp-content\/uploads\/2024\/07\/Podcast_Anna_Truntschnig_Blog_1440x590px_2.jpg","type":"image\/jpeg"}],"author":"Erik","twitter_card":"summary_large_image","twitter_misc":{"Verfasst von":"Erik","Gesch\u00e4tzte Lesezeit":"2 Minuten"},"schema":{"@context":"https:\/\/schema.org","@graph":[{"@type":["Article","BlogPosting"],"@id":"https:\/\/www.berg-freunde.at\/blog\/grat-raus-folge-35-risiko-und-freude\/#article","isPartOf":{"@id":"https:\/\/www.berg-freunde.at\/blog\/grat-raus-folge-35-risiko-und-freude\/"},"author":{"name":"Erik","@id":"https:\/\/www.berg-freunde.at\/blog\/#\/schema\/person\/7d401297ffc689b8ef89af801f214341"},"headline":"GRAT RAUS FOLGE 35: Risiko und Freude \u2013 Neue Perspektiven im Alpinismus","datePublished":"2024-07-19T10:12:06+00:00","dateModified":"2024-09-25T12:50:00+00:00","mainEntityOfPage":{"@id":"https:\/\/www.berg-freunde.at\/blog\/grat-raus-folge-35-risiko-und-freude\/"},"wordCount":332,"commentCount":0,"publisher":{"@id":"https:\/\/www.berg-freunde.at\/blog\/#organization"},"image":{"@id":"https:\/\/www.berg-freunde.at\/blog\/grat-raus-folge-35-risiko-und-freude\/#primaryimage"},"thumbnailUrl":"https:\/\/www.berg-freunde.at\/blog\/wp-content\/uploads\/2024\/07\/Podcast_Anna_Truntschnig_Blog_1440x590px_2.jpg","keywords":["Bergsteigen &amp; Hochtouren","Klettern &amp; Bouldern"],"articleSection":["Podcast"],"inLanguage":"de-AT","potentialAction":[{"@type":"CommentAction","name":"Comment","target":["https:\/\/www.berg-freunde.at\/blog\/grat-raus-folge-35-risiko-und-freude\/#respond"]}]},{"@type":"WebPage","@id":"https:\/\/www.berg-freunde.at\/blog\/grat-raus-folge-35-risiko-und-freude\/","url":"https:\/\/www.berg-freunde.at\/blog\/grat-raus-folge-35-risiko-und-freude\/","name":"GRAT RAUS Folge 35: Risiko und Freude | Bergfreunde","isPartOf":{"@id":"https:\/\/www.berg-freunde.at\/blog\/#website"},"primaryImageOfPage":{"@id":"https:\/\/www.berg-freunde.at\/blog\/grat-raus-folge-35-risiko-und-freude\/#primaryimage"},"image":{"@id":"https:\/\/www.berg-freunde.at\/blog\/grat-raus-folge-35-risiko-und-freude\/#primaryimage"},"thumbnailUrl":"https:\/\/www.berg-freunde.at\/blog\/wp-content\/uploads\/2024\/07\/Podcast_Anna_Truntschnig_Blog_1440x590px_2.jpg","datePublished":"2024-07-19T10:12:06+00:00","dateModified":"2024-09-25T12:50:00+00:00","description":"Im Outdoor-Podcast GRAT RAUS spricht Anna Truntschnig \u00fcber ihre gewandelte Perspektive auf Risiko und Freude im Alpinismus.","breadcrumb":{"@id":"https:\/\/www.berg-freunde.at\/blog\/grat-raus-folge-35-risiko-und-freude\/#breadcrumb"},"inLanguage":"de-AT","potentialAction":[{"@type":"ReadAction","target":["https:\/\/www.berg-freunde.at\/blog\/grat-raus-folge-35-risiko-und-freude\/"]}]},{"@type":"ImageObject","inLanguage":"de-AT","@id":"https:\/\/www.berg-freunde.at\/blog\/grat-raus-folge-35-risiko-und-freude\/#primaryimage","url":"https:\/\/www.berg-freunde.at\/blog\/wp-content\/uploads\/2024\/07\/Podcast_Anna_Truntschnig_Blog_1440x590px_2.jpg","contentUrl":"https:\/\/www.berg-freunde.at\/blog\/wp-content\/uploads\/2024\/07\/Podcast_Anna_Truntschnig_Blog_1440x590px_2.jpg","width":1440,"height":590},{"@type":"BreadcrumbList","@id":"https:\/\/www.berg-freunde.at\/blog\/grat-raus-folge-35-risiko-und-freude\/#breadcrumb","itemListElement":[{"@type":"ListItem","position":1,"name":"Blog","item":"https:\/\/www.berg-freunde.at\/blog\/"},{"@type":"ListItem","position":2,"name":"Bergfreunde","item":"https:\/\/www.berg-freunde.at\/blog\/category\/bergfreunde\/"},{"@type":"ListItem","position":3,"name":"Podcast","item":"https:\/\/www.berg-freunde.at\/blog\/category\/bergfreunde\/podcast\/"},{"@type":"ListItem","position":4,"name":"GRAT RAUS FOLGE 35: Risiko und Freude \u2013 Neue Perspektiven im Alpinismus"}]},{"@type":"WebSite","@id":"https:\/\/www.berg-freunde.at\/blog\/#website","url":"https:\/\/www.berg-freunde.at\/blog\/","name":"Bergfreunde","description":"Blog","publisher":{"@id":"https:\/\/www.berg-freunde.at\/blog\/#organization"},"potentialAction":[{"@type":"SearchAction","target":{"@type":"EntryPoint","urlTemplate":"https:\/\/www.berg-freunde.at\/blog\/?s={search_term_string}"},"query-input":{"@type":"PropertyValueSpecification","valueRequired":true,"valueName":"search_term_string"}}],"inLanguage":"de-AT"},{"@type":"Organization","@id":"https:\/\/www.berg-freunde.at\/blog\/#organization","name":"Bergfreunde","url":"https:\/\/www.berg-freunde.at\/blog\/","logo":{"@type":"ImageObject","inLanguage":"de-AT","@id":"https:\/\/www.berg-freunde.at\/blog\/#\/schema\/logo\/image\/","url":"https:\/\/www.berg-freunde.at\/blog\/wp-content\/uploads\/2023\/12\/Bergfreunde_DE_rgb.svg","contentUrl":"https:\/\/www.berg-freunde.at\/blog\/wp-content\/uploads\/2023\/12\/Bergfreunde_DE_rgb.svg","caption":"Bergfreunde"},"image":{"@id":"https:\/\/www.berg-freunde.at\/blog\/#\/schema\/logo\/image\/"},"sameAs":["https:\/\/www.facebook.com\/bergfreunde","https:\/\/www.instagram.com\/bergfreundede\/"]},{"@type":"Person","@id":"https:\/\/www.berg-freunde.at\/blog\/#\/schema\/person\/7d401297ffc689b8ef89af801f214341","name":"Erik","url":"https:\/\/www.berg-freunde.at\/blog\/about\/erik\/"}]}},"_links":{"self":[{"href":"https:\/\/www.berg-freunde.at\/blog\/wp-json\/wp\/v2\/posts\/112984","targetHints":{"allow":["GET"]}}],"collection":[{"href":"https:\/\/www.berg-freunde.at\/blog\/wp-json\/wp\/v2\/posts"}],"about":[{"href":"https:\/\/www.berg-freunde.at\/blog\/wp-json\/wp\/v2\/types\/post"}],"author":[{"embeddable":true,"href":"https:\/\/www.berg-freunde.at\/blog\/wp-json\/wp\/v2\/users\/112"}],"replies":[{"embeddable":true,"href":"https:\/\/www.berg-freunde.at\/blog\/wp-json\/wp\/v2\/comments?post=112984"}],"version-history":[{"count":4,"href":"https:\/\/www.berg-freunde.at\/blog\/wp-json\/wp\/v2\/posts\/112984\/revisions"}],"predecessor-version":[{"id":113031,"href":"https:\/\/www.berg-freunde.at\/blog\/wp-json\/wp\/v2\/posts\/112984\/revisions\/113031"}],"wp:featuredmedia":[{"embeddable":true,"href":"https:\/\/www.berg-freunde.at\/blog\/wp-json\/wp\/v2\/media\/113017"}],"wp:attachment":[{"href":"https:\/\/www.berg-freunde.at\/blog\/wp-json\/wp\/v2\/media?parent=112984"}],"wp:term":[{"taxonomy":"category","embeddable":true,"href":"https:\/\/www.berg-freunde.at\/blog\/wp-json\/wp\/v2\/categories?post=112984"},{"taxonomy":"post_tag","embeddable":true,"href":"https:\/\/www.berg-freunde.at\/blog\/wp-json\/wp\/v2\/tags?post=112984"},{"taxonomy":"post_folder","embeddable":true,"href":"https:\/\/www.berg-freunde.at\/blog\/wp-json\/wp\/v2\/post_folder?post=112984"}],"curies":[{"name":"wp","href":"https:\/\/api.w.org\/{rel}","templated":true}]}}