{"id":108002,"date":"2024-03-01T10:00:00","date_gmt":"2024-03-01T09:00:00","guid":{"rendered":"https:\/\/www.bergfreunde.de\/blog\/?p=108002"},"modified":"2026-04-27T10:31:36","modified_gmt":"2026-04-27T08:31:36","slug":"wie-gesund-ist-wandern","status":"publish","type":"post","link":"https:\/\/www.berg-freunde.at\/blog\/wie-gesund-ist-wandern\/","title":{"rendered":"Wie gesund ist Wandern?"},"content":{"rendered":"\n<p><strong>Zu Fu\u00df drau\u00dfen unterwegs<\/strong> zu sein, ist f\u00fcr uns Menschen die nat\u00fcrlichste und urspr\u00fcnglichste Art der Fortbewegung. Durch moderne Verkehrsmittel und Zeitmangel im Alltag werden jedoch selbst kurze Wege h\u00e4ufig nicht mehr aus eigener Kraft zur\u00fcckgelegt. <strong>Bewegungsmangel<\/strong> und <strong>gesundheitliche Probleme wie \u00dcbergewicht, Herz-Kreislauf-Erkrankungen oder Erkrankungen des Bewegungsapparates sind die Folgen<\/strong>.<\/p>\n\n\n\n<p>Um dem entgegenzutreten, wird <strong>Wandern als Volkssport<\/strong> immer beliebter. Wandern eignet sich f\u00fcr Menschen aller Altersgruppen und selbst mit wenig Kondition, wenn andere Sportarten schwerfallen, kannst Du wandern gehen.<\/p>\n\n\n\n<p>Und auch wem gerade Zeit oder Geld f\u00fcr einen ausgedehnten Urlaub fehlen, der kann auf Schusters Rappen vor der eigenen Haust\u00fcr so manches unternehmen. Wandern l\u00e4sst sich in den Alltag integrieren, es muss ja nicht immer eine gro\u00dfe Bergtour sein. Selbst in der Stadt kommen Wanderfans auf ihre Kosten und k\u00f6nnen das Wandern z.B. mit Sightseeing verbinden.<\/p>\n\n\n\n<h2 class=\"wp-block-heading\" id=\"h-was-versteht-man-eigentlich-unter-wandern\"><strong>Was versteht man eigentlich unter Wandern?<\/strong><\/h2>\n\n\n<div class=\"wp-block-image\">\n<figure class=\"aligncenter size-large\"><a href=\"https:\/\/www.bergfreunde.de\/blog\/wp-content\/uploads\/2024\/01\/Wandern-gesund_Wald_original-1500x998.jpg\"><img fetchpriority=\"high\" decoding=\"async\" width=\"1500\" height=\"998\" src=\"https:\/\/www.bergfreunde.de\/blog\/wp-content\/uploads\/2024\/01\/Wandern-gesund_Wald_original-1500x998.jpg\" alt=\"Was ist Wandern eigentlich?\" class=\"wp-image-107971\" srcset=\"https:\/\/www.berg-freunde.at\/blog\/wp-content\/uploads\/2024\/01\/Wandern-gesund_Wald_original-1500x998.jpg 1500w, https:\/\/www.berg-freunde.at\/blog\/wp-content\/uploads\/2024\/01\/Wandern-gesund_Wald_original-300x200.jpg 300w, https:\/\/www.berg-freunde.at\/blog\/wp-content\/uploads\/2024\/01\/Wandern-gesund_Wald_original-768x511.jpg 768w, https:\/\/www.berg-freunde.at\/blog\/wp-content\/uploads\/2024\/01\/Wandern-gesund_Wald_original-1536x1022.jpg 1536w, https:\/\/www.berg-freunde.at\/blog\/wp-content\/uploads\/2024\/01\/Wandern-gesund_Wald_original.jpg 1920w\" sizes=\"(max-width: 1500px) 100vw, 1500px\" \/><\/a><figcaption class=\"wp-element-caption\">Was ist wandern eigentlich?<\/figcaption><\/figure>\n<\/div>\n\n\n<p><strong>Wandern definiert sich als eine Form des Gehens \u00fcber einen l\u00e4ngeren Zeitraum<\/strong>. Eine Wanderung dauert in der Regel l\u00e4nger als ein Spaziergang und bedarf zumindest einer <strong>kurzen Vorbereitung<\/strong>. Meistens wird ein Rucksack mit Proviant und wetterfester Kleidung mitgenommen und <strong>Du planst Deinen Streckenverlauf<\/strong> im Vorfeld.<\/p>\n\n\n\n<p>Die \u00dcberg\u00e4nge sind jedoch flie\u00dfend und eigentlich spielt es auch keine Rolle, ob Du von einem ausgedehnten Spaziergang oder einer Wanderung sprichst. In jedem Fall gilt: Wer zu Fu\u00df drau\u00dfen unterwegs ist, tut etwas f\u00fcr die eigene Gesundheit.<\/p>\n\n\n\n<h2 class=\"wp-block-heading\" id=\"h-wandern-ist-gesund\">Wandern ist gesund<\/h2>\n\n\n\n<p>Beim Wandern ist der ganze K\u00f6rper in Bewegung, und die <strong>gro\u00dfen Muskelgruppen in Beinen, Ges\u00e4\u00df und R\u00fccken werden besonders gest\u00e4rkt<\/strong>. Eine trainierte Beinmuskulatur entlastet Knie- und H\u00fcftgelenke und wirkt deren Verschlei\u00df entgegen. Durch eine gute R\u00fcckenmuskulatur verbesserst Du Deine K\u00f6rperhaltung und beugst R\u00fcckenschmerzen vor. Benutzt Du <a href=\"https:\/\/www.berg-freunde.at\/trekkingstoecke\/\">Wanderst\u00f6cke<\/a>, kr\u00e4ftigst Du obendrein die Muskulatur im Schulterbereich und in den Armen. Allgemein gilt: Durch Muskelaufbau sinkt das Verletzungsrisiko, und Beschwerden im Bewegungsapparat werden gelindert.<\/p>\n\n\n\n<p>Wer im Gel\u00e4nde unterwegs ist, schult au\u00dferdem <strong>Trittsicherheit, Gleichgewichtssinn und Reaktionsverm\u00f6gen<\/strong> beim Gehen. Das vermindert die Sturzgefahr und sorgt auch im Alltag f\u00fcr mehr Sicherheit.<\/p>\n\n\n<div class=\"wp-block-image\">\n<figure class=\"alignright size-large is-resized\"><a href=\"https:\/\/www.bergfreunde.de\/blog\/wp-content\/uploads\/2024\/01\/Wandern-gesund_Pause_original-1000x1500.jpg\"><img decoding=\"async\" width=\"1000\" height=\"1500\" src=\"https:\/\/www.bergfreunde.de\/blog\/wp-content\/uploads\/2024\/01\/Wandern-gesund_Pause_original-1000x1500.jpg\" alt=\"Wandern ist gesund\" class=\"wp-image-107989\" style=\"width:251px;height:auto\" srcset=\"https:\/\/www.berg-freunde.at\/blog\/wp-content\/uploads\/2024\/01\/Wandern-gesund_Pause_original-1000x1500.jpg 1000w, https:\/\/www.berg-freunde.at\/blog\/wp-content\/uploads\/2024\/01\/Wandern-gesund_Pause_original-200x300.jpg 200w, https:\/\/www.berg-freunde.at\/blog\/wp-content\/uploads\/2024\/01\/Wandern-gesund_Pause_original-768x1152.jpg 768w, https:\/\/www.berg-freunde.at\/blog\/wp-content\/uploads\/2024\/01\/Wandern-gesund_Pause_original-1024x1536.jpg 1024w, https:\/\/www.berg-freunde.at\/blog\/wp-content\/uploads\/2024\/01\/Wandern-gesund_Pause_original.jpg 1280w\" sizes=\"(max-width: 1000px) 100vw, 1000px\" \/><\/a><figcaption class=\"wp-element-caption\">Wandern ist gesund<\/figcaption><\/figure>\n<\/div>\n\n\n<p>Durch die Bewegung beim Wandern werden zudem Knochen, Gelenke, Sehnen und B\u00e4nder gest\u00e4rkt und das Herz-Kreislauf-System in Schwung gebracht. Die stetige, aber <strong>moderate Belastung st\u00e4rkt Deinen Herzmuskel<\/strong> und erh\u00f6ht somit die Pumpleistung des Herzens. Das sorgt f\u00fcr einen niedrigeren Puls in Ruhe und unter Belastung. Auch Menschen mit hohem Blutdruck profitieren vom Wandern.<\/p>\n\n\n\n<p>Nicht zuletzt und hat das Wandern vor allem auch <strong>positive Auswirkungen auf Deine seelische Gesundheit<\/strong>. Und eine gesunde Psyche steht ja bekanntlich in engem Zusammenhang mit einem gesunden K\u00f6rper. Wandern und Bewegung helfen dabei, Stress abzubauen und die Sch\u00f6nheit der Natur sorgt f\u00fcr Entspannung und innere Ruhe.<\/p>\n\n\n\n<p>Vor allem f\u00fcr Sportanf\u00e4nger ist Wandern besonders geeignet, da die <strong>sanfte Bewegungsform<\/strong> den K\u00f6rper zwar beansprucht, aber nicht so schnell \u00fcberfordert. Solange Du in Deinem pers\u00f6nlichen Wohlf\u00fchlbereich bleibst, nehmen die positiven gesundheitlichen Effekte mit der Intensit\u00e4t der k\u00f6rperlichen Aktivit\u00e4t zu.<\/p>\n\n\n\n<h3 class=\"wp-block-heading\" id=\"h-wandern-fur-die-ausdauer\"><strong>Wandern f\u00fcr die Ausdauer<\/strong><\/h3>\n\n\n\n<p>Wandern gilt, wie Radfahren, Schwimmen oder Joggen als<strong> Ausdauersport,<\/strong> wenn auch mit geringerer Intensit\u00e4t. Beim Wandern bewegst Du den ganzen K\u00f6rper, und je nach Aus\u00fcbung wird eine Wanderung zum sanften Ausdauertraining, oder bringt Dich sportlich ans Limit.<\/p>\n\n\n\n<p>Die <strong>Intensit\u00e4t ist stufenlos verstellbar<\/strong> und deshalb eignet sich Wandern prima, um Deine Ausdauer buchst\u00e4blich Schritt f\u00fcr Schritt zu steigern. Wenn Du gerade aus den verschiedensten Gr\u00fcnden nicht \u00fcber eine gute Kondition verf\u00fcgst, beginnst Du am besten mit kurzen Wanderungen in der Ebene und steigerst die Strecke, <a href=\"https:\/\/www.berg-freunde.at\/gehzeit-rechner\/\">Wanderdauer<\/a> und H\u00f6henmeter kontinuierlich und ganz nach Deinen Bed\u00fcrfnissen. Auch die Gehgeschwindigkeit ist eine Schraube, an der Du drehen kannst, um die Intensit\u00e4t zu erh\u00f6hen.<\/p>\n\n\n\n<p>Wer sportlicher unterwegs ist, kann bei mehrt\u00e4gigen Wanderungen mit viel Gep\u00e4ck und\/oder auf langen Strecken mit gro\u00dfen Steigungen die eigenen Grenzen ausloten oder sich auf die ganz gro\u00dfe Tour vorbereiten.<\/p>\n\n\n\n<p>Um mit Erfolgserlebnissen belohnt zu werden und von Frust verschont zu bleiben, hei\u00dft die Devise f\u00fcr alle: fordern ja, \u00fcberfordern nein! Als Faustregel gilt, die Belastung so zu w\u00e4hlen, dass Du Dich beim Gehen noch mit Deinen Mitmenschen unterhalten kannst.<\/p>\n\n\n\n<h3 class=\"wp-block-heading\" id=\"h-in-welcher-lange-ist-das-wandern-gesund\"><strong>In welcher L\u00e4nge ist das Wandern gesund?<\/strong><\/h3>\n\n\n\n<p>In welcher L\u00e4nge das Wandern gesund ist, h\u00e4ngt von vielen verschiedenen Faktoren ab und kann weder in Stunden noch in Kilometern beziffert werden. Entscheidend sind Deine pers\u00f6nliche Fitness und Dein Gesundheitszustand, aber auch Au\u00dfentemperatur und Wetterbedingungen spielen eine wichtige Rolle.<\/p>\n\n\n\n<p>Selbst wenig ge\u00fcbte Wanderer k\u00f6nnen jedoch mit ausreichend Pausen am Tag f\u00fcnf bis zehn Kilometer zur\u00fccklegen, ohne sich dabei zu \u00fcberfordern.<\/p>\n\n\n\n<p>F\u00fcr einen gelungenen Wandertag solltest Du einen <strong>Weg w\u00e4hlen, der Deinem K\u00f6nnen entspricht und Dich landschaftlich reizt<\/strong>. Dein k\u00f6rperliches und seelisches Wohl stehen an erster Stelle, und dann sind wenige Kilometer mit sch\u00f6nem Panorama sicher ges\u00fcnder als viele Kilometer in uninteressantem Gebiet. Informationen zu Schwierigkeitsgrad und Anspruch verschiedener Wanderrouten findest Du in entsprechenden Apps und Wanderf\u00fchrern.<\/p>\n\n\n\n<p>Allgemein gesagt:<strong> Solange Du Dich beim Wandern wohlf\u00fchlst, bist Du im gr\u00fcnen Bereich<\/strong>. Lieber ein paar Kilometer oder H\u00f6henmeter weniger, daf\u00fcr Natur und Landschaft genie\u00dfen und ein positives Erlebnis mit nach Hause nehmen, als abends v\u00f6llig fertig aus den Latschen zu kippen.<\/p>\n\n\n\n<h2 class=\"wp-block-heading\" id=\"h-wandern-ist-gesund-fur-die-psyche\">Wandern ist gesund f\u00fcr die Psyche<\/h2>\n\n\n\n<p>Wandern in der Natur erm\u00f6glicht es, der st\u00e4ndigen Kommunikation, Erreichbarkeit und Hektik zu entfliehen. Diese verursacht im Menschen Stress und ist mit einer erh\u00f6hten Aussch\u00fcttung von Stresshormonen verbunden, welche verschiedenste k\u00f6rperliche und psychische Auswirkungen haben k\u00f6nnen. <strong>Bewegung ist ein effektives Mittel, um Stresshormone abzubauen und somit innerlich zur Ruhe zu kommen<\/strong>. Vor allem bei l\u00e4ngeren Wanderungen entfernt man sich Schritt f\u00fcr Schritt vom Trubel des Alltags.<\/p>\n\n\n\n<p>Beim Gehen kannst Du Deine Gedanken schweifen lassen und sp\u00fcrst den eigenen K\u00f6rper und Geist sehr bewusst. Ein Gef\u00fchl, das im Alltag leider etwas verloren gegangen ist. Durch die intensive Wahrnehmung verbesserst Du Dein K\u00f6rpergef\u00fchl, das Vertrauen in den selbigen und <strong>steigerst letztendlich Dein Selbstbewusstsein<\/strong>. F\u00fcr ein besonders intensives Erlebnis eignen sich am besten wenig begangene Wege abseits der ausgetrampelten Pfade. Auf einem asphaltierten Weg in einer Menschentraube findet man selten die innere Ruhe.<\/p>\n\n\n<div class=\"wp-block-image\">\n<figure class=\"aligncenter size-large\"><a href=\"https:\/\/www.bergfreunde.de\/blog\/wp-content\/uploads\/2024\/01\/Wandern-gesund_gluecklich_original-1500x1000.jpg\"><img decoding=\"async\" width=\"1500\" height=\"1000\" src=\"https:\/\/www.bergfreunde.de\/blog\/wp-content\/uploads\/2024\/01\/Wandern-gesund_gluecklich_original-1500x1000.jpg\" alt=\"Wandern ist gesund f\u00fcr die Psyche\" class=\"wp-image-107977\" srcset=\"https:\/\/www.berg-freunde.at\/blog\/wp-content\/uploads\/2024\/01\/Wandern-gesund_gluecklich_original-1500x1000.jpg 1500w, https:\/\/www.berg-freunde.at\/blog\/wp-content\/uploads\/2024\/01\/Wandern-gesund_gluecklich_original-300x200.jpg 300w, https:\/\/www.berg-freunde.at\/blog\/wp-content\/uploads\/2024\/01\/Wandern-gesund_gluecklich_original-768x512.jpg 768w, https:\/\/www.berg-freunde.at\/blog\/wp-content\/uploads\/2024\/01\/Wandern-gesund_gluecklich_original-1536x1024.jpg 1536w, https:\/\/www.berg-freunde.at\/blog\/wp-content\/uploads\/2024\/01\/Wandern-gesund_gluecklich_original.jpg 1920w\" sizes=\"(max-width: 1500px) 100vw, 1500px\" \/><\/a><figcaption class=\"wp-element-caption\">Wandern ist gut f\u00fcr die Psyche<\/figcaption><\/figure>\n<\/div>\n\n\n<p>Frische Luft und Bewegung sorgen au\u00dferdem f\u00fcr nat\u00fcrliche M\u00fcdigkeit am Abend und f\u00f6rdern gesunden Schlaf. Der Kopf wird frei, der K\u00f6rper powert sich aus, und Dein Stresslevel sinkt, was einer ruhigen Nacht sehr zutr\u00e4glich ist. Und wer nachts zur Ruhe kommt, ist am Tag ausgeruht, leistungsf\u00e4hig und den Anforderungen des Alltags gewachsen.<\/p>\n\n\n\n<p>Da Wandern ausschlie\u00dflich unter freiem Himmel stattfindet, ist damit in der Regel ein<strong> intensives Naturerlebnis<\/strong> verbunden. Wer sich f\u00fcr die Sch\u00f6nheit der Natur begeistern kann, kommt beim Wandern garantiert auf seine Kosten. Von reizvollen Landschaften, sch\u00f6nen Aussichten und atemberaubenden Panoramen k\u00f6nnen wir meist lange zehren. Sie sind Balsam f\u00fcr die Seele und k\u00f6nnen auch im Alltag immer wieder \u201eabgerufen\u201c werden.<\/p>\n\n\n\n<p>Wandern gehen wir oft nicht alleine, sondern mit Freunden, Familie oder in der Gruppe. Durch das vorwiegend <strong>gem\u00e4\u00dfigte Tempo sind Gespr\u00e4che und pers\u00f6nlicher Austausch problemlos m\u00f6glich<\/strong>. Das f\u00f6rdert die soziale Interaktion und erm\u00f6glicht eine Kommunikation von Angesicht zu Angesicht. Nicht zuletzt schwei\u00dfen gemeinsame Erlebnisse und das ein oder andere kleinere Abenteuer zusammen. Bestehende Freundschaften werden vertieft, oder neue gekn\u00fcpft.<\/p>\n\n\n\n<p>Durch alle oben genannten Facetten <strong>wirkt Wandern obendrein antidepressiv und hilft gegen Antriebslosigkeit<\/strong>. Mittlerweile gibt es sogar psychotherapeutische Konzepte, die Wandern und Bergsteigen in eine Therapie integrieren und sich deren positive Effekte zunutze machen.<\/p>\n\n\n\n<h2 class=\"wp-block-heading\" id=\"h-ist-wandern-gut-zum-abnehmen\"><strong>Ist Wandern gut zum Abnehmen?<\/strong><\/h2>\n\n\n\n<p><strong>Durch die k\u00f6rperliche Aktivit\u00e4t beim Wandern verbrauchst Du Kalorien<\/strong>, soviel steht fest. Wie viele Kalorien bei einer Wanderung verbraucht werden, h\u00e4ngt jedoch von verschiedenen Faktoren ab und l\u00e4sst sich pauschal nicht beziffern.<\/p>\n\n\n\n<p>Eine Rolle spielen K\u00f6rpergr\u00f6\u00dfe und -gewicht, sowie Dein Alter und Geschlecht. Auch die Gehgeschwindigkeit und das Gel\u00e4nde beeinflussen den <a href=\"https:\/\/www.berg-freunde.at\/kalorienverbrauch-sport-rechner\/\">Kalorienverbrauch<\/a>. Wer schnell geht und viele H\u00f6henmeter \u00fcberwindet, verbraucht mehr Energie als jemand, der langsam in flachem Terrain unterwegs ist. Nicht zuletzt h\u00e4ngt Dein Umsatz nat\u00fcrlich von der Wanderdauer und Deiner pers\u00f6nlichen Veranlagung ab.<\/p>\n\n\n\n<p>Wer sich \u00fcber den Kalorienverbrauch bei verschiedenen Sportarten informieren m\u00f6chte, kann den Bergfreunde <a href=\"https:\/\/www.bergfreunde.de\/kalorienverbrauch-sport-rechner\/\">Kalorienverbrauch Rechner<\/a> verwenden.<\/p>\n\n\n<div class=\"wp-block-image\">\n<figure class=\"alignleft size-large is-resized\"><a href=\"https:\/\/www.bergfreunde.de\/blog\/wp-content\/uploads\/2024\/01\/Wandern-gesund_Abnehmen_original-1500x1000.jpg\"><img loading=\"lazy\" decoding=\"async\" width=\"1500\" height=\"1000\" src=\"https:\/\/www.bergfreunde.de\/blog\/wp-content\/uploads\/2024\/01\/Wandern-gesund_Abnehmen_original-1500x1000.jpg\" alt=\"Wandern kann auch beim Abnehmen helfen\" class=\"wp-image-107983\" style=\"width:350px;height:auto\" srcset=\"https:\/\/www.berg-freunde.at\/blog\/wp-content\/uploads\/2024\/01\/Wandern-gesund_Abnehmen_original-1500x1000.jpg 1500w, https:\/\/www.berg-freunde.at\/blog\/wp-content\/uploads\/2024\/01\/Wandern-gesund_Abnehmen_original-300x200.jpg 300w, https:\/\/www.berg-freunde.at\/blog\/wp-content\/uploads\/2024\/01\/Wandern-gesund_Abnehmen_original-768x512.jpg 768w, https:\/\/www.berg-freunde.at\/blog\/wp-content\/uploads\/2024\/01\/Wandern-gesund_Abnehmen_original-1536x1024.jpg 1536w, https:\/\/www.berg-freunde.at\/blog\/wp-content\/uploads\/2024\/01\/Wandern-gesund_Abnehmen_original.jpg 1920w\" sizes=\"(max-width: 1500px) 100vw, 1500px\" \/><\/a><figcaption class=\"wp-element-caption\">Wandern kann auch beim Abnehmen helfen<\/figcaption><\/figure>\n<\/div>\n\n\n<p>Ob Du beim Wandern abnimmst, h\u00e4ngt au\u00dferdem entscheidend davon ab, was Du unterwegs und bei einer eventuellen Einkehr zu Dir nimmst. Wenn Du abnehmen m\u00f6chtest, ist es wichtig, dass Du dem K\u00f6rper weniger Kalorien zuf\u00fchrst, als Du verbrauchst. Du sorgst also f\u00fcr eine negative Energiebilanz. Trotzdem ist in jedem Fall auf eine <strong>ausgewogene Ern\u00e4hrung und eine ausreichende Kalorienzufuhr zu achten<\/strong>. Denn nichts ist unangenehmer als sich mit einem \u201eHungerast\u201c noch kilometerweit nach Hause schleppen zu m\u00fcssen.<\/p>\n\n\n\n<p><a href=\"https:\/\/www.berg-freunde.at\/blog\/die-richtige-ernaehrung-beim-wandern-und-bergsteigen\/\">Ern\u00e4hrungstipps f\u00fcr Wanderungen<\/a> haben wir Euch in einem anderen Artikel zusammengestellt.<\/p>\n\n\n\n<h2 class=\"wp-block-heading\" id=\"h-was-du-fur-ein-erfolgreiches-wandererlebnis-brauchst\"><strong>Was Du f\u00fcr ein erfolgreiches Wandererlebnis brauchst<\/strong><\/h2>\n\n\n\n<p>Damit Deine n\u00e4chste Wanderung zu einer guten Erfahrung wird, gibt es ein paar Dinge zu beachten.<\/p>\n\n\n\n<p>Das A und O sind eine angemessene Ausr\u00fcstung und festes, bequemes Schuhwerk. Informationen zu Kleidung, Rucksack und Notfall-Equipment findest Du in <a href=\"https:\/\/www.berg-freunde.at\/blog\/packliste-wandern-tagestour\/\">unserer Packliste f\u00fcr Wanderungen und Tagestouren<\/a>.<\/p>\n\n\n\n<p>F\u00fcr den Ernstfall ist es sehr sinnvoll, im Vorfeld jemanden \u00fcber Deine geplante Route zu informieren. Das gibt Dir Sicherheit und sorgt daf\u00fcr, dass Du im Fall der F\u00e4lle schneller gefunden werden kannst.<\/p>\n\n\n\n<p><strong>Gel\u00e4nde und Route sollten so gew\u00e4hlt sein, dass sie Deinem K\u00f6nnen und Deiner k\u00f6rperlichen Verfassung entsprechen<\/strong>. Lieber klein anfangen und allm\u00e4hlich steigern, als auf einer anspruchsvollen Tour steckenzubleiben und nicht mehr ein noch aus zu wissen.<\/p>\n\n\n\n<p>Um nicht in Stress zu geraten und Ersch\u00f6pfungszust\u00e4nden vorzubeugen, empfiehlt es sich, <strong>ausreichend Zeit f\u00fcr eine Tour einzuplanen<\/strong>. Pausen sind wichtig und es sollte immer Zeit sein f\u00fcr ein sch\u00f6nes Foto, oder um die Aussicht zu genie\u00dfen.<\/p>\n\n\n\n<p>Um in den Genuss eines sch\u00f6nen Naturerlebnisses zu kommen, sollte Dein Handy in der Tasche bleiben und nur im Notfall oder f\u00fcr ein Foto zum Einsatz kommen. Wer st\u00e4ndig aufs Smartphone starrt, ist abgelenkt, was die positiven Effekte auf die Seele zunichtemacht und, je nach Gel\u00e4nde, schlimmstenfalls lebensgef\u00e4hrlich sein kann.<\/p>\n\n\n\n<p>Nicht zuletzt sorgt beim Wandern eine <strong>gewisse Regelm\u00e4\u00dfigkeit f\u00fcr Erfolgserlebnisse<\/strong>. Wenn Du \u00f6fter Wandern gehst, stellt sich ein Trainingseffekt ein und Du kannst Deinen Radius vergr\u00f6\u00dfern. Es m\u00fcssen nicht immer stundenlange Wanderungen sein. Kleinere Touren k\u00f6nnen in den Alltag integriert werden, und sogar kurze Spazierg\u00e4nge k\u00f6nnen viel bewirken. Oder einfach mal eine allt\u00e4gliche Strecke zu Fu\u00df zur\u00fccklegen, statt mit dem Auto zu fahren.<\/p>\n\n\n\n<p>Menschen mit gesundheitlichen Einschr\u00e4nkungen sollten vor ihrer ersten Wanderung einen Arzt konsultieren, um m\u00f6gliche Risiken abzuw\u00e4gen.<\/p>\n\n\n\n<p>Dann steht einem erfolgreichen Wandertag nichts mehr im Wege.<\/p>\n\n\n\n<h2 class=\"wp-block-heading\" id=\"h-fazit-ist-wandern-gesund\"><strong>Fazit<\/strong> &#8211; Ist wandern gesund?<\/h2>\n\n\n\n<p><strong>Wandern ist gesund<\/strong>, soviel steht fest.<\/p>\n\n\n\n<p>Das Tolle daran: die positiven Auswirkungen auf Deine Gesundheit passieren ganz nebenbei, w\u00e4hrend Du Dich von sch\u00f6ner Natur verw\u00f6hnen l\u00e4sst. Und bei allem Gerede um die Gesundheit macht Wandern vor allem eines: Spa\u00df!<\/p>\n\n\n\n<p>Also packe den Rucksack und mache Dich auf zu einem sch\u00f6nen Ziel in Deiner N\u00e4he, wo Du schon immer hinwolltest!<\/p>\n","protected":false},"excerpt":{"rendered":"<p>Zu Fu\u00df drau\u00dfen unterwegs zu sein, ist f\u00fcr uns Menschen die nat\u00fcrlichste und urspr\u00fcnglichste Art der Fortbewegung. Durch moderne Verkehrsmittel und Zeitmangel im Alltag werden jedoch selbst kurze Wege h\u00e4ufig nicht mehr aus eigener Kraft zur\u00fcckgelegt. Bewegungsmangel und gesundheitliche Probleme wie \u00dcbergewicht, Herz-Kreislauf-Erkrankungen oder Erkrankungen des Bewegungsapparates sind die Folgen. Um dem entgegenzutreten, wird Wandern [&hellip;]<\/p>\n","protected":false},"author":105,"featured_media":107996,"comment_status":"open","ping_status":"closed","sticky":false,"template":"","format":"standard","meta":{"_acf_changed":false,"footnotes":""},"categories":[283,301],"tags":[265],"post_folder":[],"class_list":["post-108002","post","type-post","status-publish","format-standard","has-post-thumbnail","hentry","category-praxiswissen","category-training-gesundheit","tag-wandern-trekking"],"acf":[],"yoast_head":"<!-- This site is optimized with the Yoast SEO Premium plugin v27.4 (Yoast SEO v27.4) - https:\/\/yoast.com\/product\/yoast-seo-premium-wordpress\/ -->\n<title>Wie gesund ist Wandern? | Bergfreunde<\/title>\n<meta name=\"description\" content=\"Ist wandern gesund? \u27a4 Welche gesundheitlichen Vorteile hat regelm\u00e4\u00dfige Bewegung? \u27a4 Was bringt Wandern f\u00fcr die Psyche?\" \/>\n<meta name=\"robots\" content=\"index, follow, max-snippet:-1, max-image-preview:large, max-video-preview:-1\" \/>\n<link rel=\"canonical\" href=\"https:\/\/www.berg-freunde.at\/blog\/wie-gesund-ist-wandern\/\" \/>\n<meta property=\"og:locale\" content=\"de_DE\" \/>\n<meta property=\"og:type\" content=\"article\" \/>\n<meta property=\"og:title\" content=\"Wie gesund ist Wandern?\" \/>\n<meta property=\"og:description\" content=\"Ist wandern gesund? \u27a4 Welche gesundheitlichen Vorteile hat regelm\u00e4\u00dfige Bewegung? \u27a4 Was bringt Wandern f\u00fcr die Psyche?\" \/>\n<meta property=\"og:url\" content=\"https:\/\/www.berg-freunde.at\/blog\/wie-gesund-ist-wandern\/\" \/>\n<meta property=\"og:site_name\" content=\"Bergfreunde\" \/>\n<meta property=\"article:publisher\" content=\"https:\/\/www.facebook.com\/bergfreunde\" \/>\n<meta property=\"article:published_time\" content=\"2024-03-01T09:00:00+00:00\" \/>\n<meta property=\"article:modified_time\" content=\"2026-04-27T08:31:36+00:00\" \/>\n<meta property=\"og:image\" content=\"https:\/\/www.berg-freunde.at\/blog\/wp-content\/uploads\/2024\/01\/01032024_Wandern-gesund_Titel.png\" \/>\n\t<meta property=\"og:image:width\" content=\"1440\" \/>\n\t<meta property=\"og:image:height\" content=\"590\" \/>\n\t<meta property=\"og:image:type\" content=\"image\/png\" \/>\n<meta name=\"author\" content=\"Janika\" \/>\n<meta name=\"twitter:card\" content=\"summary_large_image\" \/>\n<meta name=\"twitter:label1\" content=\"Verfasst von\" \/>\n\t<meta name=\"twitter:data1\" content=\"Janika\" \/>\n\t<meta name=\"twitter:label2\" content=\"Gesch\u00e4tzte Lesezeit\" \/>\n\t<meta name=\"twitter:data2\" content=\"10 Minuten\" \/>\n<script type=\"application\/ld+json\" class=\"yoast-schema-graph\">{\"@context\":\"https:\\\/\\\/schema.org\",\"@graph\":[{\"@type\":[\"Article\",\"BlogPosting\"],\"@id\":\"https:\\\/\\\/www.berg-freunde.at\\\/blog\\\/wie-gesund-ist-wandern\\\/#article\",\"isPartOf\":{\"@id\":\"https:\\\/\\\/www.berg-freunde.at\\\/blog\\\/wie-gesund-ist-wandern\\\/\"},\"author\":{\"name\":\"Janika\",\"@id\":\"https:\\\/\\\/www.berg-freunde.at\\\/blog\\\/#\\\/schema\\\/person\\\/df2a8e427af33ff049b55d9efdada291\"},\"headline\":\"Wie gesund ist Wandern?\",\"datePublished\":\"2024-03-01T09:00:00+00:00\",\"dateModified\":\"2026-04-27T08:31:36+00:00\",\"mainEntityOfPage\":{\"@id\":\"https:\\\/\\\/www.berg-freunde.at\\\/blog\\\/wie-gesund-ist-wandern\\\/\"},\"wordCount\":1932,\"commentCount\":0,\"publisher\":{\"@id\":\"https:\\\/\\\/www.berg-freunde.at\\\/blog\\\/#organization\"},\"image\":{\"@id\":\"https:\\\/\\\/www.berg-freunde.at\\\/blog\\\/wie-gesund-ist-wandern\\\/#primaryimage\"},\"thumbnailUrl\":\"https:\\\/\\\/www.berg-freunde.at\\\/blog\\\/wp-content\\\/uploads\\\/2024\\\/01\\\/01032024_Wandern-gesund_Titel.png\",\"keywords\":[\"Wandern &amp; Trekking\"],\"articleSection\":[\"Praxiswissen\",\"Training &amp; Gesundheit\"],\"inLanguage\":\"de-AT\",\"potentialAction\":[{\"@type\":\"CommentAction\",\"name\":\"Comment\",\"target\":[\"https:\\\/\\\/www.berg-freunde.at\\\/blog\\\/wie-gesund-ist-wandern\\\/#respond\"]}]},{\"@type\":\"WebPage\",\"@id\":\"https:\\\/\\\/www.berg-freunde.at\\\/blog\\\/wie-gesund-ist-wandern\\\/\",\"url\":\"https:\\\/\\\/www.berg-freunde.at\\\/blog\\\/wie-gesund-ist-wandern\\\/\",\"name\":\"Wie gesund ist Wandern? | Bergfreunde\",\"isPartOf\":{\"@id\":\"https:\\\/\\\/www.berg-freunde.at\\\/blog\\\/#website\"},\"primaryImageOfPage\":{\"@id\":\"https:\\\/\\\/www.berg-freunde.at\\\/blog\\\/wie-gesund-ist-wandern\\\/#primaryimage\"},\"image\":{\"@id\":\"https:\\\/\\\/www.berg-freunde.at\\\/blog\\\/wie-gesund-ist-wandern\\\/#primaryimage\"},\"thumbnailUrl\":\"https:\\\/\\\/www.berg-freunde.at\\\/blog\\\/wp-content\\\/uploads\\\/2024\\\/01\\\/01032024_Wandern-gesund_Titel.png\",\"datePublished\":\"2024-03-01T09:00:00+00:00\",\"dateModified\":\"2026-04-27T08:31:36+00:00\",\"description\":\"Ist wandern gesund? \u27a4 Welche gesundheitlichen Vorteile hat regelm\u00e4\u00dfige Bewegung? \u27a4 Was bringt Wandern f\u00fcr die Psyche?\",\"breadcrumb\":{\"@id\":\"https:\\\/\\\/www.berg-freunde.at\\\/blog\\\/wie-gesund-ist-wandern\\\/#breadcrumb\"},\"inLanguage\":\"de-AT\",\"potentialAction\":[{\"@type\":\"ReadAction\",\"target\":[\"https:\\\/\\\/www.berg-freunde.at\\\/blog\\\/wie-gesund-ist-wandern\\\/\"]}]},{\"@type\":\"ImageObject\",\"inLanguage\":\"de-AT\",\"@id\":\"https:\\\/\\\/www.berg-freunde.at\\\/blog\\\/wie-gesund-ist-wandern\\\/#primaryimage\",\"url\":\"https:\\\/\\\/www.berg-freunde.at\\\/blog\\\/wp-content\\\/uploads\\\/2024\\\/01\\\/01032024_Wandern-gesund_Titel.png\",\"contentUrl\":\"https:\\\/\\\/www.berg-freunde.at\\\/blog\\\/wp-content\\\/uploads\\\/2024\\\/01\\\/01032024_Wandern-gesund_Titel.png\",\"width\":1440,\"height\":590},{\"@type\":\"BreadcrumbList\",\"@id\":\"https:\\\/\\\/www.berg-freunde.at\\\/blog\\\/wie-gesund-ist-wandern\\\/#breadcrumb\",\"itemListElement\":[{\"@type\":\"ListItem\",\"position\":1,\"name\":\"Blog\",\"item\":\"https:\\\/\\\/www.berg-freunde.at\\\/blog\\\/\"},{\"@type\":\"ListItem\",\"position\":2,\"name\":\"Know-How\",\"item\":\"https:\\\/\\\/www.berg-freunde.at\\\/blog\\\/category\\\/know-how\\\/\"},{\"@type\":\"ListItem\",\"position\":3,\"name\":\"Praxiswissen\",\"item\":\"https:\\\/\\\/www.berg-freunde.at\\\/blog\\\/category\\\/know-how\\\/praxiswissen\\\/\"},{\"@type\":\"ListItem\",\"position\":4,\"name\":\"Wie gesund ist Wandern?\"}]},{\"@type\":\"WebSite\",\"@id\":\"https:\\\/\\\/www.berg-freunde.at\\\/blog\\\/#website\",\"url\":\"https:\\\/\\\/www.berg-freunde.at\\\/blog\\\/\",\"name\":\"Bergfreunde\",\"description\":\"Blog\",\"publisher\":{\"@id\":\"https:\\\/\\\/www.berg-freunde.at\\\/blog\\\/#organization\"},\"potentialAction\":[{\"@type\":\"SearchAction\",\"target\":{\"@type\":\"EntryPoint\",\"urlTemplate\":\"https:\\\/\\\/www.berg-freunde.at\\\/blog\\\/?s={search_term_string}\"},\"query-input\":{\"@type\":\"PropertyValueSpecification\",\"valueRequired\":true,\"valueName\":\"search_term_string\"}}],\"inLanguage\":\"de-AT\"},{\"@type\":\"Organization\",\"@id\":\"https:\\\/\\\/www.berg-freunde.at\\\/blog\\\/#organization\",\"name\":\"Bergfreunde\",\"url\":\"https:\\\/\\\/www.berg-freunde.at\\\/blog\\\/\",\"logo\":{\"@type\":\"ImageObject\",\"inLanguage\":\"de-AT\",\"@id\":\"https:\\\/\\\/www.berg-freunde.at\\\/blog\\\/#\\\/schema\\\/logo\\\/image\\\/\",\"url\":\"https:\\\/\\\/www.berg-freunde.at\\\/blog\\\/wp-content\\\/uploads\\\/2023\\\/12\\\/Bergfreunde_DE_rgb.svg\",\"contentUrl\":\"https:\\\/\\\/www.berg-freunde.at\\\/blog\\\/wp-content\\\/uploads\\\/2023\\\/12\\\/Bergfreunde_DE_rgb.svg\",\"caption\":\"Bergfreunde\"},\"image\":{\"@id\":\"https:\\\/\\\/www.berg-freunde.at\\\/blog\\\/#\\\/schema\\\/logo\\\/image\\\/\"},\"sameAs\":[\"https:\\\/\\\/www.facebook.com\\\/bergfreunde\",\"https:\\\/\\\/www.instagram.com\\\/bergfreundede\\\/\"]},{\"@type\":\"Person\",\"@id\":\"https:\\\/\\\/www.berg-freunde.at\\\/blog\\\/#\\\/schema\\\/person\\\/df2a8e427af33ff049b55d9efdada291\",\"name\":\"Janika\",\"url\":\"https:\\\/\\\/www.berg-freunde.at\\\/blog\\\/about\\\/janika-witthoeft\\\/\"}]}<\/script>\n<!-- \/ Yoast SEO Premium plugin. -->","yoast_head_json":{"title":"Wie gesund ist Wandern? | Bergfreunde","description":"Ist wandern gesund? \u27a4 Welche gesundheitlichen Vorteile hat regelm\u00e4\u00dfige Bewegung? \u27a4 Was bringt Wandern f\u00fcr die Psyche?","robots":{"index":"index","follow":"follow","max-snippet":"max-snippet:-1","max-image-preview":"max-image-preview:large","max-video-preview":"max-video-preview:-1"},"canonical":"https:\/\/www.berg-freunde.at\/blog\/wie-gesund-ist-wandern\/","og_locale":"de_DE","og_type":"article","og_title":"Wie gesund ist Wandern?","og_description":"Ist wandern gesund? \u27a4 Welche gesundheitlichen Vorteile hat regelm\u00e4\u00dfige Bewegung? \u27a4 Was bringt Wandern f\u00fcr die Psyche?","og_url":"https:\/\/www.berg-freunde.at\/blog\/wie-gesund-ist-wandern\/","og_site_name":"Bergfreunde","article_publisher":"https:\/\/www.facebook.com\/bergfreunde","article_published_time":"2024-03-01T09:00:00+00:00","article_modified_time":"2026-04-27T08:31:36+00:00","og_image":[{"width":1440,"height":590,"url":"https:\/\/www.berg-freunde.at\/blog\/wp-content\/uploads\/2024\/01\/01032024_Wandern-gesund_Titel.png","type":"image\/png"}],"author":"Janika","twitter_card":"summary_large_image","twitter_misc":{"Verfasst von":"Janika","Gesch\u00e4tzte Lesezeit":"10 Minuten"},"schema":{"@context":"https:\/\/schema.org","@graph":[{"@type":["Article","BlogPosting"],"@id":"https:\/\/www.berg-freunde.at\/blog\/wie-gesund-ist-wandern\/#article","isPartOf":{"@id":"https:\/\/www.berg-freunde.at\/blog\/wie-gesund-ist-wandern\/"},"author":{"name":"Janika","@id":"https:\/\/www.berg-freunde.at\/blog\/#\/schema\/person\/df2a8e427af33ff049b55d9efdada291"},"headline":"Wie gesund ist Wandern?","datePublished":"2024-03-01T09:00:00+00:00","dateModified":"2026-04-27T08:31:36+00:00","mainEntityOfPage":{"@id":"https:\/\/www.berg-freunde.at\/blog\/wie-gesund-ist-wandern\/"},"wordCount":1932,"commentCount":0,"publisher":{"@id":"https:\/\/www.berg-freunde.at\/blog\/#organization"},"image":{"@id":"https:\/\/www.berg-freunde.at\/blog\/wie-gesund-ist-wandern\/#primaryimage"},"thumbnailUrl":"https:\/\/www.berg-freunde.at\/blog\/wp-content\/uploads\/2024\/01\/01032024_Wandern-gesund_Titel.png","keywords":["Wandern &amp; Trekking"],"articleSection":["Praxiswissen","Training &amp; Gesundheit"],"inLanguage":"de-AT","potentialAction":[{"@type":"CommentAction","name":"Comment","target":["https:\/\/www.berg-freunde.at\/blog\/wie-gesund-ist-wandern\/#respond"]}]},{"@type":"WebPage","@id":"https:\/\/www.berg-freunde.at\/blog\/wie-gesund-ist-wandern\/","url":"https:\/\/www.berg-freunde.at\/blog\/wie-gesund-ist-wandern\/","name":"Wie gesund ist Wandern? | Bergfreunde","isPartOf":{"@id":"https:\/\/www.berg-freunde.at\/blog\/#website"},"primaryImageOfPage":{"@id":"https:\/\/www.berg-freunde.at\/blog\/wie-gesund-ist-wandern\/#primaryimage"},"image":{"@id":"https:\/\/www.berg-freunde.at\/blog\/wie-gesund-ist-wandern\/#primaryimage"},"thumbnailUrl":"https:\/\/www.berg-freunde.at\/blog\/wp-content\/uploads\/2024\/01\/01032024_Wandern-gesund_Titel.png","datePublished":"2024-03-01T09:00:00+00:00","dateModified":"2026-04-27T08:31:36+00:00","description":"Ist wandern gesund? \u27a4 Welche gesundheitlichen Vorteile hat regelm\u00e4\u00dfige Bewegung? \u27a4 Was bringt Wandern f\u00fcr die Psyche?","breadcrumb":{"@id":"https:\/\/www.berg-freunde.at\/blog\/wie-gesund-ist-wandern\/#breadcrumb"},"inLanguage":"de-AT","potentialAction":[{"@type":"ReadAction","target":["https:\/\/www.berg-freunde.at\/blog\/wie-gesund-ist-wandern\/"]}]},{"@type":"ImageObject","inLanguage":"de-AT","@id":"https:\/\/www.berg-freunde.at\/blog\/wie-gesund-ist-wandern\/#primaryimage","url":"https:\/\/www.berg-freunde.at\/blog\/wp-content\/uploads\/2024\/01\/01032024_Wandern-gesund_Titel.png","contentUrl":"https:\/\/www.berg-freunde.at\/blog\/wp-content\/uploads\/2024\/01\/01032024_Wandern-gesund_Titel.png","width":1440,"height":590},{"@type":"BreadcrumbList","@id":"https:\/\/www.berg-freunde.at\/blog\/wie-gesund-ist-wandern\/#breadcrumb","itemListElement":[{"@type":"ListItem","position":1,"name":"Blog","item":"https:\/\/www.berg-freunde.at\/blog\/"},{"@type":"ListItem","position":2,"name":"Know-How","item":"https:\/\/www.berg-freunde.at\/blog\/category\/know-how\/"},{"@type":"ListItem","position":3,"name":"Praxiswissen","item":"https:\/\/www.berg-freunde.at\/blog\/category\/know-how\/praxiswissen\/"},{"@type":"ListItem","position":4,"name":"Wie gesund ist Wandern?"}]},{"@type":"WebSite","@id":"https:\/\/www.berg-freunde.at\/blog\/#website","url":"https:\/\/www.berg-freunde.at\/blog\/","name":"Bergfreunde","description":"Blog","publisher":{"@id":"https:\/\/www.berg-freunde.at\/blog\/#organization"},"potentialAction":[{"@type":"SearchAction","target":{"@type":"EntryPoint","urlTemplate":"https:\/\/www.berg-freunde.at\/blog\/?s={search_term_string}"},"query-input":{"@type":"PropertyValueSpecification","valueRequired":true,"valueName":"search_term_string"}}],"inLanguage":"de-AT"},{"@type":"Organization","@id":"https:\/\/www.berg-freunde.at\/blog\/#organization","name":"Bergfreunde","url":"https:\/\/www.berg-freunde.at\/blog\/","logo":{"@type":"ImageObject","inLanguage":"de-AT","@id":"https:\/\/www.berg-freunde.at\/blog\/#\/schema\/logo\/image\/","url":"https:\/\/www.berg-freunde.at\/blog\/wp-content\/uploads\/2023\/12\/Bergfreunde_DE_rgb.svg","contentUrl":"https:\/\/www.berg-freunde.at\/blog\/wp-content\/uploads\/2023\/12\/Bergfreunde_DE_rgb.svg","caption":"Bergfreunde"},"image":{"@id":"https:\/\/www.berg-freunde.at\/blog\/#\/schema\/logo\/image\/"},"sameAs":["https:\/\/www.facebook.com\/bergfreunde","https:\/\/www.instagram.com\/bergfreundede\/"]},{"@type":"Person","@id":"https:\/\/www.berg-freunde.at\/blog\/#\/schema\/person\/df2a8e427af33ff049b55d9efdada291","name":"Janika","url":"https:\/\/www.berg-freunde.at\/blog\/about\/janika-witthoeft\/"}]}},"_links":{"self":[{"href":"https:\/\/www.berg-freunde.at\/blog\/wp-json\/wp\/v2\/posts\/108002","targetHints":{"allow":["GET"]}}],"collection":[{"href":"https:\/\/www.berg-freunde.at\/blog\/wp-json\/wp\/v2\/posts"}],"about":[{"href":"https:\/\/www.berg-freunde.at\/blog\/wp-json\/wp\/v2\/types\/post"}],"author":[{"embeddable":true,"href":"https:\/\/www.berg-freunde.at\/blog\/wp-json\/wp\/v2\/users\/105"}],"replies":[{"embeddable":true,"href":"https:\/\/www.berg-freunde.at\/blog\/wp-json\/wp\/v2\/comments?post=108002"}],"version-history":[{"count":5,"href":"https:\/\/www.berg-freunde.at\/blog\/wp-json\/wp\/v2\/posts\/108002\/revisions"}],"predecessor-version":[{"id":132840,"href":"https:\/\/www.berg-freunde.at\/blog\/wp-json\/wp\/v2\/posts\/108002\/revisions\/132840"}],"wp:featuredmedia":[{"embeddable":true,"href":"https:\/\/www.berg-freunde.at\/blog\/wp-json\/wp\/v2\/media\/107996"}],"wp:attachment":[{"href":"https:\/\/www.berg-freunde.at\/blog\/wp-json\/wp\/v2\/media?parent=108002"}],"wp:term":[{"taxonomy":"category","embeddable":true,"href":"https:\/\/www.berg-freunde.at\/blog\/wp-json\/wp\/v2\/categories?post=108002"},{"taxonomy":"post_tag","embeddable":true,"href":"https:\/\/www.berg-freunde.at\/blog\/wp-json\/wp\/v2\/tags?post=108002"},{"taxonomy":"post_folder","embeddable":true,"href":"https:\/\/www.berg-freunde.at\/blog\/wp-json\/wp\/v2\/post_folder?post=108002"}],"curies":[{"name":"wp","href":"https:\/\/api.w.org\/{rel}","templated":true}]}}