{"id":107242,"date":"2024-01-16T10:00:00","date_gmt":"2024-01-16T09:00:00","guid":{"rendered":"https:\/\/www.bergfreunde.de\/blog\/?p=107242"},"modified":"2026-04-28T08:28:25","modified_gmt":"2026-04-28T06:28:25","slug":"biwakieren-im-winter","status":"publish","type":"post","link":"https:\/\/www.berg-freunde.at\/blog\/biwakieren-im-winter\/","title":{"rendered":"Biwakieren im Winter"},"content":{"rendered":"\n<p>\u00dcbernachten im winterlichen Gebirge \u2013 ein gro\u00dfes Thema, das vom geplanten, ganz besonderen Naturerlebnis \u00fcber Notbiwaks bis zum Einrichten von Lagern in eisigen H\u00f6hen reicht. Und es ist auch kein reines Winterthema, denn je nach Region, H\u00f6henlage und Wettersituation ist man auch zu anderen Jahreszeiten mit entsprechenden Bedingungen konfrontiert. Der inoffizielle Titel dieses Beitrags lautet deshalb: \u201eN\u00e4chte in Schnee und Eis\u201c.<\/p>\n\n\n<div class=\"wp-block-image\">\n<figure class=\"alignright size-large is-resized\"><a href=\"https:\/\/www.bergfreunde.de\/blog\/wp-content\/uploads\/2024\/01\/01-Winterbiwak-in-einer-Hoehle-der-Wetterwand.-Foto-M.-Wohlleben-1500x1125.jpg\"><img fetchpriority=\"high\" decoding=\"async\" width=\"1500\" height=\"1125\" src=\"https:\/\/www.bergfreunde.de\/blog\/wp-content\/uploads\/2024\/01\/01-Winterbiwak-in-einer-Hoehle-der-Wetterwand.-Foto-M.-Wohlleben-1500x1125.jpg\" alt=\"Winterbiwak in einer H\u00f6hle der Wetterwand. Foto M. Wohlleben\" class=\"wp-image-107079\" style=\"width:349px;height:auto\" srcset=\"https:\/\/www.berg-freunde.at\/blog\/wp-content\/uploads\/2024\/01\/01-Winterbiwak-in-einer-Hoehle-der-Wetterwand.-Foto-M.-Wohlleben-1500x1125.jpg 1500w, https:\/\/www.berg-freunde.at\/blog\/wp-content\/uploads\/2024\/01\/01-Winterbiwak-in-einer-Hoehle-der-Wetterwand.-Foto-M.-Wohlleben-300x225.jpg 300w, https:\/\/www.berg-freunde.at\/blog\/wp-content\/uploads\/2024\/01\/01-Winterbiwak-in-einer-Hoehle-der-Wetterwand.-Foto-M.-Wohlleben-768x576.jpg 768w, https:\/\/www.berg-freunde.at\/blog\/wp-content\/uploads\/2024\/01\/01-Winterbiwak-in-einer-Hoehle-der-Wetterwand.-Foto-M.-Wohlleben-1536x1152.jpg 1536w, https:\/\/www.berg-freunde.at\/blog\/wp-content\/uploads\/2024\/01\/01-Winterbiwak-in-einer-Hoehle-der-Wetterwand.-Foto-M.-Wohlleben.jpg 1920w\" sizes=\"(max-width: 1500px) 100vw, 1500px\" \/><\/a><figcaption class=\"wp-element-caption\">Winterbiwak in einer H\u00f6hle der Wetterwand. Foto M. Wohlleben<\/figcaption><\/figure>\n<\/div>\n\n\n<p>Ich habe mir viele Gedanken zum Thema Winterbiwak gemacht: Wenn ich mein Zeug f\u00fcr eine Tour gepackt habe, wenn ich mir w\u00e4hrend langer, kalter Wintern\u00e4chte mehr oder weniger den Arsch abgefroren habe und nat\u00fcrlich auch jetzt wieder, beim Schreiben dieses Artikels. Auch nach mittlerweile 17 Jahren \u201eVollzeit-Bergsteigen\u201c t\u00fcftle ich immer noch an meiner Taktik und Ausr\u00fcstung f\u00fcr Winterbiwaks. Deshalb gleich vorweg: Der Artikel wird etwas l\u00e4nger und in seiner Ausrichtung eher alpin. Wobei ich ein paar Inhalte aus dem Bereich Alpinismus\/Expeditionen wieder herausgenommen habe \u2013 Material f\u00fcr einen weiteren Artikel.<\/p>\n\n\n\n<h2 class=\"wp-block-heading\" id=\"h-grenzen-wir-das-ganze-etwas-ein\"><strong>Grenzen wir das Ganze etwas ein<\/strong><\/h2>\n\n\n\n<p>In diesem Beitrag geht es um die technischen Aspekte des Biwakierens und Zeltens in Schnee und Eis. Je nachdem, wo wir unterwegs sind, k\u00f6nnen \u00f6kologische und juristische Aspekte genauso wichtig sein oder sogar an erster Stelle stehen. Ich folge hier dem Grundsatz \u201eSchuster, bleib bei deinem Leisten\u201c und klammere diese Punkte aus. Beim Schreiben hatte ich prim\u00e4r das Szenario eines geplanten Biwaks vor Augen, weniger das Notbiwak. Viele Informationen, Tipps und Tricks dieses Artikels k\u00f6nnen aber auch in einer Notsituation hilfreich sein.<\/p>\n\n\n\n<h2 class=\"wp-block-heading\" id=\"h-biwakieren-im-alpinistischen-sinne\">Biwakieren im alpinistischen Sinne<\/h2>\n\n\n<div class=\"wp-block-image\">\n<figure class=\"alignleft size-large is-resized\"><a href=\"https:\/\/www.bergfreunde.de\/blog\/wp-content\/uploads\/2024\/01\/02-Ein-Biwak-im-klassischen-Sinne-hier-am-Leschaux-Gletscher.-Foto-F.-Miller-1500x1125.jpg\"><img decoding=\"async\" width=\"1500\" height=\"1125\" src=\"https:\/\/www.bergfreunde.de\/blog\/wp-content\/uploads\/2024\/01\/02-Ein-Biwak-im-klassischen-Sinne-hier-am-Leschaux-Gletscher.-Foto-F.-Miller-1500x1125.jpg\" alt=\"Ein Biwak im klassischen Sinne, hier am Leschaux Gletscher. Foto F. Miller\" class=\"wp-image-107085\" style=\"width:349px;height:auto\" srcset=\"https:\/\/www.berg-freunde.at\/blog\/wp-content\/uploads\/2024\/01\/02-Ein-Biwak-im-klassischen-Sinne-hier-am-Leschaux-Gletscher.-Foto-F.-Miller-1500x1125.jpg 1500w, https:\/\/www.berg-freunde.at\/blog\/wp-content\/uploads\/2024\/01\/02-Ein-Biwak-im-klassischen-Sinne-hier-am-Leschaux-Gletscher.-Foto-F.-Miller-300x225.jpg 300w, https:\/\/www.berg-freunde.at\/blog\/wp-content\/uploads\/2024\/01\/02-Ein-Biwak-im-klassischen-Sinne-hier-am-Leschaux-Gletscher.-Foto-F.-Miller-768x576.jpg 768w, https:\/\/www.berg-freunde.at\/blog\/wp-content\/uploads\/2024\/01\/02-Ein-Biwak-im-klassischen-Sinne-hier-am-Leschaux-Gletscher.-Foto-F.-Miller-1536x1152.jpg 1536w, https:\/\/www.berg-freunde.at\/blog\/wp-content\/uploads\/2024\/01\/02-Ein-Biwak-im-klassischen-Sinne-hier-am-Leschaux-Gletscher.-Foto-F.-Miller.jpg 1920w\" sizes=\"(max-width: 1500px) 100vw, 1500px\" \/><\/a><figcaption class=\"wp-element-caption\">Ein Biwak im klassischen Sinne, hier am Leschaux Gletscher. Foto F. Miller<\/figcaption><\/figure>\n<\/div>\n\n\n<p>Mit Biwakieren ist in der Regel gemeint, die Nacht unter freiem Himmel zu verbringen \u2013 also ohne <a href=\"https:\/\/www.berg-freunde.at\/zelte\/\">Zelt<\/a>, m\u00f6glicherweise aber in einem <a href=\"https:\/\/www.berg-freunde.at\/biwaksaecke\/\">Biwaksack<\/a>. Die Grenzen sind unscharf, allein schon, weil es zwischen Biwaksack und Zelt keine klare Trennlinie gibt. Wird ein Biwaksack provisorisch als Zeltdach aufgespannt, spricht man beispielsweise vom Biwakieren. Wird in einer Wand ein Zelt oder ein Portaledge mit Zeltdach aufgebaut, handelt es sich um ein \u201eWandbiwak\u201c \u2013 die besondere Exposition scheint hier mit einzuflie\u00dfen. Und bei der Biwakschachtel handelt es sich ganz klar um eine H\u00fctte\u2026 Alles klar? Falls nicht, vollkommen egal, wir reiten hier ja nicht auf Begrifflichkeiten herum!<\/p>\n\n\n\n<h3 class=\"wp-block-heading\" id=\"h-geplant-ungeplant-kalkuliert\"><strong>Geplant, ungeplant, kalkuliert<\/strong><\/h3>\n\n\n\n<p>Wobei wir um ein paar Begriffe nicht herumkommen. Selbsterkl\u00e4rend: Das Notbiwak bzw. ungeplante Biwak (nicht exakt das gleiche) und das geplante Biwak. F\u00fcr mich gibt es aber auch noch etwas dazwischen, das man \u201ekalkuliertes Biwak\u201c nennen k\u00f6nnte. Also ein Biwak, das wir vermeiden wollen, f\u00fcr das wir aber soweit vorbereitet sind, dass es nicht zum Notbiwak wird. Ich finde diesen Ansatz interessant f\u00fcr lange Klettereien, deren Verlauf sich nicht so leicht vorhersehen l\u00e4sst. Oder auch f\u00fcr Touren, bei denen man auf eine m\u00f6glicherweise \u00fcberf\u00fcllte Biwakschachtel angewiesen ist und am Ende doch drau\u00dfen liegt.<\/p>\n\n\n\n<h2 class=\"wp-block-heading\" id=\"h-sicherheit-warme-bestmoglicher-komfort-die-drei-entscheidenden-punkte\">Sicherheit, W\u00e4rme, bestm\u00f6glicher Komfort \u2013 die drei entscheidenden Punkte<\/h2>\n\n\n\n<p>Gleich zu Beginn stelle ich euch mein Schema vor, nach dem ich meine Winterbiwaks bzw. meine Biwaks im Hochgebirge strukturiere.<\/p>\n\n\n\n<p><strong>An erster Stelle steht die Sicherheit.<\/strong> Es geht dabei um die Wahl eines Platzes, an dem wir m\u00f6glichst wenig alpinen Gefahren ausgesetzt sind.<\/p>\n\n\n\n<ul class=\"wp-block-list\">\n<li>M\u00f6glichen Eisschlag (Seracs!) und Steinschlag beachten.<\/li>\n\n\n\n<li>Bahnen von Spindrifts (lockere, luftige Schneerutsche in W\u00e4nden) beachten, denn diese k\u00f6nnen im Laufe einer Nacht zum ernsthaften Problem werden. Hinzu kommt: Wo Spindrifts abgehen, k\u00f6nnte man auch von einer Lawine erfasst werden.<\/li>\n\n\n\n<li>Auslaufbereich von Lawinen beachten. Anhaltspunkte k\u00f6nnen die Ablagerungen von bereits abgegangenen Lawinen sein und nat\u00fcrlich die Gr\u00f6\u00dfe einer Wand\/eines Hangs sowie die Steilheit des darunterliegenden Gel\u00e4ndes. Ggf. nat\u00fcrliche Schutzw\u00e4lle wie gro\u00dfe Felsbl\u00f6cke n\u00fctzen.<\/li>\n\n\n\n<li>An exponierten Stellen Gel\u00e4nderseil zur Absturzsicherung einrichten (ja, man schl\u00e4ft dann mit Klettergurt\u2026).<\/li>\n\n\n\n<li>Spaltensturzgefahr auf Gletschern beachten. Idealerweise sondiert man den Biwakplatz mit einer <a href=\"https:\/\/www.berg-freunde.at\/lawinensonden\/\">Lawinensonde<\/a>, um sicherzustellen, dass man nicht \u00fcber einer Gletscherspalte biwakiert.<\/li>\n\n\n\n<li><a href=\"https:\/\/www.bergfreunde.de\/zelte\/\">Zelte<\/a> nicht in Vertiefungen\/ausgegrabene L\u00f6cher stellen, denn diese k\u00f6nnten bei starkem Wind aufgef\u00fcllt werden (Schneeverfrachtung).<\/li>\n<\/ul>\n\n\n<div class=\"wp-block-image\">\n<figure class=\"alignright size-large is-resized\"><a href=\"https:\/\/www.bergfreunde.de\/blog\/wp-content\/uploads\/2024\/01\/03-Unter-einer-Eisstufe-geschuetzter-Lagerplatz.-Foto-F.-Miller-1500x1013.jpg\"><img decoding=\"async\" width=\"1500\" height=\"1013\" src=\"https:\/\/www.bergfreunde.de\/blog\/wp-content\/uploads\/2024\/01\/03-Unter-einer-Eisstufe-geschuetzter-Lagerplatz.-Foto-F.-Miller-1500x1013.jpg\" alt=\"Unter einer Eisstufe gesch\u00fctzter Lagerplatz. Foto F. Miller\" class=\"wp-image-107091\" style=\"width:350px;height:auto\" srcset=\"https:\/\/www.berg-freunde.at\/blog\/wp-content\/uploads\/2024\/01\/03-Unter-einer-Eisstufe-geschuetzter-Lagerplatz.-Foto-F.-Miller-1500x1013.jpg 1500w, https:\/\/www.berg-freunde.at\/blog\/wp-content\/uploads\/2024\/01\/03-Unter-einer-Eisstufe-geschuetzter-Lagerplatz.-Foto-F.-Miller-300x203.jpg 300w, https:\/\/www.berg-freunde.at\/blog\/wp-content\/uploads\/2024\/01\/03-Unter-einer-Eisstufe-geschuetzter-Lagerplatz.-Foto-F.-Miller-768x518.jpg 768w, https:\/\/www.berg-freunde.at\/blog\/wp-content\/uploads\/2024\/01\/03-Unter-einer-Eisstufe-geschuetzter-Lagerplatz.-Foto-F.-Miller-1536x1037.jpg 1536w, https:\/\/www.berg-freunde.at\/blog\/wp-content\/uploads\/2024\/01\/03-Unter-einer-Eisstufe-geschuetzter-Lagerplatz.-Foto-F.-Miller.jpg 1920w\" sizes=\"(max-width: 1500px) 100vw, 1500px\" \/><\/a><figcaption class=\"wp-element-caption\">Unter einer Eisstufe gesch\u00fctzter Lagerplatz. Foto F. Miller<\/figcaption><\/figure>\n<\/div>\n\n\n<p><strong>An zweiter Stelle steht die W\u00e4rme.<\/strong> Um warm zu bleiben, sollte man sich fr\u00fchzeitig mit den hier aufgez\u00e4hlten Aspekten besch\u00e4ftigen.<\/p>\n\n\n\n<ul class=\"wp-block-list\">\n<li>Sinnvolles Haushalten mit den eigenen Kr\u00e4ften.<\/li>\n\n\n\n<li>Auf Tour m\u00f6glichst trocken bleiben: klingt logisch, ist aber nicht ganz einfach. Bei langen \u201eW\u00fchlereien\u201c dringt Schnee selbst durch kleinste \u00d6ffnungen ein. Extreme klimatische Bedingung, wie man sie z. B. in den schottischen Highlands oder den Bergen Feuerlands vorfinden kann, zeigen auch der besten Ausr\u00fcstung Schw\u00e4chen auf. Der \u201eKlassiker\u201c ist aber, dass man nicht zweckm\u00e4\u00dfig angezogen ist und alles nassschwitzt.<\/li>\n\n\n\n<li>Schutz vor Wind und Niederschlag: ebenfalls logisch, entspricht auch unseren Urinstinkten. Im Gebirge kann ein gro\u00dfer Felsblock oder eine Schneeh\u00f6hle Schutz bieten, in tieferen Lagen auch der Wald. Und nat\u00fcrlich eine <a href=\"https:\/\/www.bergfreunde.de\/p\/rettungsdecken\/\">Rettungsdecke<\/a>, ein Biwaksack oder noch besser ein Zelt.<\/li>\n\n\n\n<li>Kaltluftseen meiden: In T\u00e4lern oder auch bei Bergseen sammelt sich oft kalte Luft, die aufgrund der Gel\u00e4ndebeschaffenheit nicht abflie\u00dfen kann. Ein St\u00fcck dar\u00fcber ist es dann viel w\u00e4rmer. Tritt eine solche Luftschichtung gro\u00dffl\u00e4chig auf, spricht man in der Meteorologie von einer Inversion oder Inversionswetterlage \u2013 ein typisches Ph\u00e4nomen im Sp\u00e4therbst und zu Beginn des Winters.<\/li>\n\n\n\n<li>Isolation zum Untergrund: Sollte keine oder keine ausreichend warme Matte zur Verf\u00fcgung stehen, hei\u00dft es kreativ werden! Oft hat man isolierende Ausr\u00fcstung dabei oder es l\u00e4sst sich irgendetwas finden \u2013 in einer Notsituation beispielsweise Zweige eines Nadelbaums.<\/li>\n\n\n\n<li>Die vorhandene Ausr\u00fcstung und Kleidung auch n\u00fctzen \u2013 und zwar rechtzeitig. Man z\u00f6gert oft zu lange, bis man seine warmen Sachen anzieht. Oder aber erweist sich die Kleidung im Ernstfall als ungeeignet. Zwei Beispiele: Eine \u00dcberhose kann im Unwetter nicht angezogen werden, weil sie sich seitlich nicht \u00f6ffnen l\u00e4sst. Warme Handschuhe k\u00f6nnen nicht mehr angezogen werden, weil die H\u00e4nde schon zu kalt sind.<\/li>\n\n\n\n<li>Durchblutung aufrechterhalten bzw. verbessern, beispielsweise durch Lockern der Schn\u00fcrung der <a href=\"https:\/\/www.berg-freunde.at\/bergschuhe\/\">Bergstiefel<\/a> und Bewegen der Zehen.<\/li>\n\n\n\n<li>W\u00e4rme erzeugen durch Bewegung \u2013 f\u00f6rdert au\u00dferdem die Durchblutung der Extremit\u00e4ten.<\/li>\n\n\n\n<li>W\u00e4rme von au\u00dfen zuf\u00fchren (warme Speisen und Getr\u00e4nke, improvisierte W\u00e4rmflasche (Nalgene-Flasche), gegenseitiges W\u00e4rmen, in trockenen Regionen evtl. auch Lagerfeuer, \u2026).<\/li>\n<\/ul>\n\n\n<div class=\"wp-block-image\">\n<figure class=\"alignright size-large is-resized\"><a href=\"https:\/\/www.bergfreunde.de\/blog\/wp-content\/uploads\/2024\/01\/04-Zu-viert-im-2-Personen-Zelt-immerhin-schoen-warm-Foto-K.-Schmidtner-1500x1125.jpg\"><img loading=\"lazy\" decoding=\"async\" width=\"1500\" height=\"1125\" src=\"https:\/\/www.bergfreunde.de\/blog\/wp-content\/uploads\/2024\/01\/04-Zu-viert-im-2-Personen-Zelt-immerhin-schoen-warm-Foto-K.-Schmidtner-1500x1125.jpg\" alt=\"Zu viert im 2-Personen-Zelt - immerhin sch\u00f6n warm! Foto K. Schmidtner\" class=\"wp-image-107097\" style=\"width:349px;height:auto\" srcset=\"https:\/\/www.berg-freunde.at\/blog\/wp-content\/uploads\/2024\/01\/04-Zu-viert-im-2-Personen-Zelt-immerhin-schoen-warm-Foto-K.-Schmidtner-1500x1125.jpg 1500w, https:\/\/www.berg-freunde.at\/blog\/wp-content\/uploads\/2024\/01\/04-Zu-viert-im-2-Personen-Zelt-immerhin-schoen-warm-Foto-K.-Schmidtner-300x225.jpg 300w, https:\/\/www.berg-freunde.at\/blog\/wp-content\/uploads\/2024\/01\/04-Zu-viert-im-2-Personen-Zelt-immerhin-schoen-warm-Foto-K.-Schmidtner-768x576.jpg 768w, https:\/\/www.berg-freunde.at\/blog\/wp-content\/uploads\/2024\/01\/04-Zu-viert-im-2-Personen-Zelt-immerhin-schoen-warm-Foto-K.-Schmidtner-1536x1152.jpg 1536w, https:\/\/www.berg-freunde.at\/blog\/wp-content\/uploads\/2024\/01\/04-Zu-viert-im-2-Personen-Zelt-immerhin-schoen-warm-Foto-K.-Schmidtner.jpg 1920w\" sizes=\"(max-width: 1500px) 100vw, 1500px\" \/><\/a><figcaption class=\"wp-element-caption\">Zu viert im 2-Personen-Zelt &#8211; immerhin sch\u00f6n warm! Foto K. Schmidtner<\/figcaption><\/figure>\n<\/div>\n\n\n<p><strong>An dritter Stelle steht der Komfort.<\/strong> Klar, wir d\u00fcrfen bei einem Winterbiwak nicht zu viel erwarten. Aber wir sollten uns bem\u00fchen, das Beste herauszuholen. Neben W\u00e4rme spielen weitere Faktoren eine Rolle:<\/p>\n\n\n\n<ul class=\"wp-block-list\">\n<li>Ein ebener und ausreichend gro\u00dfer Platz: Im Zweifelsfall lieber mehr Zeit f\u00fcr den Ausbau investieren. Wintern\u00e4chte sind lang, und so lange man eine Plattform in Eis hackt, bleibt man schon mal warm.<\/li>\n\n\n\n<li>Schlafpl\u00e4tze, wenn m\u00f6glich nah zusammen: So hat man ein paar Vorteile auf seiner Seite, z. B. kann man zusammen kochen und jeder hat Zugriff aufs gemeinsame Material.<\/li>\n\n\n\n<li>Gute Material-Organisation: Vor allem im absch\u00fcssigen Gel\u00e4nde und im Wind muss man gut aufpassen, dass nichts verloren geht. Eine selbst errichtete Schneemauer kann viel bringen. Im Klettergel\u00e4nde sollte alles an ein Gel\u00e4nderseil geklippt werden. Rollverschluss-Packs\u00e4cke helfen dar\u00fcber hinaus bei der Material-Organisation und halten die Ausr\u00fcstung trocken.<\/li>\n\n\n\n<li>Verpflegung: Kalte N\u00e4chte zehren. Entsprechend viel Verpflegung einkalkulieren. Und zwar solche, die mit dem Kocher zubereitet wird wie auch Lebensmittel, die ohne Zubereitung aufgenommen werden k\u00f6nnen.<\/li>\n<\/ul>\n\n\n<div class=\"wp-block-image\">\n<figure class=\"aligncenter size-large\"><a href=\"https:\/\/www.bergfreunde.de\/blog\/wp-content\/uploads\/2024\/01\/05-Komfortabel-eingerichtet-unterhalb-des-Grand-Capucin-Mont-Blanc-Gebiet.-Foto-F.-Miller-1500x1000.jpg\"><img loading=\"lazy\" decoding=\"async\" width=\"1500\" height=\"1000\" src=\"https:\/\/www.bergfreunde.de\/blog\/wp-content\/uploads\/2024\/01\/05-Komfortabel-eingerichtet-unterhalb-des-Grand-Capucin-Mont-Blanc-Gebiet.-Foto-F.-Miller-1500x1000.jpg\" alt=\"Komfortabel eingerichtet unterhalb des Grand Capucin, Mont Blanc Gebiet. Foto F. Miller\" class=\"wp-image-107103\" srcset=\"https:\/\/www.berg-freunde.at\/blog\/wp-content\/uploads\/2024\/01\/05-Komfortabel-eingerichtet-unterhalb-des-Grand-Capucin-Mont-Blanc-Gebiet.-Foto-F.-Miller-1500x1000.jpg 1500w, https:\/\/www.berg-freunde.at\/blog\/wp-content\/uploads\/2024\/01\/05-Komfortabel-eingerichtet-unterhalb-des-Grand-Capucin-Mont-Blanc-Gebiet.-Foto-F.-Miller-300x200.jpg 300w, https:\/\/www.berg-freunde.at\/blog\/wp-content\/uploads\/2024\/01\/05-Komfortabel-eingerichtet-unterhalb-des-Grand-Capucin-Mont-Blanc-Gebiet.-Foto-F.-Miller-768x512.jpg 768w, https:\/\/www.berg-freunde.at\/blog\/wp-content\/uploads\/2024\/01\/05-Komfortabel-eingerichtet-unterhalb-des-Grand-Capucin-Mont-Blanc-Gebiet.-Foto-F.-Miller-1536x1024.jpg 1536w, https:\/\/www.berg-freunde.at\/blog\/wp-content\/uploads\/2024\/01\/05-Komfortabel-eingerichtet-unterhalb-des-Grand-Capucin-Mont-Blanc-Gebiet.-Foto-F.-Miller.jpg 1920w\" sizes=\"(max-width: 1500px) 100vw, 1500px\" \/><\/a><figcaption class=\"wp-element-caption\">Komfortabel eingerichtet unterhalb des Grand Capucin, Mont Blanc Gebiet. Foto F. Miller<\/figcaption><\/figure>\n<\/div>\n\n\n<h2 class=\"wp-block-heading\" id=\"h-ausrustung-fur-winterbiwaks-ein-paar-allgemeine-punkte\">Ausr\u00fcstung f\u00fcr Winterbiwaks \u2013 ein paar allgemeine Punkte<\/h2>\n\n\n\n<p>Los geht\u2019s mit ein paar Basics, die bei praktisch allen Wintertouren mit Biwak wichtig sind. Danach kommen wir zu den spezifischen Ausr\u00fcstungsgegenst\u00e4nden f\u00fcr Winterbiwaks.<\/p>\n\n\n\n<h3 class=\"wp-block-heading\" id=\"h-erweitertes-erste-hilfe-kit\"><strong>Erweitertes Erste-Hilfe-Kit<\/strong><\/h3>\n\n\n<div class=\"wp-block-image\">\n<figure class=\"alignleft size-large is-resized\"><a href=\"https:\/\/www.bergfreunde.de\/blog\/wp-content\/uploads\/2024\/01\/06-Erweitertes-Erste-Hilfe-Kit-in-wasserdichter-Tasche.-Foto-F.-Miller-1500x999.jpg\"><img loading=\"lazy\" decoding=\"async\" width=\"1500\" height=\"999\" src=\"https:\/\/www.bergfreunde.de\/blog\/wp-content\/uploads\/2024\/01\/06-Erweitertes-Erste-Hilfe-Kit-in-wasserdichter-Tasche.-Foto-F.-Miller-1500x999.jpg\" alt=\"Erweitertes Erste-Hilfe-Kit in wasserdichter Tasche. Foto F. Miller\" class=\"wp-image-107109\" style=\"width:351px;height:auto\" srcset=\"https:\/\/www.berg-freunde.at\/blog\/wp-content\/uploads\/2024\/01\/06-Erweitertes-Erste-Hilfe-Kit-in-wasserdichter-Tasche.-Foto-F.-Miller-1500x999.jpg 1500w, https:\/\/www.berg-freunde.at\/blog\/wp-content\/uploads\/2024\/01\/06-Erweitertes-Erste-Hilfe-Kit-in-wasserdichter-Tasche.-Foto-F.-Miller-300x200.jpg 300w, https:\/\/www.berg-freunde.at\/blog\/wp-content\/uploads\/2024\/01\/06-Erweitertes-Erste-Hilfe-Kit-in-wasserdichter-Tasche.-Foto-F.-Miller-768x512.jpg 768w, https:\/\/www.berg-freunde.at\/blog\/wp-content\/uploads\/2024\/01\/06-Erweitertes-Erste-Hilfe-Kit-in-wasserdichter-Tasche.-Foto-F.-Miller-1536x1023.jpg 1536w, https:\/\/www.berg-freunde.at\/blog\/wp-content\/uploads\/2024\/01\/06-Erweitertes-Erste-Hilfe-Kit-in-wasserdichter-Tasche.-Foto-F.-Miller.jpg 1920w\" sizes=\"(max-width: 1500px) 100vw, 1500px\" \/><\/a><figcaption class=\"wp-element-caption\">Erweitertes Erste-Hilfe-Kit in wasserdichter Tasche. Foto F. Miller<\/figcaption><\/figure>\n<\/div>\n\n\n<p>Zus\u00e4tzlich zum \u00fcblichen Verbandsmaterial sollte folgendes mitgef\u00fchrt werden (und zwar dauerhaft im EH-Kit): Klammerpflaster, funktionierendes Tape, Schmerzmittel (ggf. auch weitere Medikamente), Wasserentkeimungstabletten, eine Mini-Notfall-Stirnlampe, etwas Klopapier oder Papiertaschent\u00fccher, ein Feuerzeug, eine Kevlar-Zeltleine o. \u00c4., ggf. ein Reparatur-Kit f\u00fcr Thermo-Luftmatratzen, eine Mini-Tube Sonnencreme, evtl. auch ein kleines Taschenmesser und ein Teelicht. Eine Rettungsdecke sollte zumindest dann dabei sein, wenn man keinen Biwaksack mitf\u00fchrt. Zu beachten ist, dass eine Rettungsdecke vielseitig eingesetzt werden kann, nicht nur f\u00fcr den W\u00e4rmeerhalt. Tipp: Eine Rettungsdecke aus Polyethylen-Folie (z. B. SOL Emergency Blanket) ist stabiler als die klassische, billige Rettungsdecke. Bei einer kleinen Besch\u00e4digung rei\u00dft sie nicht komplett! Die Tasche des EH-Kits ist idealerweise wasserdicht.<\/p>\n\n\n<div class=\"wp-block-image\">\n<figure class=\"alignright size-large is-resized\"><a href=\"https:\/\/www.bergfreunde.de\/blog\/wp-content\/uploads\/2024\/01\/07-Petzl-Nao-eine-leistungsstarke-etwas-schwerere-Stirnlampe-fuers-Bergsteigen.-Foto-F.-Miller-1500x1000.jpg\"><img loading=\"lazy\" decoding=\"async\" width=\"1500\" height=\"1000\" src=\"https:\/\/www.bergfreunde.de\/blog\/wp-content\/uploads\/2024\/01\/07-Petzl-Nao-eine-leistungsstarke-etwas-schwerere-Stirnlampe-fuers-Bergsteigen.-Foto-F.-Miller-1500x1000.jpg\" alt=\"Petzl Nao+ - eine leistungsstarke, etwas schwerere Stirnlampe f\u00fcrs Bergsteigen. Foto F. Miller\" class=\"wp-image-107115\" style=\"width:351px;height:auto\" srcset=\"https:\/\/www.berg-freunde.at\/blog\/wp-content\/uploads\/2024\/01\/07-Petzl-Nao-eine-leistungsstarke-etwas-schwerere-Stirnlampe-fuers-Bergsteigen.-Foto-F.-Miller-1500x1000.jpg 1500w, https:\/\/www.berg-freunde.at\/blog\/wp-content\/uploads\/2024\/01\/07-Petzl-Nao-eine-leistungsstarke-etwas-schwerere-Stirnlampe-fuers-Bergsteigen.-Foto-F.-Miller-300x200.jpg 300w, https:\/\/www.berg-freunde.at\/blog\/wp-content\/uploads\/2024\/01\/07-Petzl-Nao-eine-leistungsstarke-etwas-schwerere-Stirnlampe-fuers-Bergsteigen.-Foto-F.-Miller-768x512.jpg 768w, https:\/\/www.berg-freunde.at\/blog\/wp-content\/uploads\/2024\/01\/07-Petzl-Nao-eine-leistungsstarke-etwas-schwerere-Stirnlampe-fuers-Bergsteigen.-Foto-F.-Miller-1536x1024.jpg 1536w, https:\/\/www.berg-freunde.at\/blog\/wp-content\/uploads\/2024\/01\/07-Petzl-Nao-eine-leistungsstarke-etwas-schwerere-Stirnlampe-fuers-Bergsteigen.-Foto-F.-Miller.jpg 1920w\" sizes=\"(max-width: 1500px) 100vw, 1500px\" \/><\/a><figcaption class=\"wp-element-caption\">Petzl Nao+ &#8211; eine leistungsstarke, etwas schwerere Stirnlampe f\u00fcrs Bergsteigen. Foto F. Miller<\/figcaption><\/figure>\n<\/div>\n\n\n<h3 class=\"wp-block-heading\" id=\"h-stirnlampe\"><strong>Stirnlampe<\/strong><\/h3>\n\n\n\n<p>Im 2er-Team haben wir bei gr\u00f6\u00dferen Touren meist eine starke Lampe zum Ausleuchten des Wegs, eine kompakte Lampe (beide mit Akku-Betrieb) sowie eine Mini-Notfall-Stirnlampe dabei (letztere befindet sich im EH-Kit). Wichtig ist mir bei allen <a href=\"https:\/\/www.berg-freunde.at\/stirnlampen\/\">Stirnlampen<\/a> ein guter Verriegelungsmechanismus gegen ungewolltes Einschalten. Bei l\u00e4ngeren Aktionen im Winter braucht es noch Ersatz-Akkus oder eine kleine Powerbank + Ladekabel f\u00fcr die Lampen.<\/p>\n\n\n\n<h3 class=\"wp-block-heading\" id=\"h-isolationsjacke\"><strong>Isolationsjacke<\/strong><\/h3>\n\n\n\n<p>Eine hochwertige <a href=\"https:\/\/www.berg-freunde.at\/daunenjacken\/\">Daunenjacke<\/a> ist perfekt bei kalten, trockenen Bedingungen, wie man sie im winterlichen Hochgebirge meist vorfindet. Abgesehen von wenigen High-End-Jacken kommen Daunenjacken leider schlecht mit Feuchtigkeit klar. Dies sollte unbedingt beachtet werden mit Blick auf die N\u00e4sse, die sich in den meisten Biwaks\u00e4cken im Laufe einer Nacht ansammelt. Ein paar L\u00f6sungsans\u00e4tze:<\/p>\n\n\n<div class=\"wp-block-image\">\n<figure class=\"alignright size-large is-resized\"><a href=\"https:\/\/www.bergfreunde.de\/blog\/wp-content\/uploads\/2024\/01\/08-Mit-Daunen-und-Hardshelljacken-im-eisigen-Wandbiwak-an-der-Zugspitze.-Foto-F.-Miller-1500x1000.jpg\"><img loading=\"lazy\" decoding=\"async\" width=\"1500\" height=\"1000\" src=\"https:\/\/www.bergfreunde.de\/blog\/wp-content\/uploads\/2024\/01\/08-Mit-Daunen-und-Hardshelljacken-im-eisigen-Wandbiwak-an-der-Zugspitze.-Foto-F.-Miller-1500x1000.jpg\" alt=\"Mit Daunen- und Hardshelljacken im eisigen Wandbiwak an der Zugspitze. Foto F. Miller\" class=\"wp-image-107121\" style=\"width:351px;height:auto\" srcset=\"https:\/\/www.berg-freunde.at\/blog\/wp-content\/uploads\/2024\/01\/08-Mit-Daunen-und-Hardshelljacken-im-eisigen-Wandbiwak-an-der-Zugspitze.-Foto-F.-Miller-1500x1000.jpg 1500w, https:\/\/www.berg-freunde.at\/blog\/wp-content\/uploads\/2024\/01\/08-Mit-Daunen-und-Hardshelljacken-im-eisigen-Wandbiwak-an-der-Zugspitze.-Foto-F.-Miller-300x200.jpg 300w, https:\/\/www.berg-freunde.at\/blog\/wp-content\/uploads\/2024\/01\/08-Mit-Daunen-und-Hardshelljacken-im-eisigen-Wandbiwak-an-der-Zugspitze.-Foto-F.-Miller-768x512.jpg 768w, https:\/\/www.berg-freunde.at\/blog\/wp-content\/uploads\/2024\/01\/08-Mit-Daunen-und-Hardshelljacken-im-eisigen-Wandbiwak-an-der-Zugspitze.-Foto-F.-Miller-1536x1024.jpg 1536w, https:\/\/www.berg-freunde.at\/blog\/wp-content\/uploads\/2024\/01\/08-Mit-Daunen-und-Hardshelljacken-im-eisigen-Wandbiwak-an-der-Zugspitze.-Foto-F.-Miller.jpg 1920w\" sizes=\"(max-width: 1500px) 100vw, 1500px\" \/><\/a><figcaption class=\"wp-element-caption\">Mit Daunen- und Hardshelljacken im eisigen Wandbiwak an der Zugspitze. Foto F. Miller<\/figcaption><\/figure>\n<\/div>\n\n\n<ul class=\"wp-block-list\">\n<li>Primaloftjacke verwenden. M\u00f6glich, aber eher schwer und volumin\u00f6s bzw. nicht warm genug.<\/li>\n\n\n\n<li>Eine d\u00fcnne Daunenjacke mit einer eher weiten <a href=\"https:\/\/www.berg-freunde.at\/regenjacken\/\">Hardshelljacke<\/a> kombinieren, wobei die Daune in diesem Fall unter die Hardshelljacke kommt. Gute L\u00f6sung f\u00fcr nicht ganz so kalte N\u00e4chte.<\/li>\n\n\n\n<li>Daunenjacke mit wasserdichtem Au\u00dfenmaterial. Gute, aber teure L\u00f6sung \u2013 und mit der Zeit wird die Dichtigkeit nachlassen.<\/li>\n\n\n\n<li>Biwaksack mit ausreichender Atmungsaktivit\u00e4t verwenden.<\/li>\n<\/ul>\n\n\n\n<h3 class=\"wp-block-heading\" id=\"h-hardshell-uberhose\"><strong>Hardshell-\u00dcberhose<\/strong><\/h3>\n\n\n<div class=\"wp-block-image\">\n<figure class=\"alignleft size-large is-resized\"><a href=\"https:\/\/www.bergfreunde.de\/blog\/wp-content\/uploads\/2024\/01\/09-Leichte-Hardshell-Ueberhose-Gr.-M-im-Packsack.-Foto-F.-Miller-1500x1000.jpg\"><img loading=\"lazy\" decoding=\"async\" width=\"1500\" height=\"1000\" src=\"https:\/\/www.bergfreunde.de\/blog\/wp-content\/uploads\/2024\/01\/09-Leichte-Hardshell-Ueberhose-Gr.-M-im-Packsack.-Foto-F.-Miller-1500x1000.jpg\" alt=\"Leichte Hardshell-\u00dcberhose (Gr. M) im Packsack. Foto F. Miller\" class=\"wp-image-107127\" style=\"width:349px;height:auto\" srcset=\"https:\/\/www.berg-freunde.at\/blog\/wp-content\/uploads\/2024\/01\/09-Leichte-Hardshell-Ueberhose-Gr.-M-im-Packsack.-Foto-F.-Miller-1500x1000.jpg 1500w, https:\/\/www.berg-freunde.at\/blog\/wp-content\/uploads\/2024\/01\/09-Leichte-Hardshell-Ueberhose-Gr.-M-im-Packsack.-Foto-F.-Miller-300x200.jpg 300w, https:\/\/www.berg-freunde.at\/blog\/wp-content\/uploads\/2024\/01\/09-Leichte-Hardshell-Ueberhose-Gr.-M-im-Packsack.-Foto-F.-Miller-768x512.jpg 768w, https:\/\/www.berg-freunde.at\/blog\/wp-content\/uploads\/2024\/01\/09-Leichte-Hardshell-Ueberhose-Gr.-M-im-Packsack.-Foto-F.-Miller-1536x1024.jpg 1536w, https:\/\/www.berg-freunde.at\/blog\/wp-content\/uploads\/2024\/01\/09-Leichte-Hardshell-Ueberhose-Gr.-M-im-Packsack.-Foto-F.-Miller.jpg 1920w\" sizes=\"(max-width: 1500px) 100vw, 1500px\" \/><\/a><figcaption class=\"wp-element-caption\">Leichte Hardshell-\u00dcberhose (Gr. M) im Packsack. Foto F. Miller<\/figcaption><\/figure>\n<\/div>\n\n\n<p>Eine wichtige Erg\u00e4nzung zur <a href=\"https:\/\/www.berg-freunde.at\/tourenhosen\/\">Tourenhose<\/a>, sofern diese nicht wasserdicht ist. Gemeint ist hier keine vollwertige <a href=\"https:\/\/www.berg-freunde.at\/regenhosen\/\">Hardshellhose<\/a>, wie man sie beispielsweise beim Eisklettern tragen w\u00fcrde, sondern eine leichtere Variante. Wichtig: Sie darf nicht zu eng ausfallen und braucht seitliche Rei\u00dfverschl\u00fcsse, damit man sie schnell \u00fcberziehen kann, beispielsweise f\u00fcrs Herrichten eines Lagerplatzes im tiefen Schnee.<\/p>\n\n\n\n<h3 class=\"wp-block-heading\" id=\"h-primaloft-uberhose\"><strong>Primaloft-\u00dcberhose<\/strong><\/h3>\n\n\n\n<p>Speziell f\u00fcr l\u00e4ngere Aufenthalte in kalten Regionen sowie bei Biwaks im Biwaksack ohne Schlafsack profitiert man enorm von einer Primaloft-\u00dcberhose \u2013 nicht nur wegen ihrer W\u00e4rmeleistung, sie stellt auch einen guten N\u00e4sseschutz dar. Wichtig sind seitliche Rei\u00dfverschl\u00fcsse, damit man sie schnell anlegen kann, ohne die Stiefel ausziehen zu m\u00fcssen. Es gibt sie als Shorts oder als lange Hosen \u2013 beides macht grunds\u00e4tzlich Sinn und beide Varianten k\u00f6nnen auch in anderen Bereichen verwendet werden (Training im Winter, kalte Berge, Fr\u00fchst\u00fcck im herbstlich-frostigen Camp 4, \u2026).<\/p>\n\n\n\n<h3 class=\"wp-block-heading\" id=\"h-reserve-handschuhe\"><strong>Reserve-Handschuhe<\/strong><\/h3>\n\n\n<div class=\"wp-block-image\">\n<figure class=\"alignleft size-large is-resized\"><a href=\"https:\/\/www.bergfreunde.de\/blog\/wp-content\/uploads\/2024\/01\/10-Leichte-Reservehandschuhe.-Foto-F.-Miller-1500x1000.jpg\"><img loading=\"lazy\" decoding=\"async\" width=\"1500\" height=\"1000\" src=\"https:\/\/www.bergfreunde.de\/blog\/wp-content\/uploads\/2024\/01\/10-Leichte-Reservehandschuhe.-Foto-F.-Miller-1500x1000.jpg\" alt=\"Leichte Reservehandschuhe. Foto F. Miller\" class=\"wp-image-107133\" style=\"width:348px;height:auto\" srcset=\"https:\/\/www.berg-freunde.at\/blog\/wp-content\/uploads\/2024\/01\/10-Leichte-Reservehandschuhe.-Foto-F.-Miller-1500x1000.jpg 1500w, https:\/\/www.berg-freunde.at\/blog\/wp-content\/uploads\/2024\/01\/10-Leichte-Reservehandschuhe.-Foto-F.-Miller-300x200.jpg 300w, https:\/\/www.berg-freunde.at\/blog\/wp-content\/uploads\/2024\/01\/10-Leichte-Reservehandschuhe.-Foto-F.-Miller-768x512.jpg 768w, https:\/\/www.berg-freunde.at\/blog\/wp-content\/uploads\/2024\/01\/10-Leichte-Reservehandschuhe.-Foto-F.-Miller-1536x1024.jpg 1536w, https:\/\/www.berg-freunde.at\/blog\/wp-content\/uploads\/2024\/01\/10-Leichte-Reservehandschuhe.-Foto-F.-Miller.jpg 1920w\" sizes=\"(max-width: 1500px) 100vw, 1500px\" \/><\/a><figcaption class=\"wp-element-caption\">Leichte Reservehandschuhe. Foto F. Miller<\/figcaption><\/figure>\n<\/div>\n\n\n<p>Bei einer mehrt\u00e4gigen Wintertour sollten pro Person zwei Paar gute Fingerhandschuhe selbstverst\u00e4ndlich sein. Vom System Innenhandschuh + \u00dcberhandschuh sollte man bei alpinen Unternehmungen aus mehreren Gr\u00fcnden Abstand nehmen. Manche Aktionen verlangen dar\u00fcber hinaus ein weiteres Paar (schwierige Kletterrouten, extreme K\u00e4lte, \u2026). In jedem Fall sollte man den Verlust eines Handschuhs kalkulieren und ggf. im Team ein Paar Reserve-Handschuhe mitf\u00fchren, welches beiden Tourenpartnern passt \u2013 beispielsweise leichte Primaloft-F\u00e4ustlinge sein, die kaum ins Gewicht fallen.<\/p>\n\n\n\n<h3 class=\"wp-block-heading\" id=\"h-daunensocken\"><strong>Daunensocken<\/strong><\/h3>\n\n\n\n<p>Im Schlafsack sollte man keine nassen Socken tragen, sondern diese f\u00fcr den n\u00e4chsten Tag am Rumpf trocknen. Wohl dem, der Wechselsocken dabeihat! Warme Wollsocken wiegen in meiner Gr\u00f6\u00dfe rund 100 g. Meine Daunensocken wiegen 132 g \u2013 kein gro\u00dfer Unterschied also. Es handelt sich um eine ganz leichte Konstruktion, ohne Sohle, ohne Verst\u00e4rkungen. Solche Daunensocken k\u00f6nnen vielseitig eingesetzt werden, nicht nur als Wechselsocken f\u00fcr die Nacht. Man kann sie im Zelt\/ am Biwakplatz auch \u00fcber trockene Wollsocken ziehen. Ich verwende sie auch f\u00fcr sommerliche Biwaks, bei denen ich keinen Schlafsack dabeihabe und f\u00fcr N\u00e4chte im Winterraum einer H\u00fctte.<\/p>\n\n\n<div class=\"wp-block-image\">\n<figure class=\"alignright size-large is-resized\"><a href=\"https:\/\/www.bergfreunde.de\/blog\/wp-content\/uploads\/2024\/01\/12-Ortovox-Pro-Light-Lawinenschaufel.-Foto-F.-Miller-1500x1000.jpg\"><img loading=\"lazy\" decoding=\"async\" width=\"1500\" height=\"1000\" src=\"https:\/\/www.bergfreunde.de\/blog\/wp-content\/uploads\/2024\/01\/12-Ortovox-Pro-Light-Lawinenschaufel.-Foto-F.-Miller-1500x1000.jpg\" alt=\"Ortovox Pro Light Lawinenschaufel. Foto F. Miller\" class=\"wp-image-107139\" style=\"width:351px;height:auto\" srcset=\"https:\/\/www.berg-freunde.at\/blog\/wp-content\/uploads\/2024\/01\/12-Ortovox-Pro-Light-Lawinenschaufel.-Foto-F.-Miller-1500x1000.jpg 1500w, https:\/\/www.berg-freunde.at\/blog\/wp-content\/uploads\/2024\/01\/12-Ortovox-Pro-Light-Lawinenschaufel.-Foto-F.-Miller-300x200.jpg 300w, https:\/\/www.berg-freunde.at\/blog\/wp-content\/uploads\/2024\/01\/12-Ortovox-Pro-Light-Lawinenschaufel.-Foto-F.-Miller-768x512.jpg 768w, https:\/\/www.berg-freunde.at\/blog\/wp-content\/uploads\/2024\/01\/12-Ortovox-Pro-Light-Lawinenschaufel.-Foto-F.-Miller-1536x1024.jpg 1536w, https:\/\/www.berg-freunde.at\/blog\/wp-content\/uploads\/2024\/01\/12-Ortovox-Pro-Light-Lawinenschaufel.-Foto-F.-Miller.jpg 1920w\" sizes=\"(max-width: 1500px) 100vw, 1500px\" \/><\/a><figcaption class=\"wp-element-caption\"><a href=\"https:\/\/www.berg-freunde.at\/marken\/ortovox\/\">Ortovox<\/a> Pro Light <a href=\"https:\/\/www.berg-freunde.at\/lawinenschaufeln\/\">Lawinenschaufel<\/a>. Foto F. Miller<\/figcaption><\/figure>\n<\/div>\n\n\n<h3 class=\"wp-block-heading\" id=\"h-lawinenschaufel\"><strong>Lawinenschaufel<\/strong><\/h3>\n\n\n\n<p>Im flachen Gel\u00e4nde oder bei winterlichen Klettertouren bei sicheren Schneeverh\u00e4ltnissen hat man meist kein LVS-Material dabei. Dennoch kann das Mitf\u00fchren einer leichten Lawinenschaufel Sinn machen \u2013 bei geplanten Biwaks sowieso, aber auch als Notfallequipment, speziell in schneereichen, entlegenen Regionen (z. B. f\u00fcr den Bau einer Schneeh\u00f6hle). Ein empfehlenswertes Modell f\u00fcrs Bergsteigen ist die Ortovox Pro Light (recht solide bei nur 450 g). Es gibt deutlich leichtere Modelle f\u00fcr Skitourenrennen, die aber nicht als vollwertige Schaufeln betrachtet werden d\u00fcrfen.<\/p>\n\n\n\n<h3 class=\"wp-block-heading\" id=\"h-system-kocher-und-weithalsflasche\"><strong>System-Kocher und Weithalsflasche<\/strong><\/h3>\n\n\n\n<p>Ein leichter System-Kocher (Jetboil oder vergleichbares) zahlt sich bei langen Touren aus. Mein System inkl. kleiner Gaskartusche wiegt nur rund 500 g. Dieses Gewicht hat man wieder drin, wenn man auch nur einmal Schnee schmilzt und daraus ein Getr\u00e4nk zubereitet (anstatt dieses mitzutragen). Sinnvollerweise f\u00fchrt man auch eine hitzebest\u00e4ndige Weithalsflasche mit (z. B. Nalgene), die sich einfach bef\u00fcllen l\u00e4sst und bei Biwaks oder zum W\u00e4rmeerhalt eines Verletzten als W\u00e4rmflasche eingesetzt werden kann.<\/p>\n\n\n<div class=\"wp-block-image\">\n<figure class=\"alignleft size-large is-resized\"><a href=\"https:\/\/www.bergfreunde.de\/blog\/wp-content\/uploads\/2024\/01\/13-500-ml-Weithalsflasche-und-Systemkocher-mit-100-g-Gaskartusche.-Foto-F.-Miller-1500x1015.jpg\"><img loading=\"lazy\" decoding=\"async\" width=\"1500\" height=\"1015\" src=\"https:\/\/www.bergfreunde.de\/blog\/wp-content\/uploads\/2024\/01\/13-500-ml-Weithalsflasche-und-Systemkocher-mit-100-g-Gaskartusche.-Foto-F.-Miller-1500x1015.jpg\" alt=\"500-ml-Weithalsflasche und Systemkocher mit 100-g-Gaskartusche. Foto F. Miller\" class=\"wp-image-107145\" style=\"width:349px;height:auto\" srcset=\"https:\/\/www.berg-freunde.at\/blog\/wp-content\/uploads\/2024\/01\/13-500-ml-Weithalsflasche-und-Systemkocher-mit-100-g-Gaskartusche.-Foto-F.-Miller-1500x1015.jpg 1500w, https:\/\/www.berg-freunde.at\/blog\/wp-content\/uploads\/2024\/01\/13-500-ml-Weithalsflasche-und-Systemkocher-mit-100-g-Gaskartusche.-Foto-F.-Miller-300x203.jpg 300w, https:\/\/www.berg-freunde.at\/blog\/wp-content\/uploads\/2024\/01\/13-500-ml-Weithalsflasche-und-Systemkocher-mit-100-g-Gaskartusche.-Foto-F.-Miller-768x520.jpg 768w, https:\/\/www.berg-freunde.at\/blog\/wp-content\/uploads\/2024\/01\/13-500-ml-Weithalsflasche-und-Systemkocher-mit-100-g-Gaskartusche.-Foto-F.-Miller-1536x1039.jpg 1536w, https:\/\/www.berg-freunde.at\/blog\/wp-content\/uploads\/2024\/01\/13-500-ml-Weithalsflasche-und-Systemkocher-mit-100-g-Gaskartusche.-Foto-F.-Miller.jpg 1920w\" sizes=\"(max-width: 1500px) 100vw, 1500px\" \/><\/a><figcaption class=\"wp-element-caption\">500-ml-Weithalsflasche und Systemkocher mit 100-g-Gaskartusche. Foto F. Miller<\/figcaption><\/figure>\n<\/div>\n\n\n<p>Achtung: Es kommt bei Kochern und Zubeh\u00f6r leider immer wieder zu Sch\u00e4den und Ausf\u00e4llen. Bei kritischen Unternehmungen sollte dies kalkuliert werden (ggf. Backup!). Auch w\u00fcrde ich jedes System beim Vorbereiten einer Aktion checken \u2013 also schauen, ob alles zusammenpasst und der Kocher funktioniert. Und immer zwei Feuerzeuge mitf\u00fchren, eines beim Kocher und eines als Backup im Erste-Hilfe-Kit!<\/p>\n\n\n\n<h3 class=\"wp-block-heading\" id=\"h-verpflegung-und-notproviant\"><strong>Verpflegung und Notproviant<\/strong><\/h3>\n\n\n<div class=\"wp-block-image\">\n<figure class=\"alignright size-large is-resized\"><a href=\"https:\/\/www.bergfreunde.de\/blog\/wp-content\/uploads\/2024\/01\/14-Gefriergetrocknete-Tuetennahrung-eignet-sich-gut-fuer-Winterbiwaks.-Foto-R.-Gantzhorn-1500x1002.jpg\"><img loading=\"lazy\" decoding=\"async\" width=\"1500\" height=\"1002\" src=\"https:\/\/www.bergfreunde.de\/blog\/wp-content\/uploads\/2024\/01\/14-Gefriergetrocknete-Tuetennahrung-eignet-sich-gut-fuer-Winterbiwaks.-Foto-R.-Gantzhorn-1500x1002.jpg\" alt=\"Gefriergetrocknete T\u00fctennahrung eignet sich gut f\u00fcr Winterbiwaks. Foto R. Gantzhorn\" class=\"wp-image-107151\" style=\"width:349px;height:auto\" srcset=\"https:\/\/www.berg-freunde.at\/blog\/wp-content\/uploads\/2024\/01\/14-Gefriergetrocknete-Tuetennahrung-eignet-sich-gut-fuer-Winterbiwaks.-Foto-R.-Gantzhorn-1500x1002.jpg 1500w, https:\/\/www.berg-freunde.at\/blog\/wp-content\/uploads\/2024\/01\/14-Gefriergetrocknete-Tuetennahrung-eignet-sich-gut-fuer-Winterbiwaks.-Foto-R.-Gantzhorn-300x200.jpg 300w, https:\/\/www.berg-freunde.at\/blog\/wp-content\/uploads\/2024\/01\/14-Gefriergetrocknete-Tuetennahrung-eignet-sich-gut-fuer-Winterbiwaks.-Foto-R.-Gantzhorn-768x513.jpg 768w, https:\/\/www.berg-freunde.at\/blog\/wp-content\/uploads\/2024\/01\/14-Gefriergetrocknete-Tuetennahrung-eignet-sich-gut-fuer-Winterbiwaks.-Foto-R.-Gantzhorn-1536x1026.jpg 1536w, https:\/\/www.berg-freunde.at\/blog\/wp-content\/uploads\/2024\/01\/14-Gefriergetrocknete-Tuetennahrung-eignet-sich-gut-fuer-Winterbiwaks.-Foto-R.-Gantzhorn.jpg 1920w\" sizes=\"(max-width: 1500px) 100vw, 1500px\" \/><\/a><figcaption class=\"wp-element-caption\">Gefriergetrocknete T\u00fctennahrung eignet sich gut f\u00fcr Winterbiwaks. Foto R. Gantzhorn<\/figcaption><\/figure>\n<\/div>\n\n\n<p>Gut ist, was schmeckt, sich einfach zubereiten l\u00e4sst und von innen w\u00e4rmt (Instant-Suppen, gefriergetrocknete T\u00fctennahrung, Tee, \u2026). Aber auch daran denken, dass der Kocher ausfallen k\u00f6nnte (ist dann weniger lustig\u2026). Erg\u00e4nzend sind N\u00fcsse und getrocknete Fr\u00fcchte wie Rosinen, Aprikosen, Datteln oder Cranberries perfekt, nicht nur wegen ihrer hohen Energiedichte und ihres geringen Packvolumens. Sie \u00fcberstehen Temperaturschwankungen sowie Druck im Rucksack und k\u00f6nnen auch bei gro\u00dfer K\u00e4lte gegessen werden. Haltbare Wurst im Stil von Landj\u00e4gern oder Salami passt ebenfalls in dieses Schema. Bei l\u00e4ngeren Touren haben wir als Notproviant zudem dabei: Peronin (zum Anr\u00fchren mit kaltem oder warmem, keinesfalls aber hei\u00dfem Wasser), eine Auswahl an Instant-Hei\u00dfgetr\u00e4nken und Br\u00fchw\u00fcrfel.<\/p>\n\n\n\n<h3 class=\"wp-block-heading\" id=\"h-drybags\"><strong>Drybags<\/strong><\/h3>\n\n\n\n<p>Ein paar leichte Drybags geh\u00f6ren ebenfalls zur Basisausr\u00fcstung f\u00fcr Winterbiwaks. Damit kann man z. B. seine Wechselw\u00e4sche trocken halten, sein Essen verpacken oder darin Schnee sammeln, den man sp\u00e4ter zum Kochen nimmt. Tipp: Wer keine Kohle hat, nimmt stattdessen stabile Plastikt\u00fcten.<\/p>\n\n\n\n<h2 class=\"wp-block-heading\" id=\"h-winterbiwak-mit-zelt\">Winterbiwak mit Zelt?<\/h2>\n\n\n\n<p>Oder anders gefragt: Ist es \u00fcberhaupt ein Biwak, wenn man ein Zelt verwendet? Wie auch immer, wir kommen wir um das Thema nicht herum. Am Anfang steht nat\u00fcrlich die Frage, ob man wegen des Naturerlebnisses bewusst auf ein Zelt verzichten m\u00f6chte. Ich finde diesen Gedanken cool und absolut schl\u00fcssig, den letztendlich geht es doch genau darum \u2013 um die besonderen Erlebnisse in der Natur.<\/p>\n\n\n\n<p>Dementgegen steht die n\u00fcchterne \u201ealpinistische\u201c Sicht bzw. konkret folgende Fragestellung: K\u00f6nnen wir mit Blick aufs Gewicht und Packma\u00df ein Zelt mitnehmen und gibt es auf unserer Route Pl\u00e4tze, um es aufzubauen? Wird dies bejaht, sollte man sich f\u00fcrs Zelt entscheiden, sofern keine gesch\u00fctzten Pl\u00e4tze wie H\u00f6hlen oder \u00dcberdachungen bekannt sind. Die Vorteile eines Zeltes im Vergleich zum Biwak ohne Zelt sind bei winterlichen Bedingungen enorm!<\/p>\n\n\n\n<p>Aber ist ein Zelt nicht viel schwerer, verglichen mit Biwaks\u00e4cken? Nicht unbedingt! Gehen wir von einem 2er-Team aus: Ein leichtes, f\u00fcr solche Eins\u00e4tze geeignetes 2-Personen-Zelt wiegt ca. 1200 bis 2000 g. Pro Person also 600 bis 1000 g. F\u00fcr einen brauchbaren atmungsaktiven 1-Personen-Biwaksack nehmen wir 300 bis 500 g an. Das Mehrgewicht, das durch das Zelt entsteht, betr\u00e4gt in diesem Beispiel pro Person also nur ca. 300 bis 500 g. Gesch\u00e4tzt 200 g k\u00f6nnen wir bei der Verwendung eines Zelts dann noch beim Schlafsack sparen. Am Ende bleiben vielleicht noch 200 g Mehrgewicht pro Person. Das ist wirklich nicht viel f\u00fcr einen wind- und wettergesch\u00fctzten Raum f\u00fcr sich und sein wichtigstes Material.<\/p>\n\n\n<div class=\"wp-block-image\">\n<figure class=\"aligncenter size-large\"><a href=\"https:\/\/www.bergfreunde.de\/blog\/wp-content\/uploads\/2024\/01\/15-Leichte-Einwandzelte-bei-einer-hochalpinen-Wintertour.-Foto-M.-Birkmann-1500x1000.jpg\"><img loading=\"lazy\" decoding=\"async\" width=\"1500\" height=\"1000\" src=\"https:\/\/www.bergfreunde.de\/blog\/wp-content\/uploads\/2024\/01\/15-Leichte-Einwandzelte-bei-einer-hochalpinen-Wintertour.-Foto-M.-Birkmann-1500x1000.jpg\" alt=\"Leichte Einwandzelte bei einer hochalpinen Wintertour. Foto M. Birkmann\" class=\"wp-image-107157\" srcset=\"https:\/\/www.berg-freunde.at\/blog\/wp-content\/uploads\/2024\/01\/15-Leichte-Einwandzelte-bei-einer-hochalpinen-Wintertour.-Foto-M.-Birkmann-1500x1000.jpg 1500w, https:\/\/www.berg-freunde.at\/blog\/wp-content\/uploads\/2024\/01\/15-Leichte-Einwandzelte-bei-einer-hochalpinen-Wintertour.-Foto-M.-Birkmann-300x200.jpg 300w, https:\/\/www.berg-freunde.at\/blog\/wp-content\/uploads\/2024\/01\/15-Leichte-Einwandzelte-bei-einer-hochalpinen-Wintertour.-Foto-M.-Birkmann-768x512.jpg 768w, https:\/\/www.berg-freunde.at\/blog\/wp-content\/uploads\/2024\/01\/15-Leichte-Einwandzelte-bei-einer-hochalpinen-Wintertour.-Foto-M.-Birkmann-1536x1024.jpg 1536w, https:\/\/www.berg-freunde.at\/blog\/wp-content\/uploads\/2024\/01\/15-Leichte-Einwandzelte-bei-einer-hochalpinen-Wintertour.-Foto-M.-Birkmann.jpg 1920w\" sizes=\"(max-width: 1500px) 100vw, 1500px\" \/><\/a><figcaption class=\"wp-element-caption\">Leichte Einwandzelte bei einer hochalpinen Wintertour. Foto M. Birkmann<\/figcaption><\/figure>\n<\/div>\n\n\n<h3 class=\"wp-block-heading\" id=\"h-welche-zelte-eigenen-sich-fur-winterbiwaks\"><strong>Welche Zelte eigenen sich f\u00fcr Winterbiwaks?<\/strong><\/h3>\n\n\n<div class=\"wp-block-image\">\n<figure class=\"alignright size-large is-resized\"><a href=\"https:\/\/www.bergfreunde.de\/blog\/wp-content\/uploads\/2024\/01\/16-Fuer-extreme-Wetterbedingungen-empfehlen-sich-geoedaetische-Expeditionszelte.-Foto-F.-Miller-1500x1125.jpg\"><img loading=\"lazy\" decoding=\"async\" width=\"1500\" height=\"1125\" src=\"https:\/\/www.bergfreunde.de\/blog\/wp-content\/uploads\/2024\/01\/16-Fuer-extreme-Wetterbedingungen-empfehlen-sich-geoedaetische-Expeditionszelte.-Foto-F.-Miller-1500x1125.jpg\" alt=\"F\u00fcr extreme Wetterbedingungen empfehlen sich ge\u00f6d\u00e4tische Expeditionszelte. Foto F. Miller\" class=\"wp-image-107163\" style=\"width:349px;height:auto\" srcset=\"https:\/\/www.berg-freunde.at\/blog\/wp-content\/uploads\/2024\/01\/16-Fuer-extreme-Wetterbedingungen-empfehlen-sich-geoedaetische-Expeditionszelte.-Foto-F.-Miller-1500x1125.jpg 1500w, https:\/\/www.berg-freunde.at\/blog\/wp-content\/uploads\/2024\/01\/16-Fuer-extreme-Wetterbedingungen-empfehlen-sich-geoedaetische-Expeditionszelte.-Foto-F.-Miller-300x225.jpg 300w, https:\/\/www.berg-freunde.at\/blog\/wp-content\/uploads\/2024\/01\/16-Fuer-extreme-Wetterbedingungen-empfehlen-sich-geoedaetische-Expeditionszelte.-Foto-F.-Miller-768x576.jpg 768w, https:\/\/www.berg-freunde.at\/blog\/wp-content\/uploads\/2024\/01\/16-Fuer-extreme-Wetterbedingungen-empfehlen-sich-geoedaetische-Expeditionszelte.-Foto-F.-Miller-1536x1152.jpg 1536w, https:\/\/www.berg-freunde.at\/blog\/wp-content\/uploads\/2024\/01\/16-Fuer-extreme-Wetterbedingungen-empfehlen-sich-geoedaetische-Expeditionszelte.-Foto-F.-Miller.jpg 1920w\" sizes=\"(max-width: 1500px) 100vw, 1500px\" \/><\/a><figcaption class=\"wp-element-caption\">F\u00fcr extreme Wetterbedingungen empfehlen sich ge\u00f6d\u00e4tische Expeditionszelte. Foto F. Miller<\/figcaption><\/figure>\n<\/div>\n\n\n<p>F\u00fcr alpinistisch anspruchsvolle Aktionen sind Einwandzelte mit einer atmungsaktiven Membran ideal. Als Beispiele f\u00fcr diese Art von Zelten f\u00fchre ich hier das \u201eFirstlight\u201c sowie das \u201eEldorado\u201c von <a href=\"https:\/\/www.berg-freunde.at\/marken\/black-diamond\/\">Black Diamond<\/a> auf, die relativ weit verbreitet sind und die ich auch selbst des \u00d6fteren dabei hatte. F\u00fcr etwas gem\u00e4\u00dfigtere Eins\u00e4tze bzw. eher flaches Gel\u00e4nde sind klassische Konstruktionen mit Innen- und Au\u00dfenzelt sehr gut geeignet. Ganz leichte Zelte f\u00fcr Trekking- oder Radtouren sind zwar nicht f\u00fcr den Wintereinsatz gedacht, bei g\u00fcnstigen Wetterbedingungen k\u00f6nnen sie dennoch eine gute Wahl sein. Erwartet man kritische Bedingungen \u2013 beispielsweise starken Schneefall oder starken Wind \u2013 sollte man ein expeditionstaugliches, geod\u00e4tisches Zelt mit mehreren, sich kreuzenden Stangen verwenden. Sowohl im Bereich Leicht- wie auch Expeditionszelte hatte ich in den letzten Jahren diverse Modelle von <a href=\"https:\/\/www.berg-freunde.at\/marken\/vaude\/\">VAUDE<\/a> im Einsatz, die allesamt sehr gut waren.<\/p>\n\n\n\n<h3 class=\"wp-block-heading\" id=\"h-zeltzubehor-und-reservematerial\"><strong>Zeltzubeh\u00f6r und Reservematerial<\/strong><\/h3>\n\n\n\n<p>Ist man mit dem Zelt unterwegs, macht es Sinn, etwas Zubeh\u00f6r und Reservematerial mitzuf\u00fchren. Hier eine Auflistung der wichtigsten Teile:<\/p>\n\n\n<div class=\"wp-block-image\">\n<figure class=\"alignright size-large is-resized\"><a href=\"https:\/\/www.bergfreunde.de\/blog\/wp-content\/uploads\/2024\/01\/17-Mit-einer-Reparaturhuelse-und-etwas-Tape-konnten-wir-dieses-Zelt-ganz-einfach-reparieren.-Foto-F.-Miller-1500x987.jpg\"><img loading=\"lazy\" decoding=\"async\" width=\"1500\" height=\"987\" src=\"https:\/\/www.bergfreunde.de\/blog\/wp-content\/uploads\/2024\/01\/17-Mit-einer-Reparaturhuelse-und-etwas-Tape-konnten-wir-dieses-Zelt-ganz-einfach-reparieren.-Foto-F.-Miller-1500x987.jpg\" alt=\"Mit einer Reparaturh\u00fclse und etwas Tape konnten wir dieses Zelt ganz einfach reparieren. Foto F. Miller.\" class=\"wp-image-107169\" style=\"width:351px;height:auto\" srcset=\"https:\/\/www.berg-freunde.at\/blog\/wp-content\/uploads\/2024\/01\/17-Mit-einer-Reparaturhuelse-und-etwas-Tape-konnten-wir-dieses-Zelt-ganz-einfach-reparieren.-Foto-F.-Miller-1500x987.jpg 1500w, https:\/\/www.berg-freunde.at\/blog\/wp-content\/uploads\/2024\/01\/17-Mit-einer-Reparaturhuelse-und-etwas-Tape-konnten-wir-dieses-Zelt-ganz-einfach-reparieren.-Foto-F.-Miller-300x197.jpg 300w, https:\/\/www.berg-freunde.at\/blog\/wp-content\/uploads\/2024\/01\/17-Mit-einer-Reparaturhuelse-und-etwas-Tape-konnten-wir-dieses-Zelt-ganz-einfach-reparieren.-Foto-F.-Miller-768x505.jpg 768w, https:\/\/www.berg-freunde.at\/blog\/wp-content\/uploads\/2024\/01\/17-Mit-einer-Reparaturhuelse-und-etwas-Tape-konnten-wir-dieses-Zelt-ganz-einfach-reparieren.-Foto-F.-Miller-1536x1010.jpg 1536w, https:\/\/www.berg-freunde.at\/blog\/wp-content\/uploads\/2024\/01\/17-Mit-einer-Reparaturhuelse-und-etwas-Tape-konnten-wir-dieses-Zelt-ganz-einfach-reparieren.-Foto-F.-Miller.jpg 1920w\" sizes=\"(max-width: 1500px) 100vw, 1500px\" \/><\/a><figcaption class=\"wp-element-caption\">Mit einer Reparaturh\u00fclse und etwas Tape konnten wir dieses Zelt ganz einfach reparieren. Foto F. Miller.<\/figcaption><\/figure>\n<\/div>\n\n\n<ul class=\"wp-block-list\">\n<li>Reepschnurmaterial als Ersatz f\u00fcr Zeltleinen oder f\u00fcr zus\u00e4tzliche Fixierungen. Gut geeignet sind klassische 3-mm-Reepschn\u00fcre, noch besser sind spezielle Leinen mit Kevlar- oder Dyneema-Kern.<\/li>\n\n\n\n<li>Bei entsprechenden Bedingungen sind Schneeheringe sehr hilfreich. Am besten stattet man sie mit Schlaufen und kleinen <a href=\"https:\/\/www.berg-freunde.at\/karabiner-express-sets\/\">Karabinern<\/a> aus und vergr\u00e4bt sie dann als T-Anker.<\/li>\n\n\n\n<li>Bei l\u00e4ngeren Unternehmungen sollte man Reparaturh\u00fclsen dabeihaben, um gebrochene Zeltstangen zu reparieren.<\/li>\n\n\n\n<li>Und nat\u00fcrlich Duct Tape: F\u00fcr kurze Touren kann man kleinere Mengen ums Feuerzeug wickeln.<\/li>\n<\/ul>\n\n\n\n<h2 class=\"wp-block-heading\" id=\"h-biwaksacke-fur-geplante-winterbiwaks\">Biwaks\u00e4cke f\u00fcr geplante Winterbiwaks<\/h2>\n\n\n<div class=\"wp-block-image\">\n<figure class=\"alignleft size-large is-resized\"><a href=\"https:\/\/www.bergfreunde.de\/blog\/wp-content\/uploads\/2024\/01\/18-Klassischer-2-Personen-Biwaksack-suboptimal-fuer-geplante-Biwaks.-Foto-F.-Miller-1000x1500.jpg\"><img loading=\"lazy\" decoding=\"async\" width=\"1000\" height=\"1500\" src=\"https:\/\/www.bergfreunde.de\/blog\/wp-content\/uploads\/2024\/01\/18-Klassischer-2-Personen-Biwaksack-suboptimal-fuer-geplante-Biwaks.-Foto-F.-Miller-1000x1500.jpg\" alt=\"Klassischer 2-Personen-Biwaksack - suboptimal f\u00fcr geplante Biwaks. Foto F. Miller\" class=\"wp-image-107175\" style=\"width:251px;height:auto\" srcset=\"https:\/\/www.berg-freunde.at\/blog\/wp-content\/uploads\/2024\/01\/18-Klassischer-2-Personen-Biwaksack-suboptimal-fuer-geplante-Biwaks.-Foto-F.-Miller-1000x1500.jpg 1000w, https:\/\/www.berg-freunde.at\/blog\/wp-content\/uploads\/2024\/01\/18-Klassischer-2-Personen-Biwaksack-suboptimal-fuer-geplante-Biwaks.-Foto-F.-Miller-200x300.jpg 200w, https:\/\/www.berg-freunde.at\/blog\/wp-content\/uploads\/2024\/01\/18-Klassischer-2-Personen-Biwaksack-suboptimal-fuer-geplante-Biwaks.-Foto-F.-Miller-768x1152.jpg 768w, https:\/\/www.berg-freunde.at\/blog\/wp-content\/uploads\/2024\/01\/18-Klassischer-2-Personen-Biwaksack-suboptimal-fuer-geplante-Biwaks.-Foto-F.-Miller-1024x1536.jpg 1024w, https:\/\/www.berg-freunde.at\/blog\/wp-content\/uploads\/2024\/01\/18-Klassischer-2-Personen-Biwaksack-suboptimal-fuer-geplante-Biwaks.-Foto-F.-Miller.jpg 1280w\" sizes=\"(max-width: 1000px) 100vw, 1000px\" \/><\/a><figcaption class=\"wp-element-caption\">Klassischer 2-Personen-Biwaksack &#8211; suboptimal f\u00fcr geplante Biwaks. Foto F. Miller<\/figcaption><\/figure>\n<\/div>\n\n\n<p>Nicht immer hat man die M\u00f6glichkeit, ein Zelt einzusetzen. Denken wir an ein Biwak auf einem schmalen Band in irgendeiner Wand. Ein Einwandzelt lie\u00dfe sich zwar als Biwaksack f\u00fcr ein Sitzbiwak verwenden, aber das w\u00e4re schon ein sehr spezieller Fall. Oftmals sind die Schlafpl\u00e4tze im alpinen Gel\u00e4nde so angeordnet, dass man nicht nebeneinander liegen bzw. sitzen kann, womit nicht nur ein Zelt, sondern auch ein 2-Personen-Biwaksack ungeeignet w\u00e4re. Es gibt auch Orte, wo man besser kein Zelt aufstellt, um eher unter dem Radar zu bleiben. Und wenn ich an meine Anfangszeiten zur\u00fcckdenke, als ich schlicht und einfach kein Zelt hatte\u2026&nbsp; Wie auch immer: Wenn man ohne Zelt unterwegs ist, dann eben mit Biwaksack, oder? Nicht unbedingt! Gerade beim Thema Biwaksack gibt es einiges zu beachten!<\/p>\n\n\n\n<p>Die Entscheidung f\u00fcr den planm\u00e4\u00dfigen Einsatz eines Biwaksacks sollten wir nur treffen, wenn alle Komponenten gut aufeinander abgestimmt sind und das gesamte System mit Blick auf die Feuchtigkeitsentwicklung funktioniert. In vielen Biwaks\u00e4cken sammelt sich im Laufe einer Nacht viel Feuchtigkeit, was logischerweise kontraproduktiv ist. Ber\u00fccksichtigt man diese und die folgenden Punkte, wird man sich hoffentlich gegen die g\u00e4ngigen, nicht atmungsaktiven 2-Personen-Biwaks\u00e4cke entscheiden \u2013 und gegen diverse, durchaus beliebte Notfallmodelle im Stil einer Rettungsdecke erst recht! Deutlich besser f\u00e4hrt man mit hochwertigen, atmungsaktiven 1-Personen-Biwaks\u00e4cken. Aber auch mit diesen ist es etwas kompliziert\u2026 Um es klar zu sagen: Ein Biwaksack ist keineswegs obligatorisch. Hat man einen ausreichend warmen Schlafsack, gutes Wetter und trockene Bedingungen, schl\u00e4ft man ohne Biwaksack angenehmer, der Schlafsack bleibt trocken und man ist insgesamt leichter unterwegs!<\/p>\n\n\n\n<h3 class=\"wp-block-heading\" id=\"h-1-personen-biwaksack-fur-geplante-biwaks\"><strong>1-Personen-Biwaksack f\u00fcr geplante Biwaks<\/strong><\/h3>\n\n\n<div class=\"wp-block-image\">\n<figure class=\"alignright size-large is-resized\"><a href=\"https:\/\/www.bergfreunde.de\/blog\/wp-content\/uploads\/2024\/01\/19-Mit-1-Personen-Biwaksaecken-im-Winterbiwak.-Foto-F.-Miller-1500x1000.jpg\"><img loading=\"lazy\" decoding=\"async\" width=\"1500\" height=\"1000\" src=\"https:\/\/www.bergfreunde.de\/blog\/wp-content\/uploads\/2024\/01\/19-Mit-1-Personen-Biwaksaecken-im-Winterbiwak.-Foto-F.-Miller-1500x1000.jpg\" alt=\"Mit 1-Personen-Biwaks\u00e4cken im Winterbiwak. Foto F. Miller\" class=\"wp-image-107181\" style=\"width:351px;height:auto\" srcset=\"https:\/\/www.berg-freunde.at\/blog\/wp-content\/uploads\/2024\/01\/19-Mit-1-Personen-Biwaksaecken-im-Winterbiwak.-Foto-F.-Miller-1500x1000.jpg 1500w, https:\/\/www.berg-freunde.at\/blog\/wp-content\/uploads\/2024\/01\/19-Mit-1-Personen-Biwaksaecken-im-Winterbiwak.-Foto-F.-Miller-300x200.jpg 300w, https:\/\/www.berg-freunde.at\/blog\/wp-content\/uploads\/2024\/01\/19-Mit-1-Personen-Biwaksaecken-im-Winterbiwak.-Foto-F.-Miller-768x512.jpg 768w, https:\/\/www.berg-freunde.at\/blog\/wp-content\/uploads\/2024\/01\/19-Mit-1-Personen-Biwaksaecken-im-Winterbiwak.-Foto-F.-Miller-1536x1024.jpg 1536w, https:\/\/www.berg-freunde.at\/blog\/wp-content\/uploads\/2024\/01\/19-Mit-1-Personen-Biwaksaecken-im-Winterbiwak.-Foto-F.-Miller.jpg 1920w\" sizes=\"(max-width: 1500px) 100vw, 1500px\" \/><\/a><figcaption class=\"wp-element-caption\">Mit 1-Personen-Biwaks\u00e4cken im Winterbiwak. Foto F. Miller<\/figcaption><\/figure>\n<\/div>\n\n\n<p>Die gr\u00f6\u00dfte Flexibilit\u00e4t f\u00fcr alpine Touren mit exponierten Biwaks verspricht der Einsatz eines hochwertigen, atmungsaktiven 1-Personen-Biwaksacks in Kombination mit einem eher leichten <a href=\"https:\/\/www.berg-freunde.at\/daunenschlafsaecke\/\">Daunenschlafsack<\/a> und einer warmen Isolationsjacke. Gl\u00fccklicherweise gibt der Markt eine gute Auswahl an atmungsaktiven 1-Personen-Biwaks\u00e4cken her. \u00dcber nicht-atmungsaktive Modelle sollten wir deshalb gar nicht erst nachdenken. Erfreulich w\u00e4re, wenn es auch Modelle speziell f\u00fcr kleine Personen g\u00e4be, wie es bei Schlafs\u00e4cken und Isomatten der Fall ist.<\/p>\n\n\n\n<h3 class=\"wp-block-heading\" id=\"h-kommt-die-isomatte-in-den-biwaksack\"><strong>Kommt die Isomatte in den Biwaksack?<\/strong><\/h3>\n\n\n\n<p>Soll die <a href=\"https:\/\/www.berg-freunde.at\/isomatten\/\">Isomatte<\/a> mit in den Biwaksack? Wenn ja, dann muss dieser genug Volumen haben, auch im Fu\u00dfbereich. Schaummatten kann man bei Bedarf im Fu\u00dfbereich seitlich etwas zuschneiden. Mit einer volumin\u00f6sen Thermoluftmatratze wird es aber schnell mal eng, was gar nicht gut ist. Der Schlafsack verliert dann einen Teil seiner W\u00e4rmeleistung! Vorteil der Variante \u201eMatte im Biwaksack\u201c: Es kommt kein Schnee zur Matte \u2013 man denke an die m\u00f6glichen kleinen Schmelzwasserpf\u00fctzen \u2013 und eine Luftmatratze wird vor Besch\u00e4digungen gesch\u00fctzt. Nachteile der Variante \u201eMatte im Biwaksack\u201c: Der Biwaksack muss gr\u00f6\u00dfer bemessen sein und wird dementsprechend schwerer ausfallen. Au\u00dferdem bewegt sich die \u00d6ffnung des Biwaksacks vorm Gesicht dann nicht mit, wenn man sich zur Seite dreht. Die Folgen: schlechte Sauerstoffversorgung und feuchte Atemluft im Biwaksack (wer konsequent auf dem R\u00fccken liegt, hat dieses Problem nicht so sehr).<\/p>\n\n\n\n<p>Soll die Matte nicht mit in den Biwaksack, funktioniert ein schlanker, mumienf\u00f6rmig geschnittener Biwaksack sehr gut, der sich beim n\u00e4chtlichen Hin-und-her-Drehen mitbewegt. Bei diesem Ansatz macht es dann auch Sinn, wenn der komplette Biwaksack aus atmungsaktivem Material gefertigt ist, und nicht nur die Oberseite. Bez\u00fcglich \u201emitdrehen\u201c des Biwaksacks noch folgender Hinweis: Soll Ausr\u00fcstung mit in den Biwaksack (manche Modelle bieten Stauraum im Kopfbereich), geht das nat\u00fcrlich nicht mehr so gut.<\/p>\n\n\n\n<h3 class=\"wp-block-heading\" id=\"h-wichtiger-punkt-der-reissverschluss-am-biwaksack\"><strong>Wichtiger Punkt: der Rei\u00dfverschluss am Biwaksack<\/strong><\/h3>\n\n\n\n<p>Hilfreich ist ein Rei\u00dfverschluss, der von der \u00d6ffnung bis zur Mitte des Biwaksacks reicht. Nur so kommt man gut in den Biwaksack rein und kann sich auch bequem darin aufrichten um zu kochen usw.. Ist die Matte im Biwaksack, kommt dies besonders zum Tragen! Leider gibt es vergleichsweise wenig Modelle, die mit einem solchen Rei\u00dfverschluss ausgestattet sind. Au\u00dferdem sollte der Rei\u00dfverschluss auf der gleichen Seite liegen wie der Rei\u00dfverschluss des Schlafsacks!<\/p>\n\n\n\n<h2 class=\"wp-block-heading\" id=\"h-schlafsacke-fur-winterbiwaks\">Schlafs\u00e4cke f\u00fcr Winterbiwaks<\/h2>\n\n\n<div class=\"wp-block-image\">\n<figure class=\"alignleft size-large is-resized\"><a href=\"https:\/\/www.bergfreunde.de\/blog\/wp-content\/uploads\/2024\/01\/20-Biwak-mit-leichten-Daunenschlafsaecken-in-der-winterlichen-Eiger-Nordwand.-Foto-F.-Miller-1500x1000.jpg\"><img loading=\"lazy\" decoding=\"async\" width=\"1500\" height=\"1000\" src=\"https:\/\/www.bergfreunde.de\/blog\/wp-content\/uploads\/2024\/01\/20-Biwak-mit-leichten-Daunenschlafsaecken-in-der-winterlichen-Eiger-Nordwand.-Foto-F.-Miller-1500x1000.jpg\" alt=\"Biwak mit leichten Daunenschlafs\u00e4cken in der winterlichen Eiger Nordwand. Foto F. Miller\" class=\"wp-image-107187\" style=\"width:350px;height:auto\" srcset=\"https:\/\/www.berg-freunde.at\/blog\/wp-content\/uploads\/2024\/01\/20-Biwak-mit-leichten-Daunenschlafsaecken-in-der-winterlichen-Eiger-Nordwand.-Foto-F.-Miller-1500x1000.jpg 1500w, https:\/\/www.berg-freunde.at\/blog\/wp-content\/uploads\/2024\/01\/20-Biwak-mit-leichten-Daunenschlafsaecken-in-der-winterlichen-Eiger-Nordwand.-Foto-F.-Miller-300x200.jpg 300w, https:\/\/www.berg-freunde.at\/blog\/wp-content\/uploads\/2024\/01\/20-Biwak-mit-leichten-Daunenschlafsaecken-in-der-winterlichen-Eiger-Nordwand.-Foto-F.-Miller-768x512.jpg 768w, https:\/\/www.berg-freunde.at\/blog\/wp-content\/uploads\/2024\/01\/20-Biwak-mit-leichten-Daunenschlafsaecken-in-der-winterlichen-Eiger-Nordwand.-Foto-F.-Miller-1536x1024.jpg 1536w, https:\/\/www.berg-freunde.at\/blog\/wp-content\/uploads\/2024\/01\/20-Biwak-mit-leichten-Daunenschlafsaecken-in-der-winterlichen-Eiger-Nordwand.-Foto-F.-Miller.jpg 1920w\" sizes=\"(max-width: 1500px) 100vw, 1500px\" \/><\/a><figcaption class=\"wp-element-caption\">Biwak mit leichten Daunenschlafs\u00e4cken in der winterlichen Eiger Nordwand. Foto F. Miller<\/figcaption><\/figure>\n<\/div>\n\n\n<p>Ideal f\u00fcr den Wintereinsatz ist ein hochwertiger Daunenschlafsack mit stark wasserabweisendem Au\u00dfenmaterial. Denn selbst im Zelt kann es feucht werden \u2013 und im Biwaksack sowieso. Der Schlafsack muss nicht zwangsl\u00e4ufig super warm sein. Das w\u00e4re zwar angenehm, aber irgendwie muss die ganze Ausr\u00fcstung auch transportiert werden. Die beiden Schlafs\u00e4cke, die ich am h\u00e4ufigsten verwende, wiegen 800 g und 1100 g. Auch mit dem leichteren habe ich \u00f6fters bei winterlichen Bedingungen biwakiert (war eher frisch, aber in Kombination mit einer Daunenjacke schon ok). Typische Winterschlafs\u00e4cke sind etwas schwerer \u2013 ca. 1200 bis 1500 g Gesamtgewicht \u2013 und haben dementsprechend nat\u00fcrlich auch ein h\u00f6heres Packma\u00df. Ein guter Daunenschlafsack mag teuer erscheinen, ist sein Geld aber allemal wert. Wird er gut behandelt, kann er locker 20 Jahre und l\u00e4nger verwendet werden!<\/p>\n\n\n\n<h3 class=\"wp-block-heading\" id=\"h-die-richtige-grosse-des-schlafsacks\"><strong>Die richtige Gr\u00f6\u00dfe des Schlafsacks<\/strong><\/h3>\n\n\n\n<p>Wichtig ist, dass der Schlafsack weit genug ist, um darin ohne Probleme eine Daunenjacke tragen zu k\u00f6nnen. Und nat\u00fcrlich, dass er ausreichend lang ist. Steht man mit den Zehen an, sind kalte F\u00fc\u00dfe vorprogrammiert. Die meisten hochwertigen Schlafs\u00e4cke werden in verschiedenen L\u00e4ngen angeboten. Im Zweifelsfall die l\u00e4ngere Variante w\u00e4hlen!<\/p>\n\n\n\n<h2 class=\"wp-block-heading\" id=\"h-isomatten-fur-winterbiwaks\">Isomatten f\u00fcr Winterbiwaks<\/h2>\n\n\n<div class=\"wp-block-image\">\n<figure class=\"alignleft size-large is-resized\"><a href=\"https:\/\/www.bergfreunde.de\/blog\/wp-content\/uploads\/2024\/01\/21-Thermo-Luftmatratze-im-Wandbiwak-Doppelpunkt-keine-gute-Idee.-Foto-F.-Miller-1500x1125.jpg\"><img loading=\"lazy\" decoding=\"async\" width=\"1500\" height=\"1125\" src=\"https:\/\/www.bergfreunde.de\/blog\/wp-content\/uploads\/2024\/01\/21-Thermo-Luftmatratze-im-Wandbiwak-Doppelpunkt-keine-gute-Idee.-Foto-F.-Miller-1500x1125.jpg\" alt=\"Thermo-Luftmatratze im Wandbiwak (Doppelpunkt) keine gute Idee. Foto F. Miller\" class=\"wp-image-107193\" style=\"width:350px;height:auto\" srcset=\"https:\/\/www.berg-freunde.at\/blog\/wp-content\/uploads\/2024\/01\/21-Thermo-Luftmatratze-im-Wandbiwak-Doppelpunkt-keine-gute-Idee.-Foto-F.-Miller-1500x1125.jpg 1500w, https:\/\/www.berg-freunde.at\/blog\/wp-content\/uploads\/2024\/01\/21-Thermo-Luftmatratze-im-Wandbiwak-Doppelpunkt-keine-gute-Idee.-Foto-F.-Miller-300x225.jpg 300w, https:\/\/www.berg-freunde.at\/blog\/wp-content\/uploads\/2024\/01\/21-Thermo-Luftmatratze-im-Wandbiwak-Doppelpunkt-keine-gute-Idee.-Foto-F.-Miller-768x576.jpg 768w, https:\/\/www.berg-freunde.at\/blog\/wp-content\/uploads\/2024\/01\/21-Thermo-Luftmatratze-im-Wandbiwak-Doppelpunkt-keine-gute-Idee.-Foto-F.-Miller-1536x1152.jpg 1536w, https:\/\/www.berg-freunde.at\/blog\/wp-content\/uploads\/2024\/01\/21-Thermo-Luftmatratze-im-Wandbiwak-Doppelpunkt-keine-gute-Idee.-Foto-F.-Miller.jpg 1920w\" sizes=\"(max-width: 1500px) 100vw, 1500px\" \/><\/a><figcaption class=\"wp-element-caption\">Thermo-Luftmatratze im Wandbiwak (Doppelpunkt) keine gute Idee. Foto F. Miller<\/figcaption><\/figure>\n<\/div>\n\n\n<p>Die Ideall\u00f6sung f\u00fcr N\u00e4chte im Zelt ist die Kombination einer leichten Thermo-Luftmatratze (eine Luftmatratze mit einer isolierenden F\u00fcllung wie Primaloft) mit einer d\u00fcnnen Evazote Schaummatte (5 mm St\u00e4rke reicht schon aus). Dieses System ist warm, bequem, vielseitig, leicht und gut zu transportieren. Sollte die Thermo-Luftmatratze irreparabel kaputt gehen, hat man immerhin noch die Schaummatte. Weitere Vorteile zeigen sich beim Sitzen im Zelt (Luftmatratze wird unterm Hintern platt gedr\u00fcckt, Schaummatte isoliert weiter) sowie beim Einrichten des Zelts (Schaummatte auslegen, rein ins Zelt und dann in Ruhe die zweite Matte aktivieren).<\/p>\n\n\n\n<p>Die sogenannten selbstaufblasenden Isomatten m\u00f6gen etwas robuster sein, k\u00f6nnen beim Gewicht und Packma\u00df aber nicht mit den Thermo-Luftmatratzen mithalten. F\u00fcr Wandbiwaks oder \u00e4hnliche Eins\u00e4tze verwende ich pers\u00f6nlich keine luftgef\u00fcllten Matten \u2013 wegen des hohen Risikos, dass sie kaputt gehen, weil man sie schlechter gegen Verlust sichern kann und weil sie als Sitzunterlage eher ungeeignet sind.<\/p>\n\n\n\n<h3 class=\"wp-block-heading\" id=\"h-schaummatten\"><strong>Schaummatten<\/strong><\/h3>\n\n\n\n<p>Deutlich simpler, zuverl\u00e4ssiger und auch g\u00fcnstiger sind Schaummatten \u2013 also klassische Isomatten sowie Neuinterpretationen wie die bei Bergsteigern beliebte und weit verbreitete Faltmatte Z-Lite von <a href=\"https:\/\/www.berg-freunde.at\/marken\/therm-a-rest\/\">Therm-a-Rest<\/a> (die mit dem \u201eEierkarton-Profil\u201c). Bei dieser sollten wir aber bedenken, dass sich in den Vertiefungen Schnee und N\u00e4sse sammeln kann. Im Zelt oder Biwaksack ist sie nat\u00fcrlich top.<\/p>\n\n\n\n<p>Meine bevorzugten Isomatten sind Evazote-Matten, von denen ich \u00fcber eine kleine Auswahl in verschiedenen L\u00e4ngen und St\u00e4rken verf\u00fcge. F\u00fcr mehrt\u00e4gige Klettereien funktioniert eine 9 oder 10 mm starke, k\u00f6rperlange Matte ganz gut, die sogar leichter ist als die erw\u00e4hnte Z-Lite-Matte. Klar, dass diese L\u00f6sung weder besonders bequem noch besonders warm ist. Bei Biwaks im Schnee lege ich deshalb manchmal noch Seilschlingen oder anderes Material drunter.<\/p>\n\n\n<div class=\"wp-block-image\">\n<figure class=\"alignright size-large is-resized\"><a href=\"https:\/\/www.bergfreunde.de\/blog\/wp-content\/uploads\/2024\/01\/22-Auf-Evazote-Matten-kann-man-sich-verlassen.-Foto-M.-Schuster-1125x1500.jpg\"><img loading=\"lazy\" decoding=\"async\" width=\"1125\" height=\"1500\" src=\"https:\/\/www.bergfreunde.de\/blog\/wp-content\/uploads\/2024\/01\/22-Auf-Evazote-Matten-kann-man-sich-verlassen.-Foto-M.-Schuster-1125x1500.jpg\" alt=\"Auf Evazote-Matten kann man sich verlassen. Foto M. Schuster\" class=\"wp-image-107199\" style=\"width:250px;height:auto\" srcset=\"https:\/\/www.berg-freunde.at\/blog\/wp-content\/uploads\/2024\/01\/22-Auf-Evazote-Matten-kann-man-sich-verlassen.-Foto-M.-Schuster-1125x1500.jpg 1125w, https:\/\/www.berg-freunde.at\/blog\/wp-content\/uploads\/2024\/01\/22-Auf-Evazote-Matten-kann-man-sich-verlassen.-Foto-M.-Schuster-225x300.jpg 225w, https:\/\/www.berg-freunde.at\/blog\/wp-content\/uploads\/2024\/01\/22-Auf-Evazote-Matten-kann-man-sich-verlassen.-Foto-M.-Schuster-768x1024.jpg 768w, https:\/\/www.berg-freunde.at\/blog\/wp-content\/uploads\/2024\/01\/22-Auf-Evazote-Matten-kann-man-sich-verlassen.-Foto-M.-Schuster-1152x1536.jpg 1152w, https:\/\/www.berg-freunde.at\/blog\/wp-content\/uploads\/2024\/01\/22-Auf-Evazote-Matten-kann-man-sich-verlassen.-Foto-M.-Schuster.jpg 1440w\" sizes=\"(max-width: 1125px) 100vw, 1125px\" \/><\/a><figcaption class=\"wp-element-caption\">Auf Evazote-Matten kann man sich verlassen. Foto M. Schuster<\/figcaption><\/figure>\n<\/div>\n\n\n<h2 class=\"wp-block-heading\" id=\"h-das-lager-im-schnee\">Das Lager im Schnee<\/h2>\n\n\n\n<p>Ein flacher, abgeblasener R\u00fccken kann ein guter Ort f\u00fcr ein Lager sein, der vielleicht sogar einen schneefreien Bereich bietet. Im absch\u00fcssigen Gel\u00e4nde ist eine gr\u00f6\u00dfere Schneemenge hingegen vorteilhaft, da sie das Graben einer ebenen Fl\u00e4che erm\u00f6glicht. Mit Blick auf die Windexposition m\u00fcssen wir abw\u00e4gen: Starker Wind ist nat\u00fcrlich ung\u00fcnstig. Windgesch\u00fctzte Bereiche k\u00f6nnen aber ebenfalls problematisch sein, falls sich dort Triebschnee ablagert. Dabei ist nicht nur das aktuelle Wetter zu bewerten, sondern auch m\u00f6gliche Entwicklungen. Windzeichen wie Wechten geben Auskunft \u00fcber typische Windbedingungen an einem Ort. Die st\u00e4rksten Winde gibt es im Hochgebirge wegen des D\u00fcseneffekts an Scharten oder in S\u00e4tteln. Abgesehen davon bieten solche Orte oft passable Biwakpl\u00e4tze.<\/p>\n\n\n\n<h3 class=\"wp-block-heading\" id=\"h-den-schnee-verfestigen\"><strong>Den Schnee verfestigen<\/strong><\/h3>\n\n\n\n<p>Errichtet man sein Lager im tiefen Schnee, sollte man den Schnee erstmal gut verfestigen. Mit Ski oder <a href=\"https:\/\/www.berg-freunde.at\/schneeschuhe\/\">Schneeschuhen<\/a> an den F\u00fc\u00dfen kann man den Anfang machen, doch ist der Druck so nicht ausreichend. Man sollte sie irgendwann ausziehen. Unter den F\u00fc\u00dfen wird dann selbst trockener Schnee mit der Zeit fest.<\/p>\n\n\n\n<h3 class=\"wp-block-heading\" id=\"h-windschutz-aus-schneeblocken\"><strong>Windschutz aus Schneebl\u00f6cken<\/strong><\/h3>\n\n\n<div class=\"wp-block-image\">\n<figure class=\"alignleft size-large is-resized\"><a href=\"https:\/\/www.bergfreunde.de\/blog\/wp-content\/uploads\/2024\/01\/24_Beim-Errichten-einer-Schneemauer-in-Alaska.-Foto-M.-Birkmann1-1500x1125.jpg\"><img loading=\"lazy\" decoding=\"async\" width=\"1500\" height=\"1125\" src=\"https:\/\/www.bergfreunde.de\/blog\/wp-content\/uploads\/2024\/01\/24_Beim-Errichten-einer-Schneemauer-in-Alaska.-Foto-M.-Birkmann1-1500x1125.jpg\" alt=\"Beim Errichten einer Schneemauer in Alaska. Foto M. Birkmann\" class=\"wp-image-107211\" style=\"width:351px;height:auto\" srcset=\"https:\/\/www.berg-freunde.at\/blog\/wp-content\/uploads\/2024\/01\/24_Beim-Errichten-einer-Schneemauer-in-Alaska.-Foto-M.-Birkmann1-1500x1125.jpg 1500w, https:\/\/www.berg-freunde.at\/blog\/wp-content\/uploads\/2024\/01\/24_Beim-Errichten-einer-Schneemauer-in-Alaska.-Foto-M.-Birkmann1-300x225.jpg 300w, https:\/\/www.berg-freunde.at\/blog\/wp-content\/uploads\/2024\/01\/24_Beim-Errichten-einer-Schneemauer-in-Alaska.-Foto-M.-Birkmann1-768x576.jpg 768w, https:\/\/www.berg-freunde.at\/blog\/wp-content\/uploads\/2024\/01\/24_Beim-Errichten-einer-Schneemauer-in-Alaska.-Foto-M.-Birkmann1-1536x1152.jpg 1536w, https:\/\/www.berg-freunde.at\/blog\/wp-content\/uploads\/2024\/01\/24_Beim-Errichten-einer-Schneemauer-in-Alaska.-Foto-M.-Birkmann1.jpg 1920w\" sizes=\"(max-width: 1500px) 100vw, 1500px\" \/><\/a><figcaption class=\"wp-element-caption\">Beim Errichten einer Schneemauer in Alaska. Foto M. Birkmann<\/figcaption><\/figure>\n<\/div>\n\n\n<p>W\u00e4hrend man seinen Lagerplatz im absch\u00fcssigen Gel\u00e4nde in den Hang hinein gr\u00e4bt, sollte dieser in der Ebene nicht tiefergelegt werden. Vertiefungen im Schnee w\u00fcrden bei starken Winden n\u00e4mlich wieder aufgef\u00fcllt werden! Ein Windschutz ist nat\u00fcrlich eine gute Idee. Er kann in schneereichen Regionen aus Schneebl\u00f6cken gebaut werden. Im Team sollten daf\u00fcr zwei ausreichend dimensionierte Schnees\u00e4gen vorhanden sein. Einer s\u00e4gt neben dem Lagerplatz die Bl\u00f6cke aus der Schneedecke, ein zweiter baut aus diesen eine halbrunde Mauer, wobei er die Form der Bl\u00f6cke beim Mauern entsprechend anpasst. Zwischen Zelt und Schneemauer muss genug Platz zum Schneer\u00e4umen bleiben! Kleinere, improvisierte Schneemauern erzielen beim Biwakieren ebenfalls einen positiven Effekt, denn sie verhindern, dass Ausr\u00fcstung allzu leicht weggeblasen wird!<\/p>\n\n\n\n<h3 class=\"wp-block-heading\" id=\"h-das-lager-nicht-verfehlen\"><strong>Das Lager nicht verfehlen<\/strong><\/h3>\n\n\n<div class=\"wp-block-image\">\n<figure class=\"alignright size-large is-resized\"><a href=\"https:\/\/www.bergfreunde.de\/blog\/wp-content\/uploads\/2024\/01\/25_Gut-wenn-man-sein-Zelt-auch-im-schlechten-Wetter-wieder-findet.-Foto-F.-Miller-1500x1000.jpg\"><img loading=\"lazy\" decoding=\"async\" width=\"1500\" height=\"1000\" src=\"https:\/\/www.bergfreunde.de\/blog\/wp-content\/uploads\/2024\/01\/25_Gut-wenn-man-sein-Zelt-auch-im-schlechten-Wetter-wieder-findet.-Foto-F.-Miller-1500x1000.jpg\" alt=\"Gut, wenn man sein Zelt auch im schlechten Wetter wieder findet. Foto F. Miller\" class=\"wp-image-107217\" style=\"width:349px;height:auto\" srcset=\"https:\/\/www.berg-freunde.at\/blog\/wp-content\/uploads\/2024\/01\/25_Gut-wenn-man-sein-Zelt-auch-im-schlechten-Wetter-wieder-findet.-Foto-F.-Miller-1500x1000.jpg 1500w, https:\/\/www.berg-freunde.at\/blog\/wp-content\/uploads\/2024\/01\/25_Gut-wenn-man-sein-Zelt-auch-im-schlechten-Wetter-wieder-findet.-Foto-F.-Miller-300x200.jpg 300w, https:\/\/www.berg-freunde.at\/blog\/wp-content\/uploads\/2024\/01\/25_Gut-wenn-man-sein-Zelt-auch-im-schlechten-Wetter-wieder-findet.-Foto-F.-Miller-768x512.jpg 768w, https:\/\/www.berg-freunde.at\/blog\/wp-content\/uploads\/2024\/01\/25_Gut-wenn-man-sein-Zelt-auch-im-schlechten-Wetter-wieder-findet.-Foto-F.-Miller-1536x1024.jpg 1536w, https:\/\/www.berg-freunde.at\/blog\/wp-content\/uploads\/2024\/01\/25_Gut-wenn-man-sein-Zelt-auch-im-schlechten-Wetter-wieder-findet.-Foto-F.-Miller.jpg 1920w\" sizes=\"(max-width: 1500px) 100vw, 1500px\" \/><\/a><figcaption class=\"wp-element-caption\">Gut, wenn man sein Zelt auch im schlechten Wetter wieder findet. Foto F. Miller<\/figcaption><\/figure>\n<\/div>\n\n\n<p>Stellt euch vor, ihr kommt bei Nacht, im schlechten Wetter und fix und fertig vom Berg runter \u2013 w\u00e4re sch\u00f6n, sein Zelt bzw. Lagerplatz wieder zu finden, oder? Auf jeden Fall sollte man sich die Meeresh\u00f6he des Lagerplatzes merken, dann hat man schon mal einen Anhaltspunkt f\u00fcr die Navigation mit dem H\u00f6henmesser. Steht ein Zelt an einer gut einsehbaren Stelle und hat Signalfarbe sowie reflektierende Elemente, sollte man es bei gutem Wetter schon finden k\u00f6nnen. Bei schlechtem Wetter, oder wenn man das Lager gut versteckt hat, hilft m\u00f6glicherweise nur das GPS. Am besten speichert man den Standort auf zwei Ger\u00e4ten.<\/p>\n\n\n\n<h2 class=\"wp-block-heading\" id=\"h-tipps-und-tricks-fur-winterbiwaks\">Tipps und Tricks f\u00fcr Winterbiwaks<\/h2>\n\n\n\n<h3 class=\"wp-block-heading\" id=\"h-welche-kleidung-im-schlafsack\"><strong>Welche Kleidung im Schlafsack?<\/strong><\/h3>\n\n\n\n<p>Wir m\u00fcssen verschiedene Situationen ganz unterschiedlich bewerten: Bei einem gem\u00fctlichen Biwak im warmen Schlafsack ist es am angenehmsten, wenn man lange <a href=\"https:\/\/www.berg-freunde.at\/merinounterwaesche\/\">Merinounterw\u00e4sche<\/a> tr\u00e4gt (inklusiv warmer Wollsocken) und dar\u00fcber nur eine <a href=\"https:\/\/www.berg-freunde.at\/fleecejacken\/\">Fleecejacke<\/a> mit hohem Kragen und Kapuze, damit Kopf und Hals sch\u00f6n warm bleiben. Nachteil: Muss man dann raus zum Pinkeln, muss man sich entsprechend mehr anziehen.<\/p>\n\n\n<div class=\"wp-block-image\">\n<figure class=\"alignleft size-large is-resized\"><a href=\"https:\/\/www.bergfreunde.de\/blog\/wp-content\/uploads\/2024\/01\/26-Je-ungemuetlicher-das-Biwak-desto-mehr-Kleidung-wird-man-im-Schlafsack-tragen.-Foto-F.-Miller-1500x1125.jpg\"><img loading=\"lazy\" decoding=\"async\" width=\"1500\" height=\"1125\" src=\"https:\/\/www.bergfreunde.de\/blog\/wp-content\/uploads\/2024\/01\/26-Je-ungemuetlicher-das-Biwak-desto-mehr-Kleidung-wird-man-im-Schlafsack-tragen.-Foto-F.-Miller-1500x1125.jpg\" alt=\"Je ungem\u00fctlicher das Biwak, desto mehr Kleidung wird man im Schlafsack tragen. Foto F. Miller\" class=\"wp-image-107223\" style=\"width:351px;height:auto\" srcset=\"https:\/\/www.berg-freunde.at\/blog\/wp-content\/uploads\/2024\/01\/26-Je-ungemuetlicher-das-Biwak-desto-mehr-Kleidung-wird-man-im-Schlafsack-tragen.-Foto-F.-Miller-1500x1125.jpg 1500w, https:\/\/www.berg-freunde.at\/blog\/wp-content\/uploads\/2024\/01\/26-Je-ungemuetlicher-das-Biwak-desto-mehr-Kleidung-wird-man-im-Schlafsack-tragen.-Foto-F.-Miller-300x225.jpg 300w, https:\/\/www.berg-freunde.at\/blog\/wp-content\/uploads\/2024\/01\/26-Je-ungemuetlicher-das-Biwak-desto-mehr-Kleidung-wird-man-im-Schlafsack-tragen.-Foto-F.-Miller-768x576.jpg 768w, https:\/\/www.berg-freunde.at\/blog\/wp-content\/uploads\/2024\/01\/26-Je-ungemuetlicher-das-Biwak-desto-mehr-Kleidung-wird-man-im-Schlafsack-tragen.-Foto-F.-Miller-1536x1152.jpg 1536w, https:\/\/www.berg-freunde.at\/blog\/wp-content\/uploads\/2024\/01\/26-Je-ungemuetlicher-das-Biwak-desto-mehr-Kleidung-wird-man-im-Schlafsack-tragen.-Foto-F.-Miller.jpg 1920w\" sizes=\"(max-width: 1500px) 100vw, 1500px\" \/><\/a><figcaption class=\"wp-element-caption\">Je ungem\u00fctlicher das Biwak, desto mehr Kleidung wird man im Schlafsack tragen. Foto F. Miller<\/figcaption><\/figure>\n<\/div>\n\n\n<p>Je extremer die Rahmenbedingungen, desto mehr Kleidung wird man nachts tragen. Klar, dass man bei einem Wandbiwak wenig Interesse hat, die Hardshellhose unterm <a href=\"https:\/\/www.berg-freunde.at\/klettergurte\/\">Klettergurt<\/a> auszuziehen. Auch kann die permanente Selbstsicherung ein komplettes Schlie\u00dfen des Schlafsacks verhindern, sodass der Oberbekleidung, insbesondere der Isolationsjacke, eine gro\u00dfe Bedeutung zukommt. Zu viele, quasi gleich gro\u00dfe Bekleidungsschichten sind allerdings kontraproduktiv. Von innen nach au\u00dfen sollten die Schichten immer weiter werden. Dieses Prinzip sollte beim Zusammenstellen der Kleidung grunds\u00e4tzlich ber\u00fccksichtigt werden. Mit mehr Kleidung ist man auch nach unten besser isoliert. Dass der Schlafsack dadurch nicht so schnell warm wird, kann mit einer improvisierten W\u00e4rmflasche ausgeglichen werden.<\/p>\n\n\n\n<h3 class=\"wp-block-heading\" id=\"h-socken-und-handschuhe-trocknen\"><strong>Socken und Handschuhe trocknen<\/strong><\/h3>\n\n\n\n<p>Feuchte Socken sollte man genau wie feuchte Handschuhe ausziehen und am K\u00f6rper trocknen, sofern man sie f\u00fcr den n\u00e4chsten Tag wieder braucht. Ich lege sie hierf\u00fcr fl\u00e4chig auf die Vorderseite meines Rumpfes, direkt auf die Unterw\u00e4sche, unter die weitere Kleidung. Problematisch sind Handschuhe, die aus dickem Leder gefertigt sind. Man bekommt sie \u00fcber Nacht nicht mehr trocken. Besser trocknen Handschuhe, bei denen anteilig nicht zu viel und nicht zu dickes Leder verarbeitet wurde.<\/p>\n\n\n\n<h3 class=\"wp-block-heading\" id=\"h-fusse-aufwarmen\"><strong>F\u00fc\u00dfe aufw\u00e4rmen<\/strong><\/h3>\n\n\n\n<p>Gleich vorweg: Die folgende Beschreibung gilt f\u00fcr kalte F\u00fc\u00dfe bis hin zu leichten Erfrierungen der Zehen, nicht f\u00fcr das, was allgemein unter \u201erichtigen\u201c Erfrierungen verstanden wird.<\/p>\n\n\n\n<p>Im Biwak sollte man, wenn irgendwie m\u00f6glich, trockene Socken anziehen und die Zehen massieren. Im Schlafsack kann W\u00e4rme \u00fcber eine improvisierte W\u00e4rmflasche zugef\u00fchrt werden. Eine 0,5-Liter-Weithalsflasche eignet sich sehr gut f\u00fcr diesen Zweck. Die Flasche kommt entweder direkt zu den F\u00fc\u00dfen, oder aber man klemmt sie zwischen die Oberschenkel, um das arterielle Blut, das zu den F\u00fc\u00dfen flie\u00dft, zu erw\u00e4rmen.<\/p>\n\n\n\n<h3 class=\"wp-block-heading\" id=\"h-essen-und-trinken\"><strong>Essen und trinken<\/strong><\/h3>\n\n\n\n<p>Hei\u00dfe Getr\u00e4nke w\u00e4rmen von innen und es kann \u00fcbers Getr\u00e4nk etwas Energie zugef\u00fchrt werden. Auch wenn man in der K\u00e4lte wenig Durst hat, ist es wichtig, abends ausreichend zu trinken, um am n\u00e4chsten Tag nicht vollends zu dehydrieren. Dehydriert w\u00e4re man \u00fcbrigens auch anf\u00e4lliger f\u00fcr Erfrierungen. Es bietet sich an, eine gute Auswahl an Getr\u00e4nkepulver (isotonisches Getr\u00e4nkepulver, hei\u00dfe Schokolade, Kaffee, Cappuccino) sowie Teebeutel und Br\u00fchw\u00fcrfel einzupacken. Das Zeug f\u00e4llt kaum ins Gewicht und sorgt f\u00fcr gute Laune.<\/p>\n\n\n\n<p>Frieren ist nicht nur unangenehm, sondern kostet auch Energie. Energiereiche Nahrung hilft deshalb enorm durch eine lange, kalte Nacht. Hat man genug Verpflegung dabei, kann man nachts noch einmal den Kocher anzuwerfen, hei\u00dfen Tee kochen, etwas essen und die W\u00e4rmflasche reaktivieren.<\/p>\n\n\n<div class=\"wp-block-image\">\n<figure class=\"alignleft size-large is-resized\"><a href=\"https:\/\/www.bergfreunde.de\/blog\/wp-content\/uploads\/2024\/01\/27-Top-eingerichtet-und-bereit-fuer-eine-Staerkung.-Foto-F.-Miller-1500x1125.jpg\"><img loading=\"lazy\" decoding=\"async\" width=\"1500\" height=\"1125\" src=\"https:\/\/www.bergfreunde.de\/blog\/wp-content\/uploads\/2024\/01\/27-Top-eingerichtet-und-bereit-fuer-eine-Staerkung.-Foto-F.-Miller-1500x1125.jpg\" alt=\"Top eingerichtet und bereit f\u00fcr eine St\u00e4rkung. Foto F. Miller\" class=\"wp-image-107229\" style=\"width:352px;height:auto\" srcset=\"https:\/\/www.berg-freunde.at\/blog\/wp-content\/uploads\/2024\/01\/27-Top-eingerichtet-und-bereit-fuer-eine-Staerkung.-Foto-F.-Miller-1500x1125.jpg 1500w, https:\/\/www.berg-freunde.at\/blog\/wp-content\/uploads\/2024\/01\/27-Top-eingerichtet-und-bereit-fuer-eine-Staerkung.-Foto-F.-Miller-300x225.jpg 300w, https:\/\/www.berg-freunde.at\/blog\/wp-content\/uploads\/2024\/01\/27-Top-eingerichtet-und-bereit-fuer-eine-Staerkung.-Foto-F.-Miller-768x576.jpg 768w, https:\/\/www.berg-freunde.at\/blog\/wp-content\/uploads\/2024\/01\/27-Top-eingerichtet-und-bereit-fuer-eine-Staerkung.-Foto-F.-Miller-1536x1152.jpg 1536w, https:\/\/www.berg-freunde.at\/blog\/wp-content\/uploads\/2024\/01\/27-Top-eingerichtet-und-bereit-fuer-eine-Staerkung.-Foto-F.-Miller.jpg 1920w\" sizes=\"(max-width: 1500px) 100vw, 1500px\" \/><\/a><figcaption class=\"wp-element-caption\">Top eingerichtet und bereit f\u00fcr eine St\u00e4rkung. Foto F. Miller<\/figcaption><\/figure>\n<\/div>\n\n\n<p>F\u00fcr mehrt\u00e4gige Biwaktouren in der K\u00e4lte sollte man mehr Verpflegung und deutlich mehr Gas einpacken, als man es vom Sommer gewohnt ist. Damit das Gas f\u00fcrs Schneeschmelzen und Kochen reicht, rechne ich mit 75 g Gas pro Person und Nacht. Dies ist knapp kalkuliert und reicht nur bei Verwendung eines sparsamen Systemkochers und geeigneter Lebensmittel wie gefriergetrockneter Expeditionsnahrung zum Aufgie\u00dfen. N\u00fcsse, K\u00e4se und Wurst kann man gut als Erg\u00e4nzung zu Instant-Suppen und T\u00fcten-Nahrung essen, um auf ein paar <a href=\"https:\/\/www.berg-freunde.at\/kalorienverbrauch-sport-rechner\/\">Kalorien<\/a> zu kommen.<\/p>\n\n\n\n<h3 class=\"wp-block-heading\" id=\"h-bergstiefel-warm-halten\"><strong>Bergstiefel warm halten<\/strong><\/h3>\n\n\n\n<p>Hat man ein Zelt, kommen die Bergstiefel mit hinein. Bei zweiteiligen Stiefeln oder Skischuhen kann der Au\u00dfenschuh bzw. die Schale bei gutem Wetter im Vorzelt bleiben. Beim Biwakieren muss situativ entschieden werden. Im Wandbiwak oder in steilen Flanken muss zun\u00e4chst sichergestellt sein, dass kein Stiefel verloren geht und dass kein Schnee hineinger\u00e4t. In Extremsituationen wird man die Stiefel deswegen anbehalten, allerdings mit gelockerter Schn\u00fcrung. Moderate Rahmenbedingungen erlauben diesbez\u00fcglich mehr Freiheiten. Der klassische Anf\u00e4ngerfehler: Feuchte Stiefel gefrieren komplett durch \u2013 viel Spa\u00df am n\u00e4chsten Morgen! Ich mache es \u00f6fters so, dass ich die Stiefel zun\u00e4chst gesch\u00fctzt aufbewahre und sie sp\u00e4ter, f\u00fcr den zweiten Teil der Nacht, mit in den Schlafsack nehme. Vorher wird angefrorener Schnee gr\u00fcndlich entfernt. Als geeignetes Werkzeug hat sich hierf\u00fcr ein Titan-L\u00f6ffel bew\u00e4hrt.<\/p>\n\n\n\n<h2 class=\"wp-block-heading\" id=\"h-ein-wort-zum-schluss\">Ein Wort zum Schluss<\/h2>\n\n\n<div class=\"wp-block-image\">\n<figure class=\"alignleft size-large is-resized\"><a href=\"https:\/\/www.bergfreunde.de\/blog\/wp-content\/uploads\/2024\/01\/28-Lager-in-Feuerland-Doppelpunkt-Etwas-Gemuetlichkeit-findet-sich-fast-immer.-Foto-R.-Gantzhorn-1500x1002.jpg\"><img loading=\"lazy\" decoding=\"async\" width=\"1500\" height=\"1002\" src=\"https:\/\/www.bergfreunde.de\/blog\/wp-content\/uploads\/2024\/01\/28-Lager-in-Feuerland-Doppelpunkt-Etwas-Gemuetlichkeit-findet-sich-fast-immer.-Foto-R.-Gantzhorn-1500x1002.jpg\" alt=\"Lager in Feuerland: Etwas Gem\u00fctlichkeit findet sich fast immer. Foto R. Gantzhorn\" class=\"wp-image-107235\" style=\"width:352px;height:auto\" srcset=\"https:\/\/www.berg-freunde.at\/blog\/wp-content\/uploads\/2024\/01\/28-Lager-in-Feuerland-Doppelpunkt-Etwas-Gemuetlichkeit-findet-sich-fast-immer.-Foto-R.-Gantzhorn-1500x1002.jpg 1500w, https:\/\/www.berg-freunde.at\/blog\/wp-content\/uploads\/2024\/01\/28-Lager-in-Feuerland-Doppelpunkt-Etwas-Gemuetlichkeit-findet-sich-fast-immer.-Foto-R.-Gantzhorn-300x200.jpg 300w, https:\/\/www.berg-freunde.at\/blog\/wp-content\/uploads\/2024\/01\/28-Lager-in-Feuerland-Doppelpunkt-Etwas-Gemuetlichkeit-findet-sich-fast-immer.-Foto-R.-Gantzhorn-768x513.jpg 768w, https:\/\/www.berg-freunde.at\/blog\/wp-content\/uploads\/2024\/01\/28-Lager-in-Feuerland-Doppelpunkt-Etwas-Gemuetlichkeit-findet-sich-fast-immer.-Foto-R.-Gantzhorn-1536x1026.jpg 1536w, https:\/\/www.berg-freunde.at\/blog\/wp-content\/uploads\/2024\/01\/28-Lager-in-Feuerland-Doppelpunkt-Etwas-Gemuetlichkeit-findet-sich-fast-immer.-Foto-R.-Gantzhorn.jpg 1920w\" sizes=\"(max-width: 1500px) 100vw, 1500px\" \/><\/a><figcaption class=\"wp-element-caption\">Lager in Feuerland: Etwas Gem\u00fctlichkeit findet sich fast immer. Foto R. Gantzhorn<\/figcaption><\/figure>\n<\/div>\n\n\n<p>In diesem Text war viel zu lesen von K\u00e4lte, Wind, alpinen Gefahren, kaputten Thermo-Luftmatratzen, ausgefallenen Kochern, eisigen Zehen und anderen Unannehmlichkeiten \u2013 bei meinen vielen mehrt\u00e4gigen Winterbegehungen wie auch Expeditionen hatte ich zu gen\u00fcge davon. Dennoch verbinde ich mit dem Thema Winterbiwak viel Positives: Nirgends schmeckt ein hei\u00dfer Tee so gut wie im Sitzbiwak auf einem eisigen Absatz in irgendeiner Wand. Der Schutz eines Zeltes vor Wind und Wetter ist immer wieder aufs Neue faszinierend. Und auch in den widrigsten Situationen findet sich ein Hauch von Gem\u00fctlichkeit.<\/p>\n\n\n\n<p>Und dann kommen wir zur\u00fcck nach Hause, oftmals kalt, m\u00fcde und hungrig, und sch\u00e4tzen Selbstverst\u00e4ndlichkeiten pl\u00f6tzlich wieder Wert.<\/p>\n\n\n\n<p>Text: Fritz Miller, Januar 2024<\/p>\n","protected":false},"excerpt":{"rendered":"<p>\u00dcbernachten im winterlichen Gebirge \u2013 ein gro\u00dfes Thema, das vom geplanten, ganz besonderen Naturerlebnis \u00fcber Notbiwaks bis zum Einrichten von Lagern in eisigen H\u00f6hen reicht. Und es ist auch kein reines Winterthema, denn je nach Region, H\u00f6henlage und Wettersituation ist man auch zu anderen Jahreszeiten mit entsprechenden Bedingungen konfrontiert. Der inoffizielle Titel dieses Beitrags lautet [&hellip;]<\/p>\n","protected":false},"author":16,"featured_media":107306,"comment_status":"open","ping_status":"closed","sticky":false,"template":"","format":"standard","meta":{"_acf_changed":false,"footnotes":""},"categories":[283],"tags":[267],"post_folder":[],"class_list":["post-107242","post","type-post","status-publish","format-standard","has-post-thumbnail","hentry","category-praxiswissen","tag-wintersport"],"acf":[],"yoast_head":"<!-- This site is optimized with the Yoast SEO Premium plugin v27.4 (Yoast SEO v27.4) - https:\/\/yoast.com\/product\/yoast-seo-premium-wordpress\/ -->\n<title>Biwakieren im Winter | Bergfreunde<\/title>\n<meta name=\"description\" content=\"Wie kann im Winter biwakieren? \u27a4 Welche Ausr\u00fcstung ben\u00f6tige ich f\u00fcr ein Winterbiwak? \u27a4 Erfahre es hier im Basislager-Blog.\" \/>\n<meta name=\"robots\" content=\"index, follow, max-snippet:-1, max-image-preview:large, max-video-preview:-1\" \/>\n<link rel=\"canonical\" href=\"https:\/\/www.berg-freunde.at\/blog\/biwakieren-im-winter\/\" \/>\n<meta property=\"og:locale\" content=\"de_DE\" \/>\n<meta property=\"og:type\" content=\"article\" \/>\n<meta property=\"og:title\" content=\"Biwakieren im Winter\" \/>\n<meta property=\"og:description\" content=\"Wie kann im Winter biwakieren? \u27a4 Welche Ausr\u00fcstung ben\u00f6tige ich f\u00fcr ein Winterbiwak? \u27a4 Erfahre es hier im Basislager-Blog.\" \/>\n<meta property=\"og:url\" content=\"https:\/\/www.berg-freunde.at\/blog\/biwakieren-im-winter\/\" \/>\n<meta property=\"og:site_name\" content=\"Bergfreunde\" \/>\n<meta property=\"article:publisher\" content=\"https:\/\/www.facebook.com\/bergfreunde\" \/>\n<meta property=\"article:published_time\" content=\"2024-01-16T09:00:00+00:00\" \/>\n<meta property=\"article:modified_time\" content=\"2026-04-28T06:28:25+00:00\" \/>\n<meta property=\"og:image\" content=\"https:\/\/www.alpinetrek.co.uk\/blog\/wp-content\/uploads\/2024\/01\/16012024_How-to-Winterbiwak_Titel.png\" \/>\n\t<meta property=\"og:image:width\" content=\"1440\" \/>\n\t<meta property=\"og:image:height\" content=\"590\" \/>\n\t<meta property=\"og:image:type\" content=\"image\/png\" \/>\n<meta name=\"author\" content=\"Fritz\" \/>\n<meta name=\"twitter:card\" content=\"summary_large_image\" \/>\n<meta name=\"twitter:label1\" content=\"Verfasst von\" \/>\n\t<meta name=\"twitter:data1\" content=\"Fritz\" \/>\n\t<meta name=\"twitter:label2\" content=\"Gesch\u00e4tzte Lesezeit\" \/>\n\t<meta name=\"twitter:data2\" content=\"28 Minuten\" \/>\n<script type=\"application\/ld+json\" class=\"yoast-schema-graph\">{\"@context\":\"https:\\\/\\\/schema.org\",\"@graph\":[{\"@type\":[\"Article\",\"BlogPosting\"],\"@id\":\"https:\\\/\\\/www.berg-freunde.at\\\/blog\\\/biwakieren-im-winter\\\/#article\",\"isPartOf\":{\"@id\":\"https:\\\/\\\/www.berg-freunde.at\\\/blog\\\/biwakieren-im-winter\\\/\"},\"author\":{\"name\":\"Fritz\",\"@id\":\"https:\\\/\\\/www.berg-freunde.at\\\/blog\\\/#\\\/schema\\\/person\\\/9253f920f6e0f2d39b63a3dbade7a339\"},\"headline\":\"Biwakieren im Winter\",\"datePublished\":\"2024-01-16T09:00:00+00:00\",\"dateModified\":\"2026-04-28T06:28:25+00:00\",\"mainEntityOfPage\":{\"@id\":\"https:\\\/\\\/www.berg-freunde.at\\\/blog\\\/biwakieren-im-winter\\\/\"},\"wordCount\":5533,\"commentCount\":2,\"publisher\":{\"@id\":\"https:\\\/\\\/www.berg-freunde.at\\\/blog\\\/#organization\"},\"image\":{\"@id\":\"https:\\\/\\\/www.berg-freunde.at\\\/blog\\\/biwakieren-im-winter\\\/#primaryimage\"},\"thumbnailUrl\":\"https:\\\/\\\/www.berg-freunde.at\\\/blog\\\/wp-content\\\/uploads\\\/2024\\\/01\\\/16012024_How-to-Winterbiwak_Titel.png\",\"keywords\":[\"Wintersport\"],\"articleSection\":[\"Praxiswissen\"],\"inLanguage\":\"de-AT\",\"potentialAction\":[{\"@type\":\"CommentAction\",\"name\":\"Comment\",\"target\":[\"https:\\\/\\\/www.berg-freunde.at\\\/blog\\\/biwakieren-im-winter\\\/#respond\"]}]},{\"@type\":\"WebPage\",\"@id\":\"https:\\\/\\\/www.berg-freunde.at\\\/blog\\\/biwakieren-im-winter\\\/\",\"url\":\"https:\\\/\\\/www.berg-freunde.at\\\/blog\\\/biwakieren-im-winter\\\/\",\"name\":\"Biwakieren im Winter | Bergfreunde\",\"isPartOf\":{\"@id\":\"https:\\\/\\\/www.berg-freunde.at\\\/blog\\\/#website\"},\"primaryImageOfPage\":{\"@id\":\"https:\\\/\\\/www.berg-freunde.at\\\/blog\\\/biwakieren-im-winter\\\/#primaryimage\"},\"image\":{\"@id\":\"https:\\\/\\\/www.berg-freunde.at\\\/blog\\\/biwakieren-im-winter\\\/#primaryimage\"},\"thumbnailUrl\":\"https:\\\/\\\/www.berg-freunde.at\\\/blog\\\/wp-content\\\/uploads\\\/2024\\\/01\\\/16012024_How-to-Winterbiwak_Titel.png\",\"datePublished\":\"2024-01-16T09:00:00+00:00\",\"dateModified\":\"2026-04-28T06:28:25+00:00\",\"description\":\"Wie kann im Winter biwakieren? \u27a4 Welche Ausr\u00fcstung ben\u00f6tige ich f\u00fcr ein Winterbiwak? \u27a4 Erfahre es hier im Basislager-Blog.\",\"breadcrumb\":{\"@id\":\"https:\\\/\\\/www.berg-freunde.at\\\/blog\\\/biwakieren-im-winter\\\/#breadcrumb\"},\"inLanguage\":\"de-AT\",\"potentialAction\":[{\"@type\":\"ReadAction\",\"target\":[\"https:\\\/\\\/www.berg-freunde.at\\\/blog\\\/biwakieren-im-winter\\\/\"]}]},{\"@type\":\"ImageObject\",\"inLanguage\":\"de-AT\",\"@id\":\"https:\\\/\\\/www.berg-freunde.at\\\/blog\\\/biwakieren-im-winter\\\/#primaryimage\",\"url\":\"https:\\\/\\\/www.berg-freunde.at\\\/blog\\\/wp-content\\\/uploads\\\/2024\\\/01\\\/16012024_How-to-Winterbiwak_Titel.png\",\"contentUrl\":\"https:\\\/\\\/www.berg-freunde.at\\\/blog\\\/wp-content\\\/uploads\\\/2024\\\/01\\\/16012024_How-to-Winterbiwak_Titel.png\",\"width\":1440,\"height\":590},{\"@type\":\"BreadcrumbList\",\"@id\":\"https:\\\/\\\/www.berg-freunde.at\\\/blog\\\/biwakieren-im-winter\\\/#breadcrumb\",\"itemListElement\":[{\"@type\":\"ListItem\",\"position\":1,\"name\":\"Blog\",\"item\":\"https:\\\/\\\/www.berg-freunde.at\\\/blog\\\/\"},{\"@type\":\"ListItem\",\"position\":2,\"name\":\"Know-How\",\"item\":\"https:\\\/\\\/www.berg-freunde.at\\\/blog\\\/category\\\/know-how\\\/\"},{\"@type\":\"ListItem\",\"position\":3,\"name\":\"Praxiswissen\",\"item\":\"https:\\\/\\\/www.berg-freunde.at\\\/blog\\\/category\\\/know-how\\\/praxiswissen\\\/\"},{\"@type\":\"ListItem\",\"position\":4,\"name\":\"Biwakieren im Winter\"}]},{\"@type\":\"WebSite\",\"@id\":\"https:\\\/\\\/www.berg-freunde.at\\\/blog\\\/#website\",\"url\":\"https:\\\/\\\/www.berg-freunde.at\\\/blog\\\/\",\"name\":\"Bergfreunde\",\"description\":\"Blog\",\"publisher\":{\"@id\":\"https:\\\/\\\/www.berg-freunde.at\\\/blog\\\/#organization\"},\"potentialAction\":[{\"@type\":\"SearchAction\",\"target\":{\"@type\":\"EntryPoint\",\"urlTemplate\":\"https:\\\/\\\/www.berg-freunde.at\\\/blog\\\/?s={search_term_string}\"},\"query-input\":{\"@type\":\"PropertyValueSpecification\",\"valueRequired\":true,\"valueName\":\"search_term_string\"}}],\"inLanguage\":\"de-AT\"},{\"@type\":\"Organization\",\"@id\":\"https:\\\/\\\/www.berg-freunde.at\\\/blog\\\/#organization\",\"name\":\"Bergfreunde\",\"url\":\"https:\\\/\\\/www.berg-freunde.at\\\/blog\\\/\",\"logo\":{\"@type\":\"ImageObject\",\"inLanguage\":\"de-AT\",\"@id\":\"https:\\\/\\\/www.berg-freunde.at\\\/blog\\\/#\\\/schema\\\/logo\\\/image\\\/\",\"url\":\"https:\\\/\\\/www.berg-freunde.at\\\/blog\\\/wp-content\\\/uploads\\\/2023\\\/12\\\/Bergfreunde_DE_rgb.svg\",\"contentUrl\":\"https:\\\/\\\/www.berg-freunde.at\\\/blog\\\/wp-content\\\/uploads\\\/2023\\\/12\\\/Bergfreunde_DE_rgb.svg\",\"caption\":\"Bergfreunde\"},\"image\":{\"@id\":\"https:\\\/\\\/www.berg-freunde.at\\\/blog\\\/#\\\/schema\\\/logo\\\/image\\\/\"},\"sameAs\":[\"https:\\\/\\\/www.facebook.com\\\/bergfreunde\",\"https:\\\/\\\/www.instagram.com\\\/bergfreundede\\\/\"]},{\"@type\":\"Person\",\"@id\":\"https:\\\/\\\/www.berg-freunde.at\\\/blog\\\/#\\\/schema\\\/person\\\/9253f920f6e0f2d39b63a3dbade7a339\",\"name\":\"Fritz\",\"url\":\"https:\\\/\\\/www.berg-freunde.at\\\/blog\\\/about\\\/fritz-miller\\\/\"}]}<\/script>\n<!-- \/ Yoast SEO Premium plugin. -->","yoast_head_json":{"title":"Biwakieren im Winter | Bergfreunde","description":"Wie kann im Winter biwakieren? \u27a4 Welche Ausr\u00fcstung ben\u00f6tige ich f\u00fcr ein Winterbiwak? \u27a4 Erfahre es hier im Basislager-Blog.","robots":{"index":"index","follow":"follow","max-snippet":"max-snippet:-1","max-image-preview":"max-image-preview:large","max-video-preview":"max-video-preview:-1"},"canonical":"https:\/\/www.berg-freunde.at\/blog\/biwakieren-im-winter\/","og_locale":"de_DE","og_type":"article","og_title":"Biwakieren im Winter","og_description":"Wie kann im Winter biwakieren? \u27a4 Welche Ausr\u00fcstung ben\u00f6tige ich f\u00fcr ein Winterbiwak? \u27a4 Erfahre es hier im Basislager-Blog.","og_url":"https:\/\/www.berg-freunde.at\/blog\/biwakieren-im-winter\/","og_site_name":"Bergfreunde","article_publisher":"https:\/\/www.facebook.com\/bergfreunde","article_published_time":"2024-01-16T09:00:00+00:00","article_modified_time":"2026-04-28T06:28:25+00:00","og_image":[{"width":1440,"height":590,"url":"https:\/\/www.alpinetrek.co.uk\/blog\/wp-content\/uploads\/2024\/01\/16012024_How-to-Winterbiwak_Titel.png","type":"image\/png"}],"author":"Fritz","twitter_card":"summary_large_image","twitter_misc":{"Verfasst von":"Fritz","Gesch\u00e4tzte Lesezeit":"28 Minuten"},"schema":{"@context":"https:\/\/schema.org","@graph":[{"@type":["Article","BlogPosting"],"@id":"https:\/\/www.berg-freunde.at\/blog\/biwakieren-im-winter\/#article","isPartOf":{"@id":"https:\/\/www.berg-freunde.at\/blog\/biwakieren-im-winter\/"},"author":{"name":"Fritz","@id":"https:\/\/www.berg-freunde.at\/blog\/#\/schema\/person\/9253f920f6e0f2d39b63a3dbade7a339"},"headline":"Biwakieren im Winter","datePublished":"2024-01-16T09:00:00+00:00","dateModified":"2026-04-28T06:28:25+00:00","mainEntityOfPage":{"@id":"https:\/\/www.berg-freunde.at\/blog\/biwakieren-im-winter\/"},"wordCount":5533,"commentCount":2,"publisher":{"@id":"https:\/\/www.berg-freunde.at\/blog\/#organization"},"image":{"@id":"https:\/\/www.berg-freunde.at\/blog\/biwakieren-im-winter\/#primaryimage"},"thumbnailUrl":"https:\/\/www.berg-freunde.at\/blog\/wp-content\/uploads\/2024\/01\/16012024_How-to-Winterbiwak_Titel.png","keywords":["Wintersport"],"articleSection":["Praxiswissen"],"inLanguage":"de-AT","potentialAction":[{"@type":"CommentAction","name":"Comment","target":["https:\/\/www.berg-freunde.at\/blog\/biwakieren-im-winter\/#respond"]}]},{"@type":"WebPage","@id":"https:\/\/www.berg-freunde.at\/blog\/biwakieren-im-winter\/","url":"https:\/\/www.berg-freunde.at\/blog\/biwakieren-im-winter\/","name":"Biwakieren im Winter | Bergfreunde","isPartOf":{"@id":"https:\/\/www.berg-freunde.at\/blog\/#website"},"primaryImageOfPage":{"@id":"https:\/\/www.berg-freunde.at\/blog\/biwakieren-im-winter\/#primaryimage"},"image":{"@id":"https:\/\/www.berg-freunde.at\/blog\/biwakieren-im-winter\/#primaryimage"},"thumbnailUrl":"https:\/\/www.berg-freunde.at\/blog\/wp-content\/uploads\/2024\/01\/16012024_How-to-Winterbiwak_Titel.png","datePublished":"2024-01-16T09:00:00+00:00","dateModified":"2026-04-28T06:28:25+00:00","description":"Wie kann im Winter biwakieren? \u27a4 Welche Ausr\u00fcstung ben\u00f6tige ich f\u00fcr ein Winterbiwak? \u27a4 Erfahre es hier im Basislager-Blog.","breadcrumb":{"@id":"https:\/\/www.berg-freunde.at\/blog\/biwakieren-im-winter\/#breadcrumb"},"inLanguage":"de-AT","potentialAction":[{"@type":"ReadAction","target":["https:\/\/www.berg-freunde.at\/blog\/biwakieren-im-winter\/"]}]},{"@type":"ImageObject","inLanguage":"de-AT","@id":"https:\/\/www.berg-freunde.at\/blog\/biwakieren-im-winter\/#primaryimage","url":"https:\/\/www.berg-freunde.at\/blog\/wp-content\/uploads\/2024\/01\/16012024_How-to-Winterbiwak_Titel.png","contentUrl":"https:\/\/www.berg-freunde.at\/blog\/wp-content\/uploads\/2024\/01\/16012024_How-to-Winterbiwak_Titel.png","width":1440,"height":590},{"@type":"BreadcrumbList","@id":"https:\/\/www.berg-freunde.at\/blog\/biwakieren-im-winter\/#breadcrumb","itemListElement":[{"@type":"ListItem","position":1,"name":"Blog","item":"https:\/\/www.berg-freunde.at\/blog\/"},{"@type":"ListItem","position":2,"name":"Know-How","item":"https:\/\/www.berg-freunde.at\/blog\/category\/know-how\/"},{"@type":"ListItem","position":3,"name":"Praxiswissen","item":"https:\/\/www.berg-freunde.at\/blog\/category\/know-how\/praxiswissen\/"},{"@type":"ListItem","position":4,"name":"Biwakieren im Winter"}]},{"@type":"WebSite","@id":"https:\/\/www.berg-freunde.at\/blog\/#website","url":"https:\/\/www.berg-freunde.at\/blog\/","name":"Bergfreunde","description":"Blog","publisher":{"@id":"https:\/\/www.berg-freunde.at\/blog\/#organization"},"potentialAction":[{"@type":"SearchAction","target":{"@type":"EntryPoint","urlTemplate":"https:\/\/www.berg-freunde.at\/blog\/?s={search_term_string}"},"query-input":{"@type":"PropertyValueSpecification","valueRequired":true,"valueName":"search_term_string"}}],"inLanguage":"de-AT"},{"@type":"Organization","@id":"https:\/\/www.berg-freunde.at\/blog\/#organization","name":"Bergfreunde","url":"https:\/\/www.berg-freunde.at\/blog\/","logo":{"@type":"ImageObject","inLanguage":"de-AT","@id":"https:\/\/www.berg-freunde.at\/blog\/#\/schema\/logo\/image\/","url":"https:\/\/www.berg-freunde.at\/blog\/wp-content\/uploads\/2023\/12\/Bergfreunde_DE_rgb.svg","contentUrl":"https:\/\/www.berg-freunde.at\/blog\/wp-content\/uploads\/2023\/12\/Bergfreunde_DE_rgb.svg","caption":"Bergfreunde"},"image":{"@id":"https:\/\/www.berg-freunde.at\/blog\/#\/schema\/logo\/image\/"},"sameAs":["https:\/\/www.facebook.com\/bergfreunde","https:\/\/www.instagram.com\/bergfreundede\/"]},{"@type":"Person","@id":"https:\/\/www.berg-freunde.at\/blog\/#\/schema\/person\/9253f920f6e0f2d39b63a3dbade7a339","name":"Fritz","url":"https:\/\/www.berg-freunde.at\/blog\/about\/fritz-miller\/"}]}},"_links":{"self":[{"href":"https:\/\/www.berg-freunde.at\/blog\/wp-json\/wp\/v2\/posts\/107242","targetHints":{"allow":["GET"]}}],"collection":[{"href":"https:\/\/www.berg-freunde.at\/blog\/wp-json\/wp\/v2\/posts"}],"about":[{"href":"https:\/\/www.berg-freunde.at\/blog\/wp-json\/wp\/v2\/types\/post"}],"author":[{"embeddable":true,"href":"https:\/\/www.berg-freunde.at\/blog\/wp-json\/wp\/v2\/users\/16"}],"replies":[{"embeddable":true,"href":"https:\/\/www.berg-freunde.at\/blog\/wp-json\/wp\/v2\/comments?post=107242"}],"version-history":[{"count":6,"href":"https:\/\/www.berg-freunde.at\/blog\/wp-json\/wp\/v2\/posts\/107242\/revisions"}],"predecessor-version":[{"id":132848,"href":"https:\/\/www.berg-freunde.at\/blog\/wp-json\/wp\/v2\/posts\/107242\/revisions\/132848"}],"wp:featuredmedia":[{"embeddable":true,"href":"https:\/\/www.berg-freunde.at\/blog\/wp-json\/wp\/v2\/media\/107306"}],"wp:attachment":[{"href":"https:\/\/www.berg-freunde.at\/blog\/wp-json\/wp\/v2\/media?parent=107242"}],"wp:term":[{"taxonomy":"category","embeddable":true,"href":"https:\/\/www.berg-freunde.at\/blog\/wp-json\/wp\/v2\/categories?post=107242"},{"taxonomy":"post_tag","embeddable":true,"href":"https:\/\/www.berg-freunde.at\/blog\/wp-json\/wp\/v2\/tags?post=107242"},{"taxonomy":"post_folder","embeddable":true,"href":"https:\/\/www.berg-freunde.at\/blog\/wp-json\/wp\/v2\/post_folder?post=107242"}],"curies":[{"name":"wp","href":"https:\/\/api.w.org\/{rel}","templated":true}]}}